{"id":3607,"date":"2025-07-07T20:00:00","date_gmt":"2025-07-07T23:00:00","guid":{"rendered":"https:\/\/1truenote.com\/?p=3607"},"modified":"2025-07-07T14:34:51","modified_gmt":"2025-07-07T17:34:51","slug":"almofadas-na-decoracao-modelos-dicas-e-como-usar","status":"publish","type":"post","link":"https:\/\/1truenote.com\/en\/almofadas-na-decoracao-modelos-dicas-e-como-usar\/","title":{"rendered":"Almofadas na decora\u00e7\u00e3o com conforto, estilo e truques para renovar ambientes"},"content":{"rendered":"<p>Almofadas na decora\u00e7\u00e3o. J\u00e1 percebeu como basta mudar as almofadas para o ambiente da casa ganhar outra cara? Pois \u00e9! As almofadas na decora\u00e7\u00e3o v\u00e3o muito al\u00e9m de um simples detalhe \u2014 elas s\u00e3o aquelas pe\u00e7as curingas que unem aconchego, cor e personalidade em qualquer espa\u00e7o, seja na sala, no quarto ou at\u00e9 no home office.<\/p>\n\n\n\n<p>Mas, afinal, como escolher e usar almofadas de um jeito que valorize de verdade sua casa? Vem comigo descobrir dicas, modelos e segredinhos para acertar sem medo!<\/p>\n\n\n\n<hr class=\"wp-block-separator has-alpha-channel-opacity\"\/>\n\n\n\n<h2 id='por-que-apostar-em-almofadas-na-decora\u00e7\u00e3o'  class=\"wp-block-heading\">Por que apostar em almofadas na decora\u00e7\u00e3o?<\/h2>\n\n\n\n<p>Quando a gente pensa em renovar um ambiente sem gastar muito, as almofadas s\u00e3o imbat\u00edveis. E n\u00e3o \u00e9 s\u00f3 quest\u00e3o de custo: elas realmente mudam a sensa\u00e7\u00e3o do espa\u00e7o. Basta trocar as capas, mudar as estampas ou brincar com as texturas e\u2026 pronto, parece que tudo est\u00e1 diferente! Al\u00e9m de lindas, elas ainda trazem:<\/p>\n\n\n\n<ul class=\"wp-block-list\">\n<li><strong>Conforto extra<\/strong> para sof\u00e1 e cama<\/li>\n\n\n\n<li>Sensa\u00e7\u00e3o de acolhimento instant\u00e2nea<\/li>\n\n\n\n<li>Um jeito f\u00e1cil de seguir tend\u00eancias sem reforma<\/li>\n\n\n\n<li>Flexibilidade para mudar a decora\u00e7\u00e3o quando der vontade<\/li>\n<\/ul>\n\n\n\n<p>Sabe aquele sof\u00e1 neutro? Com almofadas coloridas ele ganha vida. E aquela cama b\u00e1sica? Ganha cara de hotel cinco estrelas s\u00f3 de receber almofadas bem posicionadas!<\/p>\n\n\n\n<hr class=\"wp-block-separator has-alpha-channel-opacity\"\/>\n\n\n\n<h2 id='principais-modelos-e-tipos-de-almofada-qual-escolher'  class=\"wp-block-heading\">Principais modelos e tipos de almofada: Qual escolher?<\/h2>\n\n\n\n<p>Aqui vale tudo: O segredo \u00e9 misturar formatos, tamanhos e tecidos at\u00e9 encontrar o combo que mais combina com seu estilo e o clima da casa. Olha s\u00f3 os tipos mais comuns:<\/p>\n\n\n\n<figure class=\"wp-block-table\"><table class=\"has-fixed-layout\"><thead><tr><th>Modelo<\/th><th>Caracter\u00edsticas<\/th><th>Onde usar<\/th><\/tr><\/thead><tbody><tr><td><strong>Quadrada<\/strong><\/td><td>Tradicional, vers\u00e1til e f\u00e1cil de achar<\/td><td>Sof\u00e1, cama, poltronas<\/td><\/tr><tr><td><strong>Retangular<\/strong><\/td><td>Ajuda no apoio lombar<\/td><td>Sof\u00e1, cama, cadeiras largas<\/td><\/tr><tr><td><strong>Redonda<\/strong><\/td><td>Visual divertido e descontra\u00eddo<\/td><td>Quartos, varandas, ambientes informais<\/td><\/tr><tr><td><strong>Rolinho<\/strong><\/td><td>\u00d3tima para apoio cervical ou de pernas<\/td><td>Camas, sof\u00e1s, poltronas<\/td><\/tr><tr><td><strong>Capiton\u00ea<\/strong><\/td><td>Eleg\u00e2ncia cl\u00e1ssica, detalhes com bot\u00f5es<\/td><td>Ambientes sofisticados<\/td><\/tr><tr><td><strong>Pallet ou futon<\/strong><\/td><td>Almofadas grandes para sentar<\/td><td>Salas integradas, varandas, ch\u00e3o<\/td><\/tr><\/tbody><\/table><\/figure>\n\n\n\n<p><em><strong>Dica:<\/strong> Misture diferentes tamanhos para um efeito \u201cdesarrumado planejado\u201d, que fica super aconchegante!<\/em><\/p>\n\n\n\n<hr class=\"wp-block-separator has-alpha-channel-opacity\"\/>\n\n\n\n<a href=\"https:\/\/1truenote.com\/en\/decoracao-para-bem-estar-ambientes-que-acalmam\/\" style=\"text-decoration: none;\">\n  <div style=\"display: flex; justify-content: space-between; align-items: center; background: #d44a00; padding: 12px 20px; color: white; font-family: Arial, sans-serif;\">\n    <strong style=\"color: black;\">READ ALSO:<\/strong>\n    <span style=\"margin-left: 8px; flex: 1;\">10 Ideias de decora\u00e7\u00e3o para bem-estar<\/span>\n    <div style=\"background: #f2802f; padding: 8px 12px; border-radius: 2px; margin-left: 10px;\">\n      <span style=\"color: white; font-weight: bold;\">\u27a4<\/span>\n    <\/div>\n  <\/div>\n<\/a>\n\n\n\n<hr class=\"wp-block-separator has-alpha-channel-opacity\"\/>\n\n\n\n<h2 id='almofadas-as-melhores-combina\u00e7\u00f5es-de-cores-texturas-e-estampas'  class=\"wp-block-heading\">Almofadas: As melhores combina\u00e7\u00f5es de cores, texturas e estampas<\/h2>\n\n\n\n<p>Aqui est\u00e1 o segredo do charme! Para n\u00e3o errar, siga algumas dicas b\u00e1sicas:<\/p>\n\n\n\n<ul class=\"wp-block-list\">\n<li><strong>Cores neutras<\/strong> s\u00e3o coringas: bege, cinza, branco ou preto combinam com tudo<\/li>\n\n\n\n<li><strong>Tons vibrantes<\/strong> levantam o astral e d\u00e3o destaque \u2014 aposte em mostarda, azul royal, terracota<\/li>\n\n\n\n<li><strong>Estampas geom\u00e9tricas, florais ou \u00e9tnicas<\/strong>: misture com lisos para equilibrar<\/li>\n\n\n\n<li><strong>Texturas diferentes<\/strong> fazem toda diferen\u00e7a: veludo traz eleg\u00e2ncia, tric\u00f4 deixa o ambiente acolhedor, linho e algod\u00e3o s\u00e3o leves e frescos<\/li>\n<\/ul>\n\n\n\n<p>Se bater inseguran\u00e7a, tente um trio: uma almofada estampada, uma lisa e outra texturizada, todas na mesma paleta de cores. N\u00e3o tem erro!<\/p>\n\n\n\n<hr class=\"wp-block-separator has-alpha-channel-opacity\"\/>\n\n\n\n<figure class=\"wp-block-image aligncenter size-medium\"><a href=\"https:\/\/chat.whatsapp.com\/KJBkp5LFJVRIvmt5X3hSEh\" target=\"_blank\" rel=\"noopener\"><img data-recalc-dims=\"1\" fetchpriority=\"high\" decoding=\"async\" width=\"200\" height=\"300\" src=\"https:\/\/i0.wp.com\/1truenote.com\/wp-content\/uploads\/2025\/06\/ChatGPT-Image-3-de-jun.-de-2025-19_04_53.png?resize=200%2C300&#038;ssl=1\" alt=\"chamada banner advetorial whats\" class=\"wp-image-2683\" srcset=\"https:\/\/i0.wp.com\/1truenote.com\/wp-content\/uploads\/2025\/06\/ChatGPT-Image-3-de-jun.-de-2025-19_04_53.png?resize=200%2C300&amp;ssl=1 200w, https:\/\/i0.wp.com\/1truenote.com\/wp-content\/uploads\/2025\/06\/ChatGPT-Image-3-de-jun.-de-2025-19_04_53.png?resize=683%2C1024&amp;ssl=1 683w, https:\/\/i0.wp.com\/1truenote.com\/wp-content\/uploads\/2025\/06\/ChatGPT-Image-3-de-jun.-de-2025-19_04_53.png?resize=768%2C1152&amp;ssl=1 768w, https:\/\/i0.wp.com\/1truenote.com\/wp-content\/uploads\/2025\/06\/ChatGPT-Image-3-de-jun.-de-2025-19_04_53.png?resize=150%2C225&amp;ssl=1 150w, https:\/\/i0.wp.com\/1truenote.com\/wp-content\/uploads\/2025\/06\/ChatGPT-Image-3-de-jun.-de-2025-19_04_53.png?w=1024&amp;ssl=1 1024w\" sizes=\"(max-width: 200px) 100vw, 200px\" \/><\/a><\/figure>\n\n\n\n<hr class=\"wp-block-separator has-alpha-channel-opacity\"\/>\n\n\n\n<h2 id='como-usar-almofadas-na-decora\u00e7\u00e3o-de-um-jeito-que-valorize-o-ambiente'  class=\"wp-block-heading\">Como usar almofadas na decora\u00e7\u00e3o de um jeito que valorize o ambiente?<\/h2>\n\n\n\n<p>N\u00e3o existe \u201cregra de ouro\u201d, mas algumas estrat\u00e9gias deixam tudo mais harm\u00f4nico e gostoso de ver (e deitar!):<\/p>\n\n\n\n<h3 id='dicas-r\u00e1pidas-para-usar-almofadas-na-decora\u00e7\u00e3o'  class=\"wp-block-heading\">Dicas r\u00e1pidas para usar almofadas na decora\u00e7\u00e3o<\/h3>\n\n\n\n<ul class=\"wp-block-list\">\n<li>N\u00e3o economize nas quantidades: um sof\u00e1 grande pede de 5 a 7 almofadas de tamanhos variados<\/li>\n\n\n\n<li>Na cama, aposte em uma fileira de almofadas grandes atr\u00e1s e outras menores na frente<\/li>\n\n\n\n<li>Em poltronas, escolha uma almofada com textura marcante ou formato diferente<\/li>\n\n\n\n<li>Misture estilos: combine pe\u00e7as cl\u00e1ssicas com outras mais modernas para um visual original<\/li>\n\n\n\n<li>Troque as capas nas esta\u00e7\u00f5es \u2014 linho no ver\u00e3o, veludo e tric\u00f4 no inverno<\/li>\n<\/ul>\n\n\n\n<h3 id='principais-erros-para-evitar'  class=\"wp-block-heading\">Principais erros para evitar:<\/h3>\n\n\n\n<ul class=\"wp-block-list\">\n<li>Usar s\u00f3 almofadas id\u00eanticas (fica sem gra\u00e7a e com \u201ccara de loja\u201d)<\/li>\n\n\n\n<li>Exagerar no volume e deixar o sof\u00e1 ou a cama desconfort\u00e1veis para sentar ou deitar<\/li>\n\n\n\n<li>Esquecer da propor\u00e7\u00e3o: almofadas pequenas em sof\u00e1 grande \u201csomem\u201d na decora\u00e7\u00e3o<\/li>\n<\/ul>\n\n\n\n<hr class=\"wp-block-separator has-alpha-channel-opacity\"\/>\n\n\n\n<h2 id='almofadas-tamb\u00e9m-s\u00e3o-sobre-conforto'  class=\"wp-block-heading\">Almofadas tamb\u00e9m s\u00e3o sobre conforto!<\/h2>\n\n\n\n<p>Nada supera a sensa\u00e7\u00e3o de chegar em casa, se jogar no sof\u00e1 e encontrar aquelas almofadas fofinhas esperando por voc\u00ea. Al\u00e9m do visual, pense sempre no toque e na maciez:<\/p>\n\n\n\n<ul class=\"wp-block-list\">\n<li>Prefira enchimentos de fibra siliconada para um efeito mais \u201cfofinho\u201d<\/li>\n\n\n\n<li>Capas remov\u00edveis facilitam a limpeza e a troca de estilos<\/li>\n\n\n\n<li>Para quem tem alergias, tecidos antial\u00e9rgicos ou de algod\u00e3o puro s\u00e3o os melhores amigos<\/li>\n<\/ul>\n\n\n\n<hr class=\"wp-block-separator has-alpha-channel-opacity\"\/>\n\n\n\n<h2 id='explore-o-poder-das-almofadas-na-decora\u00e7\u00e3o'  class=\"wp-block-heading\">Explore o poder das almofadas na decora\u00e7\u00e3o<\/h2>\n\n\n\n<p>As almofadas na decora\u00e7\u00e3o s\u00e3o o tipo de truque f\u00e1cil, acess\u00edvel e que nunca sai de moda. Elas deixam qualquer cantinho mais gostoso, renovam o visual em segundos e ainda transmitem aquele aconchego de casa de verdade, sabe? E o melhor: Mudar \u00e9 simples, r\u00e1pido e pode ser feito por voc\u00ea mesma!<\/p>\n\n\n\n<p>Ent\u00e3o, que tal olhar para o sof\u00e1, para a cama ou at\u00e9 para aquela cadeira esquecida e imaginar como algumas almofadas na decora\u00e7\u00e3o poderiam transformar tudo a\u00ed? Aproveite para brincar com as cores, ousar nas texturas e deixar a casa ainda mais a sua cara. No final das contas, o importante \u00e9 se sentir bem e feliz no seu pr\u00f3prio lar!<\/p>\n\n\n\n<hr class=\"wp-block-separator has-alpha-channel-opacity\"\/>\n\n\n\n<a href=\"https:\/\/1truenote.com\/en\/decoracao-para-bem-estar-ambientes-que-acalmam\/\" style=\"text-decoration: none;\">\n  <div style=\"display: flex; justify-content: space-between; align-items: center; background: #d44a00; padding: 12px 20px; color: white; font-family: Arial, sans-serif;\">\n    <strong style=\"color: black;\">READ ALSO:<\/strong>\n    <span style=\"margin-left: 8px; flex: 1;\">10 Ideias de decora\u00e7\u00e3o para bem-estar<\/span>\n    <div style=\"background: #f2802f; padding: 8px 12px; border-radius: 2px; margin-left: 10px;\">\n      <span style=\"color: white; font-weight: bold;\">\u27a4<\/span>\n    <\/div>\n  <\/div>\n<\/a>\n\n\n\n\n<hr class=\"wp-block-separator has-alpha-channel-opacity\"\/>\n\n\n\n<h2 id='faq-d\u00favidas-comuns-sobre-almofadas-na-decora\u00e7\u00e3o'  class=\"wp-block-heading\">FAQ \u2014 D\u00favidas comuns sobre almofadas na decora\u00e7\u00e3o<\/h2>\n\n\n<div id=\"rank-math-faq\" class=\"rank-math-block\">\n<div class=\"rank-math-list\">\n<div id=\"faq-question-1751908765834\" class=\"rank-math-list-item\">\n<h3 id='qual-a-quantidade-ideal-de-almofadas-no-sof\u00e1'  class=\"rank-math-question\">Qual a quantidade ideal de almofadas no sof\u00e1?<\/h3>\n<div class=\"rank-math-answer\">\n\n<p>Depende do tamanho, mas de 3 a 7 \u00e9 um bom n\u00famero para n\u00e3o pesar.<\/p>\n\n<\/div>\n<\/div>\n<div id=\"faq-question-1751908767312\" class=\"rank-math-list-item\">\n<h3 id='preciso-combinar-a-estampa-das-almofadas-com-a-cortina'  class=\"rank-math-question\">Preciso combinar a estampa das almofadas com a cortina?<\/h3>\n<div class=\"rank-math-answer\">\n\n<p>N\u00e3o! Combinar tudo pode deixar o ambiente mon\u00f3tono. O legal \u00e9 que elas \u201cconversem\u201d entre si, mas sem serem iguais.<\/p>\n\n<\/div>\n<\/div>\n<div id=\"faq-question-1751908768496\" class=\"rank-math-list-item\">\n<h3 id='como-lavar-almofadas-decorativas'  class=\"rank-math-question\">Como lavar almofadas decorativas?<\/h3>\n<div class=\"rank-math-answer\">\n\n<p>Se a capa for remov\u00edvel, siga as instru\u00e7\u00f5es do fabricante (em geral, lavagem delicada \u00e0 m\u00e3o ou na m\u00e1quina). Se for fixa, prefira lavagem a seco.<\/p>\n\n<\/div>\n<\/div>\n<div id=\"faq-question-1751908771623\" class=\"rank-math-list-item\">\n<h3 id='almofadas-servem-s\u00f3-para-sala'  class=\"rank-math-question\">Almofadas servem s\u00f3 para sala?<\/h3>\n<div class=\"rank-math-answer\">\n\n<p>De jeito nenhum! Use em quartos, varandas, escrit\u00f3rios, bancos de janela\u2026 onde quiser dar um charme extra e conforto.<\/p>\n\n<\/div>\n<\/div>\n<\/div>\n<\/div>\n\n\n<figure class=\"wp-block-image aligncenter size-large\"><img data-recalc-dims=\"1\" decoding=\"async\" width=\"1024\" height=\"683\" src=\"https:\/\/i0.wp.com\/1truenote.com\/wp-content\/uploads\/2025\/07\/ChatGPT-Image-7-de-jul.-de-2025-14_32_32.png?resize=1024%2C683&#038;ssl=1\" alt=\"almofadas na decora\u00e7\u00e3o\" class=\"wp-image-3608\" srcset=\"https:\/\/i0.wp.com\/1truenote.com\/wp-content\/uploads\/2025\/07\/ChatGPT-Image-7-de-jul.-de-2025-14_32_32.png?resize=1024%2C683&amp;ssl=1 1024w, https:\/\/i0.wp.com\/1truenote.com\/wp-content\/uploads\/2025\/07\/ChatGPT-Image-7-de-jul.-de-2025-14_32_32.png?resize=300%2C200&amp;ssl=1 300w, https:\/\/i0.wp.com\/1truenote.com\/wp-content\/uploads\/2025\/07\/ChatGPT-Image-7-de-jul.-de-2025-14_32_32.png?resize=768%2C512&amp;ssl=1 768w, https:\/\/i0.wp.com\/1truenote.com\/wp-content\/uploads\/2025\/07\/ChatGPT-Image-7-de-jul.-de-2025-14_32_32.png?resize=150%2C100&amp;ssl=1 150w, https:\/\/i0.wp.com\/1truenote.com\/wp-content\/uploads\/2025\/07\/ChatGPT-Image-7-de-jul.-de-2025-14_32_32.png?w=1536&amp;ssl=1 1536w\" sizes=\"(max-width: 1024px) 100vw, 1024px\" \/><\/figure>","protected":false},"excerpt":{"rendered":"<p>Almofadas na decora\u00e7\u00e3o. J\u00e1 percebeu como basta mudar as almofadas para o ambiente da casa ganhar outra cara? Pois \u00e9!&#8230;<\/p>","protected":false},"author":1,"featured_media":3608,"comment_status":"open","ping_status":"open","sticky":false,"template":"","format":"standard","meta":{"_kad_post_transparent":"","_kad_post_title":"","_kad_post_layout":"","_kad_post_sidebar_id":"","_kad_post_content_style":"","_kad_post_vertical_padding":"","_kad_post_feature":"","_kad_post_feature_position":"","_kad_post_header":false,"_kad_post_footer":false,"_kad_post_classname":"","footnotes":"","jetpack_publicize_message":"Almofadas na decora\u00e7\u00e3o. J\u00e1 percebeu como basta mudar as almofadas para o ambiente da casa ganhar outra cara? Pois \u00e9! As almofadas na decora\u00e7\u00e3o v\u00e3o muito al\u00e9m de um simples detalhe \u2014 elas s\u00e3o aquelas pe\u00e7as curingas que unem aconchego, cor e personalidade em qualquer espa\u00e7o, seja na sala, no quarto ou at\u00e9 no home office.\n\n#carvalhoconsultoriabrasil #truenote #decor #decoracao #sala #almofada #almofadas ","jetpack_publicize_feature_enabled":true,"jetpack_social_post_already_shared":true,"jetpack_social_options":{"image_generator_settings":{"template":"highway","default_image_id":0,"enabled":false},"version":2}},"categories":[16,1],"tags":[],"class_list":["post-3607","post","type-post","status-publish","format-standard","has-post-thumbnail","hentry","category-casa-e-jardim","category-novidades"],"jetpack_publicize_connections":[],"jetpack_featured_media_url":"https:\/\/i0.wp.com\/1truenote.com\/wp-content\/uploads\/2025\/07\/ChatGPT-Image-7-de-jul.-de-2025-14_32_32.png?fit=1536%2C1024&ssl=1","jetpack_sharing_enabled":true,"_links":{"self":[{"href":"https:\/\/1truenote.com\/en\/wp-json\/wp\/v2\/posts\/3607","targetHints":{"allow":["GET"]}}],"collection":[{"href":"https:\/\/1truenote.com\/en\/wp-json\/wp\/v2\/posts"}],"about":[{"href":"https:\/\/1truenote.com\/en\/wp-json\/wp\/v2\/types\/post"}],"author":[{"embeddable":true,"href":"https:\/\/1truenote.com\/en\/wp-json\/wp\/v2\/users\/1"}],"replies":[{"embeddable":true,"href":"https:\/\/1truenote.com\/en\/wp-json\/wp\/v2\/comments?post=3607"}],"version-history":[{"count":1,"href":"https:\/\/1truenote.com\/en\/wp-json\/wp\/v2\/posts\/3607\/revisions"}],"predecessor-version":[{"id":3609,"href":"https:\/\/1truenote.com\/en\/wp-json\/wp\/v2\/posts\/3607\/revisions\/3609"}],"wp:featuredmedia":[{"embeddable":true,"href":"https:\/\/1truenote.com\/en\/wp-json\/wp\/v2\/media\/3608"}],"wp:attachment":[{"href":"https:\/\/1truenote.com\/en\/wp-json\/wp\/v2\/media?parent=3607"}],"wp:term":[{"taxonomy":"category","embeddable":true,"href":"https:\/\/1truenote.com\/en\/wp-json\/wp\/v2\/categories?post=3607"},{"taxonomy":"post_tag","embeddable":true,"href":"https:\/\/1truenote.com\/en\/wp-json\/wp\/v2\/tags?post=3607"}],"curies":[{"name":"wp","href":"https:\/\/api.w.org\/{rel}","templated":true}]}}