{"id":3599,"date":"2025-07-07T16:00:00","date_gmt":"2025-07-07T19:00:00","guid":{"rendered":"https:\/\/1truenote.com\/?p=3599"},"modified":"2025-07-07T17:16:07","modified_gmt":"2025-07-07T20:16:07","slug":"organizar-moveis-na-cozinha-dicas-2025","status":"publish","type":"post","link":"https:\/\/1truenote.com\/en\/organizar-moveis-na-cozinha-dicas-2025\/","title":{"rendered":"Dicas infal\u00edveis para organizar m\u00f3veis na cozinha e aproveitar cada cent\u00edmetro em 2025"},"content":{"rendered":"<p>Organizar m\u00f3veis na cozinha. Quando pensamos em organizar os m\u00f3veis da cozinha, estamos falando de mais do que s\u00f3 est\u00e9tica. O segredo para uma cozinha funcional, bonita e f\u00e1cil de usar est\u00e1 em cada escolha \u2014 do layout ao arm\u00e1rio, da mesa aos pequenos detalhes. E a verdade \u00e9 que, com algumas dicas certeiras, d\u00e1 pra transformar at\u00e9 o menor dos espa\u00e7os em um ambiente inteligente, pr\u00e1tico e cheio de charme!<\/p>\n\n\n\n<p>Se voc\u00ea sente que sua cozinha merece uma repaginada ou quer evitar aquele sufoco na hora de cozinhar, continue lendo. Trouxe truques de especialista e solu\u00e7\u00f5es f\u00e1ceis de aplicar, al\u00e9m de uma tabela super \u00fatil e dicas extras que fazem toda a diferen\u00e7a no dia a dia.<\/p>\n\n\n\n<hr class=\"wp-block-separator has-alpha-channel-opacity\"\/>\n\n\n\n<h2 id='organizar-m\u00f3veis-na-cozinha-por-onde-come\u00e7ar-avalie-o-tamanho-e-o-formato-da-cozinha'  class=\"wp-block-heading\">Organizar m\u00f3veis na cozinha: Por onde come\u00e7ar? Avalie o tamanho e o formato da cozinha<\/h2>\n\n\n\n<p>Antes de sair mudando tudo, vale a pena observar bem o espa\u00e7o dispon\u00edvel. Cozinhas pequenas e grandes pedem estrat\u00e9gias diferentes \u2014 e organizar m\u00f3veis na cozinha pode ficar simples com um pouquinho de planejamento.<\/p>\n\n\n\n<p><strong>Dica r\u00e1pida:<\/strong> Me\u00e7a todos os cantos e pense em cada cent\u00edmetro como precioso! Assim, voc\u00ea evita compras por impulso e m\u00f3veis que n\u00e3o cabem.<\/p>\n\n\n\n<h3 id='tabela-formatos-de-cozinha-e-o-melhor-layout-de-m\u00f3veis'  class=\"wp-block-heading\">Tabela: Formatos de cozinha e o melhor layout de m\u00f3veis<\/h3>\n\n\n\n<figure class=\"wp-block-table\"><table class=\"has-fixed-layout\"><thead><tr><th>Formato<\/th><th>Sugest\u00e3o de disposi\u00e7\u00e3o dos m\u00f3veis<\/th><th>Vantagem Principal<\/th><\/tr><\/thead><tbody><tr><td>Linha reta<\/td><td>M\u00f3veis alinhados numa parede s\u00f3<\/td><td>Circula\u00e7\u00e3o livre em espa\u00e7os estreitos<\/td><\/tr><tr><td>Cozinha em L<\/td><td>Arm\u00e1rios e eletros em duas paredes<\/td><td>Integra ambientes e cria cantinho extra<\/td><\/tr><tr><td>Cozinha em U<\/td><td>M\u00f3veis e bancada em tr\u00eas paredes<\/td><td>Cria tri\u00e2ngulo funcional eficiente<\/td><\/tr><tr><td>Ilha central<\/td><td>Mesa ou bancada central + m\u00f3veis ao redor<\/td><td>Visual moderno e \u00f3timo para cozinhar<\/td><\/tr><\/tbody><\/table><\/figure>\n\n\n\n<hr class=\"wp-block-separator has-alpha-channel-opacity\"\/>\n\n\n\n<a href=\"https:\/\/1truenote.com\/en\/decoracao-antiga-velho-ou-vintage-segredo-do-estilo\/\" style=\"text-decoration: none;\">\n  <div style=\"display: flex; justify-content: space-between; align-items: center; background: #d44a00; padding: 12px 20px; color: white; font-family: Arial, sans-serif;\">\n    <strong style=\"color: black;\">READ ALSO:<\/strong>\n    <span style=\"margin-left: 8px; flex: 1;\">Velho ou vintage? Descubra o segredo<\/span>\n    <div style=\"background: #f2802f; padding: 8px 12px; border-radius: 2px; margin-left: 10px;\">\n      <span style=\"color: white; font-weight: bold;\">\u27a4<\/span>\n    <\/div>\n  <\/div>\n<\/a>\n\n\n\n<hr class=\"wp-block-separator has-alpha-channel-opacity\"\/>\n\n\n\n<h2 id='organiza\u00e7\u00e3o-dos-m\u00f3veis-na-pr\u00e1tica-mais-funcionalidade-menos-bagun\u00e7a'  class=\"wp-block-heading\">Organiza\u00e7\u00e3o dos m\u00f3veis na pr\u00e1tica: Mais funcionalidade, menos bagun\u00e7a<\/h2>\n\n\n\n<p>Quando falamos de m\u00f3veis na cozinha, n\u00e3o \u00e9 s\u00f3 sobre onde cada coisa fica \u2014 \u00e9 sobre facilitar sua rotina. Sabe aquele \u201ctri\u00e2ngulo m\u00e1gico\u201d (pia, fog\u00e3o e geladeira)? Ele \u00e9 real e faz toda a diferen\u00e7a!<\/p>\n\n\n\n<ul class=\"wp-block-list\">\n<li><strong>Cozinha pequena:<\/strong> Prefira m\u00f3veis multifuncionais (bancada que vira mesa, arm\u00e1rio at\u00e9 o teto).<\/li>\n\n\n\n<li><strong>Cozinha grande:<\/strong> Aposte em ilha central ou mesa espa\u00e7osa, mas mantenha o fluxo entre as \u00e1reas principais.<\/li>\n<\/ul>\n\n\n\n<h3 id='dicas-de-ouro-para-aproveitar-cada-cent\u00edmetro'  class=\"wp-block-heading\">Dicas de ouro para aproveitar cada cent\u00edmetro<\/h3>\n\n\n\n<ul class=\"wp-block-list\">\n<li>Use nichos e prateleiras acima da pia ou do fog\u00e3o para temperos e utens\u00edlios de uso di\u00e1rio.<\/li>\n\n\n\n<li>Coloque ganchos ou barras para pendurar colheres, panelas leves e panos de prato.<\/li>\n\n\n\n<li>Arm\u00e1rios com portas de correr otimizam espa\u00e7os estreitos e evitam \u201cbarrar\u201d a circula\u00e7\u00e3o.<\/li>\n<\/ul>\n\n\n\n<hr class=\"wp-block-separator has-alpha-channel-opacity\"\/>\n\n\n\n<figure class=\"wp-block-image aligncenter size-medium\"><a href=\"https:\/\/chat.whatsapp.com\/KJBkp5LFJVRIvmt5X3hSEh\" target=\"_blank\" rel=\"noopener\"><img data-recalc-dims=\"1\" fetchpriority=\"high\" decoding=\"async\" width=\"200\" height=\"300\" src=\"https:\/\/i0.wp.com\/1truenote.com\/wp-content\/uploads\/2025\/06\/ChatGPT-Image-3-de-jun.-de-2025-19_04_53.png?resize=200%2C300&#038;ssl=1\" alt=\"chamada banner advetorial whats\" class=\"wp-image-2683\" srcset=\"https:\/\/i0.wp.com\/1truenote.com\/wp-content\/uploads\/2025\/06\/ChatGPT-Image-3-de-jun.-de-2025-19_04_53.png?resize=200%2C300&amp;ssl=1 200w, https:\/\/i0.wp.com\/1truenote.com\/wp-content\/uploads\/2025\/06\/ChatGPT-Image-3-de-jun.-de-2025-19_04_53.png?resize=683%2C1024&amp;ssl=1 683w, https:\/\/i0.wp.com\/1truenote.com\/wp-content\/uploads\/2025\/06\/ChatGPT-Image-3-de-jun.-de-2025-19_04_53.png?resize=768%2C1152&amp;ssl=1 768w, https:\/\/i0.wp.com\/1truenote.com\/wp-content\/uploads\/2025\/06\/ChatGPT-Image-3-de-jun.-de-2025-19_04_53.png?resize=150%2C225&amp;ssl=1 150w, https:\/\/i0.wp.com\/1truenote.com\/wp-content\/uploads\/2025\/06\/ChatGPT-Image-3-de-jun.-de-2025-19_04_53.png?w=1024&amp;ssl=1 1024w\" sizes=\"(max-width: 200px) 100vw, 200px\" \/><\/a><\/figure>\n\n\n\n<hr class=\"wp-block-separator has-alpha-channel-opacity\"\/>\n\n\n\n<h2 id='verticalize-o-truque-dos-profissionais'  class=\"wp-block-heading\">Verticalize: O truque dos profissionais<\/h2>\n\n\n\n<p>Se o espa\u00e7o \u00e9 pequeno, v\u00e1 para cima! Cozinhas planejadas com arm\u00e1rios at\u00e9 o teto (ou pelo menos bem altos) liberam a bancada e deixam tudo \u00e0 m\u00e3o. Modular tamb\u00e9m funciona: d\u00e1 pra comprar pe\u00e7as separadas e montar como preferir, sem precisar investir tudo de uma vez.<\/p>\n\n\n\n<p><strong>Dica de organiza\u00e7\u00e3o:<\/strong> Separe uma prateleira ou nicho s\u00f3 para eletroport\u00e1teis que voc\u00ea usa pouco, como batedeira ou grill. Assim, o balc\u00e3o fica sempre livre.<\/p>\n\n\n\n<hr class=\"wp-block-separator has-alpha-channel-opacity\"\/>\n\n\n\n<h2 id='v\u00eddeo-recomendado-7-erros-que-travam-sua-cozinha-pequena-e-como-evitar'  class=\"wp-block-heading\">V\u00eddeo recomendado: 7 Erros que travam sua cozinha pequena (e como evitar!)<\/h2>\n\n\n\n<p><a href=\"https:\/\/www.youtube.com\/watch?v=yDmqno4VFNM&amp;pp=ygU3NyBFcnJvcyBxdWUgdHJhdmFtIHN1YSBjb3ppbmhhIHBlcXVlbmEgKGUgY29tbyBldml0YXIhKQ%3D%3D\" data-type=\"link\" data-id=\"https:\/\/www.youtube.com\/watch?v=yDmqno4VFNM&amp;pp=ygU3NyBFcnJvcyBxdWUgdHJhdmFtIHN1YSBjb3ppbmhhIHBlcXVlbmEgKGUgY29tbyBldml0YXIhKQ%3D%3D\" target=\"_blank\" rel=\"noopener\">Assista aqui no YouTube &#8211; organizar m\u00f3veis na cozinha<\/a><br><em>(Sugest\u00e3o: buscar v\u00eddeos de arquitetos ou decoradores mostrando antes e depois de cozinhas otimizadas.)<\/em><\/p>\n\n\n\n<figure class=\"wp-block-embed aligncenter is-type-video is-provider-youtube wp-block-embed-youtube wp-embed-aspect-16-9 wp-has-aspect-ratio\"><div class=\"wp-block-embed__wrapper\">\n<iframe title=\"7 ERROS DE COZINHA PLANEJADA NA SUA CASA\" width=\"720\" height=\"405\" src=\"https:\/\/www.youtube.com\/embed\/yDmqno4VFNM?feature=oembed\" frameborder=\"0\" allow=\"accelerometer; autoplay; clipboard-write; encrypted-media; gyroscope; picture-in-picture; web-share\" referrerpolicy=\"strict-origin-when-cross-origin\" allowfullscreen><\/iframe>\n<\/div><\/figure>\n\n\n\n<hr class=\"wp-block-separator has-alpha-channel-opacity\"\/>\n\n\n\n<h2 id='dicas-extras-para-uma-cozinha-linda-e-funcional-em-2025'  class=\"wp-block-heading\">Dicas extras para uma cozinha linda e funcional em 2025<\/h2>\n\n\n\n<ul class=\"wp-block-list\">\n<li>Invista em organizadores internos para gavetas e arm\u00e1rios \u2014 faz milagres!<\/li>\n\n\n\n<li>Troque puxadores antigos por modelos modernos e f\u00e1ceis de usar.<\/li>\n\n\n\n<li>Se puder, aposte em ilumina\u00e7\u00e3o embaixo dos arm\u00e1rios a\u00e9reos: al\u00e9m de lindo, facilita muito a rotina.<\/li>\n<\/ul>\n\n\n\n<hr class=\"wp-block-separator has-alpha-channel-opacity\"\/>\n\n\n\n<h2 id='organizar-m\u00f3veis-na-cozinha'  class=\"wp-block-heading\">Organizar m\u00f3veis na cozinha<\/h2>\n\n\n\n<p>Organizar m\u00f3veis na cozinha vai muito al\u00e9m de seguir tend\u00eancias: \u00e9 sobre criar um ambiente que funciona para voc\u00ea, deixa o dia a dia mais leve e ainda surpreende nas visitas. N\u00e3o importa se sua cozinha \u00e9 min\u00fascula ou de novela, com algumas boas escolhas voc\u00ea transforma o espa\u00e7o sem dor de cabe\u00e7a.<\/p>\n\n\n\n<p>Que tal separar o pr\u00f3ximo s\u00e1bado para repensar o layout, testar uma disposi\u00e7\u00e3o diferente ou instalar aquela prateleira que est\u00e1 faltando? Cada pequeno ajuste faz diferen\u00e7a \u2014 e, no fim, sua cozinha agradece!<\/p>\n\n\n\n<p>Gostou das dicas para organizar m\u00f3veis na cozinha? Compartilhe este post com quem tamb\u00e9m ama cozinhas pr\u00e1ticas e, se ficou alguma d\u00favida, mande nos coment\u00e1rios! Quem sabe sua pergunta n\u00e3o vira um novo artigo por aqui? Bora organizar m\u00f3veis na cozinha!<\/p>\n\n\n\n<hr class=\"wp-block-separator has-alpha-channel-opacity\"\/>\n\n\n\n<a href=\"https:\/\/1truenote.com\/en\/decoracao-antiga-velho-ou-vintage-segredo-do-estilo\/\" style=\"text-decoration: none;\">\n  <div style=\"display: flex; justify-content: space-between; align-items: center; background: #d44a00; padding: 12px 20px; color: white; font-family: Arial, sans-serif;\">\n    <strong style=\"color: black;\">READ ALSO:<\/strong>\n    <span style=\"margin-left: 8px; flex: 1;\">Velho ou vintage? Descubra o segredo<\/span>\n    <div style=\"background: #f2802f; padding: 8px 12px; border-radius: 2px; margin-left: 10px;\">\n      <span style=\"color: white; font-weight: bold;\">\u27a4<\/span>\n    <\/div>\n  <\/div>\n<\/a>\n\n\n\n\n<hr class=\"wp-block-separator has-alpha-channel-opacity\"\/>\n\n\n\n<h2 id='faq-d\u00favidas-comuns-sobre-organizar-m\u00f3veis-na-cozinha'  class=\"wp-block-heading\">FAQ: D\u00favidas comuns sobre organizar m\u00f3veis na cozinha<\/h2>\n\n\n<div id=\"rank-math-faq\" class=\"rank-math-block\">\n<div class=\"rank-math-list\">\n<div id=\"faq-question-1751897992276\" class=\"rank-math-list-item\">\n<h3 id='qual-\u00e9-o-melhor-tipo-de-mesa-para-cozinhas-pequenas'  class=\"rank-math-question\">Qual \u00e9 o melhor tipo de mesa para cozinhas pequenas?<\/h3>\n<div class=\"rank-math-answer\">\n\n<p>Mesas dobr\u00e1veis, retr\u00e1teis ou que se encaixam na bancada s\u00e3o \u00f3timas op\u00e7\u00f5es. Bancadas integradas tamb\u00e9m funcionam super bem.<\/p>\n\n<\/div>\n<\/div>\n<div id=\"faq-question-1751897996004\" class=\"rank-math-list-item\">\n<h3 id='posso-misturar-m\u00f3veis-planejados-e-modulares'  class=\"rank-math-question\">Posso misturar m\u00f3veis planejados e modulares?<\/h3>\n<div class=\"rank-math-answer\">\n\n<p>Com certeza! O segredo est\u00e1 em harmonizar cores e alturas para que o visual fique coeso.<\/p>\n\n<\/div>\n<\/div>\n<div id=\"faq-question-1751897996617\" class=\"rank-math-list-item\">\n<h3 id='eletrodom\u00e9sticos-embutidos-valem-a-pena'  class=\"rank-math-question\">Eletrodom\u00e9sticos embutidos valem a pena?<\/h3>\n<div class=\"rank-math-answer\">\n\n<p>Sim, especialmente se voc\u00ea quer ganhar espa\u00e7o e praticidade. Eles deixam o visual mais limpo e evitam \u201cpontos mortos\u201d no layout.<\/p>\n\n<\/div>\n<\/div>\n<div id=\"faq-question-1751897997694\" class=\"rank-math-list-item\">\n<h3 id='como-aproveitar-cantos-que-sobram'  class=\"rank-math-question\">Como aproveitar cantos que sobram?<\/h3>\n<div class=\"rank-math-answer\">\n\n<p>Invista em arm\u00e1rios de canto com prateleiras girat\u00f3rias ou use para guardar itens de pouco uso (formas, potes grandes, etc).<\/p>\n\n<\/div>\n<\/div>\n<\/div>\n<\/div>\n\n\n<figure class=\"wp-block-image aligncenter size-large\"><img data-recalc-dims=\"1\" decoding=\"async\" width=\"683\" height=\"1024\" src=\"https:\/\/i0.wp.com\/1truenote.com\/wp-content\/uploads\/2025\/07\/ChatGPT-Image-7-de-jul.-de-2025-11_31_37.png?resize=683%2C1024&#038;ssl=1\" alt=\"organizar m\u00f3veis na cozinha\" class=\"wp-image-3601\" srcset=\"https:\/\/i0.wp.com\/1truenote.com\/wp-content\/uploads\/2025\/07\/ChatGPT-Image-7-de-jul.-de-2025-11_31_37.png?resize=683%2C1024&amp;ssl=1 683w, https:\/\/i0.wp.com\/1truenote.com\/wp-content\/uploads\/2025\/07\/ChatGPT-Image-7-de-jul.-de-2025-11_31_37.png?resize=200%2C300&amp;ssl=1 200w, https:\/\/i0.wp.com\/1truenote.com\/wp-content\/uploads\/2025\/07\/ChatGPT-Image-7-de-jul.-de-2025-11_31_37.png?resize=768%2C1152&amp;ssl=1 768w, https:\/\/i0.wp.com\/1truenote.com\/wp-content\/uploads\/2025\/07\/ChatGPT-Image-7-de-jul.-de-2025-11_31_37.png?resize=150%2C225&amp;ssl=1 150w, https:\/\/i0.wp.com\/1truenote.com\/wp-content\/uploads\/2025\/07\/ChatGPT-Image-7-de-jul.-de-2025-11_31_37.png?w=1024&amp;ssl=1 1024w\" sizes=\"(max-width: 683px) 100vw, 683px\" \/><\/figure>","protected":false},"excerpt":{"rendered":"<p>Organizar m\u00f3veis na cozinha. Quando pensamos em organizar os m\u00f3veis da cozinha, estamos falando de mais do que s\u00f3 est\u00e9tica&#8230;.<\/p>","protected":false},"author":1,"featured_media":3601,"comment_status":"open","ping_status":"open","sticky":false,"template":"","format":"standard","meta":{"_kad_post_transparent":"","_kad_post_title":"","_kad_post_layout":"","_kad_post_sidebar_id":"","_kad_post_content_style":"","_kad_post_vertical_padding":"","_kad_post_feature":"","_kad_post_feature_position":"","_kad_post_header":false,"_kad_post_footer":false,"_kad_post_classname":"","footnotes":"","jetpack_publicize_message":"Organizar m\u00f3veis na cozinha. Quando pensamos em organizar os m\u00f3veis da cozinha, estamos falando de mais do que s\u00f3 est\u00e9tica. O segredo para uma cozinha funcional, bonita e f\u00e1cil de usar est\u00e1 em cada escolha \u2014 do layout ao arm\u00e1rio, da mesa aos pequenos detalhes.\n\n#carvalhoconsultoriabrasil #truenote #decor #decoracao #cozinha #organizacao #nichos #layout","jetpack_publicize_feature_enabled":true,"jetpack_social_post_already_shared":false,"jetpack_social_options":{"image_generator_settings":{"template":"highway","default_image_id":0,"enabled":false},"version":2}},"categories":[16],"tags":[15,14],"class_list":["post-3599","post","type-post","status-publish","format-standard","has-post-thumbnail","hentry","category-casa-e-jardim","tag-conservacao-e-manutencao","tag-interiores-inovadores"],"jetpack_publicize_connections":[],"jetpack_featured_media_url":"https:\/\/i0.wp.com\/1truenote.com\/wp-content\/uploads\/2025\/07\/ChatGPT-Image-7-de-jul.-de-2025-11_31_37.png?fit=1024%2C1536&ssl=1","jetpack_sharing_enabled":true,"_links":{"self":[{"href":"https:\/\/1truenote.com\/en\/wp-json\/wp\/v2\/posts\/3599","targetHints":{"allow":["GET"]}}],"collection":[{"href":"https:\/\/1truenote.com\/en\/wp-json\/wp\/v2\/posts"}],"about":[{"href":"https:\/\/1truenote.com\/en\/wp-json\/wp\/v2\/types\/post"}],"author":[{"embeddable":true,"href":"https:\/\/1truenote.com\/en\/wp-json\/wp\/v2\/users\/1"}],"replies":[{"embeddable":true,"href":"https:\/\/1truenote.com\/en\/wp-json\/wp\/v2\/comments?post=3599"}],"version-history":[{"count":1,"href":"https:\/\/1truenote.com\/en\/wp-json\/wp\/v2\/posts\/3599\/revisions"}],"predecessor-version":[{"id":3602,"href":"https:\/\/1truenote.com\/en\/wp-json\/wp\/v2\/posts\/3599\/revisions\/3602"}],"wp:featuredmedia":[{"embeddable":true,"href":"https:\/\/1truenote.com\/en\/wp-json\/wp\/v2\/media\/3601"}],"wp:attachment":[{"href":"https:\/\/1truenote.com\/en\/wp-json\/wp\/v2\/media?parent=3599"}],"wp:term":[{"taxonomy":"category","embeddable":true,"href":"https:\/\/1truenote.com\/en\/wp-json\/wp\/v2\/categories?post=3599"},{"taxonomy":"post_tag","embeddable":true,"href":"https:\/\/1truenote.com\/en\/wp-json\/wp\/v2\/tags?post=3599"}],"curies":[{"name":"wp","href":"https:\/\/api.w.org\/{rel}","templated":true}]}}