{"id":3595,"date":"2025-07-07T14:00:00","date_gmt":"2025-07-07T17:00:00","guid":{"rendered":"https:\/\/1truenote.com\/?p=3595"},"modified":"2025-07-07T14:35:54","modified_gmt":"2025-07-07T17:35:54","slug":"moveis-planejados-para-quarto-pequeno","status":"publish","type":"post","link":"https:\/\/1truenote.com\/en\/moveis-planejados-para-quarto-pequeno\/","title":{"rendered":"10 Truques de m\u00f3veis planejados para otimizar o quarto pequeno"},"content":{"rendered":"<div class=\"fit_content\">\n                <div class=\"bd_toc_container\" data-fixedwidth=\"\">\n                    <div class=\"bd_toc_wrapper\" data-wrapperpadding=\"48px\">\n                        <div class=\"bd_toc_wrapper_item\">\n                            <div class=\"bd_toc_header active\" data-headerpadding=\"2px\">\n                                <div class=\"bd_toc_header_title\">\n                                    Sum\u00e1rio                                <\/div>\n                                <div class=\"bd_toc_switcher_hide_show_icon\">\n                                    <span class=\"bd_toc_arrow\"><\/span>                                <\/div>\n                            <\/div>\n                            <div class=\"bd_toc_content list-type-number\">\n                                <div class=\"bd_toc_content_list\">\n                                    <div class='bd_toc_content_list_item'>    <ul>\n      <li class=\"first\">\n        <a href=\"#1-aposte-em-m\u00f3veis-planejados-para-quarto-pequeno-sob-medida-para-cada-cantinho\">1. Aposte em m\u00f3veis planejados para quarto pequeno sob medida para cada cantinho<\/a>\n      <\/li>\n      <li>\n        <a href=\"#2-cama-com-gavet\u00f5es-ou-ba\u00fa-otimiza\u00e7\u00e3o-sem-esfor\u00e7o\">2. Cama com gavet\u00f5es ou ba\u00fa: Otimiza\u00e7\u00e3o sem esfor\u00e7o<\/a>\n      <\/li>\n      <li>\n        <a href=\"#3-nichos-e-prateleiras-organize-e-decore-ao-mesmo-tempo\">3. Nichos e prateleiras: Organize e decore ao mesmo tempo<\/a>\n      <\/li>\n      <li>\n        <a href=\"#4-arm\u00e1rios-com-portas-de-correr-mais-praticidade\">4. Arm\u00e1rios com portas de correr: Mais praticidade<\/a>\n      <\/li>\n      <li>\n        <a href=\"#5-m\u00f3veis-multifuncionais-cada-pe\u00e7a-tem-mais-de-um-papel\">5. M\u00f3veis multifuncionais: Cada pe\u00e7a tem mais de um papel<\/a>\n      <\/li>\n      <li>\n        <a href=\"#6-use-cores-claras-e-acabamentos-suaves\">6. Use cores claras e acabamentos suaves<\/a>\n      <\/li>\n      <li>\n        <a href=\"#7-ilumina\u00e7\u00e3o-embutida-truque-de-arquiteto\">7. Ilumina\u00e7\u00e3o embutida: Truque de arquiteto<\/a>\n      <\/li>\n      <li>\n        <a href=\"#8-organiza\u00e7\u00e3o-interna-planejada\">8. Organiza\u00e7\u00e3o interna planejada<\/a>\n      <\/li>\n      <li>\n        <a href=\"#9-aproveite-espa\u00e7os-mortos\">9. Aproveite espa\u00e7os \u201cmortos\u201d<\/a>\n      <\/li>\n      <li>\n        <a href=\"#10-personalize-de-acordo-com-o-seu-estilo-e-rotina\">10. Personalize de acordo com o seu estilo e rotina<\/a>\n        <ul class=\"menu_level_2\">\n          <li class=\"first\">\n            <a href=\"#dicas-r\u00e1pidas-para-acertar-nos-m\u00f3veis-planejados-para-quarto-pequeno\">Dicas r\u00e1pidas para acertar nos m\u00f3veis planejados para quarto pequeno<\/a>\n          <\/li>\n          <li class=\"last\">\n            <a href=\"#inspira\u00e7\u00e3o-em-v\u00eddeo\">Inspira\u00e7\u00e3o em v\u00eddeo<\/a>\n          <\/li>\n        <\/ul>\n      <\/li>\n      <li>\n        <a href=\"#m\u00f3veis-planejados-para-quarto-pequeno\">M\u00f3veis planejados para quarto pequeno<\/a>\n      <\/li>\n      <li class=\"last\">\n        <a href=\"#faq-d\u00favidas-sobre-m\u00f3veis-planejados-para-quarto-pequeno\">FAQ \u2013 D\u00favidas sobre m\u00f3veis planejados para quarto pequeno<\/a>\n        <ul class=\"menu_level_2\">\n          <li class=\"first\">\n            <a href=\"#m\u00f3veis-planejados-realmente-cabem-em-qualquer-quarto\">M\u00f3veis planejados realmente cabem em qualquer quarto?<\/a>\n          <\/li>\n          <li>\n            <a href=\"#o-investimento-vale-a-pena\">O investimento vale a pena?<\/a>\n          <\/li>\n          <li class=\"last\">\n            <a href=\"#posso-fazer-m\u00f3veis-planejados-em-apartamento-alugado\">Posso fazer m\u00f3veis planejados em apartamento alugado?<\/a>\n          <\/li>\n        <\/ul>\n      <\/li>\n    <\/ul>\n<\/div>                                <\/div>\n                            <\/div>\n                        <\/div>\n                    <\/div>\n                    <div class=\"layout_toggle_button\">\n                        <span class=\"bd_toc_arrow\"><\/span>\n                    <\/div>\n                <\/div>\n            <\/div>\n\n    \n\n\n<p>M\u00f3veis planejados para quarto pequeno. Sabe aquele sonho de ter um quarto pequeno, mas super pr\u00e1tico, lindo e sem bagun\u00e7a? Com m\u00f3veis planejados, isso \u00e9 poss\u00edvel \u2013 e sem sofrimento! Eu j\u00e1 passei pelo desafio de montar um quarto compacto do zero, e posso te garantir: o segredo est\u00e1 em pensar em cada detalhe e apostar em solu\u00e7\u00f5es inteligentes.<\/p>\n\n\n\n<p>Se voc\u00ea quer transformar seu quarto pequeno em um cantinho funcional, estiloso e totalmente personalizado, vem comigo nessas dicas testadas na pr\u00e1tica!<\/p>\n\n\n\n<hr class=\"wp-block-separator has-alpha-channel-opacity\"\/>\n\n\n\n<h2 id='1-aposte-em-m\u00f3veis-planejados-para-quarto-pequeno-sob-medida-para-cada-cantinho'  class=\"wp-block-heading\">1. Aposte em m\u00f3veis planejados para quarto pequeno sob medida para cada cantinho<\/h2>\n\n\n\n<p>Quando pensamos em m\u00f3veis planejados para quarto pequeno, o principal truque \u00e9 aproveitar cada cent\u00edmetro. N\u00e3o tem espa\u00e7o desperdi\u00e7ado: o arm\u00e1rio pode ocupar aquele v\u00e3o entre parede e janela, a cama pode ganhar gavetas na base, e at\u00e9 a cabeceira pode virar nicho!<\/p>\n\n\n\n<ul class=\"wp-block-list\">\n<li>Arm\u00e1rio at\u00e9 o teto? \u00d3timo para guardar o que n\u00e3o usa todo dia.<\/li>\n\n\n\n<li>Gavetas na cama? Adeus bagun\u00e7a!<\/li>\n\n\n\n<li>Prateleiras acima da porta? Ganhou espa\u00e7o extra!<\/li>\n<\/ul>\n\n\n\n<hr class=\"wp-block-separator has-alpha-channel-opacity\"\/>\n\n\n\n<h2 id='2-cama-com-gavet\u00f5es-ou-ba\u00fa-otimiza\u00e7\u00e3o-sem-esfor\u00e7o'  class=\"wp-block-heading\">2. Cama com gavet\u00f5es ou ba\u00fa: Otimiza\u00e7\u00e3o sem esfor\u00e7o<\/h2>\n\n\n\n<p>N\u00e3o tem como negar: cama com ba\u00fa ou gavet\u00f5es \u00e9 vida em quarto pequeno. D\u00e1 pra guardar roupas de cama, malas e at\u00e9 sapatos.<\/p>\n\n\n\n<p>Quando escolhi minha cama-ba\u00fa, ganhei quase um arm\u00e1rio extra! Se for para investir em um item, comece por esse.<\/p>\n\n\n\n<hr class=\"wp-block-separator has-alpha-channel-opacity\"\/>\n\n\n\n<h2 id='3-nichos-e-prateleiras-organize-e-decore-ao-mesmo-tempo'  class=\"wp-block-heading\">3. Nichos e prateleiras: Organize e decore ao mesmo tempo<\/h2>\n\n\n\n<p>Se faltar espa\u00e7o no ch\u00e3o, use as paredes! Nichos e prateleiras planejadas deixam tudo acess\u00edvel e ainda ajudam a decorar. Vale na parede da cabeceira, acima da escrivaninha ou at\u00e9 em cantinhos esquecidos.<\/p>\n\n\n\n<p><strong>DICA:<\/strong> Misture objetos \u00fateis e decorativos \u2013 fica funcional e lindo!<\/p>\n\n\n\n<hr class=\"wp-block-separator has-alpha-channel-opacity\"\/>\n\n\n\n<figure class=\"wp-block-image aligncenter size-medium\"><a href=\"https:\/\/chat.whatsapp.com\/KJBkp5LFJVRIvmt5X3hSEh\" target=\"_blank\" rel=\"noopener\"><img data-recalc-dims=\"1\" fetchpriority=\"high\" decoding=\"async\" width=\"200\" height=\"300\" src=\"https:\/\/i0.wp.com\/1truenote.com\/wp-content\/uploads\/2025\/06\/ChatGPT-Image-3-de-jun.-de-2025-19_04_53.png?resize=200%2C300&#038;ssl=1\" alt=\"chamada banner advetorial whats\" class=\"wp-image-2683\" srcset=\"https:\/\/i0.wp.com\/1truenote.com\/wp-content\/uploads\/2025\/06\/ChatGPT-Image-3-de-jun.-de-2025-19_04_53.png?resize=200%2C300&amp;ssl=1 200w, https:\/\/i0.wp.com\/1truenote.com\/wp-content\/uploads\/2025\/06\/ChatGPT-Image-3-de-jun.-de-2025-19_04_53.png?resize=683%2C1024&amp;ssl=1 683w, https:\/\/i0.wp.com\/1truenote.com\/wp-content\/uploads\/2025\/06\/ChatGPT-Image-3-de-jun.-de-2025-19_04_53.png?resize=768%2C1152&amp;ssl=1 768w, https:\/\/i0.wp.com\/1truenote.com\/wp-content\/uploads\/2025\/06\/ChatGPT-Image-3-de-jun.-de-2025-19_04_53.png?resize=150%2C225&amp;ssl=1 150w, https:\/\/i0.wp.com\/1truenote.com\/wp-content\/uploads\/2025\/06\/ChatGPT-Image-3-de-jun.-de-2025-19_04_53.png?w=1024&amp;ssl=1 1024w\" sizes=\"(max-width: 200px) 100vw, 200px\" \/><\/a><\/figure>\n\n\n\n<hr class=\"wp-block-separator has-alpha-channel-opacity\"\/>\n\n\n\n<h2 id='4-arm\u00e1rios-com-portas-de-correr-mais-praticidade'  class=\"wp-block-heading\">4. Arm\u00e1rios com portas de correr: Mais praticidade<\/h2>\n\n\n\n<p>As portas de correr s\u00e3o a salva\u00e7\u00e3o dos quartos apertados. N\u00e3o ocupam espa\u00e7o ao abrir e podem ser feitas em espelho, o que ainda amplia visualmente o ambiente.<\/p>\n\n\n\n<hr class=\"wp-block-separator has-alpha-channel-opacity\"\/>\n\n\n\n<h2 id='5-m\u00f3veis-multifuncionais-cada-pe\u00e7a-tem-mais-de-um-papel'  class=\"wp-block-heading\">5. M\u00f3veis multifuncionais: Cada pe\u00e7a tem mais de um papel<\/h2>\n\n\n\n<ul class=\"wp-block-list\">\n<li>Escrivaninha que vira penteadeira<\/li>\n\n\n\n<li>Cama com gavetas e nichos<\/li>\n\n\n\n<li>Mesa dobr\u00e1vel<\/li>\n\n\n\n<li>Pufes que viram ba\u00fa<\/li>\n<\/ul>\n\n\n\n<p>Tudo isso cabe em um quarto pequeno sem pesar no visual. Planejamento \u00e9 vida!<\/p>\n\n\n\n<hr class=\"wp-block-separator has-alpha-channel-opacity\"\/>\n\n\n\n<h2 id='6-use-cores-claras-e-acabamentos-suaves'  class=\"wp-block-heading\">6. Use cores claras e acabamentos suaves<\/h2>\n\n\n\n<p>Em m\u00f3veis planejados para quarto pequeno, cores claras ajudam o espa\u00e7o a parecer maior. Vale para a marcenaria, mas tamb\u00e9m para paredes e roupas de cama. Madeira clara, branco, fendi ou off-white s\u00e3o certeiros.<\/p>\n\n\n\n<hr class=\"wp-block-separator has-alpha-channel-opacity\"\/>\n\n\n\n<h2 id='7-ilumina\u00e7\u00e3o-embutida-truque-de-arquiteto'  class=\"wp-block-heading\">7. Ilumina\u00e7\u00e3o embutida: Truque de arquiteto<\/h2>\n\n\n\n<p>Aproveite para embutir ilumina\u00e7\u00e3o nos m\u00f3veis planejados: Fitas de LED em prateleiras, spots no arm\u00e1rio e lumin\u00e1rias embutidas na cabeceira trazem aconchego e economia de espa\u00e7o.<\/p>\n\n\n\n<hr class=\"wp-block-separator has-alpha-channel-opacity\"\/>\n\n\n\n<a href=\"https:\/\/1truenote.com\/en\/decoracao-antiga-velho-ou-vintage-segredo-do-estilo\/\" style=\"text-decoration: none;\">\n  <div style=\"display: flex; justify-content: space-between; align-items: center; background: #d44a00; padding: 12px 20px; color: white; font-family: Arial, sans-serif;\">\n    <strong style=\"color: black;\">READ ALSO:<\/strong>\n    <span style=\"margin-left: 8px; flex: 1;\">Velho ou vintage? Descubra o segredo<\/span>\n    <div style=\"background: #f2802f; padding: 8px 12px; border-radius: 2px; margin-left: 10px;\">\n      <span style=\"color: white; font-weight: bold;\">\u27a4<\/span>\n    <\/div>\n  <\/div>\n<\/a>\n\n\n\n<hr class=\"wp-block-separator has-alpha-channel-opacity\"\/>\n\n\n\n<h2 id='8-organiza\u00e7\u00e3o-interna-planejada'  class=\"wp-block-heading\">8. Organiza\u00e7\u00e3o interna planejada<\/h2>\n\n\n\n<p>Gavetas organizadoras, divis\u00f3rias para acess\u00f3rios, porta-j\u00f3ias embutido&#8230; Os m\u00f3veis planejados para quarto pequeno facilitam at\u00e9 a arruma\u00e7\u00e3o!<\/p>\n\n\n\n<p><strong>Tabela: O que vale incluir nos planejados<\/strong><\/p>\n\n\n\n<figure class=\"wp-block-table\"><table class=\"has-fixed-layout\"><thead><tr><th>Solu\u00e7\u00e3o<\/th><th>Vantagem<\/th><\/tr><\/thead><tbody><tr><td>Gavetas com divis\u00f3rias<\/td><td>Facilita achar tudo, at\u00e9 em espa\u00e7os mini<\/td><\/tr><tr><td>Cabideiro duplo<\/td><td>Dobra o espa\u00e7o para roupas penduradas<\/td><\/tr><tr><td>Prateleiras regul\u00e1veis<\/td><td>Se adapta ao longo dos anos<\/td><\/tr><\/tbody><\/table><\/figure>\n\n\n\n<hr class=\"wp-block-separator has-alpha-channel-opacity\"\/>\n\n\n\n<h2 id='9-aproveite-espa\u00e7os-mortos'  class=\"wp-block-heading\">9. Aproveite espa\u00e7os \u201cmortos\u201d<\/h2>\n\n\n\n<p>Sabe aquele cantinho atr\u00e1s da porta, abaixo da janela ou embaixo da cama? Os m\u00f3veis planejados transformam esses espa\u00e7os esquecidos em \u00e1reas \u00fateis!<\/p>\n\n\n\n<ul class=\"wp-block-list\">\n<li>Prateleira estreita atr\u00e1s da porta<\/li>\n\n\n\n<li>Mini sapateira na lateral do arm\u00e1rio<\/li>\n\n\n\n<li>Bancos-ba\u00fa nos p\u00e9s da cama<\/li>\n<\/ul>\n\n\n\n<hr class=\"wp-block-separator has-alpha-channel-opacity\"\/>\n\n\n\n<h2 id='10-personalize-de-acordo-com-o-seu-estilo-e-rotina'  class=\"wp-block-heading\">10. Personalize de acordo com o seu estilo e rotina<\/h2>\n\n\n\n<p>O mais legal dos m\u00f3veis planejados \u00e9 que eles podem ter a sua cara! Se voc\u00ea trabalha no quarto, vale incluir um cantinho home office compacto. Se adora livros, nichos sob medida para a cole\u00e7\u00e3o. O importante \u00e9 o quarto funcionar para voc\u00ea, n\u00e3o para o Instagram.<\/p>\n\n\n\n<hr class=\"wp-block-separator has-alpha-channel-opacity\"\/>\n\n\n\n<h3 id='dicas-r\u00e1pidas-para-acertar-nos-m\u00f3veis-planejados-para-quarto-pequeno'  class=\"wp-block-heading\">Dicas r\u00e1pidas para acertar nos m\u00f3veis planejados para quarto pequeno<\/h3>\n\n\n\n<ul class=\"wp-block-list\">\n<li>Me\u00e7a tudo com precis\u00e3o (e confira duas vezes!)<\/li>\n\n\n\n<li>Prefira portas de correr e m\u00f3veis suspensos<\/li>\n\n\n\n<li>Priorize funcionalidade sem abrir m\u00e3o do seu estilo<\/li>\n\n\n\n<li>Aposte em organiza\u00e7\u00e3o interna: cestos, divis\u00f3rias e caixas s\u00e3o aliados<\/li>\n<\/ul>\n\n\n\n<hr class=\"wp-block-separator has-alpha-channel-opacity\"\/>\n\n\n\n<h3 id='inspira\u00e7\u00e3o-em-v\u00eddeo'  class=\"wp-block-heading\">Inspira\u00e7\u00e3o em v\u00eddeo<\/h3>\n\n\n\n<p><a href=\"https:\/\/www.youtube.com\/shorts\/_afPR5Aqyz0\" data-type=\"link\" data-id=\"https:\/\/www.youtube.com\/shorts\/_afPR5Aqyz0\" target=\"_blank\" rel=\"noopener\">Assista no YouTube: Tour por um quarto pequeno 100% planejado e funcional \u2013 ideias reais!<\/a><br><em>(Coloque o link do seu v\u00eddeo favorito sobre o tema, ou crie seu pr\u00f3prio conte\u00fado!)<\/em><\/p>\n\n\n\n<figure class=\"wp-block-embed aligncenter is-type-video is-provider-youtube wp-block-embed-youtube wp-embed-aspect-16-9 wp-has-aspect-ratio\"><div class=\"wp-block-embed__wrapper\">\n<iframe title=\"Dicas para quarto de casal pequeno! #designdeinteriores #decoracao #moveisplanejados#arquitetura\" width=\"720\" height=\"405\" src=\"https:\/\/www.youtube.com\/embed\/_afPR5Aqyz0?feature=oembed\" frameborder=\"0\" allow=\"accelerometer; autoplay; clipboard-write; encrypted-media; gyroscope; picture-in-picture; web-share\" referrerpolicy=\"strict-origin-when-cross-origin\" allowfullscreen><\/iframe>\n<\/div><\/figure>\n\n\n\n<hr class=\"wp-block-separator has-alpha-channel-opacity\"\/>\n\n\n\n<h2 id='m\u00f3veis-planejados-para-quarto-pequeno'  class=\"wp-block-heading\">M\u00f3veis planejados para quarto pequeno<\/h2>\n\n\n\n<p>Ter um quarto pequeno n\u00e3o \u00e9 sin\u00f4nimo de aperto, e sim de criatividade! Os <strong>m\u00f3veis planejados para quarto pequeno<\/strong> mostram que, com planejamento, d\u00e1 para unir conforto, estilo e organiza\u00e7\u00e3o em qualquer espa\u00e7o \u2013 mesmo nos metros quadrados mais desafiadores.<\/p>\n\n\n\n<p>Invista no que faz sentido para o seu dia a dia, pense no futuro (m\u00f3veis planejados t\u00eam longa vida!) e transforme seu cantinho em um verdadeiro ref\u00fagio, pr\u00e1tico e lindo. Gostou das ideias de m\u00f3veis planejados para quarto pequeno? Compartilha sua d\u00favida ou experi\u00eancia aqui nos coment\u00e1rios! E se quiser mais dicas personalizadas, \u00e9 s\u00f3 pedir. Seu quarto merece esse cuidado!<\/p>\n\n\n\n<hr class=\"wp-block-separator has-alpha-channel-opacity\"\/>\n\n\n\n<a href=\"https:\/\/1truenote.com\/en\/decoracao-antiga-velho-ou-vintage-segredo-do-estilo\/\" style=\"text-decoration: none;\">\n  <div style=\"display: flex; justify-content: space-between; align-items: center; background: #d44a00; padding: 12px 20px; color: white; font-family: Arial, sans-serif;\">\n    <strong style=\"color: black;\">READ ALSO:<\/strong>\n    <span style=\"margin-left: 8px; flex: 1;\">Velho ou vintage? Descubra o segredo<\/span>\n    <div style=\"background: #f2802f; padding: 8px 12px; border-radius: 2px; margin-left: 10px;\">\n      <span style=\"color: white; font-weight: bold;\">\u27a4<\/span>\n    <\/div>\n  <\/div>\n<\/a>\n\n\n\n\n<hr class=\"wp-block-separator has-alpha-channel-opacity\"\/>\n\n\n\n<h2 id='faq-d\u00favidas-sobre-m\u00f3veis-planejados-para-quarto-pequeno'  class=\"wp-block-heading\">FAQ \u2013 D\u00favidas sobre m\u00f3veis planejados para quarto pequeno<\/h2>\n\n\n<div id=\"rank-math-faq\" class=\"rank-math-block\">\n<div class=\"rank-math-list\">\n<div id=\"faq-question-1751896760198\" class=\"rank-math-list-item\">\n<h3 id='m\u00f3veis-planejados-realmente-cabem-em-qualquer-quarto'  class=\"rank-math-question\">M\u00f3veis planejados realmente cabem em qualquer quarto?<\/h3>\n<div class=\"rank-math-answer\">\n\n<p>Sim! O grande diferencial \u00e9 a personaliza\u00e7\u00e3o para cada espa\u00e7o \u2013 mesmo nos menores.<\/p>\n\n<\/div>\n<\/div>\n<div id=\"faq-question-1751896761271\" class=\"rank-math-list-item\">\n<h3 id='o-investimento-vale-a-pena'  class=\"rank-math-question\">O investimento vale a pena?<\/h3>\n<div class=\"rank-math-answer\">\n\n<p>Vale, principalmente a longo prazo. M\u00f3veis planejados otimizam o uso do espa\u00e7o e t\u00eam durabilidade maior.<\/p>\n\n<\/div>\n<\/div>\n<div id=\"faq-question-1751896761939\" class=\"rank-math-list-item\">\n<h3 id='posso-fazer-m\u00f3veis-planejados-em-apartamento-alugado'  class=\"rank-math-question\">Posso fazer m\u00f3veis planejados em apartamento alugado?<\/h3>\n<div class=\"rank-math-answer\">\n\n<p>Sim! Existem op\u00e7\u00f5es que n\u00e3o precisam de grandes reformas, como m\u00f3veis modulados sob medida e prateleiras fixadas de forma revers\u00edvel.<\/p>\n\n<\/div>\n<\/div>\n<\/div>\n<\/div>\n\n\n<figure class=\"wp-block-image aligncenter size-full\"><img data-recalc-dims=\"1\" decoding=\"async\" width=\"1024\" height=\"1024\" src=\"https:\/\/i0.wp.com\/1truenote.com\/wp-content\/uploads\/2025\/07\/ChatGPT-Image-7-de-jul.-de-2025-11_06_37.png?resize=1024%2C1024&#038;ssl=1\" alt=\"m\u00f3veis planejados para quarto pequeno\" class=\"wp-image-3596\" srcset=\"https:\/\/i0.wp.com\/1truenote.com\/wp-content\/uploads\/2025\/07\/ChatGPT-Image-7-de-jul.-de-2025-11_06_37.png?w=1024&amp;ssl=1 1024w, https:\/\/i0.wp.com\/1truenote.com\/wp-content\/uploads\/2025\/07\/ChatGPT-Image-7-de-jul.-de-2025-11_06_37.png?resize=300%2C300&amp;ssl=1 300w, https:\/\/i0.wp.com\/1truenote.com\/wp-content\/uploads\/2025\/07\/ChatGPT-Image-7-de-jul.-de-2025-11_06_37.png?resize=150%2C150&amp;ssl=1 150w, https:\/\/i0.wp.com\/1truenote.com\/wp-content\/uploads\/2025\/07\/ChatGPT-Image-7-de-jul.-de-2025-11_06_37.png?resize=768%2C768&amp;ssl=1 768w, https:\/\/i0.wp.com\/1truenote.com\/wp-content\/uploads\/2025\/07\/ChatGPT-Image-7-de-jul.-de-2025-11_06_37.png?resize=96%2C96&amp;ssl=1 96w\" sizes=\"(max-width: 1024px) 100vw, 1024px\" \/><\/figure>","protected":false},"excerpt":{"rendered":"<p>M\u00f3veis planejados para quarto pequeno. Sabe aquele sonho de ter um quarto pequeno, mas super pr\u00e1tico, lindo e sem bagun\u00e7a?&#8230;<\/p>","protected":false},"author":1,"featured_media":3596,"comment_status":"open","ping_status":"open","sticky":false,"template":"","format":"standard","meta":{"_kad_post_transparent":"","_kad_post_title":"","_kad_post_layout":"","_kad_post_sidebar_id":"","_kad_post_content_style":"","_kad_post_vertical_padding":"","_kad_post_feature":"","_kad_post_feature_position":"","_kad_post_header":false,"_kad_post_footer":false,"_kad_post_classname":"","footnotes":"","jetpack_publicize_message":"M\u00f3veis planejados para quarto pequeno. Sabe aquele sonho de ter um quarto pequeno, mas super pr\u00e1tico, lindo e sem bagun\u00e7a? Com m\u00f3veis planejados, isso \u00e9 poss\u00edvel \u2013 e sem sofrimento! Eu j\u00e1 passei pelo desafio de montar um quarto compacto do zero, e posso te garantir: o segredo est\u00e1 em pensar em cada detalhe e apostar em solu\u00e7\u00f5es inteligentes.\n\n#carvalhoconsultoriabrasil #truenote #decor #decoracao #moveisplanejados #quarto #detalhe","jetpack_publicize_feature_enabled":true,"jetpack_social_post_already_shared":false,"jetpack_social_options":{"image_generator_settings":{"template":"highway","default_image_id":0,"enabled":false},"version":2}},"categories":[16],"tags":[14,12],"class_list":["post-3595","post","type-post","status-publish","format-standard","has-post-thumbnail","hentry","category-casa-e-jardim","tag-interiores-inovadores","tag-projetos-inovadores"],"jetpack_publicize_connections":[],"jetpack_featured_media_url":"https:\/\/i0.wp.com\/1truenote.com\/wp-content\/uploads\/2025\/07\/ChatGPT-Image-7-de-jul.-de-2025-11_06_37.png?fit=1024%2C1024&ssl=1","jetpack_sharing_enabled":true,"_links":{"self":[{"href":"https:\/\/1truenote.com\/en\/wp-json\/wp\/v2\/posts\/3595","targetHints":{"allow":["GET"]}}],"collection":[{"href":"https:\/\/1truenote.com\/en\/wp-json\/wp\/v2\/posts"}],"about":[{"href":"https:\/\/1truenote.com\/en\/wp-json\/wp\/v2\/types\/post"}],"author":[{"embeddable":true,"href":"https:\/\/1truenote.com\/en\/wp-json\/wp\/v2\/users\/1"}],"replies":[{"embeddable":true,"href":"https:\/\/1truenote.com\/en\/wp-json\/wp\/v2\/comments?post=3595"}],"version-history":[{"count":1,"href":"https:\/\/1truenote.com\/en\/wp-json\/wp\/v2\/posts\/3595\/revisions"}],"predecessor-version":[{"id":3598,"href":"https:\/\/1truenote.com\/en\/wp-json\/wp\/v2\/posts\/3595\/revisions\/3598"}],"wp:featuredmedia":[{"embeddable":true,"href":"https:\/\/1truenote.com\/en\/wp-json\/wp\/v2\/media\/3596"}],"wp:attachment":[{"href":"https:\/\/1truenote.com\/en\/wp-json\/wp\/v2\/media?parent=3595"}],"wp:term":[{"taxonomy":"category","embeddable":true,"href":"https:\/\/1truenote.com\/en\/wp-json\/wp\/v2\/categories?post=3595"},{"taxonomy":"post_tag","embeddable":true,"href":"https:\/\/1truenote.com\/en\/wp-json\/wp\/v2\/tags?post=3595"}],"curies":[{"name":"wp","href":"https:\/\/api.w.org\/{rel}","templated":true}]}}