{"id":3592,"date":"2025-07-07T12:00:00","date_gmt":"2025-07-07T15:00:00","guid":{"rendered":"https:\/\/1truenote.com\/?p=3592"},"modified":"2025-07-07T10:48:13","modified_gmt":"2025-07-07T13:48:13","slug":"decoracao-para-bem-estar-ambientes-que-acalmam","status":"publish","type":"post","link":"https:\/\/1truenote.com\/en\/decoracao-para-bem-estar-ambientes-que-acalmam\/","title":{"rendered":"10 Ideias de decora\u00e7\u00e3o para bem-estar que acalmam e inspiram"},"content":{"rendered":"<div class=\"fit_content\">\n                <div class=\"bd_toc_container\" data-fixedwidth=\"\">\n                    <div class=\"bd_toc_wrapper\" data-wrapperpadding=\"48px\">\n                        <div class=\"bd_toc_wrapper_item\">\n                            <div class=\"bd_toc_header active\" data-headerpadding=\"2px\">\n                                <div class=\"bd_toc_header_title\">\n                                    Sum\u00e1rio                                <\/div>\n                                <div class=\"bd_toc_switcher_hide_show_icon\">\n                                    <span class=\"bd_toc_arrow\"><\/span>                                <\/div>\n                            <\/div>\n                            <div class=\"bd_toc_content list-type-number\">\n                                <div class=\"bd_toc_content_list\">\n                                    <div class='bd_toc_content_list_item'>    <ul>\n      <li class=\"first\">\n        <a href=\"#1-ambientes-claros-e-arejados-o-primeiro-passo-para-a-decora\u00e7\u00e3o-para-bem-estar\">1. Ambientes claros e arejados: O primeiro passo para a decora\u00e7\u00e3o para bem-estar<\/a>\n      <\/li>\n      <li>\n        <a href=\"#2-traga-a-natureza-para-dentro-de-casa\">2. Traga a natureza para dentro de casa<\/a>\n      <\/li>\n      <li>\n        <a href=\"#3-texturas-naturais-e-plantas-aliados-da-decora\u00e7\u00e3o-para-bem-estar\">3. Texturas naturais e plantas: Aliados da decora\u00e7\u00e3o para bem-estar<\/a>\n      <\/li>\n      <li>\n        <a href=\"#4-ilumina\u00e7\u00e3o-indireta-conforto-visual-garantido\">4. Ilumina\u00e7\u00e3o indireta: Conforto visual garantido<\/a>\n      <\/li>\n      <li>\n        <a href=\"#5-texturas-que-convidam-ao-toque\">5. Texturas que convidam ao toque<\/a>\n      <\/li>\n      <li>\n        <a href=\"#6-aposte-nos-aromas-certos\">6. Aposte nos aromas certos<\/a>\n      <\/li>\n      <li>\n        <a href=\"#7-m\u00f3veis-com-linhas-suaves-e-design-org\u00e2nico\">7. M\u00f3veis com linhas suaves e design org\u00e2nico<\/a>\n      <\/li>\n      <li>\n        <a href=\"#8-espa\u00e7os-livres-para-circular\">8. Espa\u00e7os livres para circular<\/a>\n      <\/li>\n      <li>\n        <a href=\"#9-objetos-afetivos-fazem-toda-diferen\u00e7a\">9. Objetos afetivos fazem toda diferen\u00e7a<\/a>\n      <\/li>\n      <li>\n        <a href=\"#10-arte-que-inspira-serenidade\">10. Arte que inspira serenidade<\/a>\n      <\/li>\n      <li>\n        <a href=\"#tabela-resumo-r\u00e1pido-das-principais-dicas\">Tabela: Resumo r\u00e1pido das principais dicas<\/a>\n      <\/li>\n      <li>\n        <a href=\"#dicas-r\u00e1pidas-para-aplicar-hoje-mesmo\">Dicas r\u00e1pidas para aplicar hoje mesmo<\/a>\n      <\/li>\n      <li>\n        <a href=\"#decora\u00e7\u00e3o-para-bem-estar\">Decora\u00e7\u00e3o para bem-estar<\/a>\n      <\/li>\n      <li class=\"last\">\n        <a href=\"#faq-perguntas-frequentes-sobre-decora\u00e7\u00e3o-para-bem-estar\">FAQ \u2013 Perguntas frequentes sobre decora\u00e7\u00e3o para bem-estar<\/a>\n        <ul class=\"menu_level_2\">\n          <li class=\"first\">\n            <a href=\"#preciso-reformar-tudo-para-criar-um-ambiente-calmo\">Preciso reformar tudo para criar um ambiente calmo?<\/a>\n          <\/li>\n          <li>\n            <a href=\"#quais-plantas-s\u00e3o-mais-indicadas-para-ambientes-internos\">Quais plantas s\u00e3o mais indicadas para ambientes internos?<\/a>\n          <\/li>\n          <li class=\"last\">\n            <a href=\"#como-escolher-a-ilumina\u00e7\u00e3o-ideal-para-relaxar\">Como escolher a ilumina\u00e7\u00e3o ideal para relaxar?<\/a>\n          <\/li>\n        <\/ul>\n      <\/li>\n    <\/ul>\n<\/div>                                <\/div>\n                            <\/div>\n                        <\/div>\n                    <\/div>\n                    <div class=\"layout_toggle_button\">\n                        <span class=\"bd_toc_arrow\"><\/span>\n                    <\/div>\n                <\/div>\n            <\/div>\n\n    \n\n\n<p>Voc\u00ea j\u00e1 reparou como certos ambientes nos abra\u00e7am s\u00f3 de entrar? N\u00e3o \u00e9 s\u00f3 quest\u00e3o de beleza \u2014 a decora\u00e7\u00e3o influencia (e muito!) o nosso humor, o sono e at\u00e9 a disposi\u00e7\u00e3o do dia a dia. Quando pensamos em decora\u00e7\u00e3o para bem-estar, a ideia vai muito al\u00e9m do visual: trata-se de criar ambientes que promovem calma, relaxamento e uma sensa\u00e7\u00e3o gostosa de acolhimento em cada detalhe.<\/p>\n\n\n\n<p>Por isso, cada vez mais pessoas est\u00e3o buscando uma casa que acalme, inspire e seja um verdadeiro ref\u00fagio do caos. Quer saber como transformar qualquer cantinho num convite ao bem-estar? Vem comigo descobrir 10 ideias que fazem toda a diferen\u00e7a na decora\u00e7\u00e3o para bem-estar!<\/p>\n\n\n\n<h2 id='1-ambientes-claros-e-arejados-o-primeiro-passo-para-a-decora\u00e7\u00e3o-para-bem-estar'  class=\"wp-block-heading\">1. Ambientes claros e arejados: O primeiro passo para a decora\u00e7\u00e3o para bem-estar<\/h2>\n\n\n\n<p>Quando pensamos em decora\u00e7\u00e3o para acalmar, luz natural \u00e9 essencial. Ambientes claros, com paredes em tons branco, areia ou <em>off-white<\/em>, ampliam a sensa\u00e7\u00e3o de leveza e deixam tudo mais arejado. Vale apostar em cortinas transl\u00facidas e, se poss\u00edvel, deixar as janelas livres para o sol entrar.<\/p>\n\n\n\n<h2 id='2-traga-a-natureza-para-dentro-de-casa'  class=\"wp-block-heading\">2. Traga a natureza para dentro de casa<\/h2>\n\n\n\n<p>Nada conecta mais com o bem-estar do que o verde das plantas naturais. Al\u00e9m de deixar o ar mais puro, elas diminuem o estresse e trazem vida para qualquer espa\u00e7o.<\/p>\n\n\n\n<p>Aposte em esp\u00e9cies f\u00e1ceis de cuidar, como jiboia, zamioculca ou espada-de-s\u00e3o-jorge \u2014 perfeitas at\u00e9 para quem n\u00e3o tem m\u00e3o boa pra planta!<\/p>\n\n\n\n<ul class=\"wp-block-list\">\n<li><strong>Dica extra:<\/strong> Monte um cantinho verde com vasos de tamanhos variados para um efeito relaxante.<\/li>\n<\/ul>\n\n\n\n<h2 id='3-texturas-naturais-e-plantas-aliados-da-decora\u00e7\u00e3o-para-bem-estar'  class=\"wp-block-heading\">3. Texturas naturais e plantas: Aliados da decora\u00e7\u00e3o para bem-estar<\/h2>\n\n\n\n<p>As cores transmitem sentimentos. Bege, verde s\u00e1lvia, azul-claro ou terracota criam um clima de paz e aconchego. Experimente usar essas tonalidades em almofadas, mantas, tapetes e quadros.<\/p>\n\n\n\n<h2 id='4-ilumina\u00e7\u00e3o-indireta-conforto-visual-garantido'  class=\"wp-block-heading\">4. Ilumina\u00e7\u00e3o indireta: Conforto visual garantido<\/h2>\n\n\n\n<p>Troque a luz branca e direta por l\u00e2mpadas amareladas e lumin\u00e1rias de luz difusa. Abajures, pendentes baixos e fitas de LED atr\u00e1s dos m\u00f3veis criam uma atmosfera super aconchegante \u2014 especialmente \u00e0 noite.<\/p>\n\n\n\n<h2 id='5-texturas-que-convidam-ao-toque'  class=\"wp-block-heading\">5. Texturas que convidam ao toque<\/h2>\n\n\n\n<p>Tecidos naturais, como linho, algod\u00e3o ou tric\u00f4, fazem toda diferen\u00e7a para criar um ambiente gostoso. Mantas, tapetes felpudos e almofadas de diferentes texturas d\u00e3o vontade de ficar horas curtindo o espa\u00e7o.<\/p>\n\n\n\n<h2 id='6-aposte-nos-aromas-certos'  class=\"wp-block-heading\">6. Aposte nos aromas certos<\/h2>\n\n\n\n<p>Velas, difusores ou \u00f3leos essenciais s\u00e3o aliados poderosos. Lavanda, camomila ou baunilha ajudam a relaxar. Deixe um aromatizador no quarto ou na sala para refor\u00e7ar a sensa\u00e7\u00e3o de conforto.<\/p>\n\n\n\n<h2 id='7-m\u00f3veis-com-linhas-suaves-e-design-org\u00e2nico'  class=\"wp-block-heading\">7. M\u00f3veis com linhas suaves e design org\u00e2nico<\/h2>\n\n\n\n<p>M\u00f3veis de madeira clara, com p\u00e9s aparentes ou formato arredondado, transmitem leveza e criam ambientes mais livres e fluidos.<\/p>\n\n\n\n<ul class=\"wp-block-list\">\n<li><strong>Dica:<\/strong> Menos \u00e9 mais. Prefira poucas pe\u00e7as funcionais do que excesso de m\u00f3veis.<\/li>\n<\/ul>\n\n\n\n<hr class=\"wp-block-separator has-alpha-channel-opacity\"\/>\n\n\n\n<figure class=\"wp-block-image aligncenter size-medium\"><a href=\"https:\/\/chat.whatsapp.com\/KJBkp5LFJVRIvmt5X3hSEh\" target=\"_blank\" rel=\"noopener\"><img data-recalc-dims=\"1\" fetchpriority=\"high\" decoding=\"async\" width=\"200\" height=\"300\" src=\"https:\/\/i0.wp.com\/1truenote.com\/wp-content\/uploads\/2025\/06\/ChatGPT-Image-3-de-jun.-de-2025-19_04_53.png?resize=200%2C300&#038;ssl=1\" alt=\"chamada banner advetorial whats\" class=\"wp-image-2683\" srcset=\"https:\/\/i0.wp.com\/1truenote.com\/wp-content\/uploads\/2025\/06\/ChatGPT-Image-3-de-jun.-de-2025-19_04_53.png?resize=200%2C300&amp;ssl=1 200w, https:\/\/i0.wp.com\/1truenote.com\/wp-content\/uploads\/2025\/06\/ChatGPT-Image-3-de-jun.-de-2025-19_04_53.png?resize=683%2C1024&amp;ssl=1 683w, https:\/\/i0.wp.com\/1truenote.com\/wp-content\/uploads\/2025\/06\/ChatGPT-Image-3-de-jun.-de-2025-19_04_53.png?resize=768%2C1152&amp;ssl=1 768w, https:\/\/i0.wp.com\/1truenote.com\/wp-content\/uploads\/2025\/06\/ChatGPT-Image-3-de-jun.-de-2025-19_04_53.png?resize=150%2C225&amp;ssl=1 150w, https:\/\/i0.wp.com\/1truenote.com\/wp-content\/uploads\/2025\/06\/ChatGPT-Image-3-de-jun.-de-2025-19_04_53.png?w=1024&amp;ssl=1 1024w\" sizes=\"(max-width: 200px) 100vw, 200px\" \/><\/a><\/figure>\n\n\n\n<hr class=\"wp-block-separator has-alpha-channel-opacity\"\/>\n\n\n\n<h2 id='8-espa\u00e7os-livres-para-circular'  class=\"wp-block-heading\">8. Espa\u00e7os livres para circular<\/h2>\n\n\n\n<p>Evite entulhar o ambiente. Ter espa\u00e7o livre para circular traz sensa\u00e7\u00e3o de respiro e liberdade. Organize os m\u00f3veis de forma que n\u00e3o bloqueiem passagens e valorize a circula\u00e7\u00e3o.<\/p>\n\n\n\n<h2 id='9-objetos-afetivos-fazem-toda-diferen\u00e7a'  class=\"wp-block-heading\">9. Objetos afetivos fazem toda diferen\u00e7a<\/h2>\n\n\n\n<p>Decora\u00e7\u00e3o com alma \u00e9 aquela que traz lembran\u00e7as boas: fotos, lembran\u00e7as de viagens, quadros feitos \u00e0 m\u00e3o ou objetos herdados. Eles d\u00e3o personalidade e afeto ao ambiente.<\/p>\n\n\n\n<h2 id='10-arte-que-inspira-serenidade'  class=\"wp-block-heading\">10. Arte que inspira serenidade<\/h2>\n\n\n\n<p>Quadros com formas org\u00e2nicas, ilustra\u00e7\u00f5es em tons suaves ou fotos de natureza refor\u00e7am a sensa\u00e7\u00e3o de tranquilidade. Pendure em lugares estrat\u00e9gicos, como acima do sof\u00e1 ou da cama.<\/p>\n\n\n\n<hr class=\"wp-block-separator has-alpha-channel-opacity\"\/>\n\n\n\n<a href=\"https:\/\/1truenote.com\/en\/decoracao-antiga-velho-ou-vintage-segredo-do-estilo\/\" style=\"text-decoration: none;\">\n  <div style=\"display: flex; justify-content: space-between; align-items: center; background: #d44a00; padding: 12px 20px; color: white; font-family: Arial, sans-serif;\">\n    <strong style=\"color: black;\">READ ALSO:<\/strong>\n    <span style=\"margin-left: 8px; flex: 1;\">Velho ou vintage? Descubra o segredo<\/span>\n    <div style=\"background: #f2802f; padding: 8px 12px; border-radius: 2px; margin-left: 10px;\">\n      <span style=\"color: white; font-weight: bold;\">\u27a4<\/span>\n    <\/div>\n  <\/div>\n<\/a>\n\n\n\n<hr class=\"wp-block-separator has-alpha-channel-opacity\"\/>\n\n\n\n<h2 id='tabela-resumo-r\u00e1pido-das-principais-dicas'  class=\"wp-block-heading\">Tabela: Resumo r\u00e1pido das principais dicas<\/h2>\n\n\n\n<figure class=\"wp-block-table\"><table class=\"has-fixed-layout\"><thead><tr><th>Dica<\/th><th>Benef\u00edcio<\/th><\/tr><\/thead><tbody><tr><td>Tons claros nas paredes<\/td><td>Ampliam e acalmam o ambiente<\/td><\/tr><tr><td>Plantas naturais<\/td><td>Purificam o ar e reduzem o estresse<\/td><\/tr><tr><td>Ilumina\u00e7\u00e3o indireta<\/td><td>Cria clima aconchegante e relaxante<\/td><\/tr><tr><td>Tecidos naturais<\/td><td>Sensa\u00e7\u00e3o de conforto ao toque<\/td><\/tr><tr><td>Aromatizadores suaves<\/td><td>Estimulam o bem-estar e relaxamento<\/td><\/tr><\/tbody><\/table><\/figure>\n\n\n\n<hr class=\"wp-block-separator has-alpha-channel-opacity\"\/>\n\n\n\n<h2 id='dicas-r\u00e1pidas-para-aplicar-hoje-mesmo'  class=\"wp-block-heading\">Dicas r\u00e1pidas para aplicar hoje mesmo<\/h2>\n\n\n\n<ul class=\"wp-block-list\">\n<li>Abra as janelas logo cedo para ventilar a casa.<\/li>\n\n\n\n<li>Separe 2 ou 3 plantas e espalhe nos pontos de destaque.<\/li>\n\n\n\n<li>Troque a c\u00fapula do abajur por uma de tecido claro.<\/li>\n\n\n\n<li>Aposte em um quadro ou p\u00f4ster de paisagem que te inspire paz.<\/li>\n<\/ul>\n\n\n\n<hr class=\"wp-block-separator has-alpha-channel-opacity\"\/>\n\n\n\n<h2 id='decora\u00e7\u00e3o-para-bem-estar'  class=\"wp-block-heading\">Decora\u00e7\u00e3o para bem-estar<\/h2>\n\n\n\n<p>No fim das contas, criar uma decora\u00e7\u00e3o decora\u00e7\u00e3o para bem-estar n\u00e3o exige f\u00f3rmulas m\u00e1gicas \u2014 \u00e9 sobre olhar para o que faz bem pra voc\u00ea. Vale combinar texturas, cores, aromas, luz e at\u00e9 aquele objeto querido que s\u00f3 voc\u00ea tem. Com um pouco de carinho e aten\u00e7\u00e3o aos detalhes, qualquer ambiente pode ser transformado em um espa\u00e7o que inspira bem-estar todos os dias.<\/p>\n\n\n\n<p>E a\u00ed, qual dessas ideias de decora\u00e7\u00e3o para bem-estar voc\u00ea vai testar primeiro? Conta aqui nos coment\u00e1rios qual truque faz seu cora\u00e7\u00e3o ficar mais tranquilo dentro de casa! Decora\u00e7\u00e3o para bem-estar! Para mais dicas e inspira\u00e7\u00f5es, acompanhe nosso blog.<\/p>\n\n\n\n<hr class=\"wp-block-separator has-alpha-channel-opacity\"\/>\n\n\n\n<a href=\"https:\/\/1truenote.com\/en\/decoracao-antiga-velho-ou-vintage-segredo-do-estilo\/\" style=\"text-decoration: none;\">\n  <div style=\"display: flex; justify-content: space-between; align-items: center; background: #d44a00; padding: 12px 20px; color: white; font-family: Arial, sans-serif;\">\n    <strong style=\"color: black;\">READ ALSO:<\/strong>\n    <span style=\"margin-left: 8px; flex: 1;\">Velho ou vintage? Descubra o segredo<\/span>\n    <div style=\"background: #f2802f; padding: 8px 12px; border-radius: 2px; margin-left: 10px;\">\n      <span style=\"color: white; font-weight: bold;\">\u27a4<\/span>\n    <\/div>\n  <\/div>\n<\/a>\n\n\n\n\n<hr class=\"wp-block-separator has-alpha-channel-opacity\"\/>\n\n\n\n<h2 id='faq-perguntas-frequentes-sobre-decora\u00e7\u00e3o-para-bem-estar'  class=\"wp-block-heading\">FAQ \u2013 Perguntas frequentes sobre decora\u00e7\u00e3o para bem-estar<\/h2>\n\n\n<div id=\"rank-math-faq\" class=\"rank-math-block\">\n<div class=\"rank-math-list\">\n<div id=\"faq-question-1751895391448\" class=\"rank-math-list-item\">\n<h3 id='preciso-reformar-tudo-para-criar-um-ambiente-calmo'  class=\"rank-math-question\">Preciso reformar tudo para criar um ambiente calmo?<\/h3>\n<div class=\"rank-math-answer\">\n\n<p>N\u00e3o! Pequenas mudan\u00e7as j\u00e1 fazem uma grande diferen\u00e7a. Aposte em cores suaves, tecidos naturais e uma boa organiza\u00e7\u00e3o.<\/p>\n\n<\/div>\n<\/div>\n<div id=\"faq-question-1751895393036\" class=\"rank-math-list-item\">\n<h3 id='quais-plantas-s\u00e3o-mais-indicadas-para-ambientes-internos'  class=\"rank-math-question\">Quais plantas s\u00e3o mais indicadas para ambientes internos?<\/h3>\n<div class=\"rank-math-answer\">\n\n<p>Jiboia, zamioculca, espada-de-s\u00e3o-jorge e l\u00edrio da paz s\u00e3o resistentes e f\u00e1ceis de cuidar.<\/p>\n\n<\/div>\n<\/div>\n<div id=\"faq-question-1751895393586\" class=\"rank-math-list-item\">\n<h3 id='como-escolher-a-ilumina\u00e7\u00e3o-ideal-para-relaxar'  class=\"rank-math-question\">Como escolher a ilumina\u00e7\u00e3o ideal para relaxar?<\/h3>\n<div class=\"rank-math-answer\">\n\n<p>Prefira luz amarela e difusa. Lumin\u00e1rias com dimmer tamb\u00e9m ajudam a regular a intensidade conforme o momento.<\/p>\n\n<\/div>\n<\/div>\n<\/div>\n<\/div>\n\n\n<figure class=\"wp-block-image aligncenter size-large\"><img data-recalc-dims=\"1\" decoding=\"async\" width=\"1024\" height=\"683\" src=\"https:\/\/i0.wp.com\/1truenote.com\/wp-content\/uploads\/2025\/07\/ChatGPT-Image-7-de-jul.-de-2025-10_46_21.png?resize=1024%2C683&#038;ssl=1\" alt=\"decora\u00e7\u00e3o para bem-estar\" class=\"wp-image-3593\" srcset=\"https:\/\/i0.wp.com\/1truenote.com\/wp-content\/uploads\/2025\/07\/ChatGPT-Image-7-de-jul.-de-2025-10_46_21.png?resize=1024%2C683&amp;ssl=1 1024w, https:\/\/i0.wp.com\/1truenote.com\/wp-content\/uploads\/2025\/07\/ChatGPT-Image-7-de-jul.-de-2025-10_46_21.png?resize=300%2C200&amp;ssl=1 300w, https:\/\/i0.wp.com\/1truenote.com\/wp-content\/uploads\/2025\/07\/ChatGPT-Image-7-de-jul.-de-2025-10_46_21.png?resize=768%2C512&amp;ssl=1 768w, https:\/\/i0.wp.com\/1truenote.com\/wp-content\/uploads\/2025\/07\/ChatGPT-Image-7-de-jul.-de-2025-10_46_21.png?resize=150%2C100&amp;ssl=1 150w, https:\/\/i0.wp.com\/1truenote.com\/wp-content\/uploads\/2025\/07\/ChatGPT-Image-7-de-jul.-de-2025-10_46_21.png?w=1536&amp;ssl=1 1536w\" sizes=\"(max-width: 1024px) 100vw, 1024px\" \/><\/figure>","protected":false},"excerpt":{"rendered":"<p>Voc\u00ea j\u00e1 reparou como certos ambientes nos abra\u00e7am s\u00f3 de entrar? N\u00e3o \u00e9 s\u00f3 quest\u00e3o de beleza \u2014 a decora\u00e7\u00e3o&#8230;<\/p>","protected":false},"author":1,"featured_media":3593,"comment_status":"open","ping_status":"open","sticky":false,"template":"","format":"standard","meta":{"_kad_post_transparent":"","_kad_post_title":"","_kad_post_layout":"","_kad_post_sidebar_id":"","_kad_post_content_style":"","_kad_post_vertical_padding":"","_kad_post_feature":"","_kad_post_feature_position":"","_kad_post_header":false,"_kad_post_footer":false,"_kad_post_classname":"","footnotes":"","jetpack_publicize_message":"Voc\u00ea j\u00e1 reparou como certos ambientes nos abra\u00e7am s\u00f3 de entrar? N\u00e3o \u00e9 s\u00f3 quest\u00e3o de beleza \u2014 a decora\u00e7\u00e3o influencia (e muito!) o nosso humor, o sono e at\u00e9 a disposi\u00e7\u00e3o do dia a dia. Quando pensamos em decora\u00e7\u00e3o para bem-estar, a ideia vai muito al\u00e9m do visual: trata-se de criar ambientes que promovem calma, relaxamento e uma sensa\u00e7\u00e3o gostosa de acolhimento em cada detalhe.\n\n#carvalhoconsultoriabrasil #truenote #decor #decoracao #sala #estar #bemestar #suave #aconchegante","jetpack_publicize_feature_enabled":true,"jetpack_social_post_already_shared":true,"jetpack_social_options":{"image_generator_settings":{"template":"highway","default_image_id":0,"enabled":false},"version":2}},"categories":[16],"tags":[13,14],"class_list":["post-3592","post","type-post","status-publish","format-standard","has-post-thumbnail","hentry","category-casa-e-jardim","tag-minimalista","tag-interiores-inovadores"],"jetpack_publicize_connections":[],"jetpack_featured_media_url":"https:\/\/i0.wp.com\/1truenote.com\/wp-content\/uploads\/2025\/07\/ChatGPT-Image-7-de-jul.-de-2025-10_46_21.png?fit=1536%2C1024&ssl=1","jetpack_sharing_enabled":true,"_links":{"self":[{"href":"https:\/\/1truenote.com\/en\/wp-json\/wp\/v2\/posts\/3592","targetHints":{"allow":["GET"]}}],"collection":[{"href":"https:\/\/1truenote.com\/en\/wp-json\/wp\/v2\/posts"}],"about":[{"href":"https:\/\/1truenote.com\/en\/wp-json\/wp\/v2\/types\/post"}],"author":[{"embeddable":true,"href":"https:\/\/1truenote.com\/en\/wp-json\/wp\/v2\/users\/1"}],"replies":[{"embeddable":true,"href":"https:\/\/1truenote.com\/en\/wp-json\/wp\/v2\/comments?post=3592"}],"version-history":[{"count":1,"href":"https:\/\/1truenote.com\/en\/wp-json\/wp\/v2\/posts\/3592\/revisions"}],"predecessor-version":[{"id":3594,"href":"https:\/\/1truenote.com\/en\/wp-json\/wp\/v2\/posts\/3592\/revisions\/3594"}],"wp:featuredmedia":[{"embeddable":true,"href":"https:\/\/1truenote.com\/en\/wp-json\/wp\/v2\/media\/3593"}],"wp:attachment":[{"href":"https:\/\/1truenote.com\/en\/wp-json\/wp\/v2\/media?parent=3592"}],"wp:term":[{"taxonomy":"category","embeddable":true,"href":"https:\/\/1truenote.com\/en\/wp-json\/wp\/v2\/categories?post=3592"},{"taxonomy":"post_tag","embeddable":true,"href":"https:\/\/1truenote.com\/en\/wp-json\/wp\/v2\/tags?post=3592"}],"curies":[{"name":"wp","href":"https:\/\/api.w.org\/{rel}","templated":true}]}}