{"id":3487,"date":"2025-07-03T14:00:00","date_gmt":"2025-07-03T17:00:00","guid":{"rendered":"https:\/\/1truenote.com\/?p=3487"},"modified":"2025-07-03T11:23:36","modified_gmt":"2025-07-03T14:23:36","slug":"cortinas-para-cada-ambiente","status":"publish","type":"post","link":"https:\/\/1truenote.com\/en\/cortinas-para-cada-ambiente\/","title":{"rendered":"Cortinas para cada ambiente: Como escolher o modelo certo e transformar sua casa"},"content":{"rendered":"<p>Quando o assunto \u00e9 cortinas para cada ambiente, pouca gente percebe o quanto elas podem transformar n\u00e3o s\u00f3 a est\u00e9tica, mas tamb\u00e9m o clima e a sensa\u00e7\u00e3o de conforto dos c\u00f4modos.<\/p>\n\n\n\n<p>Sim, escolher a cortina certa para cada espa\u00e7o faz toda a diferen\u00e7a \u2013 do aconchego no quarto \u00e0 leveza na sala, passando pelo toque funcional nas \u00e1reas de passagem. E, se voc\u00ea acha que \u00e9 s\u00f3 escolher um tecido bonito, prepare-se para descobrir detalhes que mudam tudo!<\/p>\n\n\n\n<h2 id='por-que-cortinas-para-cada-ambiente-s\u00e3o-t\u00e3o-importantes'  class=\"wp-block-heading\">Por que cortinas para cada ambiente s\u00e3o t\u00e3o importantes?<\/h2>\n\n\n\n<p>Cortinas para cada ambiente v\u00e3o muito al\u00e9m da fun\u00e7\u00e3o de bloquear a luz. Elas contribuem para a privacidade, ajudam a controlar a temperatura, e podem at\u00e9 ser o ponto alto da decora\u00e7\u00e3o.<\/p>\n\n\n\n<p>No quarto, por exemplo, as cortinas bloqueiam a claridade e tornam o espa\u00e7o mais relaxante. J\u00e1 na sala, elas criam um visual sofisticado e acolhedor. Sabe aquele clima gostoso de casa arrumada? Grande parte desse efeito \u00e9 m\u00e9rito das cortinas.<\/p>\n\n\n\n<hr class=\"wp-block-separator has-alpha-channel-opacity\"\/>\n\n\n\n<h2 id='tipos-de-cortinas-para-cada-ambiente-e-seus-efeitos'  class=\"wp-block-heading\">Tipos de cortinas para cada ambiente e seus efeitos<\/h2>\n\n\n\n<p>Cortinas para cada ambiente exigem escolhas diferentes de acordo com o uso. Existem modelos leves e flu\u00eddos, ideais para salas e varandas, e op\u00e7\u00f5es blackout, perfeitas para dormit\u00f3rios.<\/p>\n\n\n\n<p>J\u00e1 as cortinas de tecido transl\u00facido ficam incr\u00edveis em cozinhas ou home offices, pois deixam a luz entrar sem perder a privacidade. Cada material e tipo de prega tamb\u00e9m influencia no resultado \u2013 dos trilhos discretos \u00e0 eleg\u00e2ncia do var\u00e3o aparente.<\/p>\n\n\n\n<ul class=\"wp-block-list\">\n<li><strong>Cortinas blackout:<\/strong> perfeitas para quartos, pois bloqueiam a luz e garantem noites tranquilas.<\/li>\n\n\n\n<li><strong>Voil ou tecido leve:<\/strong> \u00f3timos para salas e ambientes integrados, trazendo suavidade.<\/li>\n\n\n\n<li><strong>Rol\u00f4 ou persianas:<\/strong> indicadas para cozinhas e banheiros por serem pr\u00e1ticas e f\u00e1ceis de limpar.<\/li>\n\n\n\n<li><strong>Cortinas de linho ou misto:<\/strong> funcionam bem em escrit\u00f3rios e espa\u00e7os de leitura, criando um ar sofisticado.<\/li>\n<\/ul>\n\n\n\n<hr class=\"wp-block-separator has-alpha-channel-opacity\"\/>\n\n\n\n<a href=\"https:\/\/1truenote.com\/en\/espelhos-para-ampliar-espacos\/\" style=\"text-decoration: none;\">\n  <div style=\"display: flex; justify-content: space-between; align-items: center; background: #d44a00; padding: 12px 20px; color: white; font-family: Arial, sans-serif;\">\n    <strong style=\"color: black;\">READ ALSO:<\/strong>\n    <span style=\"margin-left: 8px; flex: 1;\">Truques e inspira\u00e7\u00f5es para transformar seu ambiente<\/span>\n    <div style=\"background: #f2802f; padding: 8px 12px; border-radius: 2px; margin-left: 10px;\">\n      <span style=\"color: white; font-weight: bold;\">\u27a4<\/span>\n    <\/div>\n  <\/div>\n<\/a>\n\n\n\n<hr class=\"wp-block-separator has-alpha-channel-opacity\"\/>\n\n\n\n<h2 id='dicas-de-escolha-de-cortinas-para-cada-ambiente'  class=\"wp-block-heading\">Dicas de escolha de cortinas para cada ambiente<\/h2>\n\n\n\n<p>Na hora de escolher cortinas para cada ambiente, pense na praticidade do dia a dia e tamb\u00e9m no estilo que quer transmitir. Quartos pedem tecidos mais pesados ou dupla camada. Salas aceitam desde tecidos leves at\u00e9 modelos imponentes, como o linho encorpado. Cozinhas e banheiros preferem solu\u00e7\u00f5es mais pr\u00e1ticas, como rol\u00f4s sint\u00e9ticos ou persianas, que n\u00e3o acumulam tanta umidade.<\/p>\n\n\n\n<p><strong>Dicas r\u00e1pidas:<\/strong><\/p>\n\n\n\n<ul class=\"wp-block-list\">\n<li>Tire as medidas do v\u00e3o da janela e sempre considere uma folga nas laterais.<\/li>\n\n\n\n<li>Para efeito de amplitude, instale o var\u00e3o mais alto, pr\u00f3ximo ao teto.<\/li>\n\n\n\n<li>Cores claras ampliam ambientes pequenos; tons escuros trazem aconchego e eleg\u00e2ncia.<\/li>\n<\/ul>\n\n\n\n<figure class=\"wp-block-table\"><table class=\"has-fixed-layout\"><thead><tr><th>Ambiente<\/th><th>Tipo de Cortina<\/th><th>Efeito Principal<\/th><\/tr><\/thead><tbody><tr><td>Quarto<\/td><td>Blackout, tecido duplo<\/td><td>Bloqueia luz, conforto<\/td><\/tr><tr><td>Sala<\/td><td>Voil, linho, prega wave<\/td><td>Acolhimento, leveza<\/td><\/tr><tr><td>Cozinha<\/td><td>Rol\u00f4, persiana<\/td><td>Praticidade, limpeza f\u00e1cil<\/td><\/tr><tr><td>Banheiro<\/td><td>Rol\u00f4, persiana PVC<\/td><td>Resist\u00eancia \u00e0 umidade<\/td><\/tr><tr><td>Escrit\u00f3rio<\/td><td>Linho, rol\u00f4 transl\u00facido<\/td><td>Sofistica\u00e7\u00e3o, luz filtrada<\/td><\/tr><\/tbody><\/table><\/figure>\n\n\n\n<hr class=\"wp-block-separator has-alpha-channel-opacity\"\/>\n\n\n\n<figure class=\"wp-block-image aligncenter size-medium\"><a href=\"https:\/\/chat.whatsapp.com\/KJBkp5LFJVRIvmt5X3hSEh\" target=\"_blank\" rel=\"noopener\"><img data-recalc-dims=\"1\" fetchpriority=\"high\" decoding=\"async\" width=\"200\" height=\"300\" src=\"https:\/\/i0.wp.com\/1truenote.com\/wp-content\/uploads\/2025\/06\/ChatGPT-Image-3-de-jun.-de-2025-19_04_53.png?resize=200%2C300&#038;ssl=1\" alt=\"chamada banner advetorial whats\" class=\"wp-image-2683\" srcset=\"https:\/\/i0.wp.com\/1truenote.com\/wp-content\/uploads\/2025\/06\/ChatGPT-Image-3-de-jun.-de-2025-19_04_53.png?resize=200%2C300&amp;ssl=1 200w, https:\/\/i0.wp.com\/1truenote.com\/wp-content\/uploads\/2025\/06\/ChatGPT-Image-3-de-jun.-de-2025-19_04_53.png?resize=683%2C1024&amp;ssl=1 683w, https:\/\/i0.wp.com\/1truenote.com\/wp-content\/uploads\/2025\/06\/ChatGPT-Image-3-de-jun.-de-2025-19_04_53.png?resize=768%2C1152&amp;ssl=1 768w, https:\/\/i0.wp.com\/1truenote.com\/wp-content\/uploads\/2025\/06\/ChatGPT-Image-3-de-jun.-de-2025-19_04_53.png?resize=150%2C225&amp;ssl=1 150w, https:\/\/i0.wp.com\/1truenote.com\/wp-content\/uploads\/2025\/06\/ChatGPT-Image-3-de-jun.-de-2025-19_04_53.png?w=1024&amp;ssl=1 1024w\" sizes=\"(max-width: 200px) 100vw, 200px\" \/><\/a><\/figure>\n\n\n\n<hr class=\"wp-block-separator has-alpha-channel-opacity\"\/>\n\n\n\n<h2 id='efeito-das-cortinas-para-cada-ambiente-na-decora\u00e7\u00e3o'  class=\"wp-block-heading\">Efeito das cortinas para cada ambiente na decora\u00e7\u00e3o<\/h2>\n\n\n\n<p>O efeito das cortinas para cada ambiente pode ser o toque final de personalidade no seu projeto. Cortinas altas criam a ilus\u00e3o de um p\u00e9-direito maior. Modelos com tecido mais pesado deixam o c\u00f4modo mais elegante, enquanto vers\u00f5es leves e claras garantem frescor. Quer ousar? Misture estampas e texturas! S\u00f3 n\u00e3o se esque\u00e7a: a cortina deve conversar com o restante da decora\u00e7\u00e3o e com a necessidade de luz daquele espa\u00e7o.<\/p>\n\n\n\n<hr class=\"wp-block-separator has-alpha-channel-opacity\"\/>\n\n\n\n<h3 id='v\u00eddeo-recomendado'  class=\"wp-block-heading\">V\u00eddeo recomendado<\/h3>\n\n\n\n<p><a href=\"https:\/\/www.youtube.com\/watch?v=vikFHr3kXv4&amp;pp=ygUWQ29tbyBlc2NvbGhlciBjb3J0aW5hcw%3D%3D\" target=\"_blank\" rel=\"noopener\">Assista aqui: Como escolher cortinas para cada ambiente<\/a><\/p>\n\n\n\n<figure class=\"wp-block-embed aligncenter is-type-video is-provider-youtube wp-block-embed-youtube wp-embed-aspect-16-9 wp-has-aspect-ratio\"><div class=\"wp-block-embed__wrapper\">\n<iframe title=\"N\u00c3O COMPRE CORTINAS ANTES DE VER ESSE V\u00cdDEO\" width=\"720\" height=\"405\" src=\"https:\/\/www.youtube.com\/embed\/vikFHr3kXv4?feature=oembed\" frameborder=\"0\" allow=\"accelerometer; autoplay; clipboard-write; encrypted-media; gyroscope; picture-in-picture; web-share\" referrerpolicy=\"strict-origin-when-cross-origin\" allowfullscreen><\/iframe>\n<\/div><\/figure>\n\n\n\n<hr class=\"wp-block-separator has-alpha-channel-opacity\"\/>\n\n\n\n<h2 id='cortinas-para-cada-ambiente'  class=\"wp-block-heading\">Cortinas para cada ambiente<\/h2>\n\n\n\n<p>Viu s\u00f3 como cortinas para cada ambiente s\u00e3o muito mais do que um detalhe? Elas mudam a luminosidade, ajudam na ac\u00fastica, trazem aquela sensa\u00e7\u00e3o de lar e ainda complementam a decora\u00e7\u00e3o.<\/p>\n\n\n\n<p>N\u00e3o tenha medo de testar combina\u00e7\u00f5es, misturar estilos ou trocar as cortinas para ver como cada ambiente pode ganhar vida nova. Se bateu a d\u00favida sobre qual escolher, salve esse post e volte sempre que precisar! E aproveite para compartilhar as fotos da sua casa depois de transformar os ambientes com a cortina perfeita \u2013 aposto que vai se surpreender com o resultado!<\/p>\n\n\n\n<hr class=\"wp-block-separator has-alpha-channel-opacity\"\/>\n\n\n\n<a href=\"https:\/\/1truenote.com\/en\/espelhos-para-ampliar-espacos\/\" style=\"text-decoration: none;\">\n  <div style=\"display: flex; justify-content: space-between; align-items: center; background: #d44a00; padding: 12px 20px; color: white; font-family: Arial, sans-serif;\">\n    <strong style=\"color: black;\">READ ALSO:<\/strong>\n    <span style=\"margin-left: 8px; flex: 1;\">Truques e inspira\u00e7\u00f5es para transformar seu ambiente<\/span>\n    <div style=\"background: #f2802f; padding: 8px 12px; border-radius: 2px; margin-left: 10px;\">\n      <span style=\"color: white; font-weight: bold;\">\u27a4<\/span>\n    <\/div>\n  <\/div>\n<\/a>\n\n\n\n\n<hr class=\"wp-block-separator has-alpha-channel-opacity\"\/>\n\n\n\n<h2 id='faq-principais-d\u00favidas-sobre-cortinas'  class=\"wp-block-heading\">FAQ \u2013 Principais d\u00favidas sobre cortinas<\/h2>\n\n\n<div id=\"rank-math-faq\" class=\"rank-math-block\">\n<div class=\"rank-math-list\">\n<div id=\"faq-question-1751551866791\" class=\"rank-math-list-item\">\n<h3 id='cortina-clara-ou-escura-qual-\u00e9-melhor'  class=\"rank-math-question\">Cortina clara ou escura, qual \u00e9 melhor?<\/h3>\n<div class=\"rank-math-answer\">\n\n<p>Cores claras deixam o ambiente leve e ajudam a ampliar espa\u00e7os pequenos. Tons escuros trazem aconchego e eleg\u00e2ncia, mas podem \u201cpesar\u201d em ambientes compactos.<\/p>\n\n<\/div>\n<\/div>\n<div id=\"faq-question-1751551868750\" class=\"rank-math-list-item\">\n<h3 id='posso-usar-cortina-na-cozinha'  class=\"rank-math-question\">Posso usar cortina na cozinha?<\/h3>\n<div class=\"rank-math-answer\">\n\n<p>Pode sim! S\u00f3 prefira tecidos que n\u00e3o absorvam gordura e que sejam f\u00e1ceis de lavar, como as persianas de PVC ou alum\u00ednio.<\/p>\n\n<\/div>\n<\/div>\n<div id=\"faq-question-1751551869376\" class=\"rank-math-list-item\">\n<h3 id='como-limpar-cortinas'  class=\"rank-math-question\">Como limpar cortinas?<\/h3>\n<div class=\"rank-math-answer\">\n\n<p>A maioria pode ser lavada em casa, mas leia a etiqueta. Persianas devem ser limpas com pano \u00famido.<\/p>\n\n<\/div>\n<\/div>\n<div id=\"faq-question-1751551890032\" class=\"rank-math-list-item\">\n<h3 id='cortina-longa-ou-curta'  class=\"rank-math-question\">Cortina longa ou curta?<\/h3>\n<div class=\"rank-math-answer\">\n\n<p>As longas, at\u00e9 o ch\u00e3o, valorizam a decora\u00e7\u00e3o e deixam o ambiente mais sofisticado.<\/p>\n\n<\/div>\n<\/div>\n<\/div>\n<\/div>\n\n\n<figure class=\"wp-block-image aligncenter size-large\"><img data-recalc-dims=\"1\" decoding=\"async\" width=\"1024\" height=\"683\" src=\"https:\/\/i0.wp.com\/1truenote.com\/wp-content\/uploads\/2025\/07\/ChatGPT-Image-3-de-jul.-de-2025-11_23_23.png?resize=1024%2C683&#038;ssl=1\" alt=\"cortinas para cada ambiente\" class=\"wp-image-3489\" srcset=\"https:\/\/i0.wp.com\/1truenote.com\/wp-content\/uploads\/2025\/07\/ChatGPT-Image-3-de-jul.-de-2025-11_23_23.png?resize=1024%2C683&amp;ssl=1 1024w, https:\/\/i0.wp.com\/1truenote.com\/wp-content\/uploads\/2025\/07\/ChatGPT-Image-3-de-jul.-de-2025-11_23_23.png?resize=300%2C200&amp;ssl=1 300w, https:\/\/i0.wp.com\/1truenote.com\/wp-content\/uploads\/2025\/07\/ChatGPT-Image-3-de-jul.-de-2025-11_23_23.png?resize=768%2C512&amp;ssl=1 768w, https:\/\/i0.wp.com\/1truenote.com\/wp-content\/uploads\/2025\/07\/ChatGPT-Image-3-de-jul.-de-2025-11_23_23.png?resize=150%2C100&amp;ssl=1 150w, https:\/\/i0.wp.com\/1truenote.com\/wp-content\/uploads\/2025\/07\/ChatGPT-Image-3-de-jul.-de-2025-11_23_23.png?w=1536&amp;ssl=1 1536w\" sizes=\"(max-width: 1024px) 100vw, 1024px\" \/><\/figure>","protected":false},"excerpt":{"rendered":"<p>Quando o assunto \u00e9 cortinas para cada ambiente, pouca gente percebe o quanto elas podem transformar n\u00e3o s\u00f3 a est\u00e9tica,&#8230;<\/p>","protected":false},"author":1,"featured_media":3489,"comment_status":"open","ping_status":"open","sticky":false,"template":"","format":"standard","meta":{"_kad_post_transparent":"","_kad_post_title":"","_kad_post_layout":"","_kad_post_sidebar_id":"","_kad_post_content_style":"","_kad_post_vertical_padding":"","_kad_post_feature":"","_kad_post_feature_position":"","_kad_post_header":false,"_kad_post_footer":false,"_kad_post_classname":"","footnotes":"","jetpack_publicize_message":"Quando o assunto \u00e9 cortinas para cada ambiente, pouca gente percebe o quanto elas podem transformar n\u00e3o s\u00f3 a est\u00e9tica, mas tamb\u00e9m o clima e a sensa\u00e7\u00e3o de conforto dos c\u00f4modos.\n\n#carvalhoconsultoriabrasil #truenote #decor #decoracao #cortina #cortinas #ambiente #estetica","jetpack_publicize_feature_enabled":true,"jetpack_social_post_already_shared":true,"jetpack_social_options":{"image_generator_settings":{"template":"highway","default_image_id":0,"enabled":false},"version":2}},"categories":[16],"tags":[],"class_list":["post-3487","post","type-post","status-publish","format-standard","has-post-thumbnail","hentry","category-casa-e-jardim"],"jetpack_publicize_connections":[],"jetpack_featured_media_url":"https:\/\/i0.wp.com\/1truenote.com\/wp-content\/uploads\/2025\/07\/ChatGPT-Image-3-de-jul.-de-2025-11_23_23.png?fit=1536%2C1024&ssl=1","jetpack_sharing_enabled":true,"_links":{"self":[{"href":"https:\/\/1truenote.com\/en\/wp-json\/wp\/v2\/posts\/3487","targetHints":{"allow":["GET"]}}],"collection":[{"href":"https:\/\/1truenote.com\/en\/wp-json\/wp\/v2\/posts"}],"about":[{"href":"https:\/\/1truenote.com\/en\/wp-json\/wp\/v2\/types\/post"}],"author":[{"embeddable":true,"href":"https:\/\/1truenote.com\/en\/wp-json\/wp\/v2\/users\/1"}],"replies":[{"embeddable":true,"href":"https:\/\/1truenote.com\/en\/wp-json\/wp\/v2\/comments?post=3487"}],"version-history":[{"count":1,"href":"https:\/\/1truenote.com\/en\/wp-json\/wp\/v2\/posts\/3487\/revisions"}],"predecessor-version":[{"id":3490,"href":"https:\/\/1truenote.com\/en\/wp-json\/wp\/v2\/posts\/3487\/revisions\/3490"}],"wp:featuredmedia":[{"embeddable":true,"href":"https:\/\/1truenote.com\/en\/wp-json\/wp\/v2\/media\/3489"}],"wp:attachment":[{"href":"https:\/\/1truenote.com\/en\/wp-json\/wp\/v2\/media?parent=3487"}],"wp:term":[{"taxonomy":"category","embeddable":true,"href":"https:\/\/1truenote.com\/en\/wp-json\/wp\/v2\/categories?post=3487"},{"taxonomy":"post_tag","embeddable":true,"href":"https:\/\/1truenote.com\/en\/wp-json\/wp\/v2\/tags?post=3487"}],"curies":[{"name":"wp","href":"https:\/\/api.w.org\/{rel}","templated":true}]}}