{"id":3483,"date":"2025-07-03T12:00:00","date_gmt":"2025-07-03T15:00:00","guid":{"rendered":"https:\/\/1truenote.com\/?p=3483"},"modified":"2025-09-27T17:40:31","modified_gmt":"2025-09-27T20:40:31","slug":"moveis-que-voce-mesmo-reforma","status":"publish","type":"post","link":"https:\/\/1truenote.com\/en\/moveis-que-voce-mesmo-reforma\/","title":{"rendered":"M\u00f3veis que voc\u00ea mesmo reforma: Como transformar pe\u00e7as antigas com DIY e criatividade"},"content":{"rendered":"<p><strong>M\u00f3veis que voc\u00ea mesmo reforma<\/strong>. Sabe aquele m\u00f3vel que est\u00e1 meio sem gra\u00e7a a\u00ed na sua casa? Aquela c\u00f4moda esquecida no canto ou um criado-mudo \u201csem sal\u201d? Calma, n\u00e3o precisa jogar fora nem gastar rios de dinheiro! Com um pouquinho de criatividade e algumas dicas de DIY, d\u00e1 para transformar qualquer pe\u00e7a em um verdadeiro destaque da decora\u00e7\u00e3o \u2013 e ainda criar algo totalmente com a sua cara.<\/p>\n\n\n\n<p>Se voc\u00ea sempre quis dar um toque mais pessoal para os m\u00f3veis, mas n\u00e3o sabia por onde come\u00e7ar, chegou no post certo! Vem descobrir como fazer m\u00f3veis que voc\u00ea mesmo reforma e mude o astral da sua casa, gastando pouco e se divertindo no processo.<\/p>\n\n\n\n<hr class=\"wp-block-separator has-alpha-channel-opacity\"\/>\n\n\n\n<h2 id='por-que-apostar-em-m\u00f3veis-que-voc\u00ea-mesmo-reforma'  class=\"wp-block-heading\">Por que apostar em m\u00f3veis que voc\u00ea mesmo reforma?<\/h2>\n\n\n\n<p>Logo de cara, j\u00e1 vou te contar: m\u00f3veis reformados t\u00eam alma! Ao inv\u00e9s de seguir o padr\u00e3o das lojas, voc\u00ea pode colocar sua personalidade, escolher as cores e estampas que mais gosta e deixar tudo do jeitinho que sempre sonhou.<\/p>\n\n\n\n<p>E n\u00e3o para por a\u00ed:<\/p>\n\n\n\n<ul class=\"wp-block-list\">\n<li><strong>Economia real:<\/strong> reformar um m\u00f3vel \u00e9 muito mais barato do que comprar um novo.<\/li>\n\n\n\n<li><strong>Sustentabilidade:<\/strong> voc\u00ea reutiliza o que j\u00e1 tem, evitando o desperd\u00edcio e ajudando o meio ambiente.<\/li>\n\n\n\n<li><strong>Decora\u00e7\u00e3o exclusiva:<\/strong> ningu\u00e9m vai ter um igual ao seu. Isso faz toda diferen\u00e7a, n\u00e9?<\/li>\n<\/ul>\n\n\n\n<hr class=\"wp-block-separator has-alpha-channel-opacity\"\/>\n\n\n\n<h2 id='dicas-pr\u00e1ticas-para-come\u00e7ar-a-sua-reforma-diy'  class=\"wp-block-heading\">Dicas pr\u00e1ticas para come\u00e7ar a sua reforma DIY<\/h2>\n\n\n\n<p>Quando falamos em m\u00f3veis que voc\u00ea mesmo reforma, o segredo \u00e9 n\u00e3o ter medo de colocar a m\u00e3o na massa! D\u00e1 s\u00f3 uma olhada em algumas ideias f\u00e1ceis de aplicar:<\/p>\n\n\n\n<h3 id='1-pintura-criativa'  class=\"wp-block-heading\">1. Pintura criativa<\/h3>\n\n\n\n<p>Escolha uma tinta espec\u00edfica para madeira ou metal, lixe o m\u00f3vel para tirar o verniz antigo e solte a imagina\u00e7\u00e3o. Tons vibrantes, desenhos geom\u00e9tricos, degrad\u00ea, ou at\u00e9 aquela cl\u00e1ssica pintura retr\u00f4\u2026 vale tudo!<\/p>\n\n\n\n<h3 id='2-papel-adesivo-e-contact'  class=\"wp-block-heading\">2. Papel adesivo e contact<\/h3>\n\n\n\n<p>Se voc\u00ea quer renovar r\u00e1pido e sem sujeira, os pap\u00e9is adesivos s\u00e3o perfeitos. Hoje em dia, existem infinitos modelos: Estampas florais, listras, texturas que imitam m\u00e1rmore, madeira, cimento queimado e por a\u00ed vai.<\/p>\n\n\n\n<hr class=\"wp-block-separator has-alpha-channel-opacity\"\/>\n\n\n\n<figure class=\"wp-block-image aligncenter size-medium\"><a href=\"https:\/\/chat.whatsapp.com\/KJBkp5LFJVRIvmt5X3hSEh\" target=\"_blank\" rel=\"noopener\"><img data-recalc-dims=\"1\" fetchpriority=\"high\" decoding=\"async\" width=\"200\" height=\"300\" src=\"https:\/\/i0.wp.com\/1truenote.com\/wp-content\/uploads\/2025\/06\/ChatGPT-Image-3-de-jun.-de-2025-19_04_53.png?resize=200%2C300&#038;ssl=1\" alt=\"chamada banner advetorial whats\" class=\"wp-image-2683\" srcset=\"https:\/\/i0.wp.com\/1truenote.com\/wp-content\/uploads\/2025\/06\/ChatGPT-Image-3-de-jun.-de-2025-19_04_53.png?resize=200%2C300&amp;ssl=1 200w, https:\/\/i0.wp.com\/1truenote.com\/wp-content\/uploads\/2025\/06\/ChatGPT-Image-3-de-jun.-de-2025-19_04_53.png?resize=683%2C1024&amp;ssl=1 683w, https:\/\/i0.wp.com\/1truenote.com\/wp-content\/uploads\/2025\/06\/ChatGPT-Image-3-de-jun.-de-2025-19_04_53.png?resize=768%2C1152&amp;ssl=1 768w, https:\/\/i0.wp.com\/1truenote.com\/wp-content\/uploads\/2025\/06\/ChatGPT-Image-3-de-jun.-de-2025-19_04_53.png?resize=150%2C225&amp;ssl=1 150w, https:\/\/i0.wp.com\/1truenote.com\/wp-content\/uploads\/2025\/06\/ChatGPT-Image-3-de-jun.-de-2025-19_04_53.png?w=1024&amp;ssl=1 1024w\" sizes=\"(max-width: 200px) 100vw, 200px\" \/><\/a><\/figure>\n\n\n\n<hr class=\"wp-block-separator has-alpha-channel-opacity\"\/>\n\n\n\n<h3 id='3-troca-de-puxadores'  class=\"wp-block-heading\">3. Troca de puxadores<\/h3>\n\n\n\n<p>Parece simples, mas s\u00f3 de trocar os puxadores das gavetas, o m\u00f3vel j\u00e1 ganha outra cara! Tem op\u00e7\u00f5es vintage, minimalistas, coloridas ou feitas \u00e0 m\u00e3o.<\/p>\n\n\n\n<h3 id='4-aplica\u00e7\u00e3o-de-tecidos'  class=\"wp-block-heading\">4. Aplica\u00e7\u00e3o de tecidos<\/h3>\n\n\n\n<p>Tecidos adesivos ou colados com cola branca transformam portas e gavetas. Voc\u00ea pode fazer composi\u00e7\u00f5es com retalhos, criar um patchwork estiloso ou apostar em um tecido estampado para alegrar o ambiente.<\/p>\n\n\n\n<h3 id='5-decoupage-e-stencil'  class=\"wp-block-heading\">5. Decoupage e stencil<\/h3>\n\n\n\n<p>Usando guardanapos decorativos ou pap\u00e9is especiais, d\u00e1 para fazer decoupage e deixar superf\u00edcies cheias de detalhes \u00fanicos. O stencil tamb\u00e9m \u00e9 pr\u00e1tico para criar desenhos com tinta, mesmo para quem n\u00e3o tem muita habilidade.<\/p>\n\n\n\n<hr class=\"wp-block-separator has-alpha-channel-opacity\"\/>\n\n\n\n<a href=\"https:\/\/1truenote.com\/en\/iluminacao-de-ambientes-dicas\/\" style=\"text-decoration: none;\">\n  <div style=\"display: flex; justify-content: space-between; align-items: center; background: #d44a00; padding: 12px 20px; color: white; font-family: Arial, sans-serif;\">\n    <strong style=\"color: black;\">READ ALSO:<\/strong>\n    <span style=\"margin-left: 8px; flex: 1;\">Truques e ideias para transformar sua casa com luz<\/span>\n    <div style=\"background: #f2802f; padding: 8px 12px; border-radius: 2px; margin-left: 10px;\">\n      <span style=\"color: white; font-weight: bold;\">\u27a4<\/span>\n    <\/div>\n  <\/div>\n<\/a>\n\n\n\n<hr class=\"wp-block-separator has-alpha-channel-opacity\"\/>\n\n\n\n<h2 id='tabela-materiais-f\u00e1ceis-para-reformar-m\u00f3veis'  class=\"wp-block-heading\">Tabela: Materiais f\u00e1ceis para reformar m\u00f3veis<\/h2>\n\n\n\n<figure class=\"wp-block-table\"><table class=\"has-fixed-layout\"><thead><tr><th>Material<\/th><th>Vantagem principal<\/th><th>Dificuldade de aplica\u00e7\u00e3o<\/th><\/tr><\/thead><tbody><tr><td>Tinta acr\u00edlica<\/td><td>Seca r\u00e1pido, v\u00e1rias cores<\/td><td>F\u00e1cil<\/td><\/tr><tr><td>Papel contact<\/td><td>Barato, mil estampas<\/td><td>Muito f\u00e1cil<\/td><\/tr><tr><td>Puxadores novos<\/td><td>Troca r\u00e1pida, efeito top<\/td><td>Muito f\u00e1cil<\/td><\/tr><tr><td>Tecido<\/td><td>D\u00e1 textura e cor<\/td><td>M\u00e9dio<\/td><\/tr><tr><td>Spray met\u00e1lico<\/td><td>Brilho instant\u00e2neo<\/td><td>F\u00e1cil<\/td><\/tr><\/tbody><\/table><\/figure>\n\n\n\n<hr class=\"wp-block-separator has-alpha-channel-opacity\"\/>\n\n\n\n<h2 id='dica-b\u00f4nus-cuidados-antes-de-reformar'  class=\"wp-block-heading\">Dica b\u00f4nus: Cuidados antes de reformar<\/h2>\n\n\n\n<ul class=\"wp-block-list\">\n<li><strong>Limpe bem o m\u00f3vel<\/strong> antes de come\u00e7ar, tirando poeira e gordura.<\/li>\n\n\n\n<li><strong>Lixe a superf\u00edcie<\/strong> para garantir boa ader\u00eancia da tinta ou do adesivo.<\/li>\n\n\n\n<li><strong>Proteja as \u00e1reas<\/strong> que n\u00e3o ser\u00e3o pintadas\/coladas com fita crepe.<\/li>\n\n\n\n<li><strong>Tenha paci\u00eancia:<\/strong> espere o tempo de secagem entre as camadas.<\/li>\n<\/ul>\n\n\n\n<hr class=\"wp-block-separator has-alpha-channel-opacity\"\/>\n\n\n\n<h2 id='inspira\u00e7\u00e3o-em-v\u00eddeo-para-diy'  class=\"wp-block-heading\">Inspira\u00e7\u00e3o em v\u00eddeo para DIY<\/h2>\n\n\n\n<p><a href=\"https:\/\/www.youtube.com\/shorts\/dbJuW1OLfVI\" data-type=\"link\" data-id=\"https:\/\/www.youtube.com\/shorts\/dbJuW1OLfVI\" target=\"_blank\" rel=\"noopener\">Assista aqui: Como transformar uma c\u00f4moda antiga com DIY \u2013 passo a passo<\/a><\/p>\n\n\n\n<figure class=\"wp-block-embed aligncenter is-type-video is-provider-youtube wp-block-embed-youtube wp-embed-aspect-16-9 wp-has-aspect-ratio\"><div class=\"wp-block-embed__wrapper\">\n<iframe title=\"Como restaurar c\u00f4moda antiga! Fica LINDA!!! #restaura\u00e7\u00e3o\" width=\"720\" height=\"405\" src=\"https:\/\/www.youtube.com\/embed\/dbJuW1OLfVI?feature=oembed\" frameborder=\"0\" allow=\"accelerometer; autoplay; clipboard-write; encrypted-media; gyroscope; picture-in-picture; web-share\" referrerpolicy=\"strict-origin-when-cross-origin\" allowfullscreen><\/iframe>\n<\/div><\/figure>\n\n\n\n<hr class=\"wp-block-separator has-alpha-channel-opacity\"\/>\n\n\n\n<h2 id='m\u00f3veis-que-voc\u00ea-mesmo-reforma'  class=\"wp-block-heading\">M\u00f3veis que voc\u00ea mesmo reforma<\/h2>\n\n\n\n<p>Quando a gente reforma um m\u00f3vel, n\u00e3o est\u00e1 s\u00f3 economizando: Est\u00e1 resgatando mem\u00f3rias, praticando o desapego do padr\u00e3o e exercitando a criatividade. M\u00f3veis que voc\u00ea mesmo reforma t\u00eam aquele charme imperfeito, que conta uma hist\u00f3ria e faz a casa ficar ainda mais acolhedora. Ent\u00e3o, bora perder o medo, abrir a mente e come\u00e7ar o seu projeto hoje mesmo!<\/p>\n\n\n\n<p>Curtiu m\u00f3veis que voc\u00ea mesmo reforma? Se j\u00e1 fez alguma transforma\u00e7\u00e3o por a\u00ed, conta nos coment\u00e1rios ou compartilha uma foto. Aposto que vai inspirar muita gente a olhar para aquela pe\u00e7a \u201csem gra\u00e7a\u201d com outros olhos. E se tiver d\u00favidas, pode perguntar! \ud83d\ude09<\/p>\n\n\n\n<hr class=\"wp-block-separator has-alpha-channel-opacity\"\/>\n\n\n\n<a href=\"https:\/\/1truenote.com\/en\/iluminacao-de-ambientes-dicas\/\" style=\"text-decoration: none;\">\n  <div style=\"display: flex; justify-content: space-between; align-items: center; background: #d44a00; padding: 12px 20px; color: white; font-family: Arial, sans-serif;\">\n    <strong style=\"color: black;\">READ ALSO:<\/strong>\n    <span style=\"margin-left: 8px; flex: 1;\">Truques e ideias para transformar sua casa com luz<\/span>\n    <div style=\"background: #f2802f; padding: 8px 12px; border-radius: 2px; margin-left: 10px;\">\n      <span style=\"color: white; font-weight: bold;\">\u27a4<\/span>\n    <\/div>\n  <\/div>\n<\/a>\n\n\n\n\n<hr class=\"wp-block-separator has-alpha-channel-opacity\"\/>\n\n\n\n<h2 id='faq-d\u00favidas-sobre-m\u00f3veis-que-voc\u00ea-mesmo-reforma'  class=\"wp-block-heading\">FAQ: D\u00favidas sobre m\u00f3veis que voc\u00ea mesmo reforma<\/h2>\n\n\n<div id=\"rank-math-faq\" class=\"rank-math-block\">\n<div class=\"rank-math-list\">\n<div id=\"faq-question-1751550990931\" class=\"rank-math-list-item\">\n<h3 id='qualquer-m\u00f3vel-pode-ser-reformado'  class=\"rank-math-question\">Qualquer m\u00f3vel pode ser reformado?<\/h3>\n<div class=\"rank-math-answer\">\n\n<p>Quase todos! S\u00f3 \u00e9 preciso analisar se a estrutura est\u00e1 firme. Se estiver, vale arriscar.<\/p>\n\n<\/div>\n<\/div>\n<div id=\"faq-question-1751550991909\" class=\"rank-math-list-item\">\n<h3 id='tinta-acr\u00edlica-serve-para-m\u00f3veis-de-mdf'  class=\"rank-math-question\">Tinta acr\u00edlica serve para m\u00f3veis de MDF?<\/h3>\n<div class=\"rank-math-answer\">\n\n<p>Serve sim! Basta preparar a superf\u00edcie com primer antes de pintar.<\/p>\n\n<\/div>\n<\/div>\n<div id=\"faq-question-1751550992459\" class=\"rank-math-list-item\">\n<h3 id='quanto-tempo-dura-uma-reforma-diy'  class=\"rank-math-question\">Quanto tempo dura uma reforma DIY?<\/h3>\n<div class=\"rank-math-answer\">\n\n<p>Depende do projeto, mas em geral, em um final de semana j\u00e1 d\u00e1 para finalizar!<\/p>\n\n<\/div>\n<\/div>\n<\/div>\n<\/div>\n\n\n<figure class=\"wp-block-image aligncenter size-large\"><img data-recalc-dims=\"1\" decoding=\"async\" width=\"1024\" height=\"683\" src=\"https:\/\/i0.wp.com\/1truenote.com\/wp-content\/uploads\/2025\/07\/ChatGPT-Image-3-de-jul.-de-2025-11_05_18.png?resize=1024%2C683&#038;ssl=1\" alt=\"m\u00f3veis que voc\u00ea mesmo reforma\" class=\"wp-image-3485\" srcset=\"https:\/\/i0.wp.com\/1truenote.com\/wp-content\/uploads\/2025\/07\/ChatGPT-Image-3-de-jul.-de-2025-11_05_18.png?resize=1024%2C683&amp;ssl=1 1024w, https:\/\/i0.wp.com\/1truenote.com\/wp-content\/uploads\/2025\/07\/ChatGPT-Image-3-de-jul.-de-2025-11_05_18.png?resize=300%2C200&amp;ssl=1 300w, https:\/\/i0.wp.com\/1truenote.com\/wp-content\/uploads\/2025\/07\/ChatGPT-Image-3-de-jul.-de-2025-11_05_18.png?resize=768%2C512&amp;ssl=1 768w, https:\/\/i0.wp.com\/1truenote.com\/wp-content\/uploads\/2025\/07\/ChatGPT-Image-3-de-jul.-de-2025-11_05_18.png?resize=150%2C100&amp;ssl=1 150w, https:\/\/i0.wp.com\/1truenote.com\/wp-content\/uploads\/2025\/07\/ChatGPT-Image-3-de-jul.-de-2025-11_05_18.png?w=1536&amp;ssl=1 1536w\" sizes=\"(max-width: 1024px) 100vw, 1024px\" \/><\/figure>","protected":false},"excerpt":{"rendered":"<p>M\u00f3veis que voc\u00ea mesmo reforma. Sabe aquele m\u00f3vel que est\u00e1 meio sem gra\u00e7a a\u00ed na sua casa? Aquela c\u00f4moda esquecida&#8230;<\/p>","protected":false},"author":1,"featured_media":3485,"comment_status":"open","ping_status":"open","sticky":false,"template":"","format":"standard","meta":{"_kad_post_transparent":"","_kad_post_title":"","_kad_post_layout":"","_kad_post_sidebar_id":"","_kad_post_content_style":"","_kad_post_vertical_padding":"","_kad_post_feature":"","_kad_post_feature_position":"","_kad_post_header":false,"_kad_post_footer":false,"_kad_post_classname":"","footnotes":"","jetpack_publicize_message":"M\u00f3veis que voc\u00ea mesmo reforma. Sabe aquele m\u00f3vel que est\u00e1 meio sem gra\u00e7a a\u00ed na sua casa? Aquela c\u00f4moda esquecida no canto ou um criado-mudo \u201csem sal\u201d? Calma, n\u00e3o precisa jogar fora nem gastar rios de dinheiro! Com um pouquinho de criatividade e algumas dicas de DIY, d\u00e1 para transformar qualquer pe\u00e7a em um verdadeiro destaque da decora\u00e7\u00e3o \u2013 e ainda criar algo totalmente com a sua cara.\n\n#carvalhoconsultoriabrasil #truenote #decor #decoracao #diy #comoda #reforma #pintura","jetpack_publicize_feature_enabled":true,"jetpack_social_post_already_shared":true,"jetpack_social_options":{"image_generator_settings":{"template":"highway","default_image_id":0,"enabled":false},"version":2}},"categories":[9],"tags":[14,12],"class_list":["post-3483","post","type-post","status-publish","format-standard","has-post-thumbnail","hentry","category-lazer","tag-interiores-inovadores","tag-projetos-inovadores"],"jetpack_publicize_connections":[],"jetpack_featured_media_url":"https:\/\/i0.wp.com\/1truenote.com\/wp-content\/uploads\/2025\/07\/ChatGPT-Image-3-de-jul.-de-2025-11_05_18.png?fit=1536%2C1024&ssl=1","jetpack_sharing_enabled":true,"_links":{"self":[{"href":"https:\/\/1truenote.com\/en\/wp-json\/wp\/v2\/posts\/3483","targetHints":{"allow":["GET"]}}],"collection":[{"href":"https:\/\/1truenote.com\/en\/wp-json\/wp\/v2\/posts"}],"about":[{"href":"https:\/\/1truenote.com\/en\/wp-json\/wp\/v2\/types\/post"}],"author":[{"embeddable":true,"href":"https:\/\/1truenote.com\/en\/wp-json\/wp\/v2\/users\/1"}],"replies":[{"embeddable":true,"href":"https:\/\/1truenote.com\/en\/wp-json\/wp\/v2\/comments?post=3483"}],"version-history":[{"count":1,"href":"https:\/\/1truenote.com\/en\/wp-json\/wp\/v2\/posts\/3483\/revisions"}],"predecessor-version":[{"id":3486,"href":"https:\/\/1truenote.com\/en\/wp-json\/wp\/v2\/posts\/3483\/revisions\/3486"}],"wp:featuredmedia":[{"embeddable":true,"href":"https:\/\/1truenote.com\/en\/wp-json\/wp\/v2\/media\/3485"}],"wp:attachment":[{"href":"https:\/\/1truenote.com\/en\/wp-json\/wp\/v2\/media?parent=3483"}],"wp:term":[{"taxonomy":"category","embeddable":true,"href":"https:\/\/1truenote.com\/en\/wp-json\/wp\/v2\/categories?post=3483"},{"taxonomy":"post_tag","embeddable":true,"href":"https:\/\/1truenote.com\/en\/wp-json\/wp\/v2\/tags?post=3483"}],"curies":[{"name":"wp","href":"https:\/\/api.w.org\/{rel}","templated":true}]}}