{"id":3481,"date":"2025-07-02T18:00:00","date_gmt":"2025-07-02T21:00:00","guid":{"rendered":"https:\/\/1truenote.com\/?p=3481"},"modified":"2025-09-27T17:42:31","modified_gmt":"2025-09-27T20:42:31","slug":"iluminacao-de-ambientes-dicas","status":"publish","type":"post","link":"https:\/\/1truenote.com\/en\/iluminacao-de-ambientes-dicas\/","title":{"rendered":"Ilumina\u00e7\u00e3o de ambientes: Truques e ideias para transformar sua casa com luz"},"content":{"rendered":"<p><strong>Ilumina\u00e7\u00e3o de ambientes<\/strong>. Sabe aquele clima gostoso que a gente sente ao entrar em um ambiente bem iluminado? Pois \u00e9, a ilumina\u00e7\u00e3o faz milagres! Ela muda o humor do espa\u00e7o, valoriza a decora\u00e7\u00e3o e at\u00e9 faz um c\u00f4modo parecer maior.<\/p>\n\n\n\n<p>N\u00e3o precisa de reforma nem de grandes investimentos para sentir essa diferen\u00e7a \u2014 basta entender alguns truques e apostar nas luzes certas para cada situa\u00e7\u00e3o. Se voc\u00ea acha que ilumina\u00e7\u00e3o \u00e9 s\u00f3 acender uma l\u00e2mpada, prepare-se para se surpreender!<\/p>\n\n\n\n<hr class=\"wp-block-separator has-alpha-channel-opacity\"\/>\n\n\n\n<h3 id='por-que-pensar-na-ilumina\u00e7\u00e3o-de-ambientes'  class=\"wp-block-heading\">Por que pensar na ilumina\u00e7\u00e3o de ambientes?<\/h3>\n\n\n\n<p>Quando falamos em <strong>ilumina\u00e7\u00e3o de ambientes<\/strong>, estamos falando de conforto, funcionalidade e beleza. Uma luz bem pensada deixa o lar mais acolhedor, ajuda na concentra\u00e7\u00e3o para trabalhar ou estudar, destaca detalhes da decora\u00e7\u00e3o e pode at\u00e9 deixar tudo mais seguro.<\/p>\n\n\n\n<p>E n\u00e3o precisa de exagero: Basta uma combina\u00e7\u00e3o estrat\u00e9gica de luz geral, luz indireta e pontos de destaque para transformar qualquer espa\u00e7o.<\/p>\n\n\n\n<hr class=\"wp-block-separator has-alpha-channel-opacity\"\/>\n\n\n\n<h3 id='tipos-de-ilumina\u00e7\u00e3o-entenda-cada-um'  class=\"wp-block-heading\">Tipos de ilumina\u00e7\u00e3o: Entenda cada um<\/h3>\n\n\n\n<ul class=\"wp-block-list\">\n<li><strong>Luz geral:<\/strong> \u00c9 aquela que clareia o c\u00f4modo inteiro. Pode ser um plafon, um painel de LED ou at\u00e9 um trilho moderno.<\/li>\n\n\n\n<li><strong>Luz indireta:<\/strong> Super charmosa! Vem de abajures, arandelas, fitas de LED ou lumin\u00e1rias de ch\u00e3o. \u00d3tima para criar clima aconchegante, relaxar ou ver TV.<\/li>\n\n\n\n<li><strong>Luz de destaque:<\/strong> Para valorizar quadros, plantas, objetos ou paredes texturizadas. Spots direcion\u00e1veis s\u00e3o perfeitos para isso.<\/li>\n\n\n\n<li><strong>Luz funcional:<\/strong> Focada em tarefas espec\u00edficas, como cozinhar, maquiar ou estudar. Aqui entram lumin\u00e1rias de mesa, pendentes sobre a bancada e luzes sob arm\u00e1rios.<\/li>\n<\/ul>\n\n\n\n<hr class=\"wp-block-separator has-alpha-channel-opacity\"\/>\n\n\n\n<figure class=\"wp-block-image aligncenter size-medium\"><a href=\"https:\/\/chat.whatsapp.com\/KJBkp5LFJVRIvmt5X3hSEh\" target=\"_blank\" rel=\"noopener\"><img data-recalc-dims=\"1\" fetchpriority=\"high\" decoding=\"async\" width=\"200\" height=\"300\" src=\"https:\/\/i0.wp.com\/1truenote.com\/wp-content\/uploads\/2025\/06\/ChatGPT-Image-3-de-jun.-de-2025-19_04_53.png?resize=200%2C300&#038;ssl=1\" alt=\"chamada banner advetorial whats\" class=\"wp-image-2683\" srcset=\"https:\/\/i0.wp.com\/1truenote.com\/wp-content\/uploads\/2025\/06\/ChatGPT-Image-3-de-jun.-de-2025-19_04_53.png?resize=200%2C300&amp;ssl=1 200w, https:\/\/i0.wp.com\/1truenote.com\/wp-content\/uploads\/2025\/06\/ChatGPT-Image-3-de-jun.-de-2025-19_04_53.png?resize=683%2C1024&amp;ssl=1 683w, https:\/\/i0.wp.com\/1truenote.com\/wp-content\/uploads\/2025\/06\/ChatGPT-Image-3-de-jun.-de-2025-19_04_53.png?resize=768%2C1152&amp;ssl=1 768w, https:\/\/i0.wp.com\/1truenote.com\/wp-content\/uploads\/2025\/06\/ChatGPT-Image-3-de-jun.-de-2025-19_04_53.png?resize=150%2C225&amp;ssl=1 150w, https:\/\/i0.wp.com\/1truenote.com\/wp-content\/uploads\/2025\/06\/ChatGPT-Image-3-de-jun.-de-2025-19_04_53.png?w=1024&amp;ssl=1 1024w\" sizes=\"(max-width: 200px) 100vw, 200px\" \/><\/a><\/figure>\n\n\n\n<hr class=\"wp-block-separator has-alpha-channel-opacity\"\/>\n\n\n\n<h3 id='dicas-para-iluminar-cada-ambiente'  class=\"wp-block-heading\">Dicas para iluminar cada ambiente<\/h3>\n\n\n\n<p>Vamos falar detalhadamente de cada ambiente essencial numa casa, com dicas exclusivas de ilumina\u00e7\u00e3o para cada lugar:<\/p>\n\n\n\n<h4 id='sala-de-estar'  class=\"wp-block-heading\">Sala de estar<\/h4>\n\n\n\n<ul class=\"wp-block-list\">\n<li>Misture luz geral com pontos indiretos (abajures e arandelas).<\/li>\n\n\n\n<li>Invista em um dimmer para variar a intensidade da luz conforme o momento.<\/li>\n\n\n\n<li>Quer um truque? Fitas de LED atr\u00e1s do painel da TV deixam tudo mais moderno e confort\u00e1vel.<\/li>\n<\/ul>\n\n\n\n<figure class=\"wp-block-image aligncenter size-large\"><img data-recalc-dims=\"1\" decoding=\"async\" width=\"1024\" height=\"683\" src=\"https:\/\/i0.wp.com\/1truenote.com\/wp-content\/uploads\/2025\/06\/ChatGPT-Image-30-de-jun.-de-2025-11_33_35.png?resize=1024%2C683&#038;ssl=1\" alt=\"minimalismo acolhedor\" class=\"wp-image-3355\" srcset=\"https:\/\/i0.wp.com\/1truenote.com\/wp-content\/uploads\/2025\/06\/ChatGPT-Image-30-de-jun.-de-2025-11_33_35.png?resize=1024%2C683&amp;ssl=1 1024w, https:\/\/i0.wp.com\/1truenote.com\/wp-content\/uploads\/2025\/06\/ChatGPT-Image-30-de-jun.-de-2025-11_33_35.png?resize=300%2C200&amp;ssl=1 300w, https:\/\/i0.wp.com\/1truenote.com\/wp-content\/uploads\/2025\/06\/ChatGPT-Image-30-de-jun.-de-2025-11_33_35.png?resize=768%2C512&amp;ssl=1 768w, https:\/\/i0.wp.com\/1truenote.com\/wp-content\/uploads\/2025\/06\/ChatGPT-Image-30-de-jun.-de-2025-11_33_35.png?resize=150%2C100&amp;ssl=1 150w, https:\/\/i0.wp.com\/1truenote.com\/wp-content\/uploads\/2025\/06\/ChatGPT-Image-30-de-jun.-de-2025-11_33_35.png?w=1536&amp;ssl=1 1536w\" sizes=\"(max-width: 1024px) 100vw, 1024px\" \/><\/figure>\n\n\n\n<h4 id='cozinha'  class=\"wp-block-heading\">Cozinha<\/h4>\n\n\n\n<ul class=\"wp-block-list\">\n<li>Priorize a luz branca e bem distribu\u00edda para n\u00e3o criar sombras nas \u00e1reas de preparo.<\/li>\n\n\n\n<li>Spots ou fitas de LED sob os arm\u00e1rios ajudam muito na bancada.<\/li>\n\n\n\n<li>Lumin\u00e1ria pendente sobre a mesa ou ilha traz charme e delimita o espa\u00e7o.<\/li>\n<\/ul>\n\n\n\n<figure class=\"wp-block-image aligncenter size-large\"><img data-recalc-dims=\"1\" decoding=\"async\" width=\"683\" height=\"1024\" src=\"https:\/\/i0.wp.com\/1truenote.com\/wp-content\/uploads\/2025\/06\/20250627_1029_Cozinha-Contemporanea-Acolhedora_remix_01jyrs4s40fgdvkmqp5gfn09fh.png?resize=683%2C1024&#038;ssl=1\" alt=\"tend\u00eancias de cores para cozinhas modernas\" class=\"wp-image-3289\" srcset=\"https:\/\/i0.wp.com\/1truenote.com\/wp-content\/uploads\/2025\/06\/20250627_1029_Cozinha-Contemporanea-Acolhedora_remix_01jyrs4s40fgdvkmqp5gfn09fh.png?resize=683%2C1024&amp;ssl=1 683w, https:\/\/i0.wp.com\/1truenote.com\/wp-content\/uploads\/2025\/06\/20250627_1029_Cozinha-Contemporanea-Acolhedora_remix_01jyrs4s40fgdvkmqp5gfn09fh.png?resize=200%2C300&amp;ssl=1 200w, https:\/\/i0.wp.com\/1truenote.com\/wp-content\/uploads\/2025\/06\/20250627_1029_Cozinha-Contemporanea-Acolhedora_remix_01jyrs4s40fgdvkmqp5gfn09fh.png?resize=768%2C1152&amp;ssl=1 768w, https:\/\/i0.wp.com\/1truenote.com\/wp-content\/uploads\/2025\/06\/20250627_1029_Cozinha-Contemporanea-Acolhedora_remix_01jyrs4s40fgdvkmqp5gfn09fh.png?resize=150%2C225&amp;ssl=1 150w, https:\/\/i0.wp.com\/1truenote.com\/wp-content\/uploads\/2025\/06\/20250627_1029_Cozinha-Contemporanea-Acolhedora_remix_01jyrs4s40fgdvkmqp5gfn09fh.png?w=1024&amp;ssl=1 1024w\" sizes=\"(max-width: 683px) 100vw, 683px\" \/><\/figure>\n\n\n\n<h4 id='quarto'  class=\"wp-block-heading\">Quarto<\/h4>\n\n\n\n<ul class=\"wp-block-list\">\n<li>Aposte na luz amarela, mais quente e relaxante.<\/li>\n\n\n\n<li>Abajures ou pendentes laterais substituem o tradicional \u201cluz do teto\u201d e d\u00e3o um ar sofisticado.<\/li>\n\n\n\n<li>Se gosta de ler, uma lumin\u00e1ria direcion\u00e1vel na cabeceira \u00e9 indispens\u00e1vel.<\/li>\n<\/ul>\n\n\n\n<figure class=\"wp-block-image aligncenter size-large\"><img data-recalc-dims=\"1\" loading=\"lazy\" decoding=\"async\" width=\"1024\" height=\"683\" src=\"https:\/\/i0.wp.com\/1truenote.com\/wp-content\/uploads\/2025\/07\/ChatGPT-Image-30-de-jun.-de-2025-19_19_27.png?resize=1024%2C683&#038;ssl=1\" alt=\"quarto de solteiro moderno\" class=\"wp-image-3403\" srcset=\"https:\/\/i0.wp.com\/1truenote.com\/wp-content\/uploads\/2025\/07\/ChatGPT-Image-30-de-jun.-de-2025-19_19_27.png?resize=1024%2C683&amp;ssl=1 1024w, https:\/\/i0.wp.com\/1truenote.com\/wp-content\/uploads\/2025\/07\/ChatGPT-Image-30-de-jun.-de-2025-19_19_27.png?resize=300%2C200&amp;ssl=1 300w, https:\/\/i0.wp.com\/1truenote.com\/wp-content\/uploads\/2025\/07\/ChatGPT-Image-30-de-jun.-de-2025-19_19_27.png?resize=768%2C512&amp;ssl=1 768w, https:\/\/i0.wp.com\/1truenote.com\/wp-content\/uploads\/2025\/07\/ChatGPT-Image-30-de-jun.-de-2025-19_19_27.png?resize=150%2C100&amp;ssl=1 150w, https:\/\/i0.wp.com\/1truenote.com\/wp-content\/uploads\/2025\/07\/ChatGPT-Image-30-de-jun.-de-2025-19_19_27.png?w=1536&amp;ssl=1 1536w\" sizes=\"(max-width: 1024px) 100vw, 1024px\" \/><\/figure>\n\n\n\n<h4 id='banheiro'  class=\"wp-block-heading\">Banheiro<\/h4>\n\n\n\n<ul class=\"wp-block-list\">\n<li>Plafons ou pain\u00e9is para ilumina\u00e7\u00e3o geral.<\/li>\n\n\n\n<li>Lumin\u00e1rias ao redor do espelho para maquiagem ou barba sem sombras.<\/li>\n\n\n\n<li>Quer um toque de spa? Luz indireta atr\u00e1s do espelho ou fitas de LED pr\u00f3ximas ao ch\u00e3o.<\/li>\n<\/ul>\n\n\n\n<figure class=\"wp-block-image aligncenter size-large\"><img data-recalc-dims=\"1\" loading=\"lazy\" decoding=\"async\" width=\"683\" height=\"1024\" src=\"https:\/\/i0.wp.com\/1truenote.com\/wp-content\/uploads\/2025\/07\/ChatGPT-Image-30-de-jun.-de-2025-20_37_35.png?resize=683%2C1024&#038;ssl=1\" alt=\"banheiro pequeno decorado\" class=\"wp-image-3406\" srcset=\"https:\/\/i0.wp.com\/1truenote.com\/wp-content\/uploads\/2025\/07\/ChatGPT-Image-30-de-jun.-de-2025-20_37_35.png?resize=683%2C1024&amp;ssl=1 683w, https:\/\/i0.wp.com\/1truenote.com\/wp-content\/uploads\/2025\/07\/ChatGPT-Image-30-de-jun.-de-2025-20_37_35.png?resize=200%2C300&amp;ssl=1 200w, https:\/\/i0.wp.com\/1truenote.com\/wp-content\/uploads\/2025\/07\/ChatGPT-Image-30-de-jun.-de-2025-20_37_35.png?resize=768%2C1152&amp;ssl=1 768w, https:\/\/i0.wp.com\/1truenote.com\/wp-content\/uploads\/2025\/07\/ChatGPT-Image-30-de-jun.-de-2025-20_37_35.png?resize=150%2C225&amp;ssl=1 150w, https:\/\/i0.wp.com\/1truenote.com\/wp-content\/uploads\/2025\/07\/ChatGPT-Image-30-de-jun.-de-2025-20_37_35.png?w=1024&amp;ssl=1 1024w\" sizes=\"(max-width: 683px) 100vw, 683px\" \/><\/figure>\n\n\n\n<h4 id='sala-de-jantar'  class=\"wp-block-heading\">Sala de jantar<\/h4>\n\n\n\n<ul class=\"wp-block-list\">\n<li>O destaque \u00e9 a lumin\u00e1ria sobre a mesa, de prefer\u00eancia com luz amarelada.<\/li>\n\n\n\n<li>Luz embutida no forro ou trilho cria atmosfera aconchegante para receber amigos.<\/li>\n<\/ul>\n\n\n\n<figure class=\"wp-block-image aligncenter size-large\"><img data-recalc-dims=\"1\" loading=\"lazy\" decoding=\"async\" width=\"1024\" height=\"683\" src=\"https:\/\/i0.wp.com\/1truenote.com\/wp-content\/uploads\/2025\/05\/ChatGPT-Image-27-de-mai.-de-2025-17_44_45.png?resize=1024%2C683&#038;ssl=1\" alt=\"integrar sala e cozinha\" class=\"wp-image-2380\" srcset=\"https:\/\/i0.wp.com\/1truenote.com\/wp-content\/uploads\/2025\/05\/ChatGPT-Image-27-de-mai.-de-2025-17_44_45.png?resize=1024%2C683&amp;ssl=1 1024w, https:\/\/i0.wp.com\/1truenote.com\/wp-content\/uploads\/2025\/05\/ChatGPT-Image-27-de-mai.-de-2025-17_44_45.png?resize=300%2C200&amp;ssl=1 300w, https:\/\/i0.wp.com\/1truenote.com\/wp-content\/uploads\/2025\/05\/ChatGPT-Image-27-de-mai.-de-2025-17_44_45.png?resize=768%2C512&amp;ssl=1 768w, https:\/\/i0.wp.com\/1truenote.com\/wp-content\/uploads\/2025\/05\/ChatGPT-Image-27-de-mai.-de-2025-17_44_45.png?resize=150%2C100&amp;ssl=1 150w, https:\/\/i0.wp.com\/1truenote.com\/wp-content\/uploads\/2025\/05\/ChatGPT-Image-27-de-mai.-de-2025-17_44_45.png?w=1536&amp;ssl=1 1536w\" sizes=\"(max-width: 1024px) 100vw, 1024px\" \/><\/figure>\n\n\n\n<hr class=\"wp-block-separator has-alpha-channel-opacity\"\/>\n\n\n\n<a href=\"https:\/\/1truenote.com\/en\/luminaria-pendente-moderna-ideias-decoracao\/\" style=\"text-decoration: none;\">\n  <div style=\"display: flex; justify-content: space-between; align-items: center; background: #d44a00; padding: 12px 20px; color: white; font-family: Arial, sans-serif;\">\n    <strong style=\"color: black;\">READ ALSO:<\/strong>\n    <span style=\"margin-left: 8px; flex: 1;\">Ideias para iluminar e destacar sua decora\u00e7\u00e3o<\/span>\n    <div style=\"background: #f2802f; padding: 8px 12px; border-radius: 2px; margin-left: 10px;\">\n      <span style=\"color: white; font-weight: bold;\">\u27a4<\/span>\n    <\/div>\n  <\/div>\n<\/a>\n\n\n\n<hr class=\"wp-block-separator has-alpha-channel-opacity\"\/>\n\n\n\n<h3 id='tabela-pr\u00e1tica-temperatura-de-cor-para-cada-ambiente'  class=\"wp-block-heading\">Tabela pr\u00e1tica: Temperatura de cor para cada ambiente<\/h3>\n\n\n\n<figure class=\"wp-block-table\"><table class=\"has-fixed-layout\"><thead><tr><th>Ambiente<\/th><th>Temperatura ideal (Kelvin)<\/th><th>Efeito desejado<\/th><\/tr><\/thead><tbody><tr><td>Sala de estar<\/td><td>2700K \u2013 3000K<\/td><td>Conforto e relaxamento<\/td><\/tr><tr><td>Cozinha<\/td><td>4000K \u2013 5000K<\/td><td>Clareza e aten\u00e7\u00e3o<\/td><\/tr><tr><td>Quarto<\/td><td>2700K \u2013 3000K<\/td><td>Aconchego<\/td><\/tr><tr><td>Banheiro<\/td><td>4000K \u2013 5000K<\/td><td>Nitidez para tarefas<\/td><\/tr><tr><td>Sala de jantar<\/td><td>2700K \u2013 3000K<\/td><td>Ambiente acolhedor<\/td><\/tr><\/tbody><\/table><\/figure>\n\n\n\n<hr class=\"wp-block-separator has-alpha-channel-opacity\"\/>\n\n\n\n<h3 id='dicas-r\u00e1pidas-de-ilumina\u00e7\u00e3o-de-ambientes-para-transformar-a-casa'  class=\"wp-block-heading\">Dicas r\u00e1pidas de ilumina\u00e7\u00e3o de ambientes para transformar a casa<\/h3>\n\n\n\n<ul class=\"wp-block-list\">\n<li>Prefira sempre l\u00e2mpadas LED: econ\u00f4micas, dur\u00e1veis e dispon\u00edveis em v\u00e1rias tonalidades.<\/li>\n\n\n\n<li>Evite excesso de luz fria nos ambientes de relaxamento.<\/li>\n\n\n\n<li>Use espelhos para potencializar a luz natural e valorizar a ilumina\u00e7\u00e3o artificial.<\/li>\n\n\n\n<li>Instale dimmers para ajustar a intensidade e criar diferentes climas no mesmo espa\u00e7o.<\/li>\n<\/ul>\n\n\n\n<hr class=\"wp-block-separator has-alpha-channel-opacity\"\/>\n\n\n\n<figure class=\"wp-block-image aligncenter size-large\"><img data-recalc-dims=\"1\" loading=\"lazy\" decoding=\"async\" width=\"1024\" height=\"683\" src=\"https:\/\/i0.wp.com\/1truenote.com\/wp-content\/uploads\/2025\/06\/ChatGPT-Image-26-de-jun.-de-2025-11_32_36.png?resize=1024%2C683&#038;ssl=1\" alt=\"decora\u00e7\u00e3o de inverno\" class=\"wp-image-3235\" srcset=\"https:\/\/i0.wp.com\/1truenote.com\/wp-content\/uploads\/2025\/06\/ChatGPT-Image-26-de-jun.-de-2025-11_32_36.png?resize=1024%2C683&amp;ssl=1 1024w, https:\/\/i0.wp.com\/1truenote.com\/wp-content\/uploads\/2025\/06\/ChatGPT-Image-26-de-jun.-de-2025-11_32_36.png?resize=300%2C200&amp;ssl=1 300w, https:\/\/i0.wp.com\/1truenote.com\/wp-content\/uploads\/2025\/06\/ChatGPT-Image-26-de-jun.-de-2025-11_32_36.png?resize=768%2C512&amp;ssl=1 768w, https:\/\/i0.wp.com\/1truenote.com\/wp-content\/uploads\/2025\/06\/ChatGPT-Image-26-de-jun.-de-2025-11_32_36.png?resize=150%2C100&amp;ssl=1 150w, https:\/\/i0.wp.com\/1truenote.com\/wp-content\/uploads\/2025\/06\/ChatGPT-Image-26-de-jun.-de-2025-11_32_36.png?w=1536&amp;ssl=1 1536w\" sizes=\"(max-width: 1024px) 100vw, 1024px\" \/><\/figure>\n\n\n\n<hr class=\"wp-block-separator has-alpha-channel-opacity\"\/>\n\n\n\n<h2 id='ilumina\u00e7\u00e3o-de-ambientes'  class=\"wp-block-heading\">Ilumina\u00e7\u00e3o de ambientes<\/h2>\n\n\n\n<p>No fim das contas, acertar na <strong>ilumina\u00e7\u00e3o de ambientes<\/strong> \u00e9 como dar um abra\u00e7o na sua casa: ela fica mais gostosa, bonita e pronta para qualquer ocasi\u00e3o, seja um jantarzinho rom\u00e2ntico, maratona de s\u00e9rie ou aquele caf\u00e9 da manh\u00e3 de domingo. E o melhor: tudo isso pode ser feito sem reformas, s\u00f3 com criatividade, planejamento e escolhas certeiras!<\/p>\n\n\n\n<p>Gostou de <strong>ilumina\u00e7\u00e3o de ambientes<\/strong>? Se voc\u00ea ficou com alguma d\u00favida ou quer dicas personalizadas para seu espa\u00e7o, comenta aqui! Vamos juntos deixar sua casa iluminada e cheia de vida.<\/p>\n\n\n\n<hr class=\"wp-block-separator has-alpha-channel-opacity\"\/>\n\n\n\n<a href=\"https:\/\/1truenote.com\/en\/luminaria-pendente-moderna-ideias-decoracao\/\" style=\"text-decoration: none;\">\n  <div style=\"display: flex; justify-content: space-between; align-items: center; background: #d44a00; padding: 12px 20px; color: white; font-family: Arial, sans-serif;\">\n    <strong style=\"color: black;\">READ ALSO:<\/strong>\n    <span style=\"margin-left: 8px; flex: 1;\">Ideias para iluminar e destacar sua decora\u00e7\u00e3o<\/span>\n    <div style=\"background: #f2802f; padding: 8px 12px; border-radius: 2px; margin-left: 10px;\">\n      <span style=\"color: white; font-weight: bold;\">\u27a4<\/span>\n    <\/div>\n  <\/div>\n<\/a>\n\n\n\n\n<hr class=\"wp-block-separator has-alpha-channel-opacity\"\/>\n\n\n\n<h2 id='faq-ilumina\u00e7\u00e3o-de-ambientes'  class=\"wp-block-heading\">FAQ \u2013 Ilumina\u00e7\u00e3o de ambientes<\/h2>\n\n\n<div id=\"rank-math-faq\" class=\"rank-math-block\">\n<div class=\"rank-math-list\">\n<div id=\"faq-question-1751488272411\" class=\"rank-math-list-item\">\n<h3 id='posso-misturar-luzes-brancas-e-amarelas-na-mesma-casa'  class=\"rank-math-question\">Posso misturar luzes brancas e amarelas na mesma casa?<\/h3>\n<div class=\"rank-math-answer\">\n\n<p>Pode sim! S\u00f3 evite misturar no mesmo c\u00f4modo para n\u00e3o causar desconforto visual.<\/p>\n\n<\/div>\n<\/div>\n<div id=\"faq-question-1751488274583\" class=\"rank-math-list-item\">\n<h3 id='\u00e9-preciso-contratar-eletricista-para-trocar-lumin\u00e1rias'  class=\"rank-math-question\">\u00c9 preciso contratar eletricista para trocar lumin\u00e1rias?<\/h3>\n<div class=\"rank-math-answer\">\n\n<p>Depende do tipo de instala\u00e7\u00e3o. Trocar l\u00e2mpadas e lumin\u00e1rias simples \u00e9 f\u00e1cil, mas para projetos maiores ou instala\u00e7\u00e3o de spots, o ideal \u00e9 chamar um profissional.<\/p>\n\n<\/div>\n<\/div>\n<div id=\"faq-question-1751488276036\" class=\"rank-math-list-item\">\n<h3 id='ilumina\u00e7\u00e3o-indireta-gasta-muita-energia'  class=\"rank-math-question\">Ilumina\u00e7\u00e3o indireta gasta muita energia?<\/h3>\n<div class=\"rank-math-answer\">\n\n<p>N\u00e3o, se for com LED. Fitas de LED s\u00e3o econ\u00f4micas e d\u00e3o um charme extra ao ambiente.<\/p>\n\n<\/div>\n<\/div>\n<div id=\"faq-question-1751488280316\" class=\"rank-math-list-item\">\n<h3 id='como-usar-a-luz-paraliar-ambientes-pequenos'  class=\"rank-math-question\">Como usar a luz para ampliar ambientes pequenos?<\/h3>\n<div class=\"rank-math-answer\">\n\n<p>Prefira luz geral bem distribu\u00edda, abuse de espelhos e aposte em tons claros na decora\u00e7\u00e3o.<\/p>\n\n<\/div>\n<\/div>\n<\/div>\n<\/div>\n\n\n<figure class=\"wp-block-image aligncenter size-full\"><img data-recalc-dims=\"1\" loading=\"lazy\" decoding=\"async\" width=\"1024\" height=\"1024\" src=\"https:\/\/i0.wp.com\/1truenote.com\/wp-content\/uploads\/2025\/07\/ChatGPT-Image-2-de-jul.-de-2025-12_12_59.png?resize=1024%2C1024&#038;ssl=1\" alt=\"ilumina\u00e7\u00e3o de ambientes\" class=\"wp-image-3443\" srcset=\"https:\/\/i0.wp.com\/1truenote.com\/wp-content\/uploads\/2025\/07\/ChatGPT-Image-2-de-jul.-de-2025-12_12_59.png?w=1024&amp;ssl=1 1024w, https:\/\/i0.wp.com\/1truenote.com\/wp-content\/uploads\/2025\/07\/ChatGPT-Image-2-de-jul.-de-2025-12_12_59.png?resize=300%2C300&amp;ssl=1 300w, https:\/\/i0.wp.com\/1truenote.com\/wp-content\/uploads\/2025\/07\/ChatGPT-Image-2-de-jul.-de-2025-12_12_59.png?resize=150%2C150&amp;ssl=1 150w, https:\/\/i0.wp.com\/1truenote.com\/wp-content\/uploads\/2025\/07\/ChatGPT-Image-2-de-jul.-de-2025-12_12_59.png?resize=768%2C768&amp;ssl=1 768w, https:\/\/i0.wp.com\/1truenote.com\/wp-content\/uploads\/2025\/07\/ChatGPT-Image-2-de-jul.-de-2025-12_12_59.png?resize=96%2C96&amp;ssl=1 96w\" sizes=\"(max-width: 1024px) 100vw, 1024px\" \/><\/figure>","protected":false},"excerpt":{"rendered":"<p>Ilumina\u00e7\u00e3o de ambientes. Sabe aquele clima gostoso que a gente sente ao entrar em um ambiente bem iluminado? Pois \u00e9,&#8230;<\/p>","protected":false},"author":1,"featured_media":3443,"comment_status":"open","ping_status":"open","sticky":false,"template":"","format":"standard","meta":{"_kad_post_transparent":"","_kad_post_title":"","_kad_post_layout":"","_kad_post_sidebar_id":"","_kad_post_content_style":"","_kad_post_vertical_padding":"","_kad_post_feature":"","_kad_post_feature_position":"","_kad_post_header":false,"_kad_post_footer":false,"_kad_post_classname":"","footnotes":"","jetpack_publicize_message":"Ilumina\u00e7\u00e3o de ambientes. Sabe aquele clima gostoso que a gente sente ao entrar em um ambiente bem iluminado? Pois \u00e9, a ilumina\u00e7\u00e3o faz milagres! Ela muda o humor do espa\u00e7o, valoriza a decora\u00e7\u00e3o e at\u00e9 faz um c\u00f4modo parecer maior.\n\nSe voc\u00ea acha que ilumina\u00e7\u00e3o \u00e9 s\u00f3 acender uma l\u00e2mpada\u2026\nhttps:\/\/1truenote.com\/\n\n#carvalhoconsultoriabrasil #truenote #decor #decoracao #luz #iluminacao #luminaria #ideias #ambiente #iluminado","jetpack_publicize_feature_enabled":true,"jetpack_social_post_already_shared":true,"jetpack_social_options":{"image_generator_settings":{"template":"highway","default_image_id":0,"enabled":false},"version":2}},"categories":[6,1],"tags":[15,13,14,12],"class_list":["post-3481","post","type-post","status-publish","format-standard","has-post-thumbnail","hentry","category-softwares","category-novidades","tag-conservacao-e-manutencao","tag-minimalista","tag-interiores-inovadores","tag-projetos-inovadores"],"jetpack_publicize_connections":[],"jetpack_featured_media_url":"https:\/\/i0.wp.com\/1truenote.com\/wp-content\/uploads\/2025\/07\/ChatGPT-Image-2-de-jul.-de-2025-12_12_59.png?fit=1024%2C1024&ssl=1","jetpack_sharing_enabled":true,"_links":{"self":[{"href":"https:\/\/1truenote.com\/en\/wp-json\/wp\/v2\/posts\/3481","targetHints":{"allow":["GET"]}}],"collection":[{"href":"https:\/\/1truenote.com\/en\/wp-json\/wp\/v2\/posts"}],"about":[{"href":"https:\/\/1truenote.com\/en\/wp-json\/wp\/v2\/types\/post"}],"author":[{"embeddable":true,"href":"https:\/\/1truenote.com\/en\/wp-json\/wp\/v2\/users\/1"}],"replies":[{"embeddable":true,"href":"https:\/\/1truenote.com\/en\/wp-json\/wp\/v2\/comments?post=3481"}],"version-history":[{"count":1,"href":"https:\/\/1truenote.com\/en\/wp-json\/wp\/v2\/posts\/3481\/revisions"}],"predecessor-version":[{"id":3482,"href":"https:\/\/1truenote.com\/en\/wp-json\/wp\/v2\/posts\/3481\/revisions\/3482"}],"wp:featuredmedia":[{"embeddable":true,"href":"https:\/\/1truenote.com\/en\/wp-json\/wp\/v2\/media\/3443"}],"wp:attachment":[{"href":"https:\/\/1truenote.com\/en\/wp-json\/wp\/v2\/media?parent=3481"}],"wp:term":[{"taxonomy":"category","embeddable":true,"href":"https:\/\/1truenote.com\/en\/wp-json\/wp\/v2\/categories?post=3481"},{"taxonomy":"post_tag","embeddable":true,"href":"https:\/\/1truenote.com\/en\/wp-json\/wp\/v2\/tags?post=3481"}],"curies":[{"name":"wp","href":"https:\/\/api.w.org\/{rel}","templated":true}]}}