{"id":3392,"date":"2025-07-01T16:00:00","date_gmt":"2025-07-01T19:00:00","guid":{"rendered":"https:\/\/1truenote.com\/?p=3392"},"modified":"2025-07-01T14:59:42","modified_gmt":"2025-07-01T17:59:42","slug":"decoracao-de-varanda-pequena-ideias-economicas","status":"publish","type":"post","link":"https:\/\/1truenote.com\/en\/decoracao-de-varanda-pequena-ideias-economicas\/","title":{"rendered":"Decora\u00e7\u00e3o de varanda pequena: Ideias econ\u00f4micas para um cantinho aconchegante"},"content":{"rendered":"<p><strong>Decora\u00e7\u00e3o de varanda pequena<\/strong>. J\u00e1 imaginou transformar aquele cantinho esquecido da varanda em um espa\u00e7o gostoso e cheio de vida? Pois \u00e9! Com um pouco de criatividade, d\u00e1 pra criar um ref\u00fagio aconchegante \u2014 mesmo em varandas pequenas \u2014 usando plantas, madeira e alguns detalhes cheios de charme. Vem comigo descobrir como deixar sua varanda irresist\u00edvel, gastando pouco e aproveitando cada cantinho!<\/p>\n\n\n\n<hr class=\"wp-block-separator has-alpha-channel-opacity\"\/>\n\n\n\n<h2 id='decora\u00e7\u00e3o-de-varanda-pequena-aconchego-que-cabe-em-qualquer-espa\u00e7o'  class=\"wp-block-heading\">Decora\u00e7\u00e3o de varanda pequena: Aconchego que cabe em qualquer espa\u00e7o<\/h2>\n\n\n\n<p>Logo de cara, o segredo para uma <strong>decora\u00e7\u00e3o de varanda pequena<\/strong> \u00e9 apostar em m\u00f3veis multifuncionais e solu\u00e7\u00f5es criativas. Olha s\u00f3 essa ideia: um banco de madeira com almofadas, perfeito para sentar ou at\u00e9 para guardar objetos. Isso j\u00e1 muda totalmente o clima, n\u00e3o acha?<\/p>\n\n\n\n<p>A madeira traz aquela sensa\u00e7\u00e3o de conforto imediato e fica ainda mais charmosa combinada com tijolinhos aparentes, que deixam o espa\u00e7o com um toque r\u00fastico-moderno. Vale at\u00e9 improvisar com paletes \u2014 fica lindo e superacess\u00edvel!<\/p>\n\n\n\n<hr class=\"wp-block-separator has-alpha-channel-opacity\"\/>\n\n\n\n<h2 id='plantas-verdes-que-transformam-a-varanda'  class=\"wp-block-heading\">Plantas: Verdes que transformam a varanda<\/h2>\n\n\n\n<p>Nada como plantas para dar vida \u00e0 varanda! N\u00e3o precisa exagerar: escolha esp\u00e9cies que se adaptam bem \u00e0 meia-sombra e que n\u00e3o exigem muitos cuidados. Na parede, prateleiras ou suportes de madeira acomodam vasinhos de diferentes tamanhos. Voc\u00ea pode at\u00e9 reaproveitar potes antigos e pintar para dar mais personalidade!<\/p>\n\n\n\n<p><strong>Dica pr\u00e1tica para decora\u00e7\u00e3o de varanda pequena:<\/strong><\/p>\n\n\n\n<ul class=\"wp-block-list\">\n<li>Suculentas e ervas arom\u00e1ticas (tipo manjeric\u00e3o e alecrim) s\u00e3o \u00f3timas op\u00e7\u00f5es.<\/li>\n\n\n\n<li>Misture vasinhos pendurados com alguns apoiados no ch\u00e3o ou na janela, criando camadas de verde.<\/li>\n<\/ul>\n\n\n\n<hr class=\"wp-block-separator has-alpha-channel-opacity\"\/>\n\n\n\n<figure class=\"wp-block-image aligncenter size-medium\"><a href=\"https:\/\/chat.whatsapp.com\/KJBkp5LFJVRIvmt5X3hSEh\" target=\"_blank\" rel=\"noopener\"><img data-recalc-dims=\"1\" fetchpriority=\"high\" decoding=\"async\" width=\"200\" height=\"300\" src=\"https:\/\/i0.wp.com\/1truenote.com\/wp-content\/uploads\/2025\/06\/ChatGPT-Image-3-de-jun.-de-2025-19_04_53.png?resize=200%2C300&#038;ssl=1\" alt=\"chamada banner advetorial whats\" class=\"wp-image-2683\" srcset=\"https:\/\/i0.wp.com\/1truenote.com\/wp-content\/uploads\/2025\/06\/ChatGPT-Image-3-de-jun.-de-2025-19_04_53.png?resize=200%2C300&amp;ssl=1 200w, https:\/\/i0.wp.com\/1truenote.com\/wp-content\/uploads\/2025\/06\/ChatGPT-Image-3-de-jun.-de-2025-19_04_53.png?resize=683%2C1024&amp;ssl=1 683w, https:\/\/i0.wp.com\/1truenote.com\/wp-content\/uploads\/2025\/06\/ChatGPT-Image-3-de-jun.-de-2025-19_04_53.png?resize=768%2C1152&amp;ssl=1 768w, https:\/\/i0.wp.com\/1truenote.com\/wp-content\/uploads\/2025\/06\/ChatGPT-Image-3-de-jun.-de-2025-19_04_53.png?resize=150%2C225&amp;ssl=1 150w, https:\/\/i0.wp.com\/1truenote.com\/wp-content\/uploads\/2025\/06\/ChatGPT-Image-3-de-jun.-de-2025-19_04_53.png?w=1024&amp;ssl=1 1024w\" sizes=\"(max-width: 200px) 100vw, 200px\" \/><\/a><\/figure>\n\n\n\n<hr class=\"wp-block-separator has-alpha-channel-opacity\"\/>\n\n\n\n<h2 id='ilumina\u00e7\u00e3o-e-acess\u00f3rios-detalhes-que-fazem-diferen\u00e7a'  class=\"wp-block-heading\">Ilumina\u00e7\u00e3o e acess\u00f3rios: Detalhes que fazem diferen\u00e7a<\/h2>\n\n\n\n<p>Um toque de luz faz toda a diferen\u00e7a! Cordinhas de luzes (tipo pisca-pisca ou l\u00e2mpadas de bolinha) deixam o ambiente acolhedor, perfeito para relaxar no fim do dia ou receber amigos. Combine com almofadas de texturas variadas e objetos decorativos pequenos, como lanternas, velas ou um cachepot diferente.<\/p>\n\n\n\n<p><strong>Ideias r\u00e1pidas para decorar:<\/strong><\/p>\n\n\n\n<ul class=\"wp-block-list\">\n<li>Tapete de fibras naturais ou listras para aquecer o piso.<\/li>\n\n\n\n<li>Uma pequena mesa dobr\u00e1vel para apoiar x\u00edcaras ou livros.<\/li>\n\n\n\n<li>Prateleiras ou nichos para organizar as plantinhas e acess\u00f3rios.<\/li>\n<\/ul>\n\n\n\n<hr class=\"wp-block-separator has-alpha-channel-opacity\"\/>\n\n\n\n<h2 id='tabela-materiais-e-ideias-para-varanda-pequena'  class=\"wp-block-heading\">Tabela: Materiais e ideias para varanda pequena<\/h2>\n\n\n\n<figure class=\"wp-block-table\"><table class=\"has-fixed-layout\"><thead><tr><th>Item<\/th><th>Fun\u00e7\u00e3o<\/th><th>Dica de uso<\/th><\/tr><\/thead><tbody><tr><td>Palete ou madeira<\/td><td>Estrutura\/decora\u00e7\u00e3o<\/td><td>Pinte ou deixe natural<\/td><\/tr><tr><td>Vasos variados<\/td><td>Plantas<\/td><td>Misture cores e alturas<\/td><\/tr><tr><td>Luzes de cord\u00e3o<\/td><td>Ilumina\u00e7\u00e3o aconchegante<\/td><td>Instale com ganchos adesivos<\/td><\/tr><tr><td>Almofadas<\/td><td>Conforto<\/td><td>Misture tamanhos e tecidos<\/td><\/tr><tr><td>Banco com gaveta<\/td><td>Sentar + armazenar<\/td><td>Use para guardar mantas\/utens\u00edlios<\/td><\/tr><\/tbody><\/table><\/figure>\n\n\n\n<hr class=\"wp-block-separator has-alpha-channel-opacity\"\/>\n\n\n\n<h2 id='v\u00eddeo-inspira\u00e7\u00e3o-do-youtube'  class=\"wp-block-heading\">V\u00eddeo inspira\u00e7\u00e3o do YouTube<\/h2>\n\n\n\n<blockquote class=\"wp-block-quote is-layout-flow wp-block-quote-is-layout-flow\">\n<p><a href=\"https:\/\/www.youtube.com\/shorts\/4YiznVTbUeU\" data-type=\"link\" data-id=\"https:\/\/www.youtube.com\/shorts\/4YiznVTbUeU\" target=\"_blank\" rel=\"noopener\">Assista aqui: Como transformar a varanda com pouco dinheiro \u2013 ideias DIY e plantas<\/a><br><em>(Indica\u00e7\u00e3o real de v\u00eddeo para inspirar!)<\/em><\/p>\n\n\n\n<figure class=\"wp-block-embed aligncenter is-type-video is-provider-youtube wp-block-embed-youtube wp-embed-aspect-16-9 wp-has-aspect-ratio\"><div class=\"wp-block-embed__wrapper\">\n<iframe title=\"IDEIAS INCR\u00cdVEIS PARA DECORAR VARANDA PEQUENA GASTANDO POUCO! #achadinhosdashopee\" width=\"720\" height=\"405\" src=\"https:\/\/www.youtube.com\/embed\/4YiznVTbUeU?feature=oembed\" frameborder=\"0\" allow=\"accelerometer; autoplay; clipboard-write; encrypted-media; gyroscope; picture-in-picture; web-share\" referrerpolicy=\"strict-origin-when-cross-origin\" allowfullscreen><\/iframe>\n<\/div><\/figure>\n<\/blockquote>\n\n\n\n<hr class=\"wp-block-separator has-alpha-channel-opacity\"\/>\n\n\n\n<a href=\"https:\/\/1truenote.com\/en\/decoracao-sacada-pequena\/\" style=\"text-decoration: none;\">\n  <div style=\"display: flex; justify-content: space-between; align-items: center; background: #d44a00; padding: 12px 20px; color: white; font-family: Arial, sans-serif;\">\n    <strong style=\"color: black;\">READ ALSO:<\/strong>\n    <span style=\"margin-left: 8px; flex: 1;\">Transforme sua sacada em um espa\u00e7o aconchegante<\/span>\n    <div style=\"background: #f2802f; padding: 8px 12px; border-radius: 2px; margin-left: 10px;\">\n      <span style=\"color: white; font-weight: bold;\">\u27a4<\/span>\n    <\/div>\n  <\/div>\n<\/a>\n\n\n\n<hr class=\"wp-block-separator has-alpha-channel-opacity\"\/>\n\n\n\n<h2 id='decora\u00e7\u00e3o-de-varanda-pequena'  class=\"wp-block-heading\">Decora\u00e7\u00e3o de varanda pequena<\/h2>\n\n\n\n<p>E a\u00ed, gostou das ideias para transformar sua varanda em um cantinho acolhedor? Pode acreditar, \u00e0s vezes tudo o que a gente precisa \u00e9 de um toque de criatividade e alguns detalhes simples para mudar completamente a energia de casa.<\/p>\n\n\n\n<p>Mesmo aquele espa\u00e7o que parecia sem gra\u00e7a pode virar seu lugar favorito, seja para um caf\u00e9 da manh\u00e3 pregui\u00e7oso, um p\u00f4r do sol silencioso ou at\u00e9 pra cultivar uma mini-horta cheia de temperinhos frescos.<\/p>\n\n\n\n<p>N\u00e3o se prenda ao tamanho ou ao or\u00e7amento \u2014 com pequenos ajustes e um olhar carinhoso, d\u00e1 pra criar uma varanda linda e superfuncional. Que tal come\u00e7ar agora mesmo? Escolha uma plantinha, teste um pisca-pisca ou invente um cantinho s\u00f3 seu. O importante \u00e9 deixar o ambiente com a sua cara e cheio de boas vibra\u00e7\u00f5es.<\/p>\n\n\n\n<p>E se voc\u00ea colocar alguma dica em pr\u00e1tica, me conta aqui nos coment\u00e1rios como ficou ou marca a gente nas redes sociais com sua transforma\u00e7\u00e3o! Adoro ver como cada varanda ganha vida de um jeito \u00fanico \u2014 quem sabe sua ideia n\u00e3o inspira outras pessoas tamb\u00e9m?<\/p>\n\n\n\n<p>Bora deixar a casa mais aconchegante, uma varanda de cada vez! Decora\u00e7\u00e3o de varanda pequena! At\u00e9 o pr\u00f3ximo artigo!<\/p>\n\n\n\n<hr class=\"wp-block-separator has-alpha-channel-opacity\"\/>\n\n\n\n<a href=\"https:\/\/1truenote.com\/en\/decoracao-sacada-pequena\/\" style=\"text-decoration: none;\">\n  <div style=\"display: flex; justify-content: space-between; align-items: center; background: #d44a00; padding: 12px 20px; color: white; font-family: Arial, sans-serif;\">\n    <strong style=\"color: black;\">READ ALSO:<\/strong>\n    <span style=\"margin-left: 8px; flex: 1;\">Transforme sua sacada em um espa\u00e7o aconchegante<\/span>\n    <div style=\"background: #f2802f; padding: 8px 12px; border-radius: 2px; margin-left: 10px;\">\n      <span style=\"color: white; font-weight: bold;\">\u27a4<\/span>\n    <\/div>\n  <\/div>\n<\/a>\n\n\n\n<hr class=\"wp-block-separator has-alpha-channel-opacity\"\/>\n\n\n\n<h2 id='faq-r\u00e1pido-sobre-decora\u00e7\u00e3o-de-varanda-pequena'  class=\"wp-block-heading\">FAQ &#8211; R\u00e1pido sobre decora\u00e7\u00e3o de varanda pequena<\/h2>\n\n\n<div id=\"rank-math-faq\" class=\"rank-math-block\">\n<div class=\"rank-math-list\">\n<div id=\"faq-question-1751391926530\" class=\"rank-math-list-item\">\n<h3 id='preciso-gastar-muito-para-decorar-a-varanda'  class=\"rank-math-question\">Preciso gastar muito para decorar a varanda?<\/h3>\n<div class=\"rank-math-answer\">\n\n<p>Nada disso! D\u00e1 pra fazer muita coisa com DIY, reaproveitando paletes e usando plantas acess\u00edveis.<\/p>\n\n<\/div>\n<\/div>\n<div id=\"faq-question-1751391928282\" class=\"rank-math-list-item\">\n<h3 id='como-escolher-plantas-para-varanda'  class=\"rank-math-question\">Como escolher plantas para varanda?<\/h3>\n<div class=\"rank-math-answer\">\n\n<p>Prefira esp\u00e9cies que gostam de sombra ou meia-sombra e que n\u00e3o precisam de muita rega, como suculentas, jiboias ou ervas arom\u00e1ticas.<\/p>\n\n<\/div>\n<\/div>\n<div id=\"faq-question-1751391929154\" class=\"rank-math-list-item\">\n<h3 id='e-se-minha-varanda-for-muito-pequena'  class=\"rank-math-question\">E se minha varanda for MUITO pequena?<\/h3>\n<div class=\"rank-math-answer\">\n\n<p>Invista em m\u00f3veis dobr\u00e1veis, suportes de parede e abuse das prateleiras para n\u00e3o ocupar o ch\u00e3o.<\/p>\n\n<\/div>\n<\/div>\n<\/div>\n<\/div>\n\n\n<figure class=\"wp-block-image aligncenter size-large\"><img data-recalc-dims=\"1\" decoding=\"async\" width=\"683\" height=\"1024\" src=\"https:\/\/i0.wp.com\/1truenote.com\/wp-content\/uploads\/2025\/07\/ChatGPT-Image-30-de-jun.-de-2025-19_56_38.png?resize=683%2C1024&#038;ssl=1\" alt=\"decora\u00e7\u00e3o de varanda pequena\" class=\"wp-image-3393\" srcset=\"https:\/\/i0.wp.com\/1truenote.com\/wp-content\/uploads\/2025\/07\/ChatGPT-Image-30-de-jun.-de-2025-19_56_38.png?resize=683%2C1024&amp;ssl=1 683w, https:\/\/i0.wp.com\/1truenote.com\/wp-content\/uploads\/2025\/07\/ChatGPT-Image-30-de-jun.-de-2025-19_56_38.png?resize=200%2C300&amp;ssl=1 200w, https:\/\/i0.wp.com\/1truenote.com\/wp-content\/uploads\/2025\/07\/ChatGPT-Image-30-de-jun.-de-2025-19_56_38.png?resize=768%2C1152&amp;ssl=1 768w, https:\/\/i0.wp.com\/1truenote.com\/wp-content\/uploads\/2025\/07\/ChatGPT-Image-30-de-jun.-de-2025-19_56_38.png?resize=150%2C225&amp;ssl=1 150w, https:\/\/i0.wp.com\/1truenote.com\/wp-content\/uploads\/2025\/07\/ChatGPT-Image-30-de-jun.-de-2025-19_56_38.png?w=1024&amp;ssl=1 1024w\" sizes=\"(max-width: 683px) 100vw, 683px\" \/><\/figure>","protected":false},"excerpt":{"rendered":"<p>Decora\u00e7\u00e3o de varanda pequena. J\u00e1 imaginou transformar aquele cantinho esquecido da varanda em um espa\u00e7o gostoso e cheio de vida?&#8230;<\/p>","protected":false},"author":1,"featured_media":3393,"comment_status":"open","ping_status":"open","sticky":false,"template":"","format":"standard","meta":{"_kad_post_transparent":"","_kad_post_title":"","_kad_post_layout":"","_kad_post_sidebar_id":"","_kad_post_content_style":"","_kad_post_vertical_padding":"","_kad_post_feature":"","_kad_post_feature_position":"","_kad_post_header":false,"_kad_post_footer":false,"_kad_post_classname":"","footnotes":"","jetpack_publicize_message":"Decora\u00e7\u00e3o de varanda pequena. J\u00e1 imaginou transformar aquele cantinho esquecido da varanda em um espa\u00e7o gostoso e cheio de vida? Pois \u00e9! Com um pouco de criatividade, d\u00e1 pra criar um ref\u00fagio aconchegante \u2014 mesmo em varandas pequenas \u2014 usando plantas, madeira e alguns detalhes cheios de charme. Vem comigo descobrir como deixar sua varanda irresist\u00edvel, gastando pouco e aproveitando cada cantinho!\n\n#carvalhoconsultoriabrasil #truenote #decor #decoracao #varanda #sacada #varandapequena #sacadapequena #cantinho ","jetpack_publicize_feature_enabled":true,"jetpack_social_post_already_shared":true,"jetpack_social_options":{"image_generator_settings":{"template":"highway","default_image_id":0,"enabled":false},"version":2}},"categories":[16],"tags":[13,14,12],"class_list":["post-3392","post","type-post","status-publish","format-standard","has-post-thumbnail","hentry","category-casa-e-jardim","tag-minimalista","tag-interiores-inovadores","tag-projetos-inovadores"],"jetpack_publicize_connections":[],"jetpack_featured_media_url":"https:\/\/i0.wp.com\/1truenote.com\/wp-content\/uploads\/2025\/07\/ChatGPT-Image-30-de-jun.-de-2025-19_56_38.png?fit=1024%2C1536&ssl=1","jetpack_sharing_enabled":true,"_links":{"self":[{"href":"https:\/\/1truenote.com\/en\/wp-json\/wp\/v2\/posts\/3392","targetHints":{"allow":["GET"]}}],"collection":[{"href":"https:\/\/1truenote.com\/en\/wp-json\/wp\/v2\/posts"}],"about":[{"href":"https:\/\/1truenote.com\/en\/wp-json\/wp\/v2\/types\/post"}],"author":[{"embeddable":true,"href":"https:\/\/1truenote.com\/en\/wp-json\/wp\/v2\/users\/1"}],"replies":[{"embeddable":true,"href":"https:\/\/1truenote.com\/en\/wp-json\/wp\/v2\/comments?post=3392"}],"version-history":[{"count":2,"href":"https:\/\/1truenote.com\/en\/wp-json\/wp\/v2\/posts\/3392\/revisions"}],"predecessor-version":[{"id":3396,"href":"https:\/\/1truenote.com\/en\/wp-json\/wp\/v2\/posts\/3392\/revisions\/3396"}],"wp:featuredmedia":[{"embeddable":true,"href":"https:\/\/1truenote.com\/en\/wp-json\/wp\/v2\/media\/3393"}],"wp:attachment":[{"href":"https:\/\/1truenote.com\/en\/wp-json\/wp\/v2\/media?parent=3392"}],"wp:term":[{"taxonomy":"category","embeddable":true,"href":"https:\/\/1truenote.com\/en\/wp-json\/wp\/v2\/categories?post=3392"},{"taxonomy":"post_tag","embeddable":true,"href":"https:\/\/1truenote.com\/en\/wp-json\/wp\/v2\/tags?post=3392"}],"curies":[{"name":"wp","href":"https:\/\/api.w.org\/{rel}","templated":true}]}}