{"id":3292,"date":"2025-06-27T16:00:00","date_gmt":"2025-06-27T19:00:00","guid":{"rendered":"https:\/\/1truenote.com\/?p=3292"},"modified":"2025-06-27T11:56:19","modified_gmt":"2025-06-27T14:56:19","slug":"prateleiras-decorativas-ideias-transformar","status":"publish","type":"post","link":"https:\/\/1truenote.com\/en\/prateleiras-decorativas-ideias-transformar\/","title":{"rendered":"15 Ideias de prateleiras decorativas para transformar qualquer ambiente"},"content":{"rendered":"<p>Se tem um truque que muda o clima da casa sem bagun\u00e7a nem reforma, \u00e9 apostar nas <strong>prateleiras decorativas<\/strong>. Elas s\u00e3o como um curinga: Cabem em qualquer cantinho, ajudam na organiza\u00e7\u00e3o e ainda trazem um toque de personalidade que s\u00f3 quem vive ali consegue dar. N\u00e3o importa se sua casa \u00e9 grande ou min\u00fascula, cl\u00e1ssica ou descolada \u2014 sempre cabe mais uma prateleira (e mais um objeto querido pra expor!).<\/p>\n\n\n\n<p>Aqui voc\u00ea vai encontrar ideias criativas, truques pr\u00e1ticos, uma tabelinha f\u00e1cil para escolher onde colocar cada tipo, al\u00e9m de respostas para d\u00favidas reais e um v\u00eddeo com inspira\u00e7\u00f5es para voc\u00ea testar j\u00e1.<\/p>\n\n\n\n<hr class=\"wp-block-separator has-alpha-channel-opacity\"\/>\n\n\n\n<h2 id='por-que-prateleiras-decorativas-viraram-essenciais'  class=\"wp-block-heading\">Por que prateleiras decorativas viraram essenciais?<\/h2>\n\n\n\n<p>A verdade \u00e9 que as <strong>prateleiras decorativas<\/strong> v\u00e3o al\u00e9m da fun\u00e7\u00e3o b\u00e1sica de apoiar objetos. Elas permitem que voc\u00ea mostre seu estilo, guarde mem\u00f3rias, destaque plantinhas, livros ou at\u00e9 aquele vaso especial que sempre ficou guardado.<\/p>\n\n\n\n<p>S\u00e3o perfeitas para quem adora renovar a casa gastando pouco e quer dar vida nova \u00e0s paredes, aproveitando cada espa\u00e7o \u2014 at\u00e9 os mais improv\u00e1veis!<\/p>\n\n\n\n<hr class=\"wp-block-separator has-alpha-channel-opacity\"\/>\n\n\n\n<h2 id='tabela-pr\u00e1tica-onde-usar-prateleiras-decorativas-e-o-que-colocar'  class=\"wp-block-heading\">Tabela pr\u00e1tica: Onde usar prateleiras decorativas e o que colocar<\/h2>\n\n\n\n<figure class=\"wp-block-table\"><table class=\"has-fixed-layout\"><thead><tr><th>Ambiente<\/th><th>Tipo de Prateleira<\/th><th>O que exibir?<\/th><\/tr><\/thead><tbody><tr><td>Sala de estar<\/td><td>Flutuante, com LED<\/td><td>Livros, quadros, velas, plantas<\/td><\/tr><tr><td>Quarto<\/td><td>Cabeceira, vertical<\/td><td>Lumin\u00e1rias, livros, fotos<\/td><\/tr><tr><td>Cozinha<\/td><td>Madeira, metal, nichos<\/td><td>Temperos, lou\u00e7as, vasos decorativos<\/td><\/tr><tr><td>Banheiro<\/td><td>Sobre o vaso, suspensa<\/td><td>Toalhas, aromatizadores, cestos<\/td><\/tr><tr><td>Hall de entrada<\/td><td>Com ganchos<\/td><td>Chaves, bolsas, objetos de bolso<\/td><\/tr><tr><td>Quarto infantil<\/td><td>Baixa, colorida<\/td><td>Livros, brinquedos, bichinhos<\/td><\/tr><tr><td>Lavanderia<\/td><td>Simples, resistente<\/td><td>Produtos de limpeza, cestos<\/td><\/tr><tr><td>Acima da porta<\/td><td>Estreita, discreta<\/td><td>Caixas organizadoras, livros<\/td><\/tr><tr><td>Ambientes pequenos<\/td><td>Cantoneira, suspensa<\/td><td>Plantas, cole\u00e7\u00f5es, objetos afetivos<\/td><\/tr><\/tbody><\/table><\/figure>\n\n\n\n<hr class=\"wp-block-separator has-alpha-channel-opacity\"\/>\n\n\n\n<a href=\"https:\/\/1truenote.com\/en\/banheiro-limpo-dicas-acolhedor\/\" style=\"text-decoration: none;\">\n  <div style=\"display: flex; justify-content: space-between; align-items: center; background: #d44a00; padding: 12px 20px; color: white; font-family: Arial, sans-serif;\">\n    <strong style=\"color: black;\">READ ALSO:<\/strong>\n    <span style=\"margin-left: 8px; flex: 1;\">10 Dicas infal\u00edveis<\/span>\n    <div style=\"background: #f2802f; padding: 8px 12px; border-radius: 2px; margin-left: 10px;\">\n      <span style=\"color: white; font-weight: bold;\">\u27a4<\/span>\n    <\/div>\n  <\/div>\n<\/a>\n\n\n\n<hr class=\"wp-block-separator has-alpha-channel-opacity\"\/>\n\n\n\n<h2 id='15-ideias-para-transformar-sua-casa-com-prateleiras-decorativas'  class=\"wp-block-heading\">15 Ideias para transformar sua casa com prateleiras decorativas<\/h2>\n\n\n\n<ol class=\"wp-block-list\">\n<li><strong>Sobre o sof\u00e1:<\/strong><br>Aposte em uma prateleira estreita para quadros e livros. Visual moderno e sem furos extras na parede!<\/li>\n\n\n\n<li><strong>No hall de entrada com ganchos:<\/strong><br>Ideal pra pendurar chaves, bolsas e deixar tudo \u00e0 m\u00e3o antes de sair.<\/li>\n\n\n\n<li><strong>Em cima da cabeceira da cama:<\/strong><br>Exponha lumin\u00e1rias pequenas, quadrinhos e at\u00e9 uma plantinha.<\/li>\n\n\n\n<li><strong>No banheiro acima do vaso sanit\u00e1rio:<\/strong><br>Pr\u00e1tica pra organizar toalhas, aromatizadores ou objetos de decora\u00e7\u00e3o.<\/li>\n\n\n\n<li><strong>Estilo nicho flutuante na cozinha:<\/strong><br>Mostre seus temperos, lou\u00e7as ou plantinhas favoritas.<\/li>\n\n\n\n<li><strong>Prateleiras verticais em cantos vazios:<\/strong><br>Transforme aquele canto esquecido em um espa\u00e7o de destaque!<\/li>\n\n\n\n<li><strong>Com ilumina\u00e7\u00e3o embutida:<\/strong><br>Fita de LED d\u00e1 um toque sofisticado em quartos e salas de TV.<\/li>\n\n\n\n<li><strong>Acima da porta:<\/strong><br>Aproveite cada cent\u00edmetro pra guardar itens menos usados.<\/li>\n\n\n\n<li><strong>Com suportes aparentes em metal:<\/strong><br>Suportes dourados ou pretos s\u00e3o puro charme para cozinhas ou home office.<\/li>\n\n\n\n<li><strong>Parede inteira:<\/strong><br>Crie sua pr\u00f3pria galeria misturando livros, objetos e plantas.<\/li>\n\n\n\n<li><strong>Quarto infantil:<\/strong><br>Deixe livros e brinquedos acess\u00edveis para as crian\u00e7as \u2014 e estimule a criatividade!<\/li>\n\n\n\n<li><strong>Estilo r\u00fastico com madeira de demoli\u00e7\u00e3o:<\/strong><br>Perfeito pra ambientes boho ou naturais.<\/li>\n\n\n\n<li><strong>Suspensas com cordas ou cabos:<\/strong><br>Leveza e modernidade em qualquer c\u00f4modo, com um toque DIY.<\/li>\n\n\n\n<li><strong>Na lavanderia:<\/strong><br>Ajuda a manter o ambiente organizado e funcional.<\/li>\n\n\n\n<li><strong>Com objetos afetivos ou cole\u00e7\u00f5es:<\/strong><br>Exiba miniaturas, lembran\u00e7as de viagem ou itens que contam sua hist\u00f3ria.<\/li>\n<\/ol>\n\n\n\n<hr class=\"wp-block-separator has-alpha-channel-opacity\"\/>\n\n\n\n<figure class=\"wp-block-image aligncenter size-medium\"><a href=\"https:\/\/chat.whatsapp.com\/KJBkp5LFJVRIvmt5X3hSEh\" target=\"_blank\" rel=\"noopener\"><img data-recalc-dims=\"1\" fetchpriority=\"high\" decoding=\"async\" width=\"200\" height=\"300\" src=\"https:\/\/i0.wp.com\/1truenote.com\/wp-content\/uploads\/2025\/06\/ChatGPT-Image-3-de-jun.-de-2025-19_04_53.png?resize=200%2C300&#038;ssl=1\" alt=\"chamada banner advetorial whats\" class=\"wp-image-2683\" srcset=\"https:\/\/i0.wp.com\/1truenote.com\/wp-content\/uploads\/2025\/06\/ChatGPT-Image-3-de-jun.-de-2025-19_04_53.png?resize=200%2C300&amp;ssl=1 200w, https:\/\/i0.wp.com\/1truenote.com\/wp-content\/uploads\/2025\/06\/ChatGPT-Image-3-de-jun.-de-2025-19_04_53.png?resize=683%2C1024&amp;ssl=1 683w, https:\/\/i0.wp.com\/1truenote.com\/wp-content\/uploads\/2025\/06\/ChatGPT-Image-3-de-jun.-de-2025-19_04_53.png?resize=768%2C1152&amp;ssl=1 768w, https:\/\/i0.wp.com\/1truenote.com\/wp-content\/uploads\/2025\/06\/ChatGPT-Image-3-de-jun.-de-2025-19_04_53.png?resize=150%2C225&amp;ssl=1 150w, https:\/\/i0.wp.com\/1truenote.com\/wp-content\/uploads\/2025\/06\/ChatGPT-Image-3-de-jun.-de-2025-19_04_53.png?w=1024&amp;ssl=1 1024w\" sizes=\"(max-width: 200px) 100vw, 200px\" \/><\/a><\/figure>\n\n\n\n<hr class=\"wp-block-separator has-alpha-channel-opacity\"\/>\n\n\n\n<h2 id='dica-de-v\u00eddeo-para-se-inspirar-no-youtube'  class=\"wp-block-heading\">Dica de v\u00eddeo para se inspirar no YouTube<\/h2>\n\n\n\n<p>Quer ver prateleiras decorativas ganhando vida nos mais diversos ambientes? Olha s\u00f3 essas ideias visuais:<br><a href=\"https:\/\/www.youtube.com\/shorts\/fpDgZ90o8b4\" data-type=\"link\" data-id=\"https:\/\/www.youtube.com\/shorts\/fpDgZ90o8b4\" target=\"_blank\" rel=\"noopener\">Prateleiras Decorativas: como usar e organizar \u2013 YouTube<\/a><\/p>\n\n\n\n<figure class=\"wp-block-embed aligncenter is-type-video is-provider-youtube wp-block-embed-youtube wp-embed-aspect-16-9 wp-has-aspect-ratio\"><div class=\"wp-block-embed__wrapper\">\n<iframe title=\"COMO DECORAR ESTANTES E PRATELEIRAS \u2728\" width=\"720\" height=\"405\" src=\"https:\/\/www.youtube.com\/embed\/fpDgZ90o8b4?feature=oembed\" frameborder=\"0\" allow=\"accelerometer; autoplay; clipboard-write; encrypted-media; gyroscope; picture-in-picture; web-share\" referrerpolicy=\"strict-origin-when-cross-origin\" allowfullscreen><\/iframe>\n<\/div><\/figure>\n\n\n\n<hr class=\"wp-block-separator has-alpha-channel-opacity\"\/>\n\n\n<div class=\"hostinger-affiliate-block-wrap\">\n            <div class=\"hostinger-affiliate-block-list-simple\">\n            <div class=\"hostinger-affiliate-block-list-simple__image\">\n                                        <a href=\"https:\/\/www.amazon.com.br\/dp\/B0CZJZH6GF?tag=joaopedro047-20\" target=\"_blank\" rel=\"nofollow noopener noreferrer\">\n                            <img decoding=\"async\" src=\"https:\/\/m.media-amazon.com\/images\/I\/31YQbU2jSlL.jpg\" alt=\"Kit 2 Prateleiras de Madeira C Suporte Embutido invis\u00edvel Madeira...\">\n                        <\/a>\n                                <\/div>\n            <div class=\"hostinger-affiliate-block-list-simple__product-data\">\n                <div class=\"hostinger-affiliate-block-list-simple__product-info\">\n                                            <div class=\"hostinger-affiliate-block-list-simple__bestseller-label\">\n                                                        Bestseller #1                        <\/div>\n                                            <div class=\"hostinger-affiliate-block-list-simple__product-title\">\n                        <a href=\"https:\/\/www.amazon.com.br\/dp\/B0CZJZH6GF?tag=joaopedro047-20\" target=\"_blank\" rel=\"nofollow noopener noreferrer\">\n                            <h3 id='kit-2-prateleiras-de-madeira-c-suporte-embutido-invis\u00edvel-madeira'>\n                                Kit 2 Prateleiras de Madeira C Suporte Embutido invis\u00edvel Madeira&#8230;                            <\/h3>\n                        <\/a>\n                    <\/div>\n                    <div class=\"hostinger-affiliate-block-list-simple__product-pricing\">\n                                                    <div class=\"hostinger-affiliate-block-list-simple__product-price\">\n                                R$78,33                            <\/div>\n                                                <\/div>\n                <\/div>\n                <div class=\"hostinger-affiliate-block-list-simple__product-actions\">\n                    <div>\n                        <a href=\"https:\/\/www.amazon.com.br\/dp\/B0CZJZH6GF?tag=joaopedro047-20\" class=\"hostinger-affiliate-block-list-simple__product-amazon-button\" target=\"_blank\" rel=\"nofollow noopener noreferrer\">\n    Buy on Amazon<\/a>\n                    <\/div>\n                <\/div>\n            <\/div>\n        <\/div>\n                <div class=\"hostinger-affiliate-block-list-simple\">\n            <div class=\"hostinger-affiliate-block-list-simple__image\">\n                                        <a href=\"https:\/\/www.amazon.com.br\/dp\/B0DQF86B75?tag=joaopedro047-20\" target=\"_blank\" rel=\"nofollow noopener noreferrer\">\n                            <img decoding=\"async\" src=\"https:\/\/m.media-amazon.com\/images\/I\/419QnGCULSL.jpg\" alt=\"Kit 4 Prateleiras Porta Livros em Madeira Pinus Natural Com Cerqu...\">\n                        <\/a>\n                                <\/div>\n            <div class=\"hostinger-affiliate-block-list-simple__product-data\">\n                <div class=\"hostinger-affiliate-block-list-simple__product-info\">\n                                            <div class=\"hostinger-affiliate-block-list-simple__bestseller-label\">\n                                                        Bestseller #2                        <\/div>\n                                            <div class=\"hostinger-affiliate-block-list-simple__product-title\">\n                        <a href=\"https:\/\/www.amazon.com.br\/dp\/B0DQF86B75?tag=joaopedro047-20\" target=\"_blank\" rel=\"nofollow noopener noreferrer\">\n                            <h3 id='kit-4-prateleiras-porta-livros-em-madeira-pinus-natural-com-cerqu'>\n                                Kit 4 Prateleiras Porta Livros em Madeira Pinus Natural Com Cerqu&#8230;                            <\/h3>\n                        <\/a>\n                    <\/div>\n                    <div class=\"hostinger-affiliate-block-list-simple__product-pricing\">\n                                                    <div class=\"hostinger-affiliate-block-list-simple__product-price\">\n                                R$156,40                            <\/div>\n                                                <\/div>\n                <\/div>\n                <div class=\"hostinger-affiliate-block-list-simple__product-actions\">\n                    <div>\n                        <a href=\"https:\/\/www.amazon.com.br\/dp\/B0DQF86B75?tag=joaopedro047-20\" class=\"hostinger-affiliate-block-list-simple__product-amazon-button\" target=\"_blank\" rel=\"nofollow noopener noreferrer\">\n    Buy on Amazon<\/a>\n                    <\/div>\n                <\/div>\n            <\/div>\n        <\/div>\n                <div class=\"hostinger-affiliate-block-list-simple\">\n            <div class=\"hostinger-affiliate-block-list-simple__image\">\n                                        <a href=\"https:\/\/www.amazon.com.br\/dp\/B0F96GNVS1?tag=joaopedro047-20\" target=\"_blank\" rel=\"nofollow noopener noreferrer\">\n                            <img decoding=\"async\" src=\"https:\/\/m.media-amazon.com\/images\/I\/31qVllaUG0L.jpg\" alt=\"Kit com 2 Prateleiras Flutuantes MDF Branco 60x15cm com Suporte I...\">\n                        <\/a>\n                                <\/div>\n            <div class=\"hostinger-affiliate-block-list-simple__product-data\">\n                <div class=\"hostinger-affiliate-block-list-simple__product-info\">\n                                            <div class=\"hostinger-affiliate-block-list-simple__bestseller-label\">\n                                                        Bestseller #3                        <\/div>\n                                            <div class=\"hostinger-affiliate-block-list-simple__product-title\">\n                        <a href=\"https:\/\/www.amazon.com.br\/dp\/B0F96GNVS1?tag=joaopedro047-20\" target=\"_blank\" rel=\"nofollow noopener noreferrer\">\n                            <h3 id='kit-com-2-prateleiras-flutuantes-mdf-branco-60x15cm-com-suporte-i'>\n                                Kit com 2 Prateleiras Flutuantes MDF Branco 60x15cm com Suporte I&#8230;                            <\/h3>\n                        <\/a>\n                    <\/div>\n                    <div class=\"hostinger-affiliate-block-list-simple__product-pricing\">\n                                                    <div class=\"hostinger-affiliate-block-list-simple__product-price\">\n                                R$66,00                            <\/div>\n                                                <\/div>\n                <\/div>\n                <div class=\"hostinger-affiliate-block-list-simple__product-actions\">\n                    <div>\n                        <a href=\"https:\/\/www.amazon.com.br\/dp\/B0F96GNVS1?tag=joaopedro047-20\" class=\"hostinger-affiliate-block-list-simple__product-amazon-button\" target=\"_blank\" rel=\"nofollow noopener noreferrer\">\n    Buy on Amazon<\/a>\n                    <\/div>\n                <\/div>\n            <\/div>\n        <\/div>\n        <\/div>\n\n\n\n<hr class=\"wp-block-separator has-alpha-channel-opacity\"\/>\n\n\n\n<h2 id='prateleiras-decorativas'  class=\"wp-block-heading\">Prateleiras decorativas<\/h2>\n\n\n\n<p>No fim das contas, as <strong>prateleiras decorativas<\/strong> s\u00e3o um convite para mostrar quem voc\u00ea \u00e9, guardar hist\u00f3rias e reinventar a casa sem stress. Com criatividade e um olhar atento, qualquer parede pode virar cen\u00e1rio de mem\u00f3rias, praticidade e beleza \u2014 tudo com um investimento acess\u00edvel.<\/p>\n\n\n\n<p>Experimente uma (ou v\u00e1rias) das ideias aqui e descubra como um detalhe muda a energia do ambiente inteiro. Se gostou das dicas, compartilhe, conte nos coment\u00e1rios qual prateleira voc\u00ea sonha em instalar e marque aquela pessoa que precisa se inspirar para decorar!<\/p>\n\n\n\n<p>Sua casa merece esse toque especial. At\u00e9 a pr\u00f3xima inspira\u00e7\u00e3o!<\/p>\n\n\n\n<hr class=\"wp-block-separator has-alpha-channel-opacity\"\/>\n\n\n\n<a href=\"https:\/\/1truenote.com\/en\/banheiro-limpo-dicas-acolhedor\/\" style=\"text-decoration: none;\">\n  <div style=\"display: flex; justify-content: space-between; align-items: center; background: #d44a00; padding: 12px 20px; color: white; font-family: Arial, sans-serif;\">\n    <strong style=\"color: black;\">READ ALSO:<\/strong>\n    <span style=\"margin-left: 8px; flex: 1;\">10 Dicas infal\u00edveis<\/span>\n    <div style=\"background: #f2802f; padding: 8px 12px; border-radius: 2px; margin-left: 10px;\">\n      <span style=\"color: white; font-weight: bold;\">\u27a4<\/span>\n    <\/div>\n  <\/div>\n<\/a>\n\n\n\n\n<hr class=\"wp-block-separator has-alpha-channel-opacity\"\/>\n\n\n\n<h2 id='faq-d\u00favidas-frequentes-sobre-prateleiras-decorativas'  class=\"wp-block-heading\">FAQ \u2014 D\u00favidas frequentes sobre prateleiras decorativas<\/h2>\n\n\n<div id=\"rank-math-faq\" class=\"rank-math-block\">\n<div class=\"rank-math-list\">\n<div id=\"faq-question-1751035554071\" class=\"rank-math-list-item\">\n<h3 id='prateleiras-decorativas-s\u00e3o-f\u00e1ceis-de-instalar'  class=\"rank-math-question\">Prateleiras decorativas s\u00e3o f\u00e1ceis de instalar?<\/h3>\n<div class=\"rank-math-answer\">\n\n<p>Sim! Existem modelos que n\u00e3o precisam furar parede e outros que usam suportes discretos. S\u00f3 aten\u00e7\u00e3o ao peso dos objetos, ok?<\/p>\n\n<\/div>\n<\/div>\n<div id=\"faq-question-1751035555081\" class=\"rank-math-list-item\">\n<h3 id='posso-usar-prateleiras-em-ambientes-\u00famidos-como-banheiros'  class=\"rank-math-question\">Posso usar prateleiras em ambientes \u00famidos, como banheiros?<\/h3>\n<div class=\"rank-math-answer\">\n\n<p>Pode, mas prefira materiais resistentes \u00e0 umidade, como vidro, metal ou madeira tratada.<\/p>\n\n<\/div>\n<\/div>\n<div id=\"faq-question-1751035556321\" class=\"rank-math-list-item\">\n<h3 id='qual-a-altura-ideal-para-instalar-prateleiras'  class=\"rank-math-question\">Qual a altura ideal para instalar prateleiras?<\/h3>\n<div class=\"rank-math-answer\">\n\n<p>Depende do uso, mas geralmente entre 1,20m e 1,60m do ch\u00e3o fica ergon\u00f4mico e bonito.<\/p>\n\n<\/div>\n<\/div>\n<div id=\"faq-question-1751035556922\" class=\"rank-math-list-item\">\n<h3 id='como-evitar-que-as-prateleiras-fiquem-bagun\u00e7adas'  class=\"rank-math-question\">Como evitar que as prateleiras fiquem \u201cbagun\u00e7adas\u201d?<\/h3>\n<div class=\"rank-math-answer\">\n\n<p>Menos \u00e9 mais! Combine objetos de tamanhos diferentes e deixe espa\u00e7o livre entre eles para dar leveza.<\/p>\n\n<\/div>\n<\/div>\n<div id=\"faq-question-1751035587403\" class=\"rank-math-list-item\">\n<h3 id='d\u00e1-pra-trocar-as-prateleiras-de-lugar-depois-de-instaladas'  class=\"rank-math-question\">D\u00e1 pra trocar as prateleiras de lugar depois de instaladas?<\/h3>\n<div class=\"rank-math-answer\">\n\n<p>Algumas sim! Prateleiras de encaixe ou suportes modulares facilitam a mudan\u00e7a.<\/p>\n\n<\/div>\n<\/div>\n<\/div>\n<\/div>\n\n\n<figure class=\"wp-block-image aligncenter size-large\"><img data-recalc-dims=\"1\" decoding=\"async\" width=\"1024\" height=\"683\" src=\"https:\/\/i0.wp.com\/1truenote.com\/wp-content\/uploads\/2025\/06\/ChatGPT-Image-27-de-jun.-de-2025-11_54_06.png?resize=1024%2C683&#038;ssl=1\" alt=\"prateleiras decorativas\" class=\"wp-image-3293\" srcset=\"https:\/\/i0.wp.com\/1truenote.com\/wp-content\/uploads\/2025\/06\/ChatGPT-Image-27-de-jun.-de-2025-11_54_06.png?resize=1024%2C683&amp;ssl=1 1024w, https:\/\/i0.wp.com\/1truenote.com\/wp-content\/uploads\/2025\/06\/ChatGPT-Image-27-de-jun.-de-2025-11_54_06.png?resize=300%2C200&amp;ssl=1 300w, https:\/\/i0.wp.com\/1truenote.com\/wp-content\/uploads\/2025\/06\/ChatGPT-Image-27-de-jun.-de-2025-11_54_06.png?resize=768%2C512&amp;ssl=1 768w, https:\/\/i0.wp.com\/1truenote.com\/wp-content\/uploads\/2025\/06\/ChatGPT-Image-27-de-jun.-de-2025-11_54_06.png?resize=150%2C100&amp;ssl=1 150w, https:\/\/i0.wp.com\/1truenote.com\/wp-content\/uploads\/2025\/06\/ChatGPT-Image-27-de-jun.-de-2025-11_54_06.png?w=1536&amp;ssl=1 1536w\" sizes=\"(max-width: 1024px) 100vw, 1024px\" \/><\/figure>","protected":false},"excerpt":{"rendered":"<p>Se tem um truque que muda o clima da casa sem bagun\u00e7a nem reforma, \u00e9 apostar nas prateleiras decorativas. Elas&#8230;<\/p>","protected":false},"author":1,"featured_media":3293,"comment_status":"open","ping_status":"open","sticky":false,"template":"","format":"standard","meta":{"_kad_post_transparent":"","_kad_post_title":"","_kad_post_layout":"","_kad_post_sidebar_id":"","_kad_post_content_style":"","_kad_post_vertical_padding":"","_kad_post_feature":"","_kad_post_feature_position":"","_kad_post_header":false,"_kad_post_footer":false,"_kad_post_classname":"","footnotes":"","jetpack_publicize_message":"Se tem um truque que muda o clima da casa sem bagun\u00e7a nem reforma, \u00e9 apostar nas prateleiras decorativas. Elas s\u00e3o como um curinga: Cabem em qualquer cantinho, ajudam na organiza\u00e7\u00e3o e ainda trazem um toque de personalidade que s\u00f3 quem vive ali consegue dar. N\u00e3o importa se sua casa \u00e9 grande ou min\u00fascula, cl\u00e1ssica ou descolada \u2014 sempre cabe mais uma prateleira (e mais um objeto querido pra expor!).\n\nAqui voc\u00ea vai encontrar ideias criativ\u2026\nhttps:\/\/1truenote.com\/\n\n#carvalhoconsultoriabrasil #truenote #decor #decoracao #sala #prateleira #prateleiras #decorativa #prateleiradecorativa #novidade #criativa","jetpack_publicize_feature_enabled":true,"jetpack_social_post_already_shared":true,"jetpack_social_options":{"image_generator_settings":{"template":"highway","default_image_id":0,"enabled":false},"version":2}},"categories":[16],"tags":[14,23,12],"class_list":["post-3292","post","type-post","status-publish","format-standard","has-post-thumbnail","hentry","category-casa-e-jardim","tag-interiores-inovadores","tag-produtos","tag-projetos-inovadores"],"jetpack_publicize_connections":[],"jetpack_featured_media_url":"https:\/\/i0.wp.com\/1truenote.com\/wp-content\/uploads\/2025\/06\/ChatGPT-Image-27-de-jun.-de-2025-11_54_06.png?fit=1536%2C1024&ssl=1","jetpack_sharing_enabled":true,"_links":{"self":[{"href":"https:\/\/1truenote.com\/en\/wp-json\/wp\/v2\/posts\/3292","targetHints":{"allow":["GET"]}}],"collection":[{"href":"https:\/\/1truenote.com\/en\/wp-json\/wp\/v2\/posts"}],"about":[{"href":"https:\/\/1truenote.com\/en\/wp-json\/wp\/v2\/types\/post"}],"author":[{"embeddable":true,"href":"https:\/\/1truenote.com\/en\/wp-json\/wp\/v2\/users\/1"}],"replies":[{"embeddable":true,"href":"https:\/\/1truenote.com\/en\/wp-json\/wp\/v2\/comments?post=3292"}],"version-history":[{"count":1,"href":"https:\/\/1truenote.com\/en\/wp-json\/wp\/v2\/posts\/3292\/revisions"}],"predecessor-version":[{"id":3294,"href":"https:\/\/1truenote.com\/en\/wp-json\/wp\/v2\/posts\/3292\/revisions\/3294"}],"wp:featuredmedia":[{"embeddable":true,"href":"https:\/\/1truenote.com\/en\/wp-json\/wp\/v2\/media\/3293"}],"wp:attachment":[{"href":"https:\/\/1truenote.com\/en\/wp-json\/wp\/v2\/media?parent=3292"}],"wp:term":[{"taxonomy":"category","embeddable":true,"href":"https:\/\/1truenote.com\/en\/wp-json\/wp\/v2\/categories?post=3292"},{"taxonomy":"post_tag","embeddable":true,"href":"https:\/\/1truenote.com\/en\/wp-json\/wp\/v2\/tags?post=3292"}],"curies":[{"name":"wp","href":"https:\/\/api.w.org\/{rel}","templated":true}]}}