{"id":3288,"date":"2025-06-27T14:00:00","date_gmt":"2025-06-27T17:00:00","guid":{"rendered":"https:\/\/1truenote.com\/?p=3288"},"modified":"2025-06-27T11:02:19","modified_gmt":"2025-06-27T14:02:19","slug":"tendencias-de-cores-para-cozinhas-modernas-compactas","status":"publish","type":"post","link":"https:\/\/1truenote.com\/en\/tendencias-de-cores-para-cozinhas-modernas-compactas\/","title":{"rendered":"Tend\u00eancias de cores para transformar cozinhas modernas e compactas"},"content":{"rendered":"<div class=\"fit_content\">\n                <div class=\"bd_toc_container\" data-fixedwidth=\"\">\n                    <div class=\"bd_toc_wrapper\" data-wrapperpadding=\"48px\">\n                        <div class=\"bd_toc_wrapper_item\">\n                            <div class=\"bd_toc_header active\" data-headerpadding=\"2px\">\n                                <div class=\"bd_toc_header_title\">\n                                    Sum\u00e1rio                                <\/div>\n                                <div class=\"bd_toc_switcher_hide_show_icon\">\n                                    <span class=\"bd_toc_arrow\"><\/span>                                <\/div>\n                            <\/div>\n                            <div class=\"bd_toc_content list-type-number\">\n                                <div class=\"bd_toc_content_list\">\n                                    <div class='bd_toc_content_list_item'>    <ul>\n      <li class=\"first\">\n        <a href=\"#as-cores-em-alta-para-tend\u00eancias-de-cores-para-cozinhas-modernas-e-contempor\u00e2neas\">As cores em alta para tend\u00eancias de cores para cozinhas modernas e contempor\u00e2neas<\/a>\n        <ul class=\"menu_level_2\">\n          <li class=\"first last\">\n            <a href=\"#combina\u00e7\u00f5es-inteligentes-madeira-inox-e-tons-suaves\">Combina\u00e7\u00f5es inteligentes: Madeira, inox e tons suaves<\/a>\n          <\/li>\n        <\/ul>\n      <\/li>\n      <li>\n        <a href=\"#detalhes-que-fazem-a-diferen\u00e7a\">Detalhes que fazem a diferen\u00e7a<\/a>\n      <\/li>\n      <li>\n        <a href=\"#plantas-naturais-e-decora\u00e7\u00e3o-leve\">Plantas naturais e decora\u00e7\u00e3o leve<\/a>\n      <\/li>\n      <li>\n        <a href=\"#azulejos-e-pastilhas-o-toque-final-de-personalidade\">Azulejos e pastilhas: O toque final de personalidade<\/a>\n        <ul class=\"menu_level_2\">\n          <li class=\"first last\">\n            <a href=\"#dicas-pr\u00e1ticas-para-aplicar-as-tend\u00eancias-na-sua-cozinha\">Dicas pr\u00e1ticas para aplicar as tend\u00eancias na sua cozinha<\/a>\n          <\/li>\n        <\/ul>\n      <\/li>\n      <li>\n        <a href=\"#inspira\u00e7\u00f5es-para-todos-os-estilos\">Inspira\u00e7\u00f5es para todos os estilos<\/a>\n      <\/li>\n      <li>\n        <a href=\"#tend\u00eancias-de-cores-para-cozinhas-modernas\">Tend\u00eancias de cores para cozinhas modernas<\/a>\n      <\/li>\n      <li class=\"last\">\n        <a href=\"#faq-d\u00favidas-frequentes-sobre-tend\u00eancias-de-cores-para-cozinhas-modernas\">FAQ \u2013 D\u00favidas frequentes sobre tend\u00eancias de cores para cozinhas modernas<\/a>\n        <ul class=\"menu_level_2\">\n          <li class=\"first\">\n            <a href=\"#como-escolher-a-cor-ideal-para-arm\u00e1rios-pequenos\">Como escolher a cor ideal para arm\u00e1rios pequenos?<\/a>\n          <\/li>\n          <li>\n            <a href=\"#posso-misturar-cores-diferentes-nos-arm\u00e1rios\">Posso misturar cores diferentes nos arm\u00e1rios?<\/a>\n          <\/li>\n          <li>\n            <a href=\"#\u00e9-preciso-trocar-todos-os-m\u00f3veis-para-renovar-a-cozinha\">\u00c9 preciso trocar todos os m\u00f3veis para renovar a cozinha?<\/a>\n          <\/li>\n          <li class=\"last\">\n            <a href=\"#quais-plantas-s\u00e3o-mais-indicadas-para-cozinhas-compactas\">Quais plantas s\u00e3o mais indicadas para cozinhas compactas?<\/a>\n          <\/li>\n        <\/ul>\n      <\/li>\n    <\/ul>\n<\/div>                                <\/div>\n                            <\/div>\n                        <\/div>\n                    <\/div>\n                    <div class=\"layout_toggle_button\">\n                        <span class=\"bd_toc_arrow\"><\/span>\n                    <\/div>\n                <\/div>\n            <\/div>\n\n    \n\n\n<p><strong>Tend\u00eancias de cores para cozinhas modernas.<\/strong> A cozinha \u00e9, cada vez mais, um ambiente que reflete a personalidade dos moradores. Em espa\u00e7os compactos, as escolhas de cores ganham ainda mais destaque, criando cen\u00e1rios cheios de charme, praticidade e eleg\u00e2ncia.<\/p>\n\n\n\n<p>As tend\u00eancias atuais mostram como tons suaves e combina\u00e7\u00f5es criativas podem renovar at\u00e9 mesmo a menor das cozinhas, tornando-a funcional e aconchegante.<\/p>\n\n\n\n<hr class=\"wp-block-separator has-alpha-channel-opacity\"\/>\n\n\n\n<h2 id='as-cores-em-alta-para-tend\u00eancias-de-cores-para-cozinhas-modernas-e-contempor\u00e2neas'  class=\"wp-block-heading\">As cores em alta para tend\u00eancias de cores para cozinhas modernas e contempor\u00e2neas<\/h2>\n\n\n\n<p>Se antes o branco era quase unanimidade, hoje cozinhas compactas ganham vida com nuances sofisticadas e atuais. Azul acinzentado, verde s\u00e1lvia, azul petr\u00f3leo e verde oliva est\u00e3o entre as escolhas mais populares.<\/p>\n\n\n\n<p>Esses tons criam uma sensa\u00e7\u00e3o de tranquilidade, al\u00e9m de deixarem o ambiente com um visual moderno, acolhedor e muito estiloso. O segredo est\u00e1 em equilibrar cores marcantes com detalhes neutros, mantendo a harmonia visual com as tend\u00eancias de cores para cozinhas modernas.<\/p>\n\n\n\n<hr class=\"wp-block-separator has-alpha-channel-opacity\"\/>\n\n\n\n<h3 id='combina\u00e7\u00f5es-inteligentes-madeira-inox-e-tons-suaves'  class=\"wp-block-heading\">Combina\u00e7\u00f5es inteligentes: Madeira, inox e tons suaves<\/h3>\n\n\n\n<p>O contraste entre arm\u00e1rios coloridos e detalhes em madeira clara \u00e9 uma tend\u00eancia que veio para ficar e \u00e9 uma das principais tend\u00eancias de cores para cozinhas modernas. A madeira aquece o ambiente, enquanto os tons suaves trazem leveza.<\/p>\n\n\n\n<p>Bancadas em branco ou cinza claro refor\u00e7am a sensa\u00e7\u00e3o de amplitude e ajudam a refletir a luz natural, tornando o espa\u00e7o mais agrad\u00e1vel. Eletrodom\u00e9sticos em inox entram como ponto de equil\u00edbrio, oferecendo praticidade e um toque de modernidade.<\/p>\n\n\n\n<hr class=\"wp-block-separator has-alpha-channel-opacity\"\/>\n\n\n\n<figure class=\"wp-block-image aligncenter size-medium\"><a href=\"https:\/\/chat.whatsapp.com\/KJBkp5LFJVRIvmt5X3hSEh\" target=\"_blank\" rel=\"noopener\"><img data-recalc-dims=\"1\" fetchpriority=\"high\" decoding=\"async\" width=\"200\" height=\"300\" src=\"https:\/\/i0.wp.com\/1truenote.com\/wp-content\/uploads\/2025\/06\/ChatGPT-Image-3-de-jun.-de-2025-19_04_53.png?resize=200%2C300&#038;ssl=1\" alt=\"chamada banner advetorial whats\" class=\"wp-image-2683\" srcset=\"https:\/\/i0.wp.com\/1truenote.com\/wp-content\/uploads\/2025\/06\/ChatGPT-Image-3-de-jun.-de-2025-19_04_53.png?resize=200%2C300&amp;ssl=1 200w, https:\/\/i0.wp.com\/1truenote.com\/wp-content\/uploads\/2025\/06\/ChatGPT-Image-3-de-jun.-de-2025-19_04_53.png?resize=683%2C1024&amp;ssl=1 683w, https:\/\/i0.wp.com\/1truenote.com\/wp-content\/uploads\/2025\/06\/ChatGPT-Image-3-de-jun.-de-2025-19_04_53.png?resize=768%2C1152&amp;ssl=1 768w, https:\/\/i0.wp.com\/1truenote.com\/wp-content\/uploads\/2025\/06\/ChatGPT-Image-3-de-jun.-de-2025-19_04_53.png?resize=150%2C225&amp;ssl=1 150w, https:\/\/i0.wp.com\/1truenote.com\/wp-content\/uploads\/2025\/06\/ChatGPT-Image-3-de-jun.-de-2025-19_04_53.png?w=1024&amp;ssl=1 1024w\" sizes=\"(max-width: 200px) 100vw, 200px\" \/><\/a><\/figure>\n\n\n\n<hr class=\"wp-block-separator has-alpha-channel-opacity\"\/>\n\n\n\n<h2 id='detalhes-que-fazem-a-diferen\u00e7a'  class=\"wp-block-heading\">Detalhes que fazem a diferen\u00e7a<\/h2>\n\n\n\n<p>Pequenos detalhes s\u00e3o capazes de transformar a atmosfera da cozinha. Puxadores met\u00e1licos ou pretos refor\u00e7am o estilo contempor\u00e2neo. As bancadas claras, al\u00e9m de bonitas, facilitam a limpeza e valorizam os arm\u00e1rios. Investir em ilumina\u00e7\u00e3o natural \u00e9 outra dica essencial para real\u00e7ar as cores e texturas do ambiente. O resultado \u00e9 um visual elegante e convidativo, perfeito para quem valoriza praticidade sem abrir m\u00e3o do design.<\/p>\n\n\n\n<hr class=\"wp-block-separator has-alpha-channel-opacity\"\/>\n\n\n\n<h2 id='plantas-naturais-e-decora\u00e7\u00e3o-leve'  class=\"wp-block-heading\">Plantas naturais e decora\u00e7\u00e3o leve<\/h2>\n\n\n\n<p>Um toque de natureza faz toda a diferen\u00e7a em cozinhas compactas. Vasos com ervas ou folhagens pendentes trazem frescor e bem-estar ao ambiente, al\u00e9m de decorarem de forma sutil. Pratos decorativos na parede, cestos de fibras e banquetas em tons suaves completam a composi\u00e7\u00e3o, deixando o espa\u00e7o mais leve, alegre e personalizado, sem excessos.<\/p>\n\n\n\n<hr class=\"wp-block-separator has-alpha-channel-opacity\"\/>\n\n\n\n<a href=\"https:\/\/1truenote.com\/en\/decoracao-acolhedora-segredo-arquitetos\/\" style=\"text-decoration: none;\">\n  <div style=\"display: flex; justify-content: space-between; align-items: center; background: #d44a00; padding: 12px 20px; color: white; font-family: Arial, sans-serif;\">\n    <strong style=\"color: black;\">READ ALSO:<\/strong>\n    <span style=\"margin-left: 8px; flex: 1;\">O segredo dos arquitetos<\/span>\n    <div style=\"background: #f2802f; padding: 8px 12px; border-radius: 2px; margin-left: 10px;\">\n      <span style=\"color: white; font-weight: bold;\">\u27a4<\/span>\n    <\/div>\n  <\/div>\n<\/a>\n\n\n\n<hr class=\"wp-block-separator has-alpha-channel-opacity\"\/>\n\n\n\n<h2 id='azulejos-e-pastilhas-o-toque-final-de-personalidade'  class=\"wp-block-heading\">Azulejos e pastilhas: O toque final de personalidade<\/h2>\n\n\n\n<p>Pastilhas ou azulejos geom\u00e9tricos se destacam como revestimento para a parede da pia, criando pontos de interesse visual e agregando identidade ao projeto. Com op\u00e7\u00f5es em cores terrosas, cinza ou at\u00e9 mesmo padr\u00f5es coloridos, \u00e9 poss\u00edvel transformar uma parede simples em um painel cheio de estilo, sem sobrecarregar o espa\u00e7o.<\/p>\n\n\n\n<hr class=\"wp-block-separator has-alpha-channel-opacity\"\/>\n\n\n\n<h3 id='dicas-pr\u00e1ticas-para-aplicar-as-tend\u00eancias-na-sua-cozinha'  class=\"wp-block-heading\">Dicas pr\u00e1ticas para aplicar as tend\u00eancias na sua cozinha<\/h3>\n\n\n\n<p>Renovar a cozinha pode ser mais simples do que parece. Troque os puxadores antigos por modelos modernos, pinte apenas parte dos arm\u00e1rios ou inclua prateleiras para plantas e objetos decorativos. Invista em adesivos ou pap\u00e9is que imitam revestimentos para renovar paredes de maneira r\u00e1pida e econ\u00f4mica. Pequenas mudan\u00e7as j\u00e1 fazem diferen\u00e7a no dia a dia e deixam o ambiente com cara nova.<\/p>\n\n\n\n<hr class=\"wp-block-separator has-alpha-channel-opacity\"\/>\n\n\n\n<figure class=\"wp-block-image aligncenter size-large\"><img data-recalc-dims=\"1\" decoding=\"async\" width=\"683\" height=\"1024\" src=\"https:\/\/i0.wp.com\/1truenote.com\/wp-content\/uploads\/2025\/06\/ChatGPT-Image-27-de-jun.-de-2025-10_56_41.png?resize=683%2C1024&#038;ssl=1\" alt=\"tend\u00eancias de cores para cozinhas modernas\" class=\"wp-image-3290\" srcset=\"https:\/\/i0.wp.com\/1truenote.com\/wp-content\/uploads\/2025\/06\/ChatGPT-Image-27-de-jun.-de-2025-10_56_41.png?resize=683%2C1024&amp;ssl=1 683w, https:\/\/i0.wp.com\/1truenote.com\/wp-content\/uploads\/2025\/06\/ChatGPT-Image-27-de-jun.-de-2025-10_56_41.png?resize=200%2C300&amp;ssl=1 200w, https:\/\/i0.wp.com\/1truenote.com\/wp-content\/uploads\/2025\/06\/ChatGPT-Image-27-de-jun.-de-2025-10_56_41.png?resize=768%2C1152&amp;ssl=1 768w, https:\/\/i0.wp.com\/1truenote.com\/wp-content\/uploads\/2025\/06\/ChatGPT-Image-27-de-jun.-de-2025-10_56_41.png?resize=150%2C225&amp;ssl=1 150w, https:\/\/i0.wp.com\/1truenote.com\/wp-content\/uploads\/2025\/06\/ChatGPT-Image-27-de-jun.-de-2025-10_56_41.png?w=1024&amp;ssl=1 1024w\" sizes=\"(max-width: 683px) 100vw, 683px\" \/><\/figure>\n\n\n\n<hr class=\"wp-block-separator has-alpha-channel-opacity\"\/>\n\n\n\n<h2 id='inspira\u00e7\u00f5es-para-todos-os-estilos'  class=\"wp-block-heading\">Inspira\u00e7\u00f5es para todos os estilos<\/h2>\n\n\n\n<p>Seja qual for seu estilo \u2013 cl\u00e1ssico, retr\u00f4, escandinavo ou industrial \u2013 sempre h\u00e1 uma paleta de cores que se encaixa perfeitamente. O azul acinzentado \u00e9 vers\u00e1til e combina com m\u00f3veis de madeira clara ou escura. O verde oliva pode ser destacado com acess\u00f3rios em dourado ou cobre. Se preferir algo mais ousado, aposte em uma combina\u00e7\u00e3o de arm\u00e1rios coloridos com bancadas neutras. O importante \u00e9 buscar equil\u00edbrio e funcionalidade.<\/p>\n\n\n\n<hr class=\"wp-block-separator has-alpha-channel-opacity\"\/>\n\n\n\n<h2 id='tend\u00eancias-de-cores-para-cozinhas-modernas'  class=\"wp-block-heading\">Tend\u00eancias de cores para cozinhas modernas<\/h2>\n\n\n\n<p>Tend\u00eancias de cores para cozinhas modernas? Cozinhas compactas podem, <strong>sim<\/strong>, ser verdadeiros exemplos de charme, organiza\u00e7\u00e3o e estilo. Ao investir nas tend\u00eancias de cores certas e apostar em pequenos detalhes, o espa\u00e7o se transforma em um ambiente acolhedor, pr\u00e1tico e inspirador. Seja com tons suaves ou detalhes marcantes, o segredo est\u00e1 em adaptar as ideias ao seu gosto e aproveitar ao m\u00e1ximo cada cent\u00edmetro do ambiente.<\/p>\n\n\n\n<p>Lembre-se: Uma cozinha bem planejada \u00e9 aquela que reflete a personalidade de quem vive ali e, acima de tudo, faz com que todos se sintam bem-vindos. Curtiu tend\u00eancias de cores para cozinhas modernas? Curta, comente e compartilhe!<\/p>\n\n\n\n<hr class=\"wp-block-separator has-alpha-channel-opacity\"\/>\n\n\n\n<a href=\"https:\/\/1truenote.com\/en\/decoracao-acolhedora-segredo-arquitetos\/\" style=\"text-decoration: none;\">\n  <div style=\"display: flex; justify-content: space-between; align-items: center; background: #d44a00; padding: 12px 20px; color: white; font-family: Arial, sans-serif;\">\n    <strong style=\"color: black;\">READ ALSO:<\/strong>\n    <span style=\"margin-left: 8px; flex: 1;\">O segredo dos arquitetos<\/span>\n    <div style=\"background: #f2802f; padding: 8px 12px; border-radius: 2px; margin-left: 10px;\">\n      <span style=\"color: white; font-weight: bold;\">\u27a4<\/span>\n    <\/div>\n  <\/div>\n<\/a>\n\n\n\n\n<hr class=\"wp-block-separator has-alpha-channel-opacity\"\/>\n\n\n\n<h2 id='faq-d\u00favidas-frequentes-sobre-tend\u00eancias-de-cores-para-cozinhas-modernas'  class=\"wp-block-heading\">FAQ \u2013 D\u00favidas frequentes sobre tend\u00eancias de cores para cozinhas modernas<\/h2>\n\n\n<div id=\"rank-math-faq\" class=\"rank-math-block\">\n<div class=\"rank-math-list\">\n<div id=\"faq-question-1751032444024\" class=\"rank-math-list-item\">\n<h3 id='como-escolher-a-cor-ideal-para-arm\u00e1rios-pequenos'  class=\"rank-math-question\">Como escolher a cor ideal para arm\u00e1rios pequenos?<\/h3>\n<div class=\"rank-math-answer\">\n\n<p>Opte por tons claros e suaves, como azul acinzentado ou verde s\u00e1lvia, que ampliam o ambiente e trazem leveza.<\/p>\n\n<\/div>\n<\/div>\n<div id=\"faq-question-1751032445320\" class=\"rank-math-list-item\">\n<h3 id='posso-misturar-cores-diferentes-nos-arm\u00e1rios'  class=\"rank-math-question\">Posso misturar cores diferentes nos arm\u00e1rios?<\/h3>\n<div class=\"rank-math-answer\">\n\n<p>Sim! Misturar dois ou tr\u00eas tons, especialmente se um deles for neutro, cria um efeito moderno sem sobrecarregar o espa\u00e7o.<\/p>\n\n<\/div>\n<\/div>\n<div id=\"faq-question-1751032446109\" class=\"rank-math-list-item\">\n<h3 id='\u00e9-preciso-trocar-todos-os-m\u00f3veis-para-renovar-a-cozinha'  class=\"rank-math-question\">\u00c9 preciso trocar todos os m\u00f3veis para renovar a cozinha?<\/h3>\n<div class=\"rank-math-answer\">\n\n<p>N\u00e3o. Pequenas mudan\u00e7as, como pintar portas, trocar puxadores ou adicionar plantas, j\u00e1 renovam o ambiente.<\/p>\n\n<\/div>\n<\/div>\n<div id=\"faq-question-1751032446752\" class=\"rank-math-list-item\">\n<h3 id='quais-plantas-s\u00e3o-mais-indicadas-para-cozinhas-compactas'  class=\"rank-math-question\">Quais plantas s\u00e3o mais indicadas para cozinhas compactas?<\/h3>\n<div class=\"rank-math-answer\">\n\n<p>Ervas como manjeric\u00e3o, alecrim e hortel\u00e3, al\u00e9m de jiboias e samambaias, que se adaptam bem \u00e0 ilumina\u00e7\u00e3o indireta.<\/p>\n\n<\/div>\n<\/div>\n<\/div>\n<\/div>\n\n\n<figure class=\"wp-block-image aligncenter size-large\"><img data-recalc-dims=\"1\" decoding=\"async\" width=\"683\" height=\"1024\" src=\"https:\/\/i0.wp.com\/1truenote.com\/wp-content\/uploads\/2025\/06\/20250627_1029_Cozinha-Contemporanea-Acolhedora_remix_01jyrs4s40fgdvkmqp5gfn09fh.png?resize=683%2C1024&#038;ssl=1\" alt=\"tend\u00eancias de cores para cozinhas modernas\" class=\"wp-image-3289\" srcset=\"https:\/\/i0.wp.com\/1truenote.com\/wp-content\/uploads\/2025\/06\/20250627_1029_Cozinha-Contemporanea-Acolhedora_remix_01jyrs4s40fgdvkmqp5gfn09fh.png?resize=683%2C1024&amp;ssl=1 683w, https:\/\/i0.wp.com\/1truenote.com\/wp-content\/uploads\/2025\/06\/20250627_1029_Cozinha-Contemporanea-Acolhedora_remix_01jyrs4s40fgdvkmqp5gfn09fh.png?resize=200%2C300&amp;ssl=1 200w, https:\/\/i0.wp.com\/1truenote.com\/wp-content\/uploads\/2025\/06\/20250627_1029_Cozinha-Contemporanea-Acolhedora_remix_01jyrs4s40fgdvkmqp5gfn09fh.png?resize=768%2C1152&amp;ssl=1 768w, https:\/\/i0.wp.com\/1truenote.com\/wp-content\/uploads\/2025\/06\/20250627_1029_Cozinha-Contemporanea-Acolhedora_remix_01jyrs4s40fgdvkmqp5gfn09fh.png?resize=150%2C225&amp;ssl=1 150w, https:\/\/i0.wp.com\/1truenote.com\/wp-content\/uploads\/2025\/06\/20250627_1029_Cozinha-Contemporanea-Acolhedora_remix_01jyrs4s40fgdvkmqp5gfn09fh.png?w=1024&amp;ssl=1 1024w\" sizes=\"(max-width: 683px) 100vw, 683px\" \/><\/figure>","protected":false},"excerpt":{"rendered":"<p>Tend\u00eancias de cores para cozinhas modernas. A cozinha \u00e9, cada vez mais, um ambiente que reflete a personalidade dos moradores&#8230;.<\/p>","protected":false},"author":1,"featured_media":3289,"comment_status":"open","ping_status":"open","sticky":false,"template":"","format":"standard","meta":{"_kad_post_transparent":"","_kad_post_title":"","_kad_post_layout":"","_kad_post_sidebar_id":"","_kad_post_content_style":"","_kad_post_vertical_padding":"","_kad_post_feature":"","_kad_post_feature_position":"","_kad_post_header":false,"_kad_post_footer":false,"_kad_post_classname":"","footnotes":"","jetpack_publicize_message":"Tend\u00eancias de cores para cozinhas modernas. A cozinha \u00e9, cada vez mais, um ambiente que reflete a personalidade dos moradores. Em espa\u00e7os compactos, as escolhas de cores ganham ainda mais destaque, criando cen\u00e1rios cheios de charme, praticidade e eleg\u00e2ncia.\n\nAs tend\u00eancias atuais mostram como tons suaves e combina\u00e7\u00f5es criativas podem renovar at\u00e9 mesmo a menor das cozinhas, tornando-a funcional e aconchegante.\n\nAs cores em alta para ten\u2026\nhttps:\/\/1truenote.com\/\n\n#carvalhoconsultoriabrasil #truenote #decor #decoracao #cozinha #cor #cozinhacolorida #tendencia #moderna #cozinhamoderna #atual","jetpack_publicize_feature_enabled":true,"jetpack_social_post_already_shared":true,"jetpack_social_options":{"image_generator_settings":{"template":"highway","default_image_id":0,"enabled":false},"version":2}},"categories":[1,16],"tags":[14,12],"class_list":["post-3288","post","type-post","status-publish","format-standard","has-post-thumbnail","hentry","category-novidades","category-casa-e-jardim","tag-interiores-inovadores","tag-projetos-inovadores"],"jetpack_publicize_connections":[],"jetpack_featured_media_url":"https:\/\/i0.wp.com\/1truenote.com\/wp-content\/uploads\/2025\/06\/20250627_1029_Cozinha-Contemporanea-Acolhedora_remix_01jyrs4s40fgdvkmqp5gfn09fh.png?fit=1024%2C1536&ssl=1","jetpack_sharing_enabled":true,"_links":{"self":[{"href":"https:\/\/1truenote.com\/en\/wp-json\/wp\/v2\/posts\/3288","targetHints":{"allow":["GET"]}}],"collection":[{"href":"https:\/\/1truenote.com\/en\/wp-json\/wp\/v2\/posts"}],"about":[{"href":"https:\/\/1truenote.com\/en\/wp-json\/wp\/v2\/types\/post"}],"author":[{"embeddable":true,"href":"https:\/\/1truenote.com\/en\/wp-json\/wp\/v2\/users\/1"}],"replies":[{"embeddable":true,"href":"https:\/\/1truenote.com\/en\/wp-json\/wp\/v2\/comments?post=3288"}],"version-history":[{"count":1,"href":"https:\/\/1truenote.com\/en\/wp-json\/wp\/v2\/posts\/3288\/revisions"}],"predecessor-version":[{"id":3291,"href":"https:\/\/1truenote.com\/en\/wp-json\/wp\/v2\/posts\/3288\/revisions\/3291"}],"wp:featuredmedia":[{"embeddable":true,"href":"https:\/\/1truenote.com\/en\/wp-json\/wp\/v2\/media\/3289"}],"wp:attachment":[{"href":"https:\/\/1truenote.com\/en\/wp-json\/wp\/v2\/media?parent=3288"}],"wp:term":[{"taxonomy":"category","embeddable":true,"href":"https:\/\/1truenote.com\/en\/wp-json\/wp\/v2\/categories?post=3288"},{"taxonomy":"post_tag","embeddable":true,"href":"https:\/\/1truenote.com\/en\/wp-json\/wp\/v2\/tags?post=3288"}],"curies":[{"name":"wp","href":"https:\/\/api.w.org\/{rel}","templated":true}]}}