{"id":3254,"date":"2025-06-27T10:00:00","date_gmt":"2025-06-27T13:00:00","guid":{"rendered":"https:\/\/1truenote.com\/?p=3254"},"modified":"2025-06-26T18:06:13","modified_gmt":"2025-06-26T21:06:13","slug":"decoracao-acolhedora-segredo-arquitetos","status":"publish","type":"post","link":"https:\/\/1truenote.com\/en\/decoracao-acolhedora-segredo-arquitetos\/","title":{"rendered":"O segredo dos arquitetos para criar uma decora\u00e7\u00e3o verdadeiramente acolhedora"},"content":{"rendered":"<p>J\u00e1 reparou como tem casas que parecem abra\u00e7ar a gente logo na entrada? N\u00e3o \u00e9 s\u00f3 a escolha dos m\u00f3veis ou a cor da parede \u2014 existe uma combina\u00e7\u00e3o de detalhes e materiais que transformam qualquer espa\u00e7o em um verdadeiro ref\u00fagio. E se tem um segredo que arquitetos usam para criar uma <strong>decora\u00e7\u00e3o acolhedora<\/strong>, \u00e9 apostar na madeira!<\/p>\n\n\n\n<p>Mas calma: Decorar com madeira n\u00e3o significa deixar a casa r\u00fastica ou datada. Ela pode (e deve!) aparecer em ambientes modernos, minimalistas ou cl\u00e1ssicos, adaptando-se ao seu estilo e tornando tudo mais confort\u00e1vel. Quer saber como os profissionais pensam esse aconchego na pr\u00e1tica? Bora desvendar juntos!<\/p>\n\n\n\n<hr class=\"wp-block-separator has-alpha-channel-opacity\"\/>\n\n\n\n<h2 id='por-que-a-madeira-\u00e9-o-segredo-da-decora\u00e7\u00e3o-acolhedora'  class=\"wp-block-heading\">Por que a madeira \u00e9 o segredo da decora\u00e7\u00e3o acolhedora?<\/h2>\n\n\n\n<p>A madeira \u00e9 aquele ingrediente curinga que traz calor, aconchego e personalidade. Ela conecta o ambiente \u00e0 natureza e faz a diferen\u00e7a do visual at\u00e9 o toque. O segredo dos arquitetos \u00e9 usar a madeira em pontos estrat\u00e9gicos \u2014 seja num piso, painel, m\u00f3vel ou at\u00e9 num simples detalhe de decora\u00e7\u00e3o.<\/p>\n\n\n\n<p>E tem mais: al\u00e9m da est\u00e9tica, a madeira cria uma atmosfera gostosa, incentiva o relaxamento e torna o ambiente mais receptivo. Por isso, est\u00e1 sempre presente nos projetos de quem entende do assunto \u2014 seja na sala, no quarto, na cozinha ou at\u00e9 no banheiro!<\/p>\n\n\n\n<hr class=\"wp-block-separator has-alpha-channel-opacity\"\/>\n\n\n\n<a href=\"https:\/\/1truenote.com\/en\/tapete-minimalista-tendencia-decoracao\/\" style=\"text-decoration: none;\">\n  <div style=\"display: flex; justify-content: space-between; align-items: center; background: #d44a00; padding: 12px 20px; color: white; font-family: Arial, sans-serif;\">\n    <strong style=\"color: black;\">READ ALSO:<\/strong>\n    <span style=\"margin-left: 8px; flex: 1;\">Tapete peludo ficou para tr\u00e1s<\/span>\n    <div style=\"background: #f2802f; padding: 8px 12px; border-radius: 2px; margin-left: 10px;\">\n      <span style=\"color: white; font-weight: bold;\">\u27a4<\/span>\n    <\/div>\n  <\/div>\n<\/a>\n\n\n\n<hr class=\"wp-block-separator has-alpha-channel-opacity\"\/>\n\n\n\n<h2 id='tabela-pr\u00e1tica-como-usar-madeira-para-uma-decora\u00e7\u00e3o-acolhedora'  class=\"wp-block-heading\">Tabela pr\u00e1tica: Como usar madeira para uma decora\u00e7\u00e3o acolhedora<\/h2>\n\n\n\n<figure class=\"wp-block-table\"><table class=\"has-fixed-layout\"><thead><tr><th>Elemento de decora\u00e7\u00e3o<\/th><th>Como aplicar<\/th><th>Dica de arquiteto<\/th><\/tr><\/thead><tbody><tr><td>Piso de madeira<\/td><td>T\u00e1buas largas, tacos, laminados<\/td><td>Tonalidades claras ampliam o espa\u00e7o<\/td><\/tr><tr><td>Pain\u00e9is de parede<\/td><td>Atr\u00e1s da TV ou cabeceira da cama<\/td><td>Combine com ilumina\u00e7\u00e3o indireta<\/td><\/tr><tr><td>M\u00f3veis<\/td><td>Mesas, cadeiras, aparadores<\/td><td>Mescle madeira natural e MDF<\/td><\/tr><tr><td>Detalhes decorativos<\/td><td>Bandejas, molduras, nichos<\/td><td>Misture com vidro, metal ou palha<\/td><\/tr><tr><td>Forros<\/td><td>Teto de madeira<\/td><td>\u00d3timo para \u00e1reas sociais aconchegantes<\/td><\/tr><tr><td>Prateleiras<\/td><td>Quartos e salas<\/td><td>Exponha plantas e objetos afetivos<\/td><\/tr><\/tbody><\/table><\/figure>\n\n\n\n<hr class=\"wp-block-separator has-alpha-channel-opacity\"\/>\n\n\n\n<figure class=\"wp-block-image aligncenter size-medium\"><a href=\"https:\/\/chat.whatsapp.com\/KJBkp5LFJVRIvmt5X3hSEh\" target=\"_blank\" rel=\"noopener\"><img data-recalc-dims=\"1\" fetchpriority=\"high\" decoding=\"async\" width=\"200\" height=\"300\" src=\"https:\/\/i0.wp.com\/1truenote.com\/wp-content\/uploads\/2025\/06\/ChatGPT-Image-3-de-jun.-de-2025-19_04_53.png?resize=200%2C300&#038;ssl=1\" alt=\"chamada banner advetorial whats\" class=\"wp-image-2683\" srcset=\"https:\/\/i0.wp.com\/1truenote.com\/wp-content\/uploads\/2025\/06\/ChatGPT-Image-3-de-jun.-de-2025-19_04_53.png?resize=200%2C300&amp;ssl=1 200w, https:\/\/i0.wp.com\/1truenote.com\/wp-content\/uploads\/2025\/06\/ChatGPT-Image-3-de-jun.-de-2025-19_04_53.png?resize=683%2C1024&amp;ssl=1 683w, https:\/\/i0.wp.com\/1truenote.com\/wp-content\/uploads\/2025\/06\/ChatGPT-Image-3-de-jun.-de-2025-19_04_53.png?resize=768%2C1152&amp;ssl=1 768w, https:\/\/i0.wp.com\/1truenote.com\/wp-content\/uploads\/2025\/06\/ChatGPT-Image-3-de-jun.-de-2025-19_04_53.png?resize=150%2C225&amp;ssl=1 150w, https:\/\/i0.wp.com\/1truenote.com\/wp-content\/uploads\/2025\/06\/ChatGPT-Image-3-de-jun.-de-2025-19_04_53.png?w=1024&amp;ssl=1 1024w\" sizes=\"(max-width: 200px) 100vw, 200px\" \/><\/a><\/figure>\n\n\n\n<hr class=\"wp-block-separator has-alpha-channel-opacity\"\/>\n\n\n\n<h2 id='dicas-certeiras-para-uma-decora\u00e7\u00e3o-acolhedora-com-madeira'  class=\"wp-block-heading\">Dicas certeiras para uma decora\u00e7\u00e3o acolhedora com madeira<\/h2>\n\n\n\n<ul class=\"wp-block-list\">\n<li><strong>Misture madeira com outros materiais:<\/strong> Vidro, metal e concreto fazem um contraste lindo e equilibram o visual.<\/li>\n\n\n\n<li><strong>Aposte nos tecidos certos:<\/strong> Linho, algod\u00e3o e couro combinam perfeitamente e deixam tudo ainda mais gostoso de tocar.<\/li>\n\n\n\n<li><strong>Brinque com tons de madeira:<\/strong> Claro e escuro podem coexistir, criando movimento e profundidade no ambiente.<\/li>\n\n\n\n<li><strong>Invista na ilumina\u00e7\u00e3o quente:<\/strong> L\u00e2mpadas amareladas valorizam as texturas e deixam tudo mais relaxante.<\/li>\n\n\n\n<li><strong>Escolha m\u00f3veis multifuncionais:<\/strong> Bancos, aparadores ou prateleiras de madeira s\u00e3o \u00fateis e elegantes.<\/li>\n\n\n\n<li><strong>Cuide da madeira:<\/strong> Evite sol direto, proteja contra umidade e use \u00f3leos ou vernizes para manter o brilho.<\/li>\n<\/ul>\n\n\n\n<hr class=\"wp-block-separator has-alpha-channel-opacity\"\/>\n\n\n\n<h2 id='dica-de-v\u00eddeo-para-se-inspirar-no-youtube'  class=\"wp-block-heading\">Dica de v\u00eddeo para se inspirar no YouTube<\/h2>\n\n\n\n<p>Quer ver ambientes reais e pegar ideias para aplicar hoje mesmo? Confere esse v\u00eddeo com truques de arquitetos para criar uma decora\u00e7\u00e3o acolhedora com madeira:<br><a href=\"https:\/\/www.youtube.com\/watch?v=GPWkuJ8uu2M&amp;pp=ygVERGVjb3Jhw6fDo28gYWNvbGhlZG9yYTogY29tbyB1c2FyIG1hZGVpcmEgcGFyYSB0cmFuc2Zvcm1hciBhbWJpZW50ZXM%3D\" target=\"_blank\" rel=\"noopener\">Decora\u00e7\u00e3o acolhedora: como usar madeira para transformar ambientes<\/a><a class=\"\" href=\"https:\/\/www.youtube.com\/watch?v=rf6RyxvFlsA\" target=\"_blank\" rel=\"noopener\"> \u2013 YouTube<\/a><\/p>\n\n\n\n<figure class=\"wp-block-embed aligncenter is-type-video is-provider-youtube wp-block-embed-youtube wp-embed-aspect-16-9 wp-has-aspect-ratio\"><div class=\"wp-block-embed__wrapper\">\n<iframe title=\"9 Dicas para Tornar a Casa Aconchegante Usando Psicologia do Design\" width=\"720\" height=\"405\" src=\"https:\/\/www.youtube.com\/embed\/GPWkuJ8uu2M?feature=oembed\" frameborder=\"0\" allow=\"accelerometer; autoplay; clipboard-write; encrypted-media; gyroscope; picture-in-picture; web-share\" referrerpolicy=\"strict-origin-when-cross-origin\" allowfullscreen><\/iframe>\n<\/div><\/figure>\n\n\n\n<hr class=\"wp-block-separator has-alpha-channel-opacity\"\/>\n\n\n\n<h2 id='decora\u00e7\u00e3o-acolhedora'  class=\"wp-block-heading\">Decora\u00e7\u00e3o acolhedora<\/h2>\n\n\n\n<p>Criar uma <strong>decora\u00e7\u00e3o acolhedora<\/strong> \u00e9, no fundo, um exerc\u00edcio de carinho com o seu lar \u2014 \u00e9 pensar nos detalhes, misturar texturas e apostar em materiais que aquecem o ambiente por dentro e por fora. A madeira \u00e9 um dos caminhos mais certeiros para isso, mas n\u00e3o \u00e9 o \u00fanico: luz suave, objetos afetivos e a escolha certa de tecidos e cores tamb\u00e9m fazem toda a diferen\u00e7a.<\/p>\n\n\n\n<p>O importante \u00e9 que sua casa tenha a sua cara, traga mem\u00f3rias gostosas e acolha quem mora ou visita. Com um olhar atento (e as dicas dos arquitetos!), voc\u00ea consegue transformar qualquer cantinho sem precisar gastar demais ou fazer grandes reformas.<\/p>\n\n\n\n<p>Agora, quero saber: qual ideia voc\u00ea vai experimentar primeiro? Compartilhe nos coment\u00e1rios, troque experi\u00eancias e inspire outras pessoas a criar um lar mais acolhedor. E lembre-se: a casa perfeita \u00e9 aquela em que a gente sente vontade de ficar. At\u00e9 o pr\u00f3ximo artigo!<\/p>\n\n\n\n<hr class=\"wp-block-separator has-alpha-channel-opacity\"\/>\n\n\n\n<a href=\"https:\/\/1truenote.com\/en\/tapete-minimalista-tendencia-decoracao\/\" style=\"text-decoration: none;\">\n  <div style=\"display: flex; justify-content: space-between; align-items: center; background: #d44a00; padding: 12px 20px; color: white; font-family: Arial, sans-serif;\">\n    <strong style=\"color: black;\">READ ALSO:<\/strong>\n    <span style=\"margin-left: 8px; flex: 1;\">Tapete peludo ficou para tr\u00e1s<\/span>\n    <div style=\"background: #f2802f; padding: 8px 12px; border-radius: 2px; margin-left: 10px;\">\n      <span style=\"color: white; font-weight: bold;\">\u27a4<\/span>\n    <\/div>\n  <\/div>\n<\/a>\n\n\n\n\n<hr class=\"wp-block-separator has-alpha-channel-opacity\"\/>\n\n\n\n<h2 id='faq-d\u00favidas-frequentes-sobre-decora\u00e7\u00e3o-acolhedora'  class=\"wp-block-heading\">FAQ \u2014 D\u00favidas frequentes sobre decora\u00e7\u00e3o acolhedora<\/h2>\n\n\n<div id=\"rank-math-faq\" class=\"rank-math-block\">\n<div class=\"rank-math-list\">\n<div id=\"faq-question-1750971148202\" class=\"rank-math-list-item\">\n<h3 id='posso-usar-madeira-em-ambientes-pequenos'  class=\"rank-math-question\">Posso usar madeira em ambientes pequenos?<\/h3>\n<div class=\"rank-math-answer\">\n\n<p>Com certeza! Prefira tons claros e detalhes em vez de superf\u00edcies grandes, para n\u00e3o \u201cpesar\u201d o visual.<\/p>\n\n<\/div>\n<\/div>\n<div id=\"faq-question-1750971150111\" class=\"rank-math-list-item\">\n<h3 id='qual-o-melhor-tipo-de-madeira-para-m\u00f3veis'  class=\"rank-math-question\">Qual o melhor tipo de madeira para m\u00f3veis?<\/h3>\n<div class=\"rank-math-answer\">\n\n<p>Depende do seu or\u00e7amento e objetivo. Ip\u00ea, carvalho e peroba-rosa s\u00e3o nobres, mas MDF e pinus tamb\u00e9m t\u00eam \u00f3timo custo-benef\u00edcio.<\/p>\n\n<\/div>\n<\/div>\n<div id=\"faq-question-1750971150856\" class=\"rank-math-list-item\">\n<h3 id='combina-madeira-com-decora\u00e7\u00e3o-moderna'  class=\"rank-math-question\">Combina madeira com decora\u00e7\u00e3o moderna?<\/h3>\n<div class=\"rank-math-answer\">\n\n<p>Demais! Use linhas retas, superf\u00edcies lisas e aposte em combina\u00e7\u00f5es com vidro e metal.<\/p>\n\n<\/div>\n<\/div>\n<div id=\"faq-question-1750971151591\" class=\"rank-math-list-item\">\n<h3 id='preciso-gastar-muito-para-ter-uma-decora\u00e7\u00e3o-acolhedora'  class=\"rank-math-question\">Preciso gastar muito para ter uma decora\u00e7\u00e3o acolhedora?<\/h3>\n<div class=\"rank-math-answer\">\n\n<p>N\u00e3o! Um painel de madeira, uma bandeja, nichos ou prateleiras j\u00e1 trazem aconchego sem grandes investimentos.<\/p>\n\n<\/div>\n<\/div>\n<div id=\"faq-question-1750971179846\" class=\"rank-math-list-item\">\n<h3 id='como-garantir-sustentabilidade-no-uso-da-madeira'  class=\"rank-math-question\">Como garantir sustentabilidade no uso da madeira?<\/h3>\n<div class=\"rank-math-answer\">\n\n<p>Prefira fornecedores com selo FSC, que garantem manejo respons\u00e1vel, e invista em m\u00f3veis reaproveitados ou reciclados.<\/p>\n\n<\/div>\n<\/div>\n<\/div>\n<\/div>\n\n\n<figure class=\"wp-block-image aligncenter size-large\"><img data-recalc-dims=\"1\" decoding=\"async\" width=\"1024\" height=\"683\" src=\"https:\/\/i0.wp.com\/1truenote.com\/wp-content\/uploads\/2025\/06\/ChatGPT-Image-26-de-jun.-de-2025-18_01_59.png?resize=1024%2C683&#038;ssl=1\" alt=\"decora\u00e7\u00e3o acolhedora\" class=\"wp-image-3258\" srcset=\"https:\/\/i0.wp.com\/1truenote.com\/wp-content\/uploads\/2025\/06\/ChatGPT-Image-26-de-jun.-de-2025-18_01_59.png?resize=1024%2C683&amp;ssl=1 1024w, https:\/\/i0.wp.com\/1truenote.com\/wp-content\/uploads\/2025\/06\/ChatGPT-Image-26-de-jun.-de-2025-18_01_59.png?resize=300%2C200&amp;ssl=1 300w, https:\/\/i0.wp.com\/1truenote.com\/wp-content\/uploads\/2025\/06\/ChatGPT-Image-26-de-jun.-de-2025-18_01_59.png?resize=768%2C512&amp;ssl=1 768w, https:\/\/i0.wp.com\/1truenote.com\/wp-content\/uploads\/2025\/06\/ChatGPT-Image-26-de-jun.-de-2025-18_01_59.png?resize=150%2C100&amp;ssl=1 150w, https:\/\/i0.wp.com\/1truenote.com\/wp-content\/uploads\/2025\/06\/ChatGPT-Image-26-de-jun.-de-2025-18_01_59.png?w=1536&amp;ssl=1 1536w\" sizes=\"(max-width: 1024px) 100vw, 1024px\" \/><\/figure>","protected":false},"excerpt":{"rendered":"<p>J\u00e1 reparou como tem casas que parecem abra\u00e7ar a gente logo na entrada? N\u00e3o \u00e9 s\u00f3 a escolha dos m\u00f3veis&#8230;<\/p>","protected":false},"author":1,"featured_media":3258,"comment_status":"open","ping_status":"open","sticky":false,"template":"","format":"standard","meta":{"_kad_post_transparent":"","_kad_post_title":"","_kad_post_layout":"","_kad_post_sidebar_id":"","_kad_post_content_style":"","_kad_post_vertical_padding":"","_kad_post_feature":"","_kad_post_feature_position":"","_kad_post_header":false,"_kad_post_footer":false,"_kad_post_classname":"","footnotes":"","jetpack_publicize_message":"J\u00e1 reparou como tem casas que parecem abra\u00e7ar a gente logo na entrada? N\u00e3o \u00e9 s\u00f3 a escolha dos m\u00f3veis ou a cor da parede \u2014 existe uma combina\u00e7\u00e3o de detalhes e materiais que transformam qualquer espa\u00e7o em um verdadeiro ref\u00fagio. E se tem um segredo que arquitetos usam para criar uma decora\u00e7\u00e3o acolhedora, \u00e9 apostar na madeira!\n\nMas calma: Decorar com madeira n\u00e3o significa deixar a casa r\u00fastica ou datada. Ela pode (e deve!) aparecer em ambi\u2026\nhttps:\/\/1truenote.com\/\n\n#carvalhoconsultoriabrasil #truenote #decor #decoracao #sala #parede #madeira #aconchegante #acolhedora","jetpack_publicize_feature_enabled":true,"jetpack_social_post_already_shared":true,"jetpack_social_options":{"image_generator_settings":{"template":"highway","default_image_id":0,"enabled":false},"version":2}},"categories":[16],"tags":[14],"class_list":["post-3254","post","type-post","status-publish","format-standard","has-post-thumbnail","hentry","category-casa-e-jardim","tag-interiores-inovadores"],"jetpack_publicize_connections":[],"jetpack_featured_media_url":"https:\/\/i0.wp.com\/1truenote.com\/wp-content\/uploads\/2025\/06\/ChatGPT-Image-26-de-jun.-de-2025-18_01_59.png?fit=1536%2C1024&ssl=1","jetpack_sharing_enabled":true,"_links":{"self":[{"href":"https:\/\/1truenote.com\/en\/wp-json\/wp\/v2\/posts\/3254","targetHints":{"allow":["GET"]}}],"collection":[{"href":"https:\/\/1truenote.com\/en\/wp-json\/wp\/v2\/posts"}],"about":[{"href":"https:\/\/1truenote.com\/en\/wp-json\/wp\/v2\/types\/post"}],"author":[{"embeddable":true,"href":"https:\/\/1truenote.com\/en\/wp-json\/wp\/v2\/users\/1"}],"replies":[{"embeddable":true,"href":"https:\/\/1truenote.com\/en\/wp-json\/wp\/v2\/comments?post=3254"}],"version-history":[{"count":1,"href":"https:\/\/1truenote.com\/en\/wp-json\/wp\/v2\/posts\/3254\/revisions"}],"predecessor-version":[{"id":3259,"href":"https:\/\/1truenote.com\/en\/wp-json\/wp\/v2\/posts\/3254\/revisions\/3259"}],"wp:featuredmedia":[{"embeddable":true,"href":"https:\/\/1truenote.com\/en\/wp-json\/wp\/v2\/media\/3258"}],"wp:attachment":[{"href":"https:\/\/1truenote.com\/en\/wp-json\/wp\/v2\/media?parent=3254"}],"wp:term":[{"taxonomy":"category","embeddable":true,"href":"https:\/\/1truenote.com\/en\/wp-json\/wp\/v2\/categories?post=3254"},{"taxonomy":"post_tag","embeddable":true,"href":"https:\/\/1truenote.com\/en\/wp-json\/wp\/v2\/tags?post=3254"}],"curies":[{"name":"wp","href":"https:\/\/api.w.org\/{rel}","templated":true}]}}