{"id":3233,"date":"2025-06-26T16:00:00","date_gmt":"2025-06-26T19:00:00","guid":{"rendered":"https:\/\/1truenote.com\/?p=3233"},"modified":"2025-06-26T11:35:50","modified_gmt":"2025-06-26T14:35:50","slug":"decoracao-de-inverno-ideias-casa","status":"publish","type":"post","link":"https:\/\/1truenote.com\/en\/decoracao-de-inverno-ideias-casa\/","title":{"rendered":"Deixe sua casa pronta para o inverno com essas 5 ideias de decora\u00e7\u00e3o"},"content":{"rendered":"<p>Aquela sensa\u00e7\u00e3o gostosa de chegar em casa e sentir tudo mais acolhedor no frio n\u00e3o \u00e9 s\u00f3 quest\u00e3o de sorte: tem truque, sim! Com pequenas mudan\u00e7as, d\u00e1 para deixar qualquer ambiente mais quente, confort\u00e1vel e estiloso. O segredo est\u00e1 em apostar na <strong>decora\u00e7\u00e3o de inverno<\/strong> \u2014 e n\u00e3o precisa gastar uma fortuna nem fazer reformas, viu?<\/p>\n\n\n\n<p>Se voc\u00ea j\u00e1 sente os p\u00e9s gelados s\u00f3 de pensar em julho ou quer transformar a casa para curtir s\u00e9ries e caf\u00e9s sem passar frio, vem comigo nessas dicas pr\u00e1ticas e certeiras. Prepare-se para se apaixonar pelo inverno dentro do seu pr\u00f3prio lar!<\/p>\n\n\n\n<hr class=\"wp-block-separator has-alpha-channel-opacity\"\/>\n\n\n\n<h2 id='por-que-adaptar-a-decora\u00e7\u00e3o-para-o-inverno-faz-tanta-diferen\u00e7a'  class=\"wp-block-heading\">Por que adaptar a decora\u00e7\u00e3o para o inverno faz tanta diferen\u00e7a?<\/h2>\n\n\n\n<p>A <strong>decora\u00e7\u00e3o de inverno<\/strong> n\u00e3o \u00e9 s\u00f3 sobre \u201cdeixar a casa bonita\u201d: \u00e9 sobre tornar os ambientes mais funcionais, proteger do frio e criar aquele clima de aconchego que faz tudo parecer mais gostoso. Sabe aquela sensa\u00e7\u00e3o de \u201cquero ficar aqui o dia todo\u201d? \u00c9 isso que buscamos!<\/p>\n\n\n\n<p>Quando as temperaturas caem, alguns detalhes mudam completamente o conforto t\u00e9rmico \u2014 desde as cortinas at\u00e9 o tipo de luz e os tecidos espalhados pela casa. Quem faz pequenas adapta\u00e7\u00f5es sente menos impacto do frio e aproveita muito mais o melhor da esta\u00e7\u00e3o.<\/p>\n\n\n\n<hr class=\"wp-block-separator has-alpha-channel-opacity\"\/>\n\n\n\n<h2 id='tabela-pr\u00e1tica-5-ideias-para-decora\u00e7\u00e3o-de-inverno-e-como-aplicar'  class=\"wp-block-heading\">Tabela pr\u00e1tica: 5 ideias para decora\u00e7\u00e3o de inverno (e como aplicar)<\/h2>\n\n\n\n<figure class=\"wp-block-table\"><table class=\"has-fixed-layout\"><thead><tr><th>Ideia<\/th><th>Como aplicar?<\/th><th>Dica extra<\/th><\/tr><\/thead><tbody><tr><td>Refor\u00e7o no isolamento t\u00e9rmico<\/td><td>Vede janelas e portas, use tapetes pesados<\/td><td>Fitas de veda\u00e7\u00e3o funcionam muito<\/td><\/tr><tr><td>Ilumina\u00e7\u00e3o quente<\/td><td>Troque l\u00e2mpadas frias por amareladas<\/td><td>Abajur ou lumin\u00e1ria cria clima<\/td><\/tr><tr><td>Tecidos e texturas<\/td><td>Mantas, almofadas, cortinas de veludo\/l\u00e3<\/td><td>Misture tric\u00f4, pele fake e veludo<\/td><\/tr><tr><td>Manuten\u00e7\u00e3o de aquecedores<\/td><td>Revise aparelhos, limpe e teste antes do uso<\/td><td>Aten\u00e7\u00e3o \u00e0 seguran\u00e7a el\u00e9trica<\/td><\/tr><tr><td>Cantinhos de conforto<\/td><td>Monte espa\u00e7os com poltronas, caf\u00e9, livros<\/td><td>Cesta de mantas deixa tudo pr\u00e1tico<\/td><\/tr><\/tbody><\/table><\/figure>\n\n\n\n<hr class=\"wp-block-separator has-alpha-channel-opacity\"\/>\n\n\n\n<a href=\"https:\/\/1truenote.com\/en\/decoracao-tijolinho-a-vista-ideias\/\" style=\"text-decoration: none;\">\n  <div style=\"display: flex; justify-content: space-between; align-items: center; background: #d44a00; padding: 12px 20px; color: white; font-family: Arial, sans-serif;\">\n    <strong style=\"color: black;\">READ ALSO:<\/strong>\n    <span style=\"margin-left: 8px; flex: 1;\">Esse material virou queridinho da decora\u00e7\u00e3o e est\u00e1 em todo lugar<\/span>\n    <div style=\"background: #f2802f; padding: 8px 12px; border-radius: 2px; margin-left: 10px;\">\n      <span style=\"color: white; font-weight: bold;\">\u27a4<\/span>\n    <\/div>\n  <\/div>\n<\/a>\n\n\n\n<hr class=\"wp-block-separator has-alpha-channel-opacity\"\/>\n\n\n\n<h2 id='5-ideias-de-decora\u00e7\u00e3o-para-deixar-sua-casa-mais-quentinha-e-aconchegante-no-inverno'  class=\"wp-block-heading\">5 ideias de decora\u00e7\u00e3o para deixar sua casa mais quentinha e aconchegante no inverno<\/h2>\n\n\n\n<h3 id='1-reforce-o-isolamento-t\u00e9rmico-sem-obras-para-decora\u00e7\u00e3o-de-inverno'  class=\"wp-block-heading\">1. Reforce o isolamento t\u00e9rmico sem obras para decora\u00e7\u00e3o de inverno<\/h3>\n\n\n\n<p>O frio entra por frestas que a gente nem percebe! Aposte em tapetes pesados, cortinas grossas, almofadas e at\u00e9 fitas de veda\u00e7\u00e3o em portas e janelas. Isso ajuda a manter o calor e ainda d\u00e1 uma cara nova aos ambientes, sem obra nem bagun\u00e7a.<\/p>\n\n\n\n<h3 id='2-troque-a-ilumina\u00e7\u00e3o-para-tons-mais-quentes'  class=\"wp-block-heading\">2. Troque a ilumina\u00e7\u00e3o para tons mais quentes<\/h3>\n\n\n\n<p>A ilumina\u00e7\u00e3o faz toda a diferen\u00e7a na <strong>decora\u00e7\u00e3o de inverno<\/strong>. L\u00e2mpadas amarelas, abajures e velas criam aquela atmosfera aconchegante, \u00f3tima para relaxar e aquecer o olhar. Sabe aquele clima de filme? \u00c9 s\u00f3 mudar a cor da luz!<\/p>\n\n\n\n<h3 id='3-aposte-em-tecidos-mantas-e-texturas-confort\u00e1veis'  class=\"wp-block-heading\">3. Aposte em tecidos, mantas e texturas confort\u00e1veis<\/h3>\n\n\n\n<p>Nada mais gostoso do que deitar no sof\u00e1 com uma manta macia no frio, n\u00e9? Invista em capas de sof\u00e1, almofadas, cortinas de veludo, mantas de tric\u00f4 ou pele fake. Al\u00e9m de decorativos, esses itens ajudam de verdade a reter o calor.<\/p>\n\n\n\n<h3 id='4-fa\u00e7a-manuten\u00e7\u00e3o-preventiva-nos-sistemas-de-aquecimento'  class=\"wp-block-heading\">4. Fa\u00e7a manuten\u00e7\u00e3o preventiva nos sistemas de aquecimento<\/h3>\n\n\n\n<p>Se voc\u00ea tem aquecedor, lareira ou sistema el\u00e9trico, o inverno \u00e9 a \u00e9poca de checar tudo! Fa\u00e7a uma limpeza, revise os aparelhos e garanta que est\u00e1 tudo seguro e funcionando. N\u00e3o espere o frio apertar para descobrir que precisa de manuten\u00e7\u00e3o.<\/p>\n\n\n\n<h3 id='5-crie-cantinhos-de-conforto-e-conviv\u00eancia'  class=\"wp-block-heading\">5. Crie cantinhos de conforto e conviv\u00eancia<\/h3>\n\n\n\n<p>No inverno, a gente sente vontade de ficar mais tempo em casa. Monte um espa\u00e7o especial com poltrona, livros, lumin\u00e1ria e uma bandeja de ch\u00e1 ou caf\u00e9. Vale at\u00e9 improvisar uma \u201cesta\u00e7\u00e3o\u201d de bebidas quentes ou uma cesta com mantas para receber amigos!<\/p>\n\n\n\n<hr class=\"wp-block-separator has-alpha-channel-opacity\"\/>\n\n\n\n<figure class=\"wp-block-image aligncenter size-medium\"><a href=\"https:\/\/chat.whatsapp.com\/KJBkp5LFJVRIvmt5X3hSEh\" target=\"_blank\" rel=\"noopener\"><img data-recalc-dims=\"1\" fetchpriority=\"high\" decoding=\"async\" width=\"200\" height=\"300\" src=\"https:\/\/i0.wp.com\/1truenote.com\/wp-content\/uploads\/2025\/06\/ChatGPT-Image-3-de-jun.-de-2025-19_04_53.png?resize=200%2C300&#038;ssl=1\" alt=\"chamada banner advetorial whats\" class=\"wp-image-2683\" srcset=\"https:\/\/i0.wp.com\/1truenote.com\/wp-content\/uploads\/2025\/06\/ChatGPT-Image-3-de-jun.-de-2025-19_04_53.png?resize=200%2C300&amp;ssl=1 200w, https:\/\/i0.wp.com\/1truenote.com\/wp-content\/uploads\/2025\/06\/ChatGPT-Image-3-de-jun.-de-2025-19_04_53.png?resize=683%2C1024&amp;ssl=1 683w, https:\/\/i0.wp.com\/1truenote.com\/wp-content\/uploads\/2025\/06\/ChatGPT-Image-3-de-jun.-de-2025-19_04_53.png?resize=768%2C1152&amp;ssl=1 768w, https:\/\/i0.wp.com\/1truenote.com\/wp-content\/uploads\/2025\/06\/ChatGPT-Image-3-de-jun.-de-2025-19_04_53.png?resize=150%2C225&amp;ssl=1 150w, https:\/\/i0.wp.com\/1truenote.com\/wp-content\/uploads\/2025\/06\/ChatGPT-Image-3-de-jun.-de-2025-19_04_53.png?w=1024&amp;ssl=1 1024w\" sizes=\"(max-width: 200px) 100vw, 200px\" \/><\/a><\/figure>\n\n\n\n<hr class=\"wp-block-separator has-alpha-channel-opacity\"\/>\n\n\n\n<h2 id='dicas-extras-para-uma-decora\u00e7\u00e3o-de-inverno-completa'  class=\"wp-block-heading\">Dicas extras para uma decora\u00e7\u00e3o de inverno completa<\/h2>\n\n\n\n<ul class=\"wp-block-list\">\n<li>Coloque tapetes at\u00e9 nos corredores e quartos \u2014 eles aquecem e decoram ao mesmo tempo.<\/li>\n\n\n\n<li>Use tons quentes nas capas de almofadas e mantas: terracota, vinho, mostarda e verde-escuro s\u00e3o super tend\u00eancia.<\/li>\n\n\n\n<li>Pendure quadros ou tecidos nas paredes para ajudar no isolamento t\u00e9rmico.<\/li>\n\n\n\n<li>N\u00e3o esque\u00e7a das \u00e1reas externas! Varanda com mantas, velas e luzes de LED fica irresist\u00edvel para um vinho no fim de tarde.<\/li>\n<\/ul>\n\n\n\n<hr class=\"wp-block-separator has-alpha-channel-opacity\"\/>\n\n\n\n<h2 id='dica-de-v\u00eddeo-para-se-inspirar-no-youtube'  class=\"wp-block-heading\">Dica de v\u00eddeo para se inspirar no YouTube<\/h2>\n\n\n\n<p>Quer ver dicas visuais e exemplos de ambientes prontos para o frio? Confira este v\u00eddeo repleto de ideias criativas:<br><a href=\"https:\/\/www.youtube.com\/watch?v=jIyF9yW3FFc&amp;pp=ygUuQ29tbyBkZWl4YXIgYSBjYXNhIGFjb25jaGVnYW50ZSBwYXJhIG8gaW52ZXJubw%3D%3D\" data-type=\"link\" data-id=\"https:\/\/www.youtube.com\/watch?v=jIyF9yW3FFc&amp;pp=ygUuQ29tbyBkZWl4YXIgYSBjYXNhIGFjb25jaGVnYW50ZSBwYXJhIG8gaW52ZXJubw%3D%3D\" target=\"_blank\" rel=\"noopener\">Como deixar a casa aconchegante para o inverno \u2013 YouTube<\/a><\/p>\n\n\n\n<figure class=\"wp-block-embed aligncenter is-type-video is-provider-youtube wp-block-embed-youtube wp-embed-aspect-16-9 wp-has-aspect-ratio\"><div class=\"wp-block-embed__wrapper\">\n<iframe title=\"DICAS PARA A SUA CASA NO INVERNO | COMO DEIXAR A CASA ACONCHEGANTE\" width=\"720\" height=\"405\" src=\"https:\/\/www.youtube.com\/embed\/jIyF9yW3FFc?feature=oembed\" frameborder=\"0\" allow=\"accelerometer; autoplay; clipboard-write; encrypted-media; gyroscope; picture-in-picture; web-share\" referrerpolicy=\"strict-origin-when-cross-origin\" allowfullscreen><\/iframe>\n<\/div><\/figure>\n\n\n\n<hr class=\"wp-block-separator has-alpha-channel-opacity\"\/>\n\n\n\n<h2 id='decora\u00e7\u00e3o-de-inverno'  class=\"wp-block-heading\">Decora\u00e7\u00e3o de inverno<\/h2>\n\n\n\n<p>A verdade \u00e9 que <strong>decora\u00e7\u00e3o de inverno<\/strong> vai al\u00e9m do visual: \u00e9 sobre criar sensa\u00e7\u00f5es, construir mem\u00f3rias e aproveitar cada momento da esta\u00e7\u00e3o mais charmosa do ano. Ao adaptar sua casa, voc\u00ea garante mais conforto, sa\u00fade e at\u00e9 economia de energia \u2014 sem abrir m\u00e3o de estilo.<\/p>\n\n\n\n<p>Seja qual for o tamanho do seu espa\u00e7o, apostar em detalhes que aquecem e acolhem transforma tudo! Uma manta no sof\u00e1, tapete novo no quarto, luz mais amarela e um cantinho de caf\u00e9 j\u00e1 bastam para sentir a diferen\u00e7a.<\/p>\n\n\n\n<p>O inverno passa r\u00e1pido, mas as lembran\u00e7as de tardes pregui\u00e7osas, conversas longas e la\u00e7os fortalecidos no calor da casa ficam para sempre. Experimente, teste combina\u00e7\u00f5es, crie sua pr\u00f3pria rotina de aconchego e depois me conta: qual dica funcionou melhor para voc\u00ea?<\/p>\n\n\n\n<p>Se curtiu o conte\u00fado, compartilhe com quem ama decora\u00e7\u00e3o e merece um inverno mais gostoso! E se surgir qualquer d\u00favida, deixe nos coment\u00e1rios \u2014 adoro conversar sobre dicas reais para casas de verdade. Gostou da decora\u00e7\u00e3o de inverno? At\u00e9 a pr\u00f3xima!<\/p>\n\n\n\n<hr class=\"wp-block-separator has-alpha-channel-opacity\"\/>\n\n\n\n<a href=\"https:\/\/1truenote.com\/en\/decoracao-tijolinho-a-vista-ideias\/\" style=\"text-decoration: none;\">\n  <div style=\"display: flex; justify-content: space-between; align-items: center; background: #d44a00; padding: 12px 20px; color: white; font-family: Arial, sans-serif;\">\n    <strong style=\"color: black;\">READ ALSO:<\/strong>\n    <span style=\"margin-left: 8px; flex: 1;\">Esse material virou queridinho da decora\u00e7\u00e3o e est\u00e1 em todo lugar<\/span>\n    <div style=\"background: #f2802f; padding: 8px 12px; border-radius: 2px; margin-left: 10px;\">\n      <span style=\"color: white; font-weight: bold;\">\u27a4<\/span>\n    <\/div>\n  <\/div>\n<\/a>\n\n\n\n\n<hr class=\"wp-block-separator has-alpha-channel-opacity\"\/>\n\n\n\n<h2 id='d\u00favidas-frequentes-sobre-decora\u00e7\u00e3o-de-inverno-faq'  class=\"wp-block-heading\">D\u00favidas frequentes sobre decora\u00e7\u00e3o de inverno (FAQ)<\/h2>\n\n\n<div id=\"rank-math-faq\" class=\"rank-math-block\">\n<div class=\"rank-math-list\">\n<div id=\"faq-question-1750947666054\" class=\"rank-math-list-item\">\n<h3 id='preciso-investir-muito-para-adaptar-minha-casa-ao-inverno'  class=\"rank-math-question\">Preciso investir muito para adaptar minha casa ao inverno?<\/h3>\n<div class=\"rank-math-answer\">\n\n<p>N\u00e3o! Pequenas mudan\u00e7as \u2014 como trocar mantas e cortinas \u2014 j\u00e1 fazem diferen\u00e7a e cabem no bolso.<\/p>\n\n<\/div>\n<\/div>\n<div id=\"faq-question-1750947668051\" class=\"rank-math-list-item\">\n<h3 id='tapetes-realmente-ajudam-a-aquecer'  class=\"rank-math-question\">Tapetes realmente ajudam a aquecer?<\/h3>\n<div class=\"rank-math-answer\">\n\n<p>Sim! Tapetes grossos ou felpudos impedem o frio de subir do ch\u00e3o e deixam o ambiente mais confort\u00e1vel.<\/p>\n\n<\/div>\n<\/div>\n<div id=\"faq-question-1750947669083\" class=\"rank-math-list-item\">\n<h3 id='vale-usar-velas-arom\u00e1ticas-no-inverno'  class=\"rank-math-question\">Vale usar velas arom\u00e1ticas no inverno?<\/h3>\n<div class=\"rank-math-answer\">\n\n<p>Com certeza! Elas ajudam a criar clima, aquecem o ambiente e deixam um perfume delicioso no ar.<\/p>\n\n<\/div>\n<\/div>\n<div id=\"faq-question-1750947669930\" class=\"rank-math-list-item\">\n<h3 id='que-cor-escolher-para-decorar-no-inverno'  class=\"rank-math-question\">Que cor escolher para decorar no inverno?<\/h3>\n<div class=\"rank-math-answer\">\n\n<p>Tons quentes e terrosos (vermelho, laranja, marrom) aquecem o visual e s\u00e3o tend\u00eancia.<\/p>\n\n<\/div>\n<\/div>\n<div id=\"faq-question-1750947706348\" class=\"rank-math-list-item\">\n<h3 id='como-evitar-mofo-no-inverno'  class=\"rank-math-question\">Como evitar mofo no inverno?<\/h3>\n<div class=\"rank-math-answer\">\n\n<p>Mantenha ambientes ventilados durante o dia e nunca guarde mantas ou roupas \u00famidas.<\/p>\n\n<\/div>\n<\/div>\n<\/div>\n<\/div>\n\n\n<figure class=\"wp-block-image aligncenter size-large\"><img data-recalc-dims=\"1\" decoding=\"async\" width=\"1024\" height=\"683\" src=\"https:\/\/i0.wp.com\/1truenote.com\/wp-content\/uploads\/2025\/06\/ChatGPT-Image-26-de-jun.-de-2025-11_32_36.png?resize=1024%2C683&#038;ssl=1\" alt=\"decora\u00e7\u00e3o de inverno\" class=\"wp-image-3235\" srcset=\"https:\/\/i0.wp.com\/1truenote.com\/wp-content\/uploads\/2025\/06\/ChatGPT-Image-26-de-jun.-de-2025-11_32_36.png?resize=1024%2C683&amp;ssl=1 1024w, https:\/\/i0.wp.com\/1truenote.com\/wp-content\/uploads\/2025\/06\/ChatGPT-Image-26-de-jun.-de-2025-11_32_36.png?resize=300%2C200&amp;ssl=1 300w, https:\/\/i0.wp.com\/1truenote.com\/wp-content\/uploads\/2025\/06\/ChatGPT-Image-26-de-jun.-de-2025-11_32_36.png?resize=768%2C512&amp;ssl=1 768w, https:\/\/i0.wp.com\/1truenote.com\/wp-content\/uploads\/2025\/06\/ChatGPT-Image-26-de-jun.-de-2025-11_32_36.png?resize=150%2C100&amp;ssl=1 150w, https:\/\/i0.wp.com\/1truenote.com\/wp-content\/uploads\/2025\/06\/ChatGPT-Image-26-de-jun.-de-2025-11_32_36.png?w=1536&amp;ssl=1 1536w\" sizes=\"(max-width: 1024px) 100vw, 1024px\" \/><\/figure>","protected":false},"excerpt":{"rendered":"<p>Aquela sensa\u00e7\u00e3o gostosa de chegar em casa e sentir tudo mais acolhedor no frio n\u00e3o \u00e9 s\u00f3 quest\u00e3o de sorte:&#8230;<\/p>","protected":false},"author":1,"featured_media":3235,"comment_status":"open","ping_status":"open","sticky":false,"template":"","format":"standard","meta":{"_kad_post_transparent":"","_kad_post_title":"","_kad_post_layout":"","_kad_post_sidebar_id":"","_kad_post_content_style":"","_kad_post_vertical_padding":"","_kad_post_feature":"","_kad_post_feature_position":"","_kad_post_header":false,"_kad_post_footer":false,"_kad_post_classname":"","footnotes":"","jetpack_publicize_message":"Aquela sensa\u00e7\u00e3o gostosa de chegar em casa e sentir tudo mais acolhedor no frio n\u00e3o \u00e9 s\u00f3 quest\u00e3o de sorte: tem truque, sim! Com pequenas mudan\u00e7as, d\u00e1 para deixar qualquer ambiente mais quente, confort\u00e1vel e estiloso. O segredo est\u00e1 em apostar na decora\u00e7\u00e3o de inverno \u2014 e n\u00e3o precisa gastar uma fortuna nem fazer reformas, viu?\n\nSe voc\u00ea j\u00e1 sente os p\u00e9s gelados s\u00f3 de pensar em julho ou quer transformar a casa para curtir s\u00e9ries e caf\u00e9s sem \u2026\nhttps:\/\/1truenote.com\/\n\n#carvalhoconsultoriabrasil #truenote #decor #decoracao #inverno #frio #lareira #sala #acolhedor #aconchegante","jetpack_publicize_feature_enabled":true,"jetpack_social_post_already_shared":true,"jetpack_social_options":{"image_generator_settings":{"template":"highway","default_image_id":0,"enabled":false},"version":2}},"categories":[16,1],"tags":[13,14],"class_list":["post-3233","post","type-post","status-publish","format-standard","has-post-thumbnail","hentry","category-casa-e-jardim","category-novidades","tag-minimalista","tag-interiores-inovadores"],"jetpack_publicize_connections":[],"jetpack_featured_media_url":"https:\/\/i0.wp.com\/1truenote.com\/wp-content\/uploads\/2025\/06\/ChatGPT-Image-26-de-jun.-de-2025-11_32_36.png?fit=1536%2C1024&ssl=1","jetpack_sharing_enabled":true,"_links":{"self":[{"href":"https:\/\/1truenote.com\/en\/wp-json\/wp\/v2\/posts\/3233","targetHints":{"allow":["GET"]}}],"collection":[{"href":"https:\/\/1truenote.com\/en\/wp-json\/wp\/v2\/posts"}],"about":[{"href":"https:\/\/1truenote.com\/en\/wp-json\/wp\/v2\/types\/post"}],"author":[{"embeddable":true,"href":"https:\/\/1truenote.com\/en\/wp-json\/wp\/v2\/users\/1"}],"replies":[{"embeddable":true,"href":"https:\/\/1truenote.com\/en\/wp-json\/wp\/v2\/comments?post=3233"}],"version-history":[{"count":1,"href":"https:\/\/1truenote.com\/en\/wp-json\/wp\/v2\/posts\/3233\/revisions"}],"predecessor-version":[{"id":3236,"href":"https:\/\/1truenote.com\/en\/wp-json\/wp\/v2\/posts\/3233\/revisions\/3236"}],"wp:featuredmedia":[{"embeddable":true,"href":"https:\/\/1truenote.com\/en\/wp-json\/wp\/v2\/media\/3235"}],"wp:attachment":[{"href":"https:\/\/1truenote.com\/en\/wp-json\/wp\/v2\/media?parent=3233"}],"wp:term":[{"taxonomy":"category","embeddable":true,"href":"https:\/\/1truenote.com\/en\/wp-json\/wp\/v2\/categories?post=3233"},{"taxonomy":"post_tag","embeddable":true,"href":"https:\/\/1truenote.com\/en\/wp-json\/wp\/v2\/tags?post=3233"}],"curies":[{"name":"wp","href":"https:\/\/api.w.org\/{rel}","templated":true}]}}