{"id":3225,"date":"2025-06-26T12:00:00","date_gmt":"2025-06-26T15:00:00","guid":{"rendered":"https:\/\/1truenote.com\/?p=3225"},"modified":"2025-06-26T10:48:22","modified_gmt":"2025-06-26T13:48:22","slug":"ideias-conceito-aberto-sala-moderna","status":"publish","type":"post","link":"https:\/\/1truenote.com\/en\/ideias-conceito-aberto-sala-moderna\/","title":{"rendered":"4 ideias de conceito aberto para deixar sua sala muito mais moderna"},"content":{"rendered":"<p>J\u00e1 reparou como as salas integradas viraram tend\u00eancia e deixam qualquer casa com cara de projeto novo? O <strong>conceito aberto<\/strong> caiu no gosto de quem quer ambientes amplos, modernos e, claro, com aquela sensa\u00e7\u00e3o de liberdade e luz natural. E n\u00e3o pense que \u00e9 preciso quebrar tudo para adotar esse estilo \u2014 pequenas mudan\u00e7as j\u00e1 fazem muita diferen\u00e7a!<\/p>\n\n\n\n<p>Se voc\u00ea sonha em ter uma sala mais conectada com a cozinha ou a varanda, ou s\u00f3 quer renovar o layout para receber amigos e fam\u00edlia, se liga nas dicas e ideias a seguir. Vou mostrar que o conceito aberto \u00e9 mais acess\u00edvel do que parece!<\/p>\n\n\n\n<hr class=\"wp-block-separator has-alpha-channel-opacity\"\/>\n\n\n\n<h2 id='por-que-apostar-no-conceito-aberto-transforma-qualquer-sala'  class=\"wp-block-heading\">Por que apostar no conceito aberto transforma qualquer sala?<\/h2>\n\n\n\n<p>O <strong>conceito aberto<\/strong> \u00e9 muito mais do que uma moda: \u00e9 praticidade, conviv\u00eancia e aquele toque de modernidade que todo mundo ama. A aus\u00eancia de paredes faz os ambientes \u201cconversarem\u201d, amplia a luz e a circula\u00e7\u00e3o de ar e facilita o dia a dia de quem mora e recebe em casa.<\/p>\n\n\n\n<p>Sabe aquele jantarzinho com os amigos, onde a conversa rola solta entre a cozinha e a sala? Ou aquele caf\u00e9 da manh\u00e3 de domingo sem barreiras entre quem prepara e quem j\u00e1 est\u00e1 relaxando? O conceito aberto aproxima, valoriza cada metro quadrado e deixa tudo com cara de lar de novela!<\/p>\n\n\n\n<hr class=\"wp-block-separator has-alpha-channel-opacity\"\/>\n\n\n\n<h2 id='tabela-pr\u00e1tica-como-aplicar-conceito-aberto-na-sua-sala'  class=\"wp-block-heading\">Tabela pr\u00e1tica: Como aplicar conceito aberto na sua sala<\/h2>\n\n\n\n<figure class=\"wp-block-table\"><table class=\"has-fixed-layout\"><thead><tr><th>Ideia de integra\u00e7\u00e3o<\/th><th>Como fazer?<\/th><th>Dica extra<\/th><\/tr><\/thead><tbody><tr><td>Sala + Cozinha<\/td><td>Bancada ou ilha central<\/td><td>M\u00f3veis planejados ajudam na organiza\u00e7\u00e3o<\/td><\/tr><tr><td>Sala + Jantar<\/td><td>Mesa grande ou aparador<\/td><td>Invista em ilumina\u00e7\u00e3o pendente<\/td><\/tr><tr><td>Sala + Varanda<\/td><td>Porta de vidro ou aus\u00eancia de porta<\/td><td>Plantas d\u00e3o charme e unidade visual<\/td><\/tr><tr><td>Setorizar sem paredes<\/td><td>Sof\u00e1, estante vazada, tapetes<\/td><td>Use tapetes para delimitar \u00e1reas<\/td><\/tr><\/tbody><\/table><\/figure>\n\n\n\n<hr class=\"wp-block-separator has-alpha-channel-opacity\"\/>\n\n\n\n<figure class=\"wp-block-image aligncenter size-medium\"><a href=\"https:\/\/chat.whatsapp.com\/KJBkp5LFJVRIvmt5X3hSEh\" target=\"_blank\" rel=\"noopener\"><img data-recalc-dims=\"1\" fetchpriority=\"high\" decoding=\"async\" width=\"200\" height=\"300\" src=\"https:\/\/i0.wp.com\/1truenote.com\/wp-content\/uploads\/2025\/06\/ChatGPT-Image-3-de-jun.-de-2025-19_04_53.png?resize=200%2C300&#038;ssl=1\" alt=\"chamada banner advetorial whats\" class=\"wp-image-2683\" srcset=\"https:\/\/i0.wp.com\/1truenote.com\/wp-content\/uploads\/2025\/06\/ChatGPT-Image-3-de-jun.-de-2025-19_04_53.png?resize=200%2C300&amp;ssl=1 200w, https:\/\/i0.wp.com\/1truenote.com\/wp-content\/uploads\/2025\/06\/ChatGPT-Image-3-de-jun.-de-2025-19_04_53.png?resize=683%2C1024&amp;ssl=1 683w, https:\/\/i0.wp.com\/1truenote.com\/wp-content\/uploads\/2025\/06\/ChatGPT-Image-3-de-jun.-de-2025-19_04_53.png?resize=768%2C1152&amp;ssl=1 768w, https:\/\/i0.wp.com\/1truenote.com\/wp-content\/uploads\/2025\/06\/ChatGPT-Image-3-de-jun.-de-2025-19_04_53.png?resize=150%2C225&amp;ssl=1 150w, https:\/\/i0.wp.com\/1truenote.com\/wp-content\/uploads\/2025\/06\/ChatGPT-Image-3-de-jun.-de-2025-19_04_53.png?w=1024&amp;ssl=1 1024w\" sizes=\"(max-width: 200px) 100vw, 200px\" \/><\/a><\/figure>\n\n\n\n<hr class=\"wp-block-separator has-alpha-channel-opacity\"\/>\n\n\n\n<h2 id='4-ideias-de-conceito-aberto-para-uma-sala-moderna-e-funcional'  class=\"wp-block-heading\">4 ideias de conceito aberto para uma sala moderna e funcional<\/h2>\n\n\n\n<hr class=\"wp-block-separator has-alpha-channel-opacity\"\/>\n\n\n\n<a href=\"https:\/\/1truenote.com\/en\/segredo-papel-de-parede-importado-decoracao\/\" style=\"text-decoration: none;\">\n  <div style=\"display: flex; justify-content: space-between; align-items: center; background: #d44a00; padding: 12px 20px; color: white; font-family: Arial, sans-serif;\">\n    <strong style=\"color: black;\">READ ALSO:<\/strong>\n    <span style=\"margin-left: 8px; flex: 1;\">O segredo dos projetos sofisticados<\/span>\n    <div style=\"background: #f2802f; padding: 8px 12px; border-radius: 2px; margin-left: 10px;\">\n      <span style=\"color: white; font-weight: bold;\">\u27a4<\/span>\n    <\/div>\n  <\/div>\n<\/a>\n\n\n\n<hr class=\"wp-block-separator has-alpha-channel-opacity\"\/>\n\n\n\n<h3 id='1-integre-sala-de-estar-jantar-e-cozinha-com-harmonia'  class=\"wp-block-heading\">1. Integre sala de estar, jantar e cozinha com harmonia<\/h3>\n\n\n\n<p>No <strong>conceito aberto<\/strong>, a integra\u00e7\u00e3o \u00e9 tudo! Use uma ilha ou bancada para separar os ambientes e criar um ponto de encontro \u2014 perfeito para refei\u00e7\u00f5es r\u00e1pidas ou bate-papo enquanto algu\u00e9m cozinha. Aposte em arm\u00e1rios planejados, que deixam tudo organizado e com visual limpo, e posicione a mesa de jantar pr\u00f3xima \u00e0 cozinha para refor\u00e7ar a conex\u00e3o visual.<\/p>\n\n\n\n<h3 id='2-m\u00f3veis-multifuncionais-para-dividir-sem-isolar'  class=\"wp-block-heading\">2. M\u00f3veis multifuncionais para dividir sem isolar<\/h3>\n\n\n\n<p>A m\u00e1gica est\u00e1 nos detalhes: sof\u00e1s grandes, estantes vazadas ou aparadores ajudam a delimitar espa\u00e7os, mas sem barrar a circula\u00e7\u00e3o. Aposte em m\u00f3veis que se adaptem \u00e0 rotina, como mesas extens\u00edveis ou m\u00f3dulos que mudam de lugar conforme o momento. Assim, cada \u00e1rea tem sua fun\u00e7\u00e3o, mas o visual continua aberto e fluido.<\/p>\n\n\n\n<h3 id='3-ilumina\u00e7\u00e3o-planejada-para-valorizar-cada-ambiente'  class=\"wp-block-heading\">3. Ilumina\u00e7\u00e3o planejada para valorizar cada ambiente<\/h3>\n\n\n\n<p>A ilumina\u00e7\u00e3o faz toda a diferen\u00e7a no conceito aberto. Combine uma luz geral (spots ou plafons) com pontos de destaque, como pendentes sobre a mesa de jantar ou trilhos na cozinha. Assim, voc\u00ea cria \u201ccen\u00e1rios\u201d diferentes sem precisar levantar nenhuma parede! O resultado \u00e9 aconchego e personalidade em cada canto.<\/p>\n\n\n\n<h3 id='4-revestimentos-e-cores-que-criam-unidade-visual'  class=\"wp-block-heading\">4. Revestimentos e cores que criam unidade visual<\/h3>\n\n\n\n<p>Para o <strong>conceito aberto<\/strong> ficar ainda mais sofisticado, aposte em pisos cont\u00ednuos (madeira, porcelanato ou cimento queimado), que d\u00e3o sensa\u00e7\u00e3o de amplitude. Nas paredes, tons neutros como bege, cinza ou branco aumentam a luminosidade e ajudam a integrar visualmente todos os ambientes. Quer dar um toque extra? Use elementos em comum, como almofadas, quadros ou plantas, em diferentes \u00e1reas.<\/p>\n\n\n\n<hr class=\"wp-block-separator has-alpha-channel-opacity\"\/>\n\n\n\n<h2 id='dicas-r\u00e1pidas-para-acertar-no-conceito-aberto'  class=\"wp-block-heading\">Dicas r\u00e1pidas para acertar no conceito aberto<\/h2>\n\n\n\n<ul class=\"wp-block-list\">\n<li>Antes de tudo, verifique se h\u00e1 paredes estruturais que n\u00e3o podem ser removidas.<\/li>\n\n\n\n<li>Use tapetes para \u201csetorizar\u201d ambientes sem dividir.<\/li>\n\n\n\n<li>Aposte em portas de correr ou pain\u00e9is para ter privacidade quando quiser.<\/li>\n\n\n\n<li>Integre a varanda: portas de vidro ampliam luz e conectam interior e exterior.<\/li>\n\n\n\n<li>Valorize a ventila\u00e7\u00e3o natural \u2014 conceito aberto \u00e9 sin\u00f4nimo de casa fresca e arejada!<\/li>\n<\/ul>\n\n\n\n<hr class=\"wp-block-separator has-alpha-channel-opacity\"\/>\n\n\n\n<h2 id='dica-de-v\u00eddeo-para-se-inspirar-no-youtube'  class=\"wp-block-heading\">Dica de v\u00eddeo para se inspirar no YouTube<\/h2>\n\n\n\n<p>Quer visualizar essas ideias e pegar refer\u00eancias reais? Olha s\u00f3 este v\u00eddeo cheio de projetos incr\u00edveis e dicas pr\u00e1ticas:<br><a href=\"https:\/\/www.youtube.com\/watch?v=_HndJ3LSXLo&amp;pp=ygUtSWRlaWFzIGRlIENvbmNlaXRvIEFiZXJ0byBwYXJhIFNhbGFzIE1vZGVybmFz\" data-type=\"link\" data-id=\"https:\/\/www.youtube.com\/watch?v=_HndJ3LSXLo&amp;pp=ygUtSWRlaWFzIGRlIENvbmNlaXRvIEFiZXJ0byBwYXJhIFNhbGFzIE1vZGVybmFz\" target=\"_blank\" rel=\"noopener\">Ideias de Conceito Aberto para Salas Modernas \u2013 YouTube<\/a><\/p>\n\n\n\n<figure class=\"wp-block-embed aligncenter is-type-video is-provider-youtube wp-block-embed-youtube wp-embed-aspect-16-9 wp-has-aspect-ratio\"><div class=\"wp-block-embed__wrapper\">\n<iframe title=\"15 IDEIAS DE SALAS DECORADAS MODERNAS E LINDAS\" width=\"720\" height=\"405\" src=\"https:\/\/www.youtube.com\/embed\/_HndJ3LSXLo?feature=oembed\" frameborder=\"0\" allow=\"accelerometer; autoplay; clipboard-write; encrypted-media; gyroscope; picture-in-picture; web-share\" referrerpolicy=\"strict-origin-when-cross-origin\" allowfullscreen><\/iframe>\n<\/div><\/figure>\n\n\n\n<hr class=\"wp-block-separator has-alpha-channel-opacity\"\/>\n\n\n\n<h2 id='conceito-aberto'  class=\"wp-block-heading\">Conceito aberto<\/h2>\n\n\n\n<p>Com criatividade e alguns ajustes, o <strong>conceito aberto<\/strong> pode transformar sua sala em um espa\u00e7o moderno, leve e super acolhedor. Vale experimentar, testar combina\u00e7\u00f5es e adaptar cada detalhe ao seu jeito de viver \u2014 sem medo de mudar!<\/p>\n\n\n\n<p>Curtiu as dicas? Compartilhe com quem ama decora\u00e7\u00e3o e quer renovar a casa. E se ficou com d\u00favidas, comenta aqui embaixo. At\u00e9 o pr\u00f3ximo artigo!<\/p>\n\n\n\n<hr class=\"wp-block-separator has-alpha-channel-opacity\"\/>\n\n\n\n<a href=\"https:\/\/1truenote.com\/en\/segredo-papel-de-parede-importado-decoracao\/\" style=\"text-decoration: none;\">\n  <div style=\"display: flex; justify-content: space-between; align-items: center; background: #d44a00; padding: 12px 20px; color: white; font-family: Arial, sans-serif;\">\n    <strong style=\"color: black;\">READ ALSO:<\/strong>\n    <span style=\"margin-left: 8px; flex: 1;\">O segredo dos projetos sofisticados<\/span>\n    <div style=\"background: #f2802f; padding: 8px 12px; border-radius: 2px; margin-left: 10px;\">\n      <span style=\"color: white; font-weight: bold;\">\u27a4<\/span>\n    <\/div>\n  <\/div>\n<\/a>\n\n\n\n\n<hr class=\"wp-block-separator has-alpha-channel-opacity\"\/>\n\n\n\n<h2 id='d\u00favidas-frequentes-sobre-conceito-aberto-faq'  class=\"wp-block-heading\">D\u00favidas frequentes sobre conceito aberto (FAQ)<\/h2>\n\n\n<div id=\"rank-math-faq\" class=\"rank-math-block\">\n<div class=\"rank-math-list\">\n<div id=\"faq-question-1750944991998\" class=\"rank-math-list-item\">\n<h3 id='\u00e9-poss\u00edvel-adotar-conceito-aberto-em-apartamento-alugado'  class=\"rank-math-question\">\u00c9 poss\u00edvel adotar conceito aberto em apartamento alugado?<\/h3>\n<div class=\"rank-math-answer\">\n\n<p>Sim! Use m\u00f3veis e divis\u00f3rias leves, sem obras estruturais, para criar integra\u00e7\u00e3o sem perder a identidade do espa\u00e7o.<\/p>\n\n<\/div>\n<\/div>\n<div id=\"faq-question-1750944993674\" class=\"rank-math-list-item\">\n<h3 id='preciso-de-arquiteto-para-reformar'  class=\"rank-math-question\">Preciso de arquiteto para reformar?<\/h3>\n<div class=\"rank-math-answer\">\n\n<p>Sempre que for remover paredes, \u00e9 fundamental consultar um profissional para garantir a seguran\u00e7a do im\u00f3vel.<\/p>\n\n<\/div>\n<\/div>\n<div id=\"faq-question-1750944994217\" class=\"rank-math-list-item\">\n<h3 id='o-conceito-aberto-deixa-a-casa-mais-barulhenta'  class=\"rank-math-question\">O conceito aberto deixa a casa mais barulhenta?<\/h3>\n<div class=\"rank-math-answer\">\n\n<p>Pode aumentar a propaga\u00e7\u00e3o de som, mas usar tapetes, cortinas e m\u00f3veis ajuda a absorver ru\u00eddos.<\/p>\n\n<\/div>\n<\/div>\n<div id=\"faq-question-1750944995916\" class=\"rank-math-list-item\">\n<h3 id='como-manter-a-organiza\u00e7\u00e3o-sem-paredes'  class=\"rank-math-question\">Como manter a organiza\u00e7\u00e3o sem paredes?<\/h3>\n<div class=\"rank-math-answer\">\n\n<p>Arm\u00e1rios planejados, nichos e cestos organizadores s\u00e3o aliados para esconder a bagun\u00e7a e manter tudo pr\u00e1tico.<\/p>\n\n<\/div>\n<\/div>\n<div id=\"faq-question-1750945029659\" class=\"rank-math-list-item\">\n<h3 id='vale-a-pena-para-fam\u00edlias-grandes'  class=\"rank-math-question\">Vale a pena para fam\u00edlias grandes?<\/h3>\n<div class=\"rank-math-answer\">\n\n<p>Sim! Facilita a conviv\u00eancia, aproxima quem est\u00e1 em ambientes diferentes e permite adaptar o espa\u00e7o conforme a rotina.<\/p>\n\n<\/div>\n<\/div>\n<\/div>\n<\/div>\n\n\n<figure class=\"wp-block-image aligncenter size-large\"><img data-recalc-dims=\"1\" decoding=\"async\" width=\"1024\" height=\"683\" src=\"https:\/\/i0.wp.com\/1truenote.com\/wp-content\/uploads\/2025\/06\/ChatGPT-Image-26-de-jun.-de-2025-10_45_56.png?resize=1024%2C683&#038;ssl=1\" alt=\"conceito aberto\" class=\"wp-image-3226\" srcset=\"https:\/\/i0.wp.com\/1truenote.com\/wp-content\/uploads\/2025\/06\/ChatGPT-Image-26-de-jun.-de-2025-10_45_56.png?resize=1024%2C683&amp;ssl=1 1024w, https:\/\/i0.wp.com\/1truenote.com\/wp-content\/uploads\/2025\/06\/ChatGPT-Image-26-de-jun.-de-2025-10_45_56.png?resize=300%2C200&amp;ssl=1 300w, https:\/\/i0.wp.com\/1truenote.com\/wp-content\/uploads\/2025\/06\/ChatGPT-Image-26-de-jun.-de-2025-10_45_56.png?resize=768%2C512&amp;ssl=1 768w, https:\/\/i0.wp.com\/1truenote.com\/wp-content\/uploads\/2025\/06\/ChatGPT-Image-26-de-jun.-de-2025-10_45_56.png?resize=150%2C100&amp;ssl=1 150w, https:\/\/i0.wp.com\/1truenote.com\/wp-content\/uploads\/2025\/06\/ChatGPT-Image-26-de-jun.-de-2025-10_45_56.png?w=1536&amp;ssl=1 1536w\" sizes=\"(max-width: 1024px) 100vw, 1024px\" \/><\/figure>","protected":false},"excerpt":{"rendered":"<p>J\u00e1 reparou como as salas integradas viraram tend\u00eancia e deixam qualquer casa com cara de projeto novo? O conceito aberto&#8230;<\/p>","protected":false},"author":1,"featured_media":3226,"comment_status":"open","ping_status":"open","sticky":false,"template":"","format":"standard","meta":{"_kad_post_transparent":"","_kad_post_title":"","_kad_post_layout":"","_kad_post_sidebar_id":"","_kad_post_content_style":"","_kad_post_vertical_padding":"","_kad_post_feature":"","_kad_post_feature_position":"","_kad_post_header":false,"_kad_post_footer":false,"_kad_post_classname":"","footnotes":"","jetpack_publicize_message":"J\u00e1 reparou como as salas integradas viraram tend\u00eancia e deixam qualquer casa com cara de projeto novo? O conceito aberto caiu no gosto de quem quer ambientes amplos, modernos e, claro, com aquela sensa\u00e7\u00e3o de liberdade e luz natural. E n\u00e3o pense que \u00e9 preciso quebrar tudo para adotar esse estilo \u2014 pequenas mudan\u00e7as j\u00e1 fazem muita diferen\u00e7a!\n\nSe voc\u00ea sonha em ter uma sala mais conectada com a cozinha ou a varanda, ou s\u00f3 quer renovar o la\u2026\nhttps:\/\/1truenote.com\/\n\n#carvalhoconsultoriabrasil #truenote #decor #decoracao #sala #salaaberta #conceitoaberto #ambienteamplo","jetpack_publicize_feature_enabled":true,"jetpack_social_post_already_shared":true,"jetpack_social_options":{"image_generator_settings":{"template":"highway","default_image_id":0,"enabled":false},"version":2}},"categories":[16,1],"tags":[14,12],"class_list":["post-3225","post","type-post","status-publish","format-standard","has-post-thumbnail","hentry","category-casa-e-jardim","category-novidades","tag-interiores-inovadores","tag-projetos-inovadores"],"jetpack_publicize_connections":[],"jetpack_featured_media_url":"https:\/\/i0.wp.com\/1truenote.com\/wp-content\/uploads\/2025\/06\/ChatGPT-Image-26-de-jun.-de-2025-10_45_56.png?fit=1536%2C1024&ssl=1","jetpack_sharing_enabled":true,"_links":{"self":[{"href":"https:\/\/1truenote.com\/en\/wp-json\/wp\/v2\/posts\/3225","targetHints":{"allow":["GET"]}}],"collection":[{"href":"https:\/\/1truenote.com\/en\/wp-json\/wp\/v2\/posts"}],"about":[{"href":"https:\/\/1truenote.com\/en\/wp-json\/wp\/v2\/types\/post"}],"author":[{"embeddable":true,"href":"https:\/\/1truenote.com\/en\/wp-json\/wp\/v2\/users\/1"}],"replies":[{"embeddable":true,"href":"https:\/\/1truenote.com\/en\/wp-json\/wp\/v2\/comments?post=3225"}],"version-history":[{"count":1,"href":"https:\/\/1truenote.com\/en\/wp-json\/wp\/v2\/posts\/3225\/revisions"}],"predecessor-version":[{"id":3228,"href":"https:\/\/1truenote.com\/en\/wp-json\/wp\/v2\/posts\/3225\/revisions\/3228"}],"wp:featuredmedia":[{"embeddable":true,"href":"https:\/\/1truenote.com\/en\/wp-json\/wp\/v2\/media\/3226"}],"wp:attachment":[{"href":"https:\/\/1truenote.com\/en\/wp-json\/wp\/v2\/media?parent=3225"}],"wp:term":[{"taxonomy":"category","embeddable":true,"href":"https:\/\/1truenote.com\/en\/wp-json\/wp\/v2\/categories?post=3225"},{"taxonomy":"post_tag","embeddable":true,"href":"https:\/\/1truenote.com\/en\/wp-json\/wp\/v2\/tags?post=3225"}],"curies":[{"name":"wp","href":"https:\/\/api.w.org\/{rel}","templated":true}]}}