{"id":3180,"date":"2025-06-24T12:00:00","date_gmt":"2025-06-24T15:00:00","guid":{"rendered":"https:\/\/1truenote.com\/?p=3180"},"modified":"2025-06-24T11:00:29","modified_gmt":"2025-06-24T14:00:29","slug":"estante-divisoria-ideias-integrar-ambientes","status":"publish","type":"post","link":"https:\/\/1truenote.com\/en\/estante-divisoria-ideias-integrar-ambientes\/","title":{"rendered":"16 ideias de estante divis\u00f3ria para integrar e valorizar seus ambientes"},"content":{"rendered":"<p>J\u00e1 imaginou dar uma nova cara para seus ambientes s\u00f3 mudando uma pe\u00e7a? A <strong>estante divis\u00f3ria<\/strong> \u00e9 aquele tipo de solu\u00e7\u00e3o que, quando voc\u00ea v\u00ea pronta, pensa: \u201cpor que n\u00e3o fiz isso antes?\u201d Ela consegue dividir, integrar, decorar e ainda organizar tudo \u2013 tudo ao mesmo tempo, sem pesar no visual.<\/p>\n\n\n\n<p>Hoje, os espa\u00e7os andam cada vez mais compactos e multifuncionais. Se voc\u00ea precisa transformar sua casa sem quebrar parede, fica comigo que este post est\u00e1 recheado de ideias, dicas e inspira\u00e7\u00f5es que realmente funcionam. Voc\u00ea vai encontrar desde o cl\u00e1ssico ao moderno, com solu\u00e7\u00f5es para todos os estilos, or\u00e7amentos e necessidades.<\/p>\n\n\n\n<hr class=\"wp-block-separator has-alpha-channel-opacity\"\/>\n\n\n\n<h2 id='por-que-a-estante-divis\u00f3ria-faz-tanto-sucesso-hoje-em-dia'  class=\"wp-block-heading\">Por que a estante divis\u00f3ria faz tanto sucesso hoje em dia?<\/h2>\n\n\n\n<p>A <strong>estante divis\u00f3ria<\/strong> caiu nas gra\u00e7as de quem gosta de ambientes integrados, pr\u00e1ticos e cheios de personalidade. Sabe aquele ap\u00ea pequeno onde sala e cozinha quase se misturam? Ou o home office que fica no canto do quarto? Pois \u00e9, com uma estante bem escolhida, tudo ganha ordem, charme e privacidade, mas sem virar um \u201cpared\u00e3o\u201d.<\/p>\n\n\n\n<p>O mais legal \u00e9 que n\u00e3o existe uma regra s\u00f3: tem op\u00e7\u00e3o para casa grande, para studio, para quem ama minimalismo ou para quem curte um estilo mais r\u00fastico. O segredo \u00e9 unir fun\u00e7\u00e3o com beleza \u2013 e, se poss\u00edvel, contar uma hist\u00f3ria naquele m\u00f3vel que separa, mas ao mesmo tempo conecta.<\/p>\n\n\n\n<p>Outro motivo de tanto sucesso \u00e9 a versatilidade: a estante divis\u00f3ria serve para apoiar livros, plantas, objetos e at\u00e9 servir de suporte para TV ou decora\u00e7\u00e3o. Praticidade pura!<\/p>\n\n\n\n<hr class=\"wp-block-separator has-alpha-channel-opacity\"\/>\n\n\n\n<h2 id='vantagens-pr\u00e1ticas-da-estante-divis\u00f3ria-em-cada-ambiente'  class=\"wp-block-heading\">Vantagens pr\u00e1ticas da estante divis\u00f3ria em cada ambiente<\/h2>\n\n\n\n<p>Logo de cara, a <strong>estante divis\u00f3ria<\/strong> j\u00e1 entrega v\u00e1rios benef\u00edcios. Olha s\u00f3:<\/p>\n\n\n\n<ul class=\"wp-block-list\">\n<li><strong>Aproveita melhor o espa\u00e7o:<\/strong> Divide ambientes sem fechar a luz natural.<\/li>\n\n\n\n<li><strong>Organiza a bagun\u00e7a:<\/strong> D\u00e1 lugar certo para livros, objetos, plantas e at\u00e9 lou\u00e7as.<\/li>\n\n\n\n<li><strong>Garante privacidade na medida:<\/strong> Perfeita para separar quarto, home office, sala e cozinha.<\/li>\n\n\n\n<li><strong>Deixa o d\u00e9cor mais leve:<\/strong> Visualmente mais suave que paredes e pain\u00e9is fechados.<\/li>\n\n\n\n<li><strong>Ajuda na circula\u00e7\u00e3o:<\/strong> D\u00e1 sensa\u00e7\u00e3o de amplitude, at\u00e9 em apartamentos pequenos.<\/li>\n\n\n\n<li><strong>Valoriza o im\u00f3vel:<\/strong> Uma boa estante pode virar destaque e at\u00e9 aumentar o valor de mercado.<\/li>\n<\/ul>\n\n\n\n<p>No dia a dia, a diferen\u00e7a \u00e9 sentida: rotina mais pr\u00e1tica, espa\u00e7os com mais fun\u00e7\u00e3o e aquela sensa\u00e7\u00e3o gostosa de casa organizada e cheia de estilo.<\/p>\n\n\n\n<hr class=\"wp-block-separator has-alpha-channel-opacity\"\/>\n\n\n\n<figure class=\"wp-block-image aligncenter size-medium\"><a href=\"https:\/\/chat.whatsapp.com\/KJBkp5LFJVRIvmt5X3hSEh\" target=\"_blank\" rel=\"noopener\"><img data-recalc-dims=\"1\" fetchpriority=\"high\" decoding=\"async\" width=\"200\" height=\"300\" src=\"https:\/\/i0.wp.com\/1truenote.com\/wp-content\/uploads\/2025\/06\/ChatGPT-Image-3-de-jun.-de-2025-19_04_53.png?resize=200%2C300&#038;ssl=1\" alt=\"chamada banner advetorial whats\" class=\"wp-image-2683\" srcset=\"https:\/\/i0.wp.com\/1truenote.com\/wp-content\/uploads\/2025\/06\/ChatGPT-Image-3-de-jun.-de-2025-19_04_53.png?resize=200%2C300&amp;ssl=1 200w, https:\/\/i0.wp.com\/1truenote.com\/wp-content\/uploads\/2025\/06\/ChatGPT-Image-3-de-jun.-de-2025-19_04_53.png?resize=683%2C1024&amp;ssl=1 683w, https:\/\/i0.wp.com\/1truenote.com\/wp-content\/uploads\/2025\/06\/ChatGPT-Image-3-de-jun.-de-2025-19_04_53.png?resize=768%2C1152&amp;ssl=1 768w, https:\/\/i0.wp.com\/1truenote.com\/wp-content\/uploads\/2025\/06\/ChatGPT-Image-3-de-jun.-de-2025-19_04_53.png?resize=150%2C225&amp;ssl=1 150w, https:\/\/i0.wp.com\/1truenote.com\/wp-content\/uploads\/2025\/06\/ChatGPT-Image-3-de-jun.-de-2025-19_04_53.png?w=1024&amp;ssl=1 1024w\" sizes=\"(max-width: 200px) 100vw, 200px\" \/><\/a><\/figure>\n\n\n\n<hr class=\"wp-block-separator has-alpha-channel-opacity\"\/>\n\n\n\n<h2 id='como-escolher-o-modelo-de-estante-divis\u00f3ria-ideal'  class=\"wp-block-heading\">Como escolher o modelo de estante divis\u00f3ria ideal?<\/h2>\n\n\n\n<p>Antes de sair escolhendo sua <strong>estante divis\u00f3ria<\/strong>, \u00e9 bom pensar em alguns detalhes. N\u00e3o precisa ser expert, t\u00e1? Vou facilitar numa tabela para voc\u00ea comparar rapidinho:<\/p>\n\n\n\n<figure class=\"wp-block-table\"><table class=\"has-fixed-layout\"><thead><tr><th>Crit\u00e9rio<\/th><th>Dica pr\u00e1tica<\/th><th>Exemplos<\/th><\/tr><\/thead><tbody><tr><td>Material<\/td><td>Combine com o estilo do ambiente<\/td><td>Madeira, a\u00e7o, MDF, vidro, porcelanato<\/td><\/tr><tr><td>Tamanho<\/td><td>Me\u00e7a altura, largura e profundidade para n\u00e3o \u201csobrar\u201d<\/td><td>Estantes at\u00e9 o teto, meia-altura<\/td><\/tr><tr><td>Layout<\/td><td>Decida se ser\u00e1 aberta, fechada, com nichos ou prateleiras<\/td><td>Vazadas, geom\u00e9tricas, colmeia<\/td><\/tr><tr><td>Fun\u00e7\u00e3o<\/td><td>Pense no que vai guardar\/expor<\/td><td>Livros, plantas, objetos, eletr\u00f4nicos<\/td><\/tr><tr><td>Lighting<\/td><td>Considere pontos de luz para destacar objetos<\/td><td>LED embutido, spots, luminot\u00e9cnico<\/td><\/tr><tr><td>Facilidade de limpeza<\/td><td>Escolha materiais pr\u00e1ticos se a rotina for corrida<\/td><td>Vidro fosco, madeira envernizada<\/td><\/tr><\/tbody><\/table><\/figure>\n\n\n\n<p><em>Dica de amiga: Antes de comprar, visualize no local, tire medidas, pense na circula\u00e7\u00e3o das pessoas e na entrada de luz!<\/em><\/p>\n\n\n\n<hr class=\"wp-block-separator has-alpha-channel-opacity\"\/>\n\n\n\n<a href=\"https:\/\/1truenote.com\/en\/solucoes-reforma-de-casas-pequenas\/\" style=\"text-decoration: none;\">\n  <div style=\"display: flex; justify-content: space-between; align-items: center; background: #d44a00; padding: 12px 20px; color: white; font-family: Arial, sans-serif;\">\n    <strong style=\"color: black;\">READ ALSO:<\/strong>\n    <span style=\"margin-left: 8px; flex: 1;\">10 Solu\u00e7\u00f5es de reforma que fazem casas pequenas parecerem maiores<\/span>\n    <div style=\"background: #f2802f; padding: 8px 12px; border-radius: 2px; margin-left: 10px;\">\n      <span style=\"color: white; font-weight: bold;\">\u27a4<\/span>\n    <\/div>\n  <\/div>\n<\/a>\n\n\n\n<hr class=\"wp-block-separator has-alpha-channel-opacity\"\/>\n\n\n\n<h2 id='16-inspira\u00e7\u00f5es-de-estante-divis\u00f3ria-para-copiar-j\u00e1'  class=\"wp-block-heading\">16 inspira\u00e7\u00f5es de estante divis\u00f3ria para copiar j\u00e1!<\/h2>\n\n\n\n<p>Agora vem a parte mais gostosa: se inspirar! Veja como a <strong>estante divis\u00f3ria<\/strong> pode transformar qualquer ambiente. Separei modelos variados para voc\u00ea escolher qual combina mais com seu estilo (e rotina):<\/p>\n\n\n\n<ol class=\"wp-block-list\">\n<li><strong>Estante de metal, vidro e madeira:<\/strong> Mistura moderna que traz leveza e personalidade.<\/li>\n\n\n\n<li><strong>Estante de a\u00e7o:<\/strong> Perfeita para quem curte visual industrial, com ou sem prateleiras em madeira.<\/li>\n\n\n\n<li><strong>Minimalista:<\/strong> Discreta, quase \u201cinvis\u00edvel\u201d, ideal para dividir sem pesar.<\/li>\n\n\n\n<li><strong>Estilo colmeia:<\/strong> Com nichos vazados, permite luz e charme extra.<\/li>\n\n\n\n<li><strong>Nicho duplo:<\/strong> Objetos expostos dos dois lados \u2013 \u00f3timo para ambientes multifuncionais.<\/li>\n\n\n\n<li><strong>Geom\u00e9trica:<\/strong> Formas diferentes (curvas, c\u00edrculos, tri\u00e2ngulos), vira ponto focal.<\/li>\n\n\n\n<li><strong>H\u00edbrida (estante + arm\u00e1rio):<\/strong> Une privacidade, armazenamento e leveza.<\/li>\n\n\n\n<li><strong>Com ilumina\u00e7\u00e3o embutida:<\/strong> Real\u00e7a objetos e cria clima aconchegante.<\/li>\n\n\n\n<li><strong>Porcelanato + madeira:<\/strong> Sofistica\u00e7\u00e3o e durabilidade, mistura de texturas que n\u00e3o tem erro.<\/li>\n\n\n\n<li><strong>Estilo caixote\/upcycling:<\/strong> Super sustent\u00e1vel, mistura de materiais e criatividade pura.<\/li>\n\n\n\n<li><strong>Blocos de concreto:<\/strong> Industrial, robusto e descolado.<\/li>\n\n\n\n<li><strong>Meia-estante:<\/strong> Parte s\u00f3lida embaixo, parte aberta em cima, separa\u00e7\u00e3o suave e moderna.<\/li>\n\n\n\n<li><strong>Multifuncional:<\/strong> Integra eletr\u00f4nicos, floreiras, objetos e ainda desaparece no d\u00e9cor.<\/li>\n\n\n\n<li><strong>Girat\u00f3ria:<\/strong> D\u00e1 para mudar o lado da TV ou criar novos usos a qualquer momento.<\/li>\n\n\n\n<li><strong>Biombo ripado:<\/strong> Discreto, clean, \u00f3timo para ambientes pequenos.<\/li>\n\n\n\n<li><strong>Com cobog\u00f3:<\/strong> Design brasileiro, permite ventila\u00e7\u00e3o e ilumina\u00e7\u00e3o natural.<\/li>\n<\/ol>\n\n\n\n<p>E a\u00ed, j\u00e1 conseguiu se imaginar com alguma dessas estantes na sua casa? Se ainda est\u00e1 na d\u00favida, salva esse post ou compartilha para olhar de novo quando quiser.<\/p>\n\n\n\n<hr class=\"wp-block-separator has-alpha-channel-opacity\"\/>\n\n\n\n<h2 id='dica-de-v\u00eddeo-para-se-inspirar-no-youtube'  class=\"wp-block-heading\">Dica de v\u00eddeo para se inspirar no YouTube<\/h2>\n\n\n\n<p>Quer ver tudo isso na pr\u00e1tica? Recomendo assistir este v\u00eddeo super did\u00e1tico e cheio de ideias visuais para estante divis\u00f3ria:<br><a href=\"https:\/\/www.youtube.com\/watch?v=mWPiYqYya0U&amp;pp=ygVARXN0YW50ZXMgRGl2aXPDs3JpYXM6IDMwIEluc3BpcmHDp8O1ZXMgcGFyYSBzdWEgQ2FzYSDigJMgWW91VHViZQ%3D%3D\" data-type=\"link\" data-id=\"https:\/\/www.youtube.com\/watch?v=mWPiYqYya0U&amp;pp=ygVARXN0YW50ZXMgRGl2aXPDs3JpYXM6IDMwIEluc3BpcmHDp8O1ZXMgcGFyYSBzdWEgQ2FzYSDigJMgWW91VHViZQ%3D%3D\" target=\"_blank\" rel=\"noopener\">Estantes Divis\u00f3rias: 30 Inspira\u00e7\u00f5es para sua Casa \u2013 YouTube<\/a><\/p>\n\n\n\n<figure class=\"wp-block-embed aligncenter is-type-video is-provider-youtube wp-block-embed-youtube wp-embed-aspect-16-9 wp-has-aspect-ratio\"><div class=\"wp-block-embed__wrapper\">\n<iframe title=\"30 ID\u00c9IAS DE DIVIS\u00d3RIAS DE AMBIENTES PARA SUA CASA | Madeira, a\u00e7o, cobog\u00f3s, e prateleiras\" width=\"720\" height=\"405\" src=\"https:\/\/www.youtube.com\/embed\/mWPiYqYya0U?feature=oembed\" frameborder=\"0\" allow=\"accelerometer; autoplay; clipboard-write; encrypted-media; gyroscope; picture-in-picture; web-share\" referrerpolicy=\"strict-origin-when-cross-origin\" allowfullscreen><\/iframe>\n<\/div><\/figure>\n\n\n\n<p><em>Dica: Aproveite para pausar no modelo que mais gostar e mostrar para o seu marceneiro ou arquiteto!<\/em><\/p>\n\n\n\n<hr class=\"wp-block-separator has-alpha-channel-opacity\"\/>\n\n\n\n<h2 id='estante-divis\u00f3ria'  class=\"wp-block-heading\">Estante divis\u00f3ria<\/h2>\n\n\n\n<p>Viu s\u00f3 quantas possibilidades uma <strong>estante divis\u00f3ria<\/strong> pode trazer para o seu lar? Com criatividade, planejamento e aquele toque pessoal, d\u00e1 para transformar qualquer cantinho \u2013 da sala ao quarto, do home office \u00e0 cozinha. Agora \u00e9 s\u00f3 escolher a sua ideia favorita e colocar a m\u00e3o na massa (ou chamar algu\u00e9m pra ajudar, por que n\u00e3o?).<\/p>\n\n\n\n<p>Se curtiu o conte\u00fado, compartilha com aquela pessoa que vive reclamando de espa\u00e7o ou marque quem ama decora\u00e7\u00e3o no grupo! E, claro, se ficou com d\u00favida, pode perguntar nos coment\u00e1rios. At\u00e9 o pr\u00f3ximo artigo!<\/p>\n\n\n\n<hr class=\"wp-block-separator has-alpha-channel-opacity\"\/>\n\n\n\n<a href=\"https:\/\/1truenote.com\/en\/solucoes-reforma-de-casas-pequenas\/\" style=\"text-decoration: none;\">\n  <div style=\"display: flex; justify-content: space-between; align-items: center; background: #d44a00; padding: 12px 20px; color: white; font-family: Arial, sans-serif;\">\n    <strong style=\"color: black;\">READ ALSO:<\/strong>\n    <span style=\"margin-left: 8px; flex: 1;\">10 Solu\u00e7\u00f5es de reforma que fazem casas pequenas parecerem maiores<\/span>\n    <div style=\"background: #f2802f; padding: 8px 12px; border-radius: 2px; margin-left: 10px;\">\n      <span style=\"color: white; font-weight: bold;\">\u27a4<\/span>\n    <\/div>\n  <\/div>\n<\/a>\n\n\n\n\n<hr class=\"wp-block-separator has-alpha-channel-opacity\"\/>\n\n\n\n<h2 id='d\u00favidas-frequentes-sobre-estante-divis\u00f3ria-faq'  class=\"wp-block-heading\">D\u00favidas frequentes sobre estante divis\u00f3ria (FAQ)<\/h2>\n\n\n<div id=\"rank-math-faq\" class=\"rank-math-block\">\n<div class=\"rank-math-list\">\n<div id=\"faq-question-1750772841058\" class=\"rank-math-list-item\">\n<h3 id='qual-a-melhor-estante-divis\u00f3ria-para-ambientes-pequenos'  class=\"rank-math-question\">Qual a melhor estante divis\u00f3ria para ambientes pequenos?<\/h3>\n<div class=\"rank-math-answer\">\n\n<p>Estantes vazadas, de nichos ou biombo ripado. Elas deixam a luz circular e n\u00e3o pesam no espa\u00e7o.<\/p>\n\n<\/div>\n<\/div>\n<div id=\"faq-question-1750772843834\" class=\"rank-math-list-item\">\n<h3 id='precisa-furar-o-ch\u00e3o-ou-teto-para-instalar'  class=\"rank-math-question\">Precisa furar o ch\u00e3o ou teto para instalar?<\/h3>\n<div class=\"rank-math-answer\">\n\n<p>Na maioria dos casos, n\u00e3o! Muitas estantes s\u00e3o apenas apoiadas no ch\u00e3o, mas para modelos mais altos ou pesados, pode ser indicado fixar por seguran\u00e7a.<\/p>\n\n<\/div>\n<\/div>\n<div id=\"faq-question-1750772844432\" class=\"rank-math-list-item\">\n<h3 id='como-limpar-e-manter-a-estante-divis\u00f3ria'  class=\"rank-math-question\">Como limpar e manter a estante divis\u00f3ria?<\/h3>\n<div class=\"rank-math-answer\">\n\n<p>Depende do material, mas regra geral: pano \u00famido, nada de produtos abrasivos e aten\u00e7\u00e3o para evitar ac\u00famulo de poeira em nichos e prateleiras.<\/p>\n\n<\/div>\n<\/div>\n<div id=\"faq-question-1750772845122\" class=\"rank-math-list-item\">\n<h3 id='posso-usar-plantas-na-estante-divis\u00f3ria'  class=\"rank-math-question\">Posso usar plantas na estante divis\u00f3ria?<\/h3>\n<div class=\"rank-math-answer\">\n\n<p>Sim! Fica lindo e traz vida ao ambiente. S\u00f3 lembre de escolher plantas adequadas \u00e0 ilumina\u00e7\u00e3o do local.<\/p>\n\n<\/div>\n<\/div>\n<div id=\"faq-question-1750773158460\" class=\"rank-math-list-item\">\n<h3 id='a-estante-divis\u00f3ria-substitui-uma-parede-de-verdade'  class=\"rank-math-question\">A estante divis\u00f3ria substitui uma parede de verdade?<\/h3>\n<div class=\"rank-math-answer\">\n\n<p>Para dividir visualmente, sim. Mas para isolar ru\u00eddos ou criar privacidade total, paredes continuam sendo mais eficazes.<\/p>\n\n<\/div>\n<\/div>\n<\/div>\n<\/div>\n\n\n<figure class=\"wp-block-image aligncenter size-large\"><img data-recalc-dims=\"1\" decoding=\"async\" width=\"1024\" height=\"683\" src=\"https:\/\/i0.wp.com\/1truenote.com\/wp-content\/uploads\/2025\/06\/20250624_1045_Sala-Integrada-Elegante_remix_01jyh2ttqnfq6b8cjzn5n556hq.png?resize=1024%2C683&#038;ssl=1\" alt=\"estante divis\u00f3ria\" class=\"wp-image-3182\" srcset=\"https:\/\/i0.wp.com\/1truenote.com\/wp-content\/uploads\/2025\/06\/20250624_1045_Sala-Integrada-Elegante_remix_01jyh2ttqnfq6b8cjzn5n556hq.png?resize=1024%2C683&amp;ssl=1 1024w, https:\/\/i0.wp.com\/1truenote.com\/wp-content\/uploads\/2025\/06\/20250624_1045_Sala-Integrada-Elegante_remix_01jyh2ttqnfq6b8cjzn5n556hq.png?resize=300%2C200&amp;ssl=1 300w, https:\/\/i0.wp.com\/1truenote.com\/wp-content\/uploads\/2025\/06\/20250624_1045_Sala-Integrada-Elegante_remix_01jyh2ttqnfq6b8cjzn5n556hq.png?resize=768%2C512&amp;ssl=1 768w, https:\/\/i0.wp.com\/1truenote.com\/wp-content\/uploads\/2025\/06\/20250624_1045_Sala-Integrada-Elegante_remix_01jyh2ttqnfq6b8cjzn5n556hq.png?resize=150%2C100&amp;ssl=1 150w, https:\/\/i0.wp.com\/1truenote.com\/wp-content\/uploads\/2025\/06\/20250624_1045_Sala-Integrada-Elegante_remix_01jyh2ttqnfq6b8cjzn5n556hq.png?w=1536&amp;ssl=1 1536w\" sizes=\"(max-width: 1024px) 100vw, 1024px\" \/><\/figure>","protected":false},"excerpt":{"rendered":"<p>J\u00e1 imaginou dar uma nova cara para seus ambientes s\u00f3 mudando uma pe\u00e7a? A estante divis\u00f3ria \u00e9 aquele tipo de&#8230;<\/p>","protected":false},"author":1,"featured_media":3182,"comment_status":"open","ping_status":"open","sticky":false,"template":"","format":"standard","meta":{"_kad_post_transparent":"","_kad_post_title":"","_kad_post_layout":"","_kad_post_sidebar_id":"","_kad_post_content_style":"","_kad_post_vertical_padding":"","_kad_post_feature":"","_kad_post_feature_position":"","_kad_post_header":false,"_kad_post_footer":false,"_kad_post_classname":"","footnotes":"","jetpack_publicize_message":"J\u00e1 imaginou dar uma nova cara para seus ambientes s\u00f3 mudando uma pe\u00e7a? A estante divis\u00f3ria \u00e9 aquele tipo de solu\u00e7\u00e3o que, quando voc\u00ea v\u00ea pronta, pensa: \u201cpor que n\u00e3o fiz isso antes?\u201d Ela consegue dividir, integrar, decorar e ainda organizar tudo \u2013 tudo ao mesmo tempo, sem pesar no visual.\n\nHoje, os espa\u00e7os andam cada vez mais compactos e multifuncionais. Se voc\u00ea precisa transformar sua casa sem quebrar parede, fica comigo que este post e\u2026\n\n#carvalhoconsultoriabrasil #truenote #decor #decoracao #estante #estanteaberta #sala #multifuncional","jetpack_publicize_feature_enabled":true,"jetpack_social_post_already_shared":true,"jetpack_social_options":{"image_generator_settings":{"template":"highway","default_image_id":0,"enabled":false},"version":2}},"categories":[16,1],"tags":[14,12],"class_list":["post-3180","post","type-post","status-publish","format-standard","has-post-thumbnail","hentry","category-casa-e-jardim","category-novidades","tag-interiores-inovadores","tag-projetos-inovadores"],"jetpack_publicize_connections":[],"jetpack_featured_media_url":"https:\/\/i0.wp.com\/1truenote.com\/wp-content\/uploads\/2025\/06\/20250624_1045_Sala-Integrada-Elegante_remix_01jyh2ttqnfq6b8cjzn5n556hq.png?fit=1536%2C1024&ssl=1","jetpack_sharing_enabled":true,"_links":{"self":[{"href":"https:\/\/1truenote.com\/en\/wp-json\/wp\/v2\/posts\/3180","targetHints":{"allow":["GET"]}}],"collection":[{"href":"https:\/\/1truenote.com\/en\/wp-json\/wp\/v2\/posts"}],"about":[{"href":"https:\/\/1truenote.com\/en\/wp-json\/wp\/v2\/types\/post"}],"author":[{"embeddable":true,"href":"https:\/\/1truenote.com\/en\/wp-json\/wp\/v2\/users\/1"}],"replies":[{"embeddable":true,"href":"https:\/\/1truenote.com\/en\/wp-json\/wp\/v2\/comments?post=3180"}],"version-history":[{"count":1,"href":"https:\/\/1truenote.com\/en\/wp-json\/wp\/v2\/posts\/3180\/revisions"}],"predecessor-version":[{"id":3183,"href":"https:\/\/1truenote.com\/en\/wp-json\/wp\/v2\/posts\/3180\/revisions\/3183"}],"wp:featuredmedia":[{"embeddable":true,"href":"https:\/\/1truenote.com\/en\/wp-json\/wp\/v2\/media\/3182"}],"wp:attachment":[{"href":"https:\/\/1truenote.com\/en\/wp-json\/wp\/v2\/media?parent=3180"}],"wp:term":[{"taxonomy":"category","embeddable":true,"href":"https:\/\/1truenote.com\/en\/wp-json\/wp\/v2\/categories?post=3180"},{"taxonomy":"post_tag","embeddable":true,"href":"https:\/\/1truenote.com\/en\/wp-json\/wp\/v2\/tags?post=3180"}],"curies":[{"name":"wp","href":"https:\/\/api.w.org\/{rel}","templated":true}]}}