{"id":3170,"date":"2025-06-23T16:00:00","date_gmt":"2025-06-23T19:00:00","guid":{"rendered":"https:\/\/1truenote.com\/?p=3170"},"modified":"2025-06-23T13:50:19","modified_gmt":"2025-06-23T16:50:19","slug":"dicas-para-chacara-transforme-seu-espaco","status":"publish","type":"post","link":"https:\/\/1truenote.com\/en\/dicas-para-chacara-transforme-seu-espaco\/","title":{"rendered":"Transforme sua ch\u00e1cara com essas dicas f\u00e1ceis e eficientes"},"content":{"rendered":"<p>Sabe aquele desejo de ver a ch\u00e1cara com cara de ref\u00fagio e vida de novela? Pois \u00e9! Nem sempre precisa de obra gigantesca ou or\u00e7amento astron\u00f4mico. Com algumas <strong>dicas para ch\u00e1cara<\/strong> bem aplicadas, o espa\u00e7o pode ficar mais bonito, pr\u00e1tico e gostoso para toda a fam\u00edlia \u2013 e voc\u00ea ainda ganha tempo para curtir. Quer saber como? Vem comigo que vou compartilhar truques que funcionam de verdade!<\/p>\n\n\n\n<hr class=\"wp-block-separator has-alpha-channel-opacity\"\/>\n\n\n\n<h2 id='planejamento-o-segredo-das-ch\u00e1caras-organizadas'  class=\"wp-block-heading\">Planejamento: O segredo das ch\u00e1caras organizadas<\/h2>\n\n\n\n<p>Antes de sair mudando tudo, respira fundo e pensa: qual \u00e9 o objetivo da sua ch\u00e1cara? Descanso? Lazer em fam\u00edlia? Cultivo de plantas? Esse olhar estrat\u00e9gico faz toda diferen\u00e7a na hora de aplicar <strong>dicas para ch\u00e1cara<\/strong> que realmente funcionam.<\/p>\n\n\n\n<ul class=\"wp-block-list\">\n<li><strong>Mapeie \u00e1reas<\/strong>: jardim, pomar, horta, lazer e at\u00e9 aquele cantinho para relaxar.<\/li>\n\n\n\n<li><strong>Liste ferramentas e materiais<\/strong> antes de come\u00e7ar qualquer mudan\u00e7a.<\/li>\n\n\n\n<li><strong>Monte um cronograma<\/strong> (tipo check-list mesmo!) para acompanhar as tarefas e n\u00e3o deixar nada acumulando.<\/li>\n<\/ul>\n\n\n\n<p>Aprendi do jeito dif\u00edcil que improvisar s\u00f3 gera retrabalho. Depois que comecei a planejar tudo, at\u00e9 sobrou tempo pra deitar na rede no final de tarde!<\/p>\n\n\n\n<hr class=\"wp-block-separator has-alpha-channel-opacity\"\/>\n\n\n\n<h2 id='como-escolher-e-cuidar-das-plantas-certas'  class=\"wp-block-heading\">Como escolher e cuidar das plantas certas<\/h2>\n\n\n\n<p>Olha, n\u00e3o adianta se apaixonar por todas as mudas da floricultura\u2026 \u00c9 importante escolher esp\u00e9cies que combinem com o clima da sua regi\u00e3o \u2013 essa \u00e9 uma das <strong>dicas para ch\u00e1cara<\/strong> mais valiosas que aprendi. Plantas felizes = jardim lindo e sem sofrimento.<\/p>\n\n\n\n<ul class=\"wp-block-list\">\n<li>Prefira plantas resistentes ao clima local<\/li>\n\n\n\n<li>Regue moderadamente, sempre observando a terra antes de molhar de novo<\/li>\n\n\n\n<li>Fa\u00e7a aduba\u00e7\u00e3o org\u00e2nica: d\u00e1 menos trabalho e o jardim agradece<\/li>\n\n\n\n<li>Fique de olho nas pragas e folhas secas \u2013 limpeza semanal faz milagre<\/li>\n<\/ul>\n\n\n\n<p>Ah! N\u00e3o esque\u00e7a que o cuidado di\u00e1rio \u00e9 aquele carinho extra que transforma a ch\u00e1cara em um pedacinho do para\u00edso.<\/p>\n\n\n\n<hr class=\"wp-block-separator has-alpha-channel-opacity\"\/>\n\n\n\n<figure class=\"wp-block-image aligncenter size-medium\"><a href=\"https:\/\/chat.whatsapp.com\/KJBkp5LFJVRIvmt5X3hSEh\" target=\"_blank\" rel=\"noopener\"><img data-recalc-dims=\"1\" fetchpriority=\"high\" decoding=\"async\" width=\"200\" height=\"300\" src=\"https:\/\/i0.wp.com\/1truenote.com\/wp-content\/uploads\/2025\/06\/ChatGPT-Image-3-de-jun.-de-2025-19_04_53.png?resize=200%2C300&#038;ssl=1\" alt=\"chamada banner advetorial whats\" class=\"wp-image-2683\" srcset=\"https:\/\/i0.wp.com\/1truenote.com\/wp-content\/uploads\/2025\/06\/ChatGPT-Image-3-de-jun.-de-2025-19_04_53.png?resize=200%2C300&amp;ssl=1 200w, https:\/\/i0.wp.com\/1truenote.com\/wp-content\/uploads\/2025\/06\/ChatGPT-Image-3-de-jun.-de-2025-19_04_53.png?resize=683%2C1024&amp;ssl=1 683w, https:\/\/i0.wp.com\/1truenote.com\/wp-content\/uploads\/2025\/06\/ChatGPT-Image-3-de-jun.-de-2025-19_04_53.png?resize=768%2C1152&amp;ssl=1 768w, https:\/\/i0.wp.com\/1truenote.com\/wp-content\/uploads\/2025\/06\/ChatGPT-Image-3-de-jun.-de-2025-19_04_53.png?resize=150%2C225&amp;ssl=1 150w, https:\/\/i0.wp.com\/1truenote.com\/wp-content\/uploads\/2025\/06\/ChatGPT-Image-3-de-jun.-de-2025-19_04_53.png?w=1024&amp;ssl=1 1024w\" sizes=\"(max-width: 200px) 100vw, 200px\" \/><\/a><\/figure>\n\n\n\n<hr class=\"wp-block-separator has-alpha-channel-opacity\"\/>\n\n\n\n<h2 id='horta-caseira-sabor-e-sa\u00fade-direto-da-terra'  class=\"wp-block-heading\">Horta caseira: Sabor e sa\u00fade direto da terra<\/h2>\n\n\n\n<p>Se voc\u00ea nunca colheu um tomate no quintal, precisa experimentar! A horta \u00e9 uma das \u00e1reas que mais d\u00e1 orgulho em qualquer ch\u00e1cara. Com algumas <strong>dicas para ch\u00e1cara<\/strong> pr\u00e1ticas, d\u00e1 pra come\u00e7ar hoje mesmo:<\/p>\n\n\n\n<ul class=\"wp-block-list\">\n<li>Escolha um local ensolarado e de f\u00e1cil acesso \u00e0 \u00e1gua<\/li>\n\n\n\n<li>Prepare a terra: retire ervas daninhas, afofe bem e adube<\/li>\n\n\n\n<li>Plante s\u00f3 o que a fam\u00edlia realmente consome (nada de exagero!)<\/li>\n\n\n\n<li>Fa\u00e7a a rota\u00e7\u00e3o de culturas para manter a horta produtiva o ano inteiro<\/li>\n<\/ul>\n\n\n\n<p>A sensa\u00e7\u00e3o de comer o que voc\u00ea mesmo plantou \u00e9 \u00fanica. Fora que ensina crian\u00e7as (e adultos) a valorizar o alimento.<\/p>\n\n\n\n<hr class=\"wp-block-separator has-alpha-channel-opacity\"\/>\n\n\n\n<h2 id='estruturas-manuten\u00e7\u00e3o-que-evita-dor-de-cabe\u00e7a'  class=\"wp-block-heading\">Estruturas: Manuten\u00e7\u00e3o que evita dor de cabe\u00e7a<\/h2>\n\n\n\n<p>Sabe aquele port\u00e3o caindo ou galp\u00e3o com goteira? Quanto antes resolver, menos dor de cabe\u00e7a depois! Sempre inclua nas suas <strong>dicas para ch\u00e1cara<\/strong>:<\/p>\n\n\n\n<figure class=\"wp-block-table\"><table class=\"has-fixed-layout\"><thead><tr><th>Estrutura<\/th><th>Frequ\u00eancia de Checagem<\/th><th>O que observar<\/th><\/tr><\/thead><tbody><tr><td>Cercas e port\u00f5es<\/td><td>Mensal<\/td><td>Ferrugem, madeiras podres<\/td><\/tr><tr><td>Telhados e galp\u00f5es<\/td><td>Trimestral<\/td><td>Infiltra\u00e7\u00f5es e telhas soltas<\/td><\/tr><tr><td>\u00c1reas de lazer<\/td><td>Mensal<\/td><td>M\u00f3veis, piso, ilumina\u00e7\u00e3o<\/td><\/tr><tr><td>Sistemas de \u00e1gua<\/td><td>Bimestral<\/td><td>Vazamentos e mangueiras furadas<\/td><\/tr><\/tbody><\/table><\/figure>\n\n\n\n<p><em>Tabela pr\u00e1tica para nunca esquecer de cuidar do b\u00e1sico!<\/em><\/p>\n\n\n\n<hr class=\"wp-block-separator has-alpha-channel-opacity\"\/>\n\n\n\n<a href=\"https:\/\/1truenote.com\/en\/casa-para-jardim-como-transformar-espaco-externo\/\" style=\"text-decoration: none;\">\n  <div style=\"display: flex; justify-content: space-between; align-items: center; background: #d44a00; padding: 12px 20px; color: white; font-family: Arial, sans-serif;\">\n    <strong style=\"color: black;\">READ ALSO:<\/strong>\n    <span style=\"margin-left: 8px; flex: 1;\">Veja como uma casa para jardim pode transformar seu espa\u00e7o externo<\/span>\n    <div style=\"background: #f2802f; padding: 8px 12px; border-radius: 2px; margin-left: 10px;\">\n      <span style=\"color: white; font-weight: bold;\">\u27a4<\/span>\n    <\/div>\n  <\/div>\n<\/a>\n\n\n\n<hr class=\"wp-block-separator has-alpha-channel-opacity\"\/>\n\n\n\n<h2 id='crie-\u00e1reas-de-lazer-aconchegantes'  class=\"wp-block-heading\">Crie \u00e1reas de lazer aconchegantes<\/h2>\n\n\n\n<p>A ch\u00e1cara merece um espa\u00e7o para juntar a galera, n\u00e9? Com <strong>dicas para ch\u00e1cara<\/strong> simples, d\u00e1 pra montar uma \u00e1rea de lazer dos sonhos, mesmo sem luxo:<\/p>\n\n\n\n<ul class=\"wp-block-list\">\n<li>M\u00f3veis de madeira ou fibra sint\u00e9tica, que resistem \u00e0 chuva e sol<\/li>\n\n\n\n<li>Almofadas e mantas coloridas para dar aquele toque de conforto<\/li>\n\n\n\n<li>Luzes de LED ou lanternas solares deixam tudo m\u00e1gico \u00e0 noite<\/li>\n\n\n\n<li>Invista em churrasqueira port\u00e1til ou mesa de piquenique<\/li>\n<\/ul>\n\n\n\n<p>Com um pouquinho de criatividade, qualquer cantinho vira cen\u00e1rio de momentos inesquec\u00edveis.<\/p>\n\n\n\n<hr class=\"wp-block-separator has-alpha-channel-opacity\"\/>\n\n\n\n<h2 id='limpeza-e-sustentabilidade-combo-de-sucesso'  class=\"wp-block-heading\">Limpeza e sustentabilidade: Combo de sucesso<\/h2>\n\n\n\n<p>Nem s\u00f3 de beleza vive uma ch\u00e1cara! Manter a limpeza em dia faz parte das <strong>dicas para ch\u00e1cara<\/strong> que garantem praticidade e evitam problemas de sa\u00fade:<\/p>\n\n\n\n<ul class=\"wp-block-list\">\n<li>Limpe varandas, caminhos e \u00e1reas comuns toda semana<\/li>\n\n\n\n<li>Separe e descarte res\u00edduos corretamente (compostagem \u00e9 uma \u00f3tima pedida!)<\/li>\n\n\n\n<li>Evite ac\u00famulo de entulho e objetos sem uso<\/li>\n<\/ul>\n\n\n\n<p>Al\u00e9m disso, cuidar dos res\u00edduos org\u00e2nicos e reciclar contribui para um espa\u00e7o mais saud\u00e1vel \u2013 e d\u00e1 orgulho de ver o verde sempre bonito!<\/p>\n\n\n\n<h3 id='dica-extra-v\u00eddeo-inspirador'  class=\"wp-block-heading\">Dica extra: V\u00eddeo inspirador!<\/h3>\n\n\n\n<p><a href=\"https:\/\/www.youtube.com\/watch?v=FzBIxf4dSwM&amp;pp=ygU5Q29tbyB0cmFuc2Zvcm1hciBzdWEgY2jDoWNhcmEgZW0gdW0gcmVmw7pnaW8gZGUgYmVtLWVzdGFy\" target=\"_blank\" rel=\"noopener\">Como transformar sua ch\u00e1cara em um ref\u00fagio de bem-estar \u2013 Youtube<\/a><\/p>\n\n\n\n<figure class=\"wp-block-embed aligncenter is-type-video is-provider-youtube wp-block-embed-youtube wp-embed-aspect-16-9 wp-has-aspect-ratio\"><div class=\"wp-block-embed__wrapper\">\n<iframe title=\"Ela transformou sua CH\u00c1CARA em um PARA\u00cdSO VERDE\" width=\"720\" height=\"405\" src=\"https:\/\/www.youtube.com\/embed\/FzBIxf4dSwM?feature=oembed\" frameborder=\"0\" allow=\"accelerometer; autoplay; clipboard-write; encrypted-media; gyroscope; picture-in-picture; web-share\" referrerpolicy=\"strict-origin-when-cross-origin\" allowfullscreen><\/iframe>\n<\/div><\/figure>\n\n\n\n<hr class=\"wp-block-separator has-alpha-channel-opacity\"\/>\n\n\n\n<h2 id='o-prazer-de-transformar-com-pequenas-atitudes'  class=\"wp-block-heading\">O prazer de transformar com pequenas atitudes<\/h2>\n\n\n\n<p>No fim das contas, cuidar da ch\u00e1cara \u00e9 mais que tarefa: \u00e9 amor em forma de rotina. Teste cada uma dessas <strong>dicas para ch\u00e1cara<\/strong>, adapte ao seu estilo e, acima de tudo, aproveite cada momento nesse cantinho especial! Tem alguma dica que j\u00e1 salvou o seu dia na ch\u00e1cara? Conta aqui embaixo \u2013 vou adorar saber!<\/p>\n\n\n\n<hr class=\"wp-block-separator has-alpha-channel-opacity\"\/>\n\n\n\n<a href=\"https:\/\/1truenote.com\/en\/casa-para-jardim-como-transformar-espaco-externo\/\" style=\"text-decoration: none;\">\n  <div style=\"display: flex; justify-content: space-between; align-items: center; background: #d44a00; padding: 12px 20px; color: white; font-family: Arial, sans-serif;\">\n    <strong style=\"color: black;\">READ ALSO:<\/strong>\n    <span style=\"margin-left: 8px; flex: 1;\">Veja como uma casa para jardim pode transformar seu espa\u00e7o externo<\/span>\n    <div style=\"background: #f2802f; padding: 8px 12px; border-radius: 2px; margin-left: 10px;\">\n      <span style=\"color: white; font-weight: bold;\">\u27a4<\/span>\n    <\/div>\n  <\/div>\n<\/a>\n\n\n\n\n<hr class=\"wp-block-separator has-alpha-channel-opacity\"\/>\n\n\n\n<h2 id='faq-dicas-para-ch\u00e1cara'  class=\"wp-block-heading\">FAQ \u2013 Dicas para ch\u00e1cara<\/h2>\n\n\n<div id=\"rank-math-faq\" class=\"rank-math-block\">\n<div class=\"rank-math-list\">\n<div id=\"faq-question-1750696948176\" class=\"rank-math-list-item\">\n<h3 id='como-proteger-animais-na-ch\u00e1cara'  class=\"rank-math-question\">Como proteger animais na ch\u00e1cara?<\/h3>\n<div class=\"rank-math-answer\">\n\n<p>Invista em cercas seguras e abrigos resistentes. Inspecione sempre que poss\u00edvel para evitar fugas ou acidentes.<\/p>\n\n<\/div>\n<\/div>\n<div id=\"faq-question-1750696949131\" class=\"rank-math-list-item\">\n<h3 id='qual-a-melhor-planta-para-ch\u00e1cara'  class=\"rank-math-question\">Qual a melhor planta para ch\u00e1cara?<\/h3>\n<div class=\"rank-math-answer\">\n\n<p>Depende do clima! Mas frut\u00edferas, flores do campo e folhagens resistentes ao sol costumam dar certo em todo Brasil.<\/p>\n\n<\/div>\n<\/div>\n<div id=\"faq-question-1750696949995\" class=\"rank-math-list-item\">\n<h3 id='precisa-mesmo-planejar-tudo'  class=\"rank-math-question\">Precisa mesmo planejar tudo?<\/h3>\n<div class=\"rank-math-answer\">\n\n<p>Sim! O planejamento evita retrabalho e desperd\u00edcio. Mesmo para pequenas mudan\u00e7as, anote ideias e crie um check-list.<\/p>\n\n<\/div>\n<\/div>\n<div id=\"faq-question-1750696950709\" class=\"rank-math-list-item\">\n<h3 id='como-tornar-a-ch\u00e1cara-mais-sustent\u00e1vel'  class=\"rank-math-question\">Como tornar a ch\u00e1cara mais sustent\u00e1vel?<\/h3>\n<div class=\"rank-math-answer\">\n\n<p>Aposte em horta org\u00e2nica, compostagem e re\u00faso de \u00e1gua da chuva. Pequenas atitudes j\u00e1 fazem uma grande diferen\u00e7a.<\/p>\n\n<\/div>\n<\/div>\n<\/div>\n<\/div>\n\n\n<figure class=\"wp-block-image aligncenter size-large\"><img data-recalc-dims=\"1\" decoding=\"async\" width=\"1024\" height=\"683\" src=\"https:\/\/i0.wp.com\/1truenote.com\/wp-content\/uploads\/2025\/06\/20250623_1341_Refugio-Rustico-Acolhedor_simple_compose_01jyeth8mjfb18pey1cwaktb03.png?resize=1024%2C683&#038;ssl=1\" alt=\"dicas para ch\u00e1cara\" class=\"wp-image-3172\" srcset=\"https:\/\/i0.wp.com\/1truenote.com\/wp-content\/uploads\/2025\/06\/20250623_1341_Refugio-Rustico-Acolhedor_simple_compose_01jyeth8mjfb18pey1cwaktb03.png?resize=1024%2C683&amp;ssl=1 1024w, https:\/\/i0.wp.com\/1truenote.com\/wp-content\/uploads\/2025\/06\/20250623_1341_Refugio-Rustico-Acolhedor_simple_compose_01jyeth8mjfb18pey1cwaktb03.png?resize=300%2C200&amp;ssl=1 300w, https:\/\/i0.wp.com\/1truenote.com\/wp-content\/uploads\/2025\/06\/20250623_1341_Refugio-Rustico-Acolhedor_simple_compose_01jyeth8mjfb18pey1cwaktb03.png?resize=768%2C512&amp;ssl=1 768w, https:\/\/i0.wp.com\/1truenote.com\/wp-content\/uploads\/2025\/06\/20250623_1341_Refugio-Rustico-Acolhedor_simple_compose_01jyeth8mjfb18pey1cwaktb03.png?resize=150%2C100&amp;ssl=1 150w, https:\/\/i0.wp.com\/1truenote.com\/wp-content\/uploads\/2025\/06\/20250623_1341_Refugio-Rustico-Acolhedor_simple_compose_01jyeth8mjfb18pey1cwaktb03.png?w=1536&amp;ssl=1 1536w\" sizes=\"(max-width: 1024px) 100vw, 1024px\" \/><\/figure>","protected":false},"excerpt":{"rendered":"<p>Sabe aquele desejo de ver a ch\u00e1cara com cara de ref\u00fagio e vida de novela? Pois \u00e9! Nem sempre precisa&#8230;<\/p>","protected":false},"author":1,"featured_media":3172,"comment_status":"open","ping_status":"open","sticky":false,"template":"","format":"standard","meta":{"_kad_post_transparent":"","_kad_post_title":"","_kad_post_layout":"","_kad_post_sidebar_id":"","_kad_post_content_style":"","_kad_post_vertical_padding":"","_kad_post_feature":"","_kad_post_feature_position":"","_kad_post_header":false,"_kad_post_footer":false,"_kad_post_classname":"","footnotes":"","jetpack_publicize_message":"Sabe aquele desejo de ver a ch\u00e1cara com cara de ref\u00fagio e vida de novela? Pois \u00e9! Nem sempre precisa de obra gigantesca ou or\u00e7amento astron\u00f4mico. Com algumas dicas para ch\u00e1cara bem aplicadas, o espa\u00e7o pode ficar mais bonito, pr\u00e1tico e gostoso para toda a fam\u00edlia \u2013 e voc\u00ea ainda ganha tempo para curtir. Quer saber como? Vem comigo que vou compartilhar truques que funcionam de verdade!\n\nPlanejamento: O segredo das ch\u00e1caras organizadas\n\nAn\u2026\n\n#carvalhoconsultoriabrasil #truenote #decor #decoracao #chacara #jardim #casa #fazenda #plantas #flores #preservacao","jetpack_publicize_feature_enabled":true,"jetpack_social_post_already_shared":true,"jetpack_social_options":{"image_generator_settings":{"template":"highway","default_image_id":0,"enabled":false},"version":2}},"categories":[16],"tags":[14],"class_list":["post-3170","post","type-post","status-publish","format-standard","has-post-thumbnail","hentry","category-casa-e-jardim","tag-interiores-inovadores"],"jetpack_publicize_connections":[],"jetpack_featured_media_url":"https:\/\/i0.wp.com\/1truenote.com\/wp-content\/uploads\/2025\/06\/20250623_1341_Refugio-Rustico-Acolhedor_simple_compose_01jyeth8mjfb18pey1cwaktb03.png?fit=1536%2C1024&ssl=1","jetpack_sharing_enabled":true,"_links":{"self":[{"href":"https:\/\/1truenote.com\/en\/wp-json\/wp\/v2\/posts\/3170","targetHints":{"allow":["GET"]}}],"collection":[{"href":"https:\/\/1truenote.com\/en\/wp-json\/wp\/v2\/posts"}],"about":[{"href":"https:\/\/1truenote.com\/en\/wp-json\/wp\/v2\/types\/post"}],"author":[{"embeddable":true,"href":"https:\/\/1truenote.com\/en\/wp-json\/wp\/v2\/users\/1"}],"replies":[{"embeddable":true,"href":"https:\/\/1truenote.com\/en\/wp-json\/wp\/v2\/comments?post=3170"}],"version-history":[{"count":1,"href":"https:\/\/1truenote.com\/en\/wp-json\/wp\/v2\/posts\/3170\/revisions"}],"predecessor-version":[{"id":3173,"href":"https:\/\/1truenote.com\/en\/wp-json\/wp\/v2\/posts\/3170\/revisions\/3173"}],"wp:featuredmedia":[{"embeddable":true,"href":"https:\/\/1truenote.com\/en\/wp-json\/wp\/v2\/media\/3172"}],"wp:attachment":[{"href":"https:\/\/1truenote.com\/en\/wp-json\/wp\/v2\/media?parent=3170"}],"wp:term":[{"taxonomy":"category","embeddable":true,"href":"https:\/\/1truenote.com\/en\/wp-json\/wp\/v2\/categories?post=3170"},{"taxonomy":"post_tag","embeddable":true,"href":"https:\/\/1truenote.com\/en\/wp-json\/wp\/v2\/tags?post=3170"}],"curies":[{"name":"wp","href":"https:\/\/api.w.org\/{rel}","templated":true}]}}