{"id":3166,"date":"2025-06-23T14:00:00","date_gmt":"2025-06-23T17:00:00","guid":{"rendered":"https:\/\/1truenote.com\/?p=3166"},"modified":"2025-06-23T12:02:58","modified_gmt":"2025-06-23T15:02:58","slug":"solucoes-reforma-de-casas-pequenas","status":"publish","type":"post","link":"https:\/\/1truenote.com\/en\/solucoes-reforma-de-casas-pequenas\/","title":{"rendered":"10 Solu\u00e7\u00f5es de reforma que fazem casas pequenas parecerem maiores"},"content":{"rendered":"<div class=\"fit_content\">\n                <div class=\"bd_toc_container\" data-fixedwidth=\"\">\n                    <div class=\"bd_toc_wrapper\" data-wrapperpadding=\"48px\">\n                        <div class=\"bd_toc_wrapper_item\">\n                            <div class=\"bd_toc_header active\" data-headerpadding=\"2px\">\n                                <div class=\"bd_toc_header_title\">\n                                    Sum\u00e1rio                                <\/div>\n                                <div class=\"bd_toc_switcher_hide_show_icon\">\n                                    <span class=\"bd_toc_arrow\"><\/span>                                <\/div>\n                            <\/div>\n                            <div class=\"bd_toc_content list-type-number\">\n                                <div class=\"bd_toc_content_list\">\n                                    <div class='bd_toc_content_list_item'>    <ul>\n      <li class=\"first\">\n        <a href=\"#1-invista-em-m\u00f3veis-multifuncionais\">1. Invista em m\u00f3veis multifuncionais<\/a>\n      <\/li>\n      <li>\n        <a href=\"#2-use-cores-claras-para-ampliar-ambientes\">2. Use cores claras para ampliar ambientes<\/a>\n      <\/li>\n      <li>\n        <a href=\"#3-espelhos-s\u00e3o-aliados-de-ouro\">3. Espelhos s\u00e3o aliados de ouro<\/a>\n      <\/li>\n      <li>\n        <a href=\"#4-layout-aberto-conecta-tudo\">4. Layout aberto conecta tudo<\/a>\n      <\/li>\n      <li>\n        <a href=\"#5-aproveite-cada-cantinho-com-arm\u00e1rios-planejados\">5. Aproveite cada cantinho com arm\u00e1rios planejados<\/a>\n      <\/li>\n      <li>\n        <a href=\"#6-ilumina\u00e7\u00e3o-estrat\u00e9gica-transforma-tudo\">6. Ilumina\u00e7\u00e3o estrat\u00e9gica transforma tudo<\/a>\n      <\/li>\n      <li>\n        <a href=\"#7-portas-de-correr-otimizam-espa\u00e7o\">7. Portas de correr otimizam espa\u00e7o<\/a>\n      <\/li>\n      <li>\n        <a href=\"#8-prateleiras-e-nichos-nas-paredes\">8. Prateleiras e nichos nas paredes<\/a>\n      <\/li>\n      <li>\n        <a href=\"#9-pisos-cont\u00ednuos-unem-ambientes\">9. Pisos cont\u00ednuos unem ambientes<\/a>\n      <\/li>\n      <li>\n        <a href=\"#10-menos-\u00e9-mais-desapegue-do-excesso\">10. Menos \u00e9 mais: Desapegue do excesso<\/a>\n        <ul class=\"menu_level_2\">\n          <li class=\"first\">\n            <a href=\"#tabela-efeitos-das-cores-nos-ambientes\">Tabela: Efeitos das cores nos ambientes<\/a>\n          <\/li>\n          <li>\n            <a href=\"#dicas-extras-para-a-sua-reforma\">Dicas extras para a sua reforma<\/a>\n          <\/li>\n          <li class=\"last\">\n            <a href=\"#v\u00eddeo-youtube-recomendado\">V\u00eddeo YouTube recomendado<\/a>\n          <\/li>\n        <\/ul>\n      <\/li>\n      <li>\n        <a href=\"#sua-casa-seu-estilo-reforma-de-casas-pequenas\">Sua casa, seu estilo! Reforma de casas pequenas<\/a>\n      <\/li>\n      <li class=\"last\">\n        <a href=\"#faq-reforma-de-casas-pequenas\">FAQ \u2013 Reforma de casas pequenas<\/a>\n        <ul class=\"menu_level_2\">\n          <li class=\"first\">\n            <a href=\"#qual-o-melhor-tipo-de-piso-para-casa-pequena\">Qual o melhor tipo de piso para casa pequena?<\/a>\n          <\/li>\n          <li>\n            <a href=\"#posso-usar-m\u00f3veis-escuros-em-casas-pequenas\">Posso usar m\u00f3veis escuros em casas pequenas?<\/a>\n          <\/li>\n          <li>\n            <a href=\"#como-escolher-a-cor-das-paredes\">Como escolher a cor das paredes?<\/a>\n          <\/li>\n          <li class=\"last\">\n            <a href=\"#vale-a-pena-investir-em-m\u00f3veis-sob-medida\">Vale a pena investir em m\u00f3veis sob medida?<\/a>\n          <\/li>\n        <\/ul>\n      <\/li>\n    <\/ul>\n<\/div>                                <\/div>\n                            <\/div>\n                        <\/div>\n                    <\/div>\n                    <div class=\"layout_toggle_button\">\n                        <span class=\"bd_toc_arrow\"><\/span>\n                    <\/div>\n                <\/div>\n            <\/div>\n\n    \n\n\n<p>Sabe aquele sonho de olhar para sua casa e sentir que tudo est\u00e1 mais amplo, organizado e com cara de Pinterest? Pois \u00e9! Quem vive em um espa\u00e7o compacto sabe como cada cent\u00edmetro faz diferen\u00e7a. Mas olha, d\u00e1 sim pra transformar ambientes sem precisar de uma casa nova \u2013 basta apostar em solu\u00e7\u00f5es inteligentes de <strong>reforma de casas pequenas<\/strong>.<\/p>\n\n\n\n<p>Eu mesma j\u00e1 acompanhei de perto reformas que mudaram completamente a vibe do lugar, trazendo aquela sensa\u00e7\u00e3o gostosa de \u201cufa, agora sim!\u201d. Bora descobrir como fazer isso a\u00ed tamb\u00e9m?<\/p>\n\n\n\n<hr class=\"wp-block-separator has-alpha-channel-opacity\"\/>\n\n\n\n<h2 id='1-invista-em-m\u00f3veis-multifuncionais'  class=\"wp-block-heading\">1. Invista em m\u00f3veis multifuncionais<\/h2>\n\n\n\n<p>A primeira grande sacada na reforma de casas pequenas \u00e9 escolher m\u00f3veis que tenham mais de uma fun\u00e7\u00e3o. Sabe aquele sof\u00e1-cama charmoso, ou a mesa retr\u00e1til na cozinha? Eles liberam espa\u00e7o e resolvem dois problemas de uma vez s\u00f3. Uma vez, ajudei uma amiga a trocar a estante por um rack baixo com espa\u00e7o para caixas organizadoras \u2013 parecia m\u00e1gica! O ambiente ficou mais aberto e super pr\u00e1tico.<\/p>\n\n\n\n<hr class=\"wp-block-separator has-alpha-channel-opacity\"\/>\n\n\n\n<h2 id='2-use-cores-claras-paraliar-ambientes'  class=\"wp-block-heading\">2. Use cores claras para ampliar ambientes<\/h2>\n\n\n\n<p>N\u00e3o subestime o poder de uma boa pintura. Paredes em tons claros refletem a luz natural, d\u00e3o impress\u00e3o de amplitude e deixam tudo mais leve. Um truque que sempre sugiro: escolha um branco, bege ou cinza suave para paredes e complemente com detalhes coloridos nos acess\u00f3rios, como almofadas ou quadros. Isso traz personalidade sem pesar.<\/p>\n\n\n\n<hr class=\"wp-block-separator has-alpha-channel-opacity\"\/>\n\n\n\n<h2 id='3-espelhos-s\u00e3o-aliados-de-ouro'  class=\"wp-block-heading\">3. Espelhos s\u00e3o aliados de ouro<\/h2>\n\n\n\n<p>Espelhos grandes ou at\u00e9 mesmo em pain\u00e9is verticais d\u00e3o aquele efeito \u201cwow\u201d e duplicam visualmente o espa\u00e7o. J\u00e1 viu o que um espelho estrategicamente colocado na sala pode fazer? Al\u00e9m de ampliar, ainda reflete a luz natural, deixando tudo mais iluminado. S\u00f3 n\u00e3o exagere para n\u00e3o ficar tipo casa de espelhos de parque, t\u00e1? \ud83d\ude05<\/p>\n\n\n\n<hr class=\"wp-block-separator has-alpha-channel-opacity\"\/>\n\n\n\n<a href=\"https:\/\/1truenote.com\/en\/micro-casas-ideias-inteligentes-viver-bem\/\" style=\"text-decoration: none;\">\n  <div style=\"display: flex; justify-content: space-between; align-items: center; background: #d44a00; padding: 12px 20px; color: white; font-family: Arial, sans-serif;\">\n    <strong style=\"color: black;\">READ ALSO:<\/strong>\n    <span style=\"margin-left: 8px; flex: 1;\">Micro casas: Ideias inteligentes para viver bem em poucos metros<\/span>\n    <div style=\"background: #f2802f; padding: 8px 12px; border-radius: 2px; margin-left: 10px;\">\n      <span style=\"color: white; font-weight: bold;\">\u27a4<\/span>\n    <\/div>\n  <\/div>\n<\/a>\n\n\n\n<hr class=\"wp-block-separator has-alpha-channel-opacity\"\/>\n\n\n\n<h2 id='4-layout-aberto-conecta-tudo'  class=\"wp-block-heading\">4. Layout aberto conecta tudo<\/h2>\n\n\n\n<p>Se voc\u00ea puder derrubar uma parede ou integrar ambientes como sala e cozinha, fa\u00e7a! O layout aberto virou tend\u00eancia e n\u00e3o \u00e9 \u00e0 toa: a circula\u00e7\u00e3o fica mais fluida e a casa parece muito maior. Em apartamentos pequenos, integrar a varanda \u00e0 sala (com piso nivelado) \u00e9 um dos truques mais usados por arquitetos.<\/p>\n\n\n\n<hr class=\"wp-block-separator has-alpha-channel-opacity\"\/>\n\n\n\n<h2 id='5-aproveite-cada-cantinho-com-arm\u00e1rios-planejados'  class=\"wp-block-heading\">5. Aproveite cada cantinho com arm\u00e1rios planejados<\/h2>\n\n\n\n<p>Aqui \u00e9 onde a <strong>reforma de casas pequenas<\/strong> faz toda a diferen\u00e7a: arm\u00e1rios sob medida! Eles aproveitam aqueles espa\u00e7os \u201cperdidos\u201d embaixo da escada, acima das portas, ou at\u00e9 naquele canto esquisito do corredor. Vale o investimento para organizar tudo e deixar menos coisa \u00e0 mostra, ajudando a manter o visual clean.<\/p>\n\n\n\n<hr class=\"wp-block-separator has-alpha-channel-opacity\"\/>\n\n\n\n<figure class=\"wp-block-image aligncenter size-medium\"><a href=\"https:\/\/chat.whatsapp.com\/KJBkp5LFJVRIvmt5X3hSEh\" target=\"_blank\" rel=\"noopener\"><img data-recalc-dims=\"1\" fetchpriority=\"high\" decoding=\"async\" width=\"200\" height=\"300\" src=\"https:\/\/i0.wp.com\/1truenote.com\/wp-content\/uploads\/2025\/06\/ChatGPT-Image-3-de-jun.-de-2025-19_04_53.png?resize=200%2C300&#038;ssl=1\" alt=\"chamada banner advetorial whats\" class=\"wp-image-2683\" srcset=\"https:\/\/i0.wp.com\/1truenote.com\/wp-content\/uploads\/2025\/06\/ChatGPT-Image-3-de-jun.-de-2025-19_04_53.png?resize=200%2C300&amp;ssl=1 200w, https:\/\/i0.wp.com\/1truenote.com\/wp-content\/uploads\/2025\/06\/ChatGPT-Image-3-de-jun.-de-2025-19_04_53.png?resize=683%2C1024&amp;ssl=1 683w, https:\/\/i0.wp.com\/1truenote.com\/wp-content\/uploads\/2025\/06\/ChatGPT-Image-3-de-jun.-de-2025-19_04_53.png?resize=768%2C1152&amp;ssl=1 768w, https:\/\/i0.wp.com\/1truenote.com\/wp-content\/uploads\/2025\/06\/ChatGPT-Image-3-de-jun.-de-2025-19_04_53.png?resize=150%2C225&amp;ssl=1 150w, https:\/\/i0.wp.com\/1truenote.com\/wp-content\/uploads\/2025\/06\/ChatGPT-Image-3-de-jun.-de-2025-19_04_53.png?w=1024&amp;ssl=1 1024w\" sizes=\"(max-width: 200px) 100vw, 200px\" \/><\/a><\/figure>\n\n\n\n<hr class=\"wp-block-separator has-alpha-channel-opacity\"\/>\n\n\n\n<h2 id='6-ilumina\u00e7\u00e3o-estrat\u00e9gica-transforma-tudo'  class=\"wp-block-heading\">6. Ilumina\u00e7\u00e3o estrat\u00e9gica transforma tudo<\/h2>\n\n\n\n<p>A ilumina\u00e7\u00e3o \u00e9 como maquiagem para o ambiente: faz milagres! Invista em luzes embutidas, fitas de LED sob arm\u00e1rios e pontos de luz indireta. Use cortinas leves para n\u00e3o barrar a luz natural. Se conseguir, troque janelas pequenas por maiores, ou use portas de vidro para integrar ambientes externos e internos.<\/p>\n\n\n\n<hr class=\"wp-block-separator has-alpha-channel-opacity\"\/>\n\n\n\n<h2 id='7-portas-de-correr-otimizam-espa\u00e7o'  class=\"wp-block-heading\">7. Portas de correr otimizam espa\u00e7o<\/h2>\n\n\n\n<p>Portas tradicionais precisam de \u00e1rea para abrir e fechar, mas as de correr (tipo aquelas de trilho ou embutidas na parede) liberam o espa\u00e7o, principalmente em banheiros e quartos pequenos. Essa troca simples j\u00e1 d\u00e1 aquela sensa\u00e7\u00e3o de amplitude.<\/p>\n\n\n\n<hr class=\"wp-block-separator has-alpha-channel-opacity\"\/>\n\n\n\n<h2 id='8-prateleiras-e-nichos-nas-paredes'  class=\"wp-block-heading\">8. Prateleiras e nichos nas paredes<\/h2>\n\n\n\n<p>Se falta espa\u00e7o nos m\u00f3veis, olhe para as paredes! Prateleiras e nichos decoram, organizam e ainda liberam a bancada ou o ch\u00e3o. Vale para livros, plantas, itens de banheiro\u2026 Eu amo misturar prateleiras de madeira com objetos pessoais para dar aquele toque aconchegante.<\/p>\n\n\n\n<hr class=\"wp-block-separator has-alpha-channel-opacity\"\/>\n\n\n\n<h2 id='9-pisos-cont\u00ednuos-unem-ambientes'  class=\"wp-block-heading\">9. Pisos cont\u00ednuos unem ambientes<\/h2>\n\n\n\n<p>Usar o mesmo tipo de piso em todo o espa\u00e7o \u00e9 outro truque de ouro. O visual sem recortes \u201calongaaa\u201d os ambientes. Aposte em porcelanato, vin\u00edlico ou at\u00e9 cimento queimado, dependendo do seu estilo. Al\u00e9m de moderno, facilita a limpeza.<\/p>\n\n\n\n<hr class=\"wp-block-separator has-alpha-channel-opacity\"\/>\n\n\n\n<h2 id='10-menos-\u00e9-mais-desapegue-do-excesso'  class=\"wp-block-heading\">10. Menos \u00e9 mais: Desapegue do excesso<\/h2>\n\n\n\n<p>Na <strong>reforma de casas pequenas<\/strong>, o maior segredo \u00e9 n\u00e3o acumular. Desapegue do que n\u00e3o usa, doe, organize. Ter s\u00f3 o essencial deixa o visual mais leve, f\u00e1cil de limpar e muito mais pr\u00e1tico no dia a dia.<\/p>\n\n\n\n<hr class=\"wp-block-separator has-alpha-channel-opacity\"\/>\n\n\n\n<h3 id='tabela-efeitos-das-cores-nos-ambientes'  class=\"wp-block-heading\">Tabela: Efeitos das cores nos ambientes<\/h3>\n\n\n\n<figure class=\"wp-block-table\"><table class=\"has-fixed-layout\"><thead><tr><th>Cor<\/th><th>Efeito Visual<\/th><\/tr><\/thead><tbody><tr><td>Branco<\/td><td>Amplitude, luz<\/td><\/tr><tr><td>Bege<\/td><td>Conforto, suavidade<\/td><\/tr><tr><td>Cinza claro<\/td><td>Modernidade, leveza<\/td><\/tr><tr><td>Azul claro<\/td><td>Frescor, tranquilidade<\/td><\/tr><tr><td>Verde<\/td><td>Equil\u00edbrio, natureza<\/td><\/tr><\/tbody><\/table><\/figure>\n\n\n\n<hr class=\"wp-block-separator has-alpha-channel-opacity\"\/>\n\n\n\n<h3 id='dicas-extras-para-a-sua-reforma'  class=\"wp-block-heading\">Dicas extras para a sua reforma<\/h3>\n\n\n\n<ul class=\"wp-block-list\">\n<li>Use portas espelhadas em arm\u00e1rios;<\/li>\n\n\n\n<li>Opte por m\u00f3veis suspensos para facilitar a limpeza;<\/li>\n\n\n\n<li>Escolha acess\u00f3rios que possam ser guardados quando n\u00e3o usados;<\/li>\n\n\n\n<li>Plante vasos pequenos para dar vida sem ocupar espa\u00e7o;<\/li>\n\n\n\n<li>Aproveite ilumina\u00e7\u00e3o natural ao m\u00e1ximo!<\/li>\n<\/ul>\n\n\n\n<hr class=\"wp-block-separator has-alpha-channel-opacity\"\/>\n\n\n\n<h3 id='v\u00eddeo-youtube-recomendado'  class=\"wp-block-heading\">V\u00eddeo YouTube recomendado<\/h3>\n\n\n\n<p><a href=\"https:\/\/www.youtube.com\/watch?v=iUqUzaZdnvU&amp;pp=ygVBQ29tbyBhbXBsaWFyIGFtYmllbnRlcyBwZXF1ZW5vcyBuYSByZWZvcm1hIOKAkyBkaWNhcyBkZSBhcnF1aXRldG8%3D\" data-type=\"link\" data-id=\"https:\/\/www.youtube.com\/watch?v=iUqUzaZdnvU&amp;pp=ygVBQ29tbyBhbXBsaWFyIGFtYmllbnRlcyBwZXF1ZW5vcyBuYSByZWZvcm1hIOKAkyBkaWNhcyBkZSBhcnF1aXRldG8%3D\" target=\"_blank\" rel=\"noopener\">Como ampliar ambientes pequenos na reforma \u2013 dicas de arquiteto<\/a><br><em>(Sugest\u00e3o: buscar v\u00eddeos de profissionais de decora\u00e7\u00e3o com dicas visuais para inspirar.)<\/em><\/p>\n\n\n\n<figure class=\"wp-block-embed is-type-video is-provider-youtube wp-block-embed-youtube wp-embed-aspect-16-9 wp-has-aspect-ratio\"><div class=\"wp-block-embed__wrapper\">\n<iframe title=\"06 Dicas para ampliar ambientes pequenos\" width=\"720\" height=\"405\" src=\"https:\/\/www.youtube.com\/embed\/iUqUzaZdnvU?feature=oembed\" frameborder=\"0\" allow=\"accelerometer; autoplay; clipboard-write; encrypted-media; gyroscope; picture-in-picture; web-share\" referrerpolicy=\"strict-origin-when-cross-origin\" allowfullscreen><\/iframe>\n<\/div><\/figure>\n\n\n\n<hr class=\"wp-block-separator has-alpha-channel-opacity\"\/>\n\n\n\n<h2 id='sua-casa-seu-estilo-reforma-de-casas-pequenas'  class=\"wp-block-heading\">Sua casa, seu estilo! Reforma de casas pequenas<\/h2>\n\n\n\n<p>Viu s\u00f3 quantas formas de fazer sua casa crescer aos olhos sem mexer na metragem? A <strong>reforma de casas pequenas<\/strong> \u00e9 um convite ao desapego, \u00e0 criatividade e \u00e0 funcionalidade. Cada escolha \u2013 da cor da parede ao m\u00f3vel planejado \u2013 \u00e9 uma oportunidade de criar um lar mais leve, bonito e do jeitinho que voc\u00ea merece.<\/p>\n\n\n\n<p>Curtiu as dicas? Me conta aqui embaixo o que mais voc\u00ea faria na sua reforma ou qual dessas solu\u00e7\u00f5es j\u00e1 testou!<\/p>\n\n\n\n<hr class=\"wp-block-separator has-alpha-channel-opacity\"\/>\n\n\n\n<a href=\"https:\/\/1truenote.com\/en\/micro-casas-ideias-inteligentes-viver-bem\/\" style=\"text-decoration: none;\">\n  <div style=\"display: flex; justify-content: space-between; align-items: center; background: #d44a00; padding: 12px 20px; color: white; font-family: Arial, sans-serif;\">\n    <strong style=\"color: black;\">READ ALSO:<\/strong>\n    <span style=\"margin-left: 8px; flex: 1;\">Micro casas: Ideias inteligentes para viver bem em poucos metros<\/span>\n    <div style=\"background: #f2802f; padding: 8px 12px; border-radius: 2px; margin-left: 10px;\">\n      <span style=\"color: white; font-weight: bold;\">\u27a4<\/span>\n    <\/div>\n  <\/div>\n<\/a>\n\n\n\n\n<hr class=\"wp-block-separator has-alpha-channel-opacity\"\/>\n\n\n\n<h2 id='faq-reforma-de-casas-pequenas'  class=\"wp-block-heading\">FAQ \u2013 Reforma de casas pequenas<\/h2>\n\n\n<div id=\"rank-math-faq\" class=\"rank-math-block\">\n<div class=\"rank-math-list\">\n<div id=\"faq-question-1750690130961\" class=\"rank-math-list-item\">\n<h3 id='qual-o-melhor-tipo-de-piso-para-casa-pequena'  class=\"rank-math-question\">Qual o melhor tipo de piso para casa pequena?<\/h3>\n<div class=\"rank-math-answer\">\n\n<p>Pisos claros e cont\u00ednuos ampliam visualmente o ambiente. Prefira porcelanato, vin\u00edlico ou laminado.<\/p>\n\n<\/div>\n<\/div>\n<div id=\"faq-question-1750690132029\" class=\"rank-math-list-item\">\n<h3 id='posso-usar-m\u00f3veis-escuros-em-casas-pequenas'  class=\"rank-math-question\">Posso usar m\u00f3veis escuros em casas pequenas?<\/h3>\n<div class=\"rank-math-answer\">\n\n<p>Pode, mas com equil\u00edbrio! Use pe\u00e7as pequenas ou detalhes, evitando excesso para n\u00e3o \u201cpesar\u201d o visual.<\/p>\n\n<\/div>\n<\/div>\n<div id=\"faq-question-1750690132557\" class=\"rank-math-list-item\">\n<h3 id='como-escolher-a-cor-das-paredes'  class=\"rank-math-question\">Como escolher a cor das paredes?<\/h3>\n<div class=\"rank-math-answer\">\n\n<p>Cores claras, tons neutros ou past\u00e9is s\u00e3o ideais para ampliar e iluminar ambientes compactos.<\/p>\n\n<\/div>\n<\/div>\n<div id=\"faq-question-1750690153397\" class=\"rank-math-list-item\">\n<h3 id='vale-a-pena-investir-em-m\u00f3veis-sob-medida'  class=\"rank-math-question\">Vale a pena investir em m\u00f3veis sob medida?<\/h3>\n<div class=\"rank-math-answer\">\n\n<p>Sim! Eles aproveitam melhor o espa\u00e7o e deixam tudo mais organizado.<\/p>\n\n<\/div>\n<\/div>\n<\/div>\n<\/div>\n\n\n<figure class=\"wp-block-image aligncenter size-large\"><img data-recalc-dims=\"1\" decoding=\"async\" width=\"1024\" height=\"683\" src=\"https:\/\/i0.wp.com\/1truenote.com\/wp-content\/uploads\/2025\/06\/gpt_image_output_3.png?resize=1024%2C683&#038;ssl=1\" alt=\"reforma de casas pequenas\" class=\"wp-image-3168\" srcset=\"https:\/\/i0.wp.com\/1truenote.com\/wp-content\/uploads\/2025\/06\/gpt_image_output_3.png?resize=1024%2C683&amp;ssl=1 1024w, https:\/\/i0.wp.com\/1truenote.com\/wp-content\/uploads\/2025\/06\/gpt_image_output_3.png?resize=300%2C200&amp;ssl=1 300w, https:\/\/i0.wp.com\/1truenote.com\/wp-content\/uploads\/2025\/06\/gpt_image_output_3.png?resize=768%2C512&amp;ssl=1 768w, https:\/\/i0.wp.com\/1truenote.com\/wp-content\/uploads\/2025\/06\/gpt_image_output_3.png?resize=150%2C100&amp;ssl=1 150w, https:\/\/i0.wp.com\/1truenote.com\/wp-content\/uploads\/2025\/06\/gpt_image_output_3.png?w=1536&amp;ssl=1 1536w\" sizes=\"(max-width: 1024px) 100vw, 1024px\" \/><\/figure>","protected":false},"excerpt":{"rendered":"<p>Sabe aquele sonho de olhar para sua casa e sentir que tudo est\u00e1 mais amplo, organizado e com cara de&#8230;<\/p>","protected":false},"author":1,"featured_media":3168,"comment_status":"open","ping_status":"open","sticky":false,"template":"","format":"standard","meta":{"_kad_post_transparent":"","_kad_post_title":"","_kad_post_layout":"","_kad_post_sidebar_id":"","_kad_post_content_style":"","_kad_post_vertical_padding":"","_kad_post_feature":"","_kad_post_feature_position":"","_kad_post_header":false,"_kad_post_footer":false,"_kad_post_classname":"","footnotes":"","jetpack_publicize_message":"Sabe aquele sonho de olhar para sua casa e sentir que tudo est\u00e1 mais amplo, organizado e com cara de Pinterest? Pois \u00e9! Quem vive em um espa\u00e7o compacto sabe como cada cent\u00edmetro faz diferen\u00e7a. Mas olha, d\u00e1 sim pra transformar ambientes sem precisar de uma casa nova \u2013 basta apostar em solu\u00e7\u00f5es inteligentes de reforma de casas pequenas.\n\nEu mesma j\u00e1 acompanhei de perto reformas que mudaram completamente a vibe do lugar, trazendo aquela \u2026\n\n#carvalhoconsultoriabrasil #truenote #decor #decoracao #sala #cozinha #cozinhaamericana #reformas #reforma #casapequena","jetpack_publicize_feature_enabled":true,"jetpack_social_post_already_shared":true,"jetpack_social_options":{"image_generator_settings":{"template":"highway","default_image_id":0,"enabled":false},"version":2}},"categories":[16],"tags":[14],"class_list":["post-3166","post","type-post","status-publish","format-standard","has-post-thumbnail","hentry","category-casa-e-jardim","tag-interiores-inovadores"],"jetpack_publicize_connections":[],"jetpack_featured_media_url":"https:\/\/i0.wp.com\/1truenote.com\/wp-content\/uploads\/2025\/06\/gpt_image_output_3.png?fit=1536%2C1024&ssl=1","jetpack_sharing_enabled":true,"_links":{"self":[{"href":"https:\/\/1truenote.com\/en\/wp-json\/wp\/v2\/posts\/3166","targetHints":{"allow":["GET"]}}],"collection":[{"href":"https:\/\/1truenote.com\/en\/wp-json\/wp\/v2\/posts"}],"about":[{"href":"https:\/\/1truenote.com\/en\/wp-json\/wp\/v2\/types\/post"}],"author":[{"embeddable":true,"href":"https:\/\/1truenote.com\/en\/wp-json\/wp\/v2\/users\/1"}],"replies":[{"embeddable":true,"href":"https:\/\/1truenote.com\/en\/wp-json\/wp\/v2\/comments?post=3166"}],"version-history":[{"count":1,"href":"https:\/\/1truenote.com\/en\/wp-json\/wp\/v2\/posts\/3166\/revisions"}],"predecessor-version":[{"id":3169,"href":"https:\/\/1truenote.com\/en\/wp-json\/wp\/v2\/posts\/3166\/revisions\/3169"}],"wp:featuredmedia":[{"embeddable":true,"href":"https:\/\/1truenote.com\/en\/wp-json\/wp\/v2\/media\/3168"}],"wp:attachment":[{"href":"https:\/\/1truenote.com\/en\/wp-json\/wp\/v2\/media?parent=3166"}],"wp:term":[{"taxonomy":"category","embeddable":true,"href":"https:\/\/1truenote.com\/en\/wp-json\/wp\/v2\/categories?post=3166"},{"taxonomy":"post_tag","embeddable":true,"href":"https:\/\/1truenote.com\/en\/wp-json\/wp\/v2\/tags?post=3166"}],"curies":[{"name":"wp","href":"https:\/\/api.w.org\/{rel}","templated":true}]}}