{"id":3149,"date":"2025-06-20T18:00:00","date_gmt":"2025-06-20T21:00:00","guid":{"rendered":"https:\/\/1truenote.com\/?p=3149"},"modified":"2025-06-20T15:12:31","modified_gmt":"2025-06-20T18:12:31","slug":"bege-nada-basico-texturas-apartamento-paulistano","status":"publish","type":"post","link":"https:\/\/1truenote.com\/en\/bege-nada-basico-texturas-apartamento-paulistano\/","title":{"rendered":"Bege nada b\u00e1sico: Veja como texturas transformam um apartamento paulistano"},"content":{"rendered":"<p><strong>Bege nada b\u00e1sico<\/strong>. Sabe aquele tom bege que muita gente acha sem gra\u00e7a? Pois \u00e9, ele pode ser o segredo de uma decora\u00e7\u00e3o cheia de personalidade e conforto, principalmente quando usado com criatividade nas texturas. E n\u00e3o \u00e9 s\u00f3 papo de arquiteto, viu? Vamos entrar juntos em um ap\u00ea paulistano que prova que bege, quando bem trabalhado, \u00e9 tudo menos b\u00e1sico.<\/p>\n\n\n\n<hr class=\"wp-block-separator has-alpha-channel-opacity\"\/>\n\n\n\n<h2 id='bege-nada-b\u00e1sico-o-segredo-est\u00e1-na-mistura-de-texturas'  class=\"wp-block-heading\">Bege nada b\u00e1sico: O segredo est\u00e1 na mistura de texturas<\/h2>\n\n\n\n<p>A moradora desse apartamento nos Jardins sempre foi f\u00e3 de ambientes claros, mas n\u00e3o queria nada mon\u00f3tono. O resultado? Um lar onde o bege reina, mas sempre acompanhado de muita textura. Madeira, cer\u00e2mica, linho, palha\u2026 cada material traz uma camada diferente de aconchego.<\/p>\n\n\n\n<p>A sala de jantar, por exemplo, combina cadeiras de design brasileiro com uma mesa de tra\u00e7os org\u00e2nicos, tudo em tons neutros. O piso de pastilhas cer\u00e2micas \u00e9 puro charme e ainda traz uma pegada artesanal, valorizando o projeto arquitet\u00f4nico original do pr\u00e9dio, isso com um bege nada b\u00e1sico.<\/p>\n\n\n\n<hr class=\"wp-block-separator has-alpha-channel-opacity\"\/>\n\n\n\n<h2 id='minimalismo-acolhedor-menos-cor-mais-sensa\u00e7\u00e3o'  class=\"wp-block-heading\">Minimalismo acolhedor: Menos cor, mais sensa\u00e7\u00e3o<\/h2>\n\n\n\n<p>Nada de excesso de cores ou enfeites. A moradora apostou em m\u00f3veis que misturam Brasil e Europa \u2014 e o resultado \u00e9 um minimalismo aconchegante, longe daquele \u201cfrio\u201d das revistas de arquitetura. O segredo? Cada pe\u00e7a foi escolhida a dedo para conversar com o restante do espa\u00e7o.<\/p>\n\n\n\n<p>A integra\u00e7\u00e3o dos ambientes ajuda a valorizar o projeto: com poucas paredes, sala, cozinha e estar se unem em um grande espa\u00e7o de conviv\u00eancia, mas cada cantinho tem sua pr\u00f3pria textura ou detalhe marcante \u2014 seja um tapete de palha, um sof\u00e1 de linho ou uma bancada de m\u00e1rmore.<\/p>\n\n\n\n<hr class=\"wp-block-separator has-alpha-channel-opacity\"\/>\n\n\n\n<figure class=\"wp-block-image aligncenter size-medium\"><a href=\"https:\/\/chat.whatsapp.com\/KJBkp5LFJVRIvmt5X3hSEh\" target=\"_blank\" rel=\"noopener\"><img data-recalc-dims=\"1\" fetchpriority=\"high\" decoding=\"async\" width=\"200\" height=\"300\" src=\"https:\/\/i0.wp.com\/1truenote.com\/wp-content\/uploads\/2025\/06\/ChatGPT-Image-3-de-jun.-de-2025-19_04_53.png?resize=200%2C300&#038;ssl=1\" alt=\"chamada banner advetorial whats\" class=\"wp-image-2683\" srcset=\"https:\/\/i0.wp.com\/1truenote.com\/wp-content\/uploads\/2025\/06\/ChatGPT-Image-3-de-jun.-de-2025-19_04_53.png?resize=200%2C300&amp;ssl=1 200w, https:\/\/i0.wp.com\/1truenote.com\/wp-content\/uploads\/2025\/06\/ChatGPT-Image-3-de-jun.-de-2025-19_04_53.png?resize=683%2C1024&amp;ssl=1 683w, https:\/\/i0.wp.com\/1truenote.com\/wp-content\/uploads\/2025\/06\/ChatGPT-Image-3-de-jun.-de-2025-19_04_53.png?resize=768%2C1152&amp;ssl=1 768w, https:\/\/i0.wp.com\/1truenote.com\/wp-content\/uploads\/2025\/06\/ChatGPT-Image-3-de-jun.-de-2025-19_04_53.png?resize=150%2C225&amp;ssl=1 150w, https:\/\/i0.wp.com\/1truenote.com\/wp-content\/uploads\/2025\/06\/ChatGPT-Image-3-de-jun.-de-2025-19_04_53.png?w=1024&amp;ssl=1 1024w\" sizes=\"(max-width: 200px) 100vw, 200px\" \/><\/a><\/figure>\n\n\n\n<hr class=\"wp-block-separator has-alpha-channel-opacity\"\/>\n\n\n\n<h2 id='dicas-pr\u00e1ticas-para-trazer-o-bege-nada-b\u00e1sico-para-seu-lar'  class=\"wp-block-heading\">Dicas pr\u00e1ticas para trazer o bege nada b\u00e1sico para seu lar<\/h2>\n\n\n\n<p>Quer apostar nessa vibe sem medo de errar? Olha s\u00f3 algumas dicas inspiradas nesse ap\u00ea:<\/p>\n\n\n\n<ul class=\"wp-block-list\">\n<li>Invista em <strong>piso de madeira clara ou cer\u00e2mica artesanal<\/strong> para um visual natural e elegante.<\/li>\n\n\n\n<li>Use m\u00f3veis de linho, algod\u00e3o ou palha para adicionar textura e conforto.<\/li>\n\n\n\n<li>Inclua pe\u00e7as de design autoral para dar personalidade, mesmo que em detalhes pequenos.<\/li>\n\n\n\n<li>Escolha uma paleta de bege, branco, areia e um toque de terracota para os acess\u00f3rios.<\/li>\n\n\n\n<li>Aposte em ilumina\u00e7\u00e3o quente para valorizar as texturas dos materiais.<\/li>\n<\/ul>\n\n\n\n<hr class=\"wp-block-separator has-alpha-channel-opacity\"\/>\n\n\n\n<a href=\"https:\/\/1truenote.com\/en\/itens-de-decoracao-acessiveis-dicas-baratas\/\" style=\"text-decoration: none;\">\n  <div style=\"display: flex; justify-content: space-between; align-items: center; background: #d44a00; padding: 12px 20px; color: white; font-family: Arial, sans-serif;\">\n    <strong style=\"color: black;\">READ ALSO:<\/strong>\n    <span style=\"margin-left: 8px; flex: 1;\">6 itens de decora\u00e7\u00e3o acess\u00edveis que fazem toda a diferen\u00e7a no ambiente<\/span>\n    <div style=\"background: #f2802f; padding: 8px 12px; border-radius: 2px; margin-left: 10px;\">\n      <span style=\"color: white; font-weight: bold;\">\u27a4<\/span>\n    <\/div>\n  <\/div>\n<\/a>\n\n\n\n<hr class=\"wp-block-separator has-alpha-channel-opacity\"\/>\n\n\n\n<h2 id='tabela-como-combinar-texturas-em-ambientes-neutros'  class=\"wp-block-heading\">Tabela: Como combinar texturas em ambientes neutros<\/h2>\n\n\n\n<figure class=\"wp-block-table\"><table class=\"has-fixed-layout\"><thead><tr><th>Material<\/th><th>Sensa\u00e7\u00e3o<\/th><th>Combina bem com<\/th><\/tr><\/thead><tbody><tr><td>Madeira clara<\/td><td>Aconchego<\/td><td>Linho, palha, cer\u00e2mica<\/td><\/tr><tr><td>Linho<\/td><td>Maciez e leveza<\/td><td>Madeira, algod\u00e3o<\/td><\/tr><tr><td>Cer\u00e2mica<\/td><td>Toque artesanal<\/td><td>Madeira, palha, fibras<\/td><\/tr><tr><td>Palha<\/td><td>Leveza natural<\/td><td>Madeira, algod\u00e3o<\/td><\/tr><tr><td>M\u00e1rmore<\/td><td>Sofistica\u00e7\u00e3o<\/td><td>Linho, madeira clara<\/td><\/tr><\/tbody><\/table><\/figure>\n\n\n\n<hr class=\"wp-block-separator has-alpha-channel-opacity\"\/>\n\n\n\n<h2 id='v\u00eddeo-youtube-recomendado'  class=\"wp-block-heading\">V\u00eddeo YouTube recomendado<\/h2>\n\n\n\n<p><strong>Como Decorar Usando Tons Neutros e Texturas<\/strong><\/p>\n\n\n\n<figure class=\"wp-block-embed is-type-video is-provider-youtube wp-block-embed-youtube wp-embed-aspect-16-9 wp-has-aspect-ratio\"><div class=\"wp-block-embed__wrapper\">\n<iframe title=\"CORES NEUTRAS PARA SUA CASA \u2013 DECORA\u00c7\u00c3O ATEMPORAL  SIMPLES E F\u00c1CIL\" width=\"720\" height=\"405\" src=\"https:\/\/www.youtube.com\/embed\/wlq6uEin1r4?feature=oembed\" frameborder=\"0\" allow=\"accelerometer; autoplay; clipboard-write; encrypted-media; gyroscope; picture-in-picture; web-share\" referrerpolicy=\"strict-origin-when-cross-origin\" allowfullscreen><\/iframe>\n<\/div><\/figure>\n\n\n\n<p><em>(Dica: coloque o v\u00eddeo incorporado no fim do post para aumentar o tempo de perman\u00eancia!)<\/em><\/p>\n\n\n\n<hr class=\"wp-block-separator has-alpha-channel-opacity\"\/>\n\n\n\n<h2 id='bege-nada-b\u00e1sico-\u00e9-o-novo-cool'  class=\"wp-block-heading\">Bege nada b\u00e1sico \u00e9 o novo cool<\/h2>\n\n\n\n<p>No fim das contas, a gra\u00e7a do bege est\u00e1 justamente em ser um tom vers\u00e1til, f\u00e1cil de combinar e super acolhedor \u2014 ainda mais quando ganha o refor\u00e7o das texturas. O resultado \u00e9 um espa\u00e7o tranquilo, sofisticado e, claro, nada mon\u00f3tono. Bora dar uma chance pro bege na sua decora\u00e7\u00e3o? Gostou do nosso bege nada b\u00e1sico?<\/p>\n\n\n\n<hr class=\"wp-block-separator has-alpha-channel-opacity\"\/>\n\n\n\n<a href=\"https:\/\/1truenote.com\/en\/itens-de-decoracao-acessiveis-dicas-baratas\/\" style=\"text-decoration: none;\">\n  <div style=\"display: flex; justify-content: space-between; align-items: center; background: #d44a00; padding: 12px 20px; color: white; font-family: Arial, sans-serif;\">\n    <strong style=\"color: black;\">READ ALSO:<\/strong>\n    <span style=\"margin-left: 8px; flex: 1;\">6 itens de decora\u00e7\u00e3o acess\u00edveis que fazem toda a diferen\u00e7a no ambiente<\/span>\n    <div style=\"background: #f2802f; padding: 8px 12px; border-radius: 2px; margin-left: 10px;\">\n      <span style=\"color: white; font-weight: bold;\">\u27a4<\/span>\n    <\/div>\n  <\/div>\n<\/a>\n\n\n\n\n<hr class=\"wp-block-separator has-alpha-channel-opacity\"\/>\n\n\n\n<h2 id='perguntas-frequentes-sobre-bege-nada-b\u00e1sico-faq'  class=\"wp-block-heading\">Perguntas frequentes sobre bege nada b\u00e1sico &#8211; (FAQ)<\/h2>\n\n\n<div id=\"rank-math-faq\" class=\"rank-math-block\">\n<div class=\"rank-math-list\">\n<div id=\"faq-question-1750442341178\" class=\"rank-math-list-item\">\n<h3 id='o-bege-deixa-o-ambiente-sem-gra\u00e7a'  class=\"rank-math-question\">O bege deixa o ambiente sem gra\u00e7a?<\/h3>\n<div class=\"rank-math-answer\">\n\n<p>Nada disso! O segredo est\u00e1 em misturar diferentes texturas e materiais para criar interesse visual. O bege vira um pano de fundo que valoriza os detalhes.<\/p>\n\n<\/div>\n<\/div>\n<div id=\"faq-question-1750442343172\" class=\"rank-math-list-item\">\n<h3 id='posso-usar-bege-em-apartamento-pequeno'  class=\"rank-math-question\">Posso usar bege em apartamento pequeno?<\/h3>\n<div class=\"rank-math-answer\">\n\n<p>Pode sim! Tons claros ampliam o espa\u00e7o, e texturas trazem aconchego. S\u00f3 evite usar tudo muito liso \u2014 combine com madeira, palha ou tecidos naturais.<\/p>\n\n<\/div>\n<\/div>\n<div id=\"faq-question-1750442344072\" class=\"rank-math-list-item\">\n<h3 id='qual-ilumina\u00e7\u00e3o-valoriza-o-bege'  class=\"rank-math-question\">Qual ilumina\u00e7\u00e3o valoriza o bege?<\/h3>\n<div class=\"rank-math-answer\">\n\n<p>Aposte em luz amarela quente. Spots embutidos e abajures ajudam a real\u00e7ar as texturas e d\u00e3o aquele clima de aconchego.<\/p>\n\n<\/div>\n<\/div>\n<div id=\"faq-question-1750442370587\" class=\"rank-math-list-item\">\n<h3 id='d\u00e1-pra-misturar-bege-com-outras-cores'  class=\"rank-math-question\">D\u00e1 pra misturar bege com outras cores?<\/h3>\n<div class=\"rank-math-answer\">\n\n<p>Sim! Terracota, verde-oliva e tons de cinza claro s\u00e3o \u00f3timos para complementar ambientes em bege, seja em almofadas, quadros ou detalhes de decora\u00e7\u00e3o.<\/p>\n\n<\/div>\n<\/div>\n<\/div>\n<\/div>\n\n\n<p><\/p>","protected":false},"excerpt":{"rendered":"<p>Bege nada b\u00e1sico. Sabe aquele tom bege que muita gente acha sem gra\u00e7a? Pois \u00e9, ele pode ser o segredo&#8230;<\/p>","protected":false},"author":1,"featured_media":3151,"comment_status":"open","ping_status":"open","sticky":false,"template":"","format":"standard","meta":{"_kad_post_transparent":"","_kad_post_title":"","_kad_post_layout":"","_kad_post_sidebar_id":"","_kad_post_content_style":"","_kad_post_vertical_padding":"","_kad_post_feature":"","_kad_post_feature_position":"","_kad_post_header":false,"_kad_post_footer":false,"_kad_post_classname":"","footnotes":"","jetpack_publicize_message":"Bege nada b\u00e1sico. Sabe aquele tom bege que muita gente acha sem gra\u00e7a? Pois \u00e9, ele pode ser o segredo de uma decora\u00e7\u00e3o cheia de personalidade e conforto, principalmente quando usado com criatividade nas texturas. E n\u00e3o \u00e9 s\u00f3 papo de arquiteto, viu? Vamos entrar juntos em um ap\u00ea paulistano que prova que bege, quando bem trabalhado, \u00e9 tudo menos b\u00e1sico.\n\nBege nada b\u00e1sico: O segredo est\u00e1 na mistura de texturas\n\nA moradora desse apartamento\u2026\n\n#carvalhoconsultoriabrasil #truenote #decor #decoracao #bege #texturas #sala #tombege","jetpack_publicize_feature_enabled":true,"jetpack_social_post_already_shared":true,"jetpack_social_options":{"image_generator_settings":{"template":"highway","default_image_id":0,"enabled":false},"version":2}},"categories":[16],"tags":[13,14],"class_list":["post-3149","post","type-post","status-publish","format-standard","has-post-thumbnail","hentry","category-casa-e-jardim","tag-minimalista","tag-interiores-inovadores"],"jetpack_publicize_connections":[],"jetpack_featured_media_url":"https:\/\/i0.wp.com\/1truenote.com\/wp-content\/uploads\/2025\/06\/20250620_1509_Elegancia-Paulistana-Contemporanea_simple_compose_01jy78dnmhf8pvk9ae6evqxzca.png?fit=1536%2C1024&ssl=1","jetpack_sharing_enabled":true,"_links":{"self":[{"href":"https:\/\/1truenote.com\/en\/wp-json\/wp\/v2\/posts\/3149","targetHints":{"allow":["GET"]}}],"collection":[{"href":"https:\/\/1truenote.com\/en\/wp-json\/wp\/v2\/posts"}],"about":[{"href":"https:\/\/1truenote.com\/en\/wp-json\/wp\/v2\/types\/post"}],"author":[{"embeddable":true,"href":"https:\/\/1truenote.com\/en\/wp-json\/wp\/v2\/users\/1"}],"replies":[{"embeddable":true,"href":"https:\/\/1truenote.com\/en\/wp-json\/wp\/v2\/comments?post=3149"}],"version-history":[{"count":1,"href":"https:\/\/1truenote.com\/en\/wp-json\/wp\/v2\/posts\/3149\/revisions"}],"predecessor-version":[{"id":3152,"href":"https:\/\/1truenote.com\/en\/wp-json\/wp\/v2\/posts\/3149\/revisions\/3152"}],"wp:featuredmedia":[{"embeddable":true,"href":"https:\/\/1truenote.com\/en\/wp-json\/wp\/v2\/media\/3151"}],"wp:attachment":[{"href":"https:\/\/1truenote.com\/en\/wp-json\/wp\/v2\/media?parent=3149"}],"wp:term":[{"taxonomy":"category","embeddable":true,"href":"https:\/\/1truenote.com\/en\/wp-json\/wp\/v2\/categories?post=3149"},{"taxonomy":"post_tag","embeddable":true,"href":"https:\/\/1truenote.com\/en\/wp-json\/wp\/v2\/tags?post=3149"}],"curies":[{"name":"wp","href":"https:\/\/api.w.org\/{rel}","templated":true}]}}