{"id":3144,"date":"2025-06-20T16:00:00","date_gmt":"2025-06-20T19:00:00","guid":{"rendered":"https:\/\/1truenote.com\/?p=3144"},"modified":"2025-06-20T14:41:18","modified_gmt":"2025-06-20T17:41:18","slug":"ideias-espaco-externo-refugio-aconchegante","status":"publish","type":"post","link":"https:\/\/1truenote.com\/en\/ideias-espaco-externo-refugio-aconchegante\/","title":{"rendered":"12 ideias incr\u00edveis para transformar seu espa\u00e7o externo em um ref\u00fagio aconchegante"},"content":{"rendered":"<div class=\"fit_content\">\n                <div class=\"bd_toc_container\" data-fixedwidth=\"\">\n                    <div class=\"bd_toc_wrapper\" data-wrapperpadding=\"48px\">\n                        <div class=\"bd_toc_wrapper_item\">\n                            <div class=\"bd_toc_header active\" data-headerpadding=\"2px\">\n                                <div class=\"bd_toc_header_title\">\n                                    Sum\u00e1rio                                <\/div>\n                                <div class=\"bd_toc_switcher_hide_show_icon\">\n                                    <span class=\"bd_toc_arrow\"><\/span>                                <\/div>\n                            <\/div>\n                            <div class=\"bd_toc_content list-type-number\">\n                                <div class=\"bd_toc_content_list\">\n                                    <div class='bd_toc_content_list_item'>    <ul>\n      <li class=\"first\">\n        <a href=\"#comece-pelo-planejamento-visualize-seu-espa\u00e7o-externo\">Comece pelo planejamento: Visualize seu espa\u00e7o externo<\/a>\n      <\/li>\n      <li>\n        <a href=\"#aposte-em-m\u00f3veis-pr\u00e1ticos-e-multifuncionais\">Aposte em m\u00f3veis pr\u00e1ticos e multifuncionais<\/a>\n      <\/li>\n      <li>\n        <a href=\"#ilumina\u00e7\u00e3o-faz-m\u00e1gica-invista-em-luzes-aconchegantes\">Ilumina\u00e7\u00e3o faz m\u00e1gica: Invista em luzes aconchegantes<\/a>\n      <\/li>\n      <li>\n        <a href=\"#abuse-das-plantas-verde-para-relaxar-e-decorar\">Abuse das plantas: Verde para relaxar e decorar<\/a>\n      <\/li>\n      <li>\n        <a href=\"#tabela-itens-e-ideias-para-cada-tipo-de-espa\u00e7o-externo\">Tabela: Itens e ideias para cada tipo de espa\u00e7o externo<\/a>\n      <\/li>\n      <li>\n        <a href=\"#diy-f\u00e1cil-decore-com-personalidade-e-pouco-gasto\">DIY f\u00e1cil: Decore com personalidade e pouco gasto<\/a>\n      <\/li>\n      <li>\n        <a href=\"#v\u00eddeo-youtube-inspira\u00e7\u00e3o-visual\">V\u00eddeo YouTube \u2013 Inspira\u00e7\u00e3o visual!<\/a>\n      <\/li>\n      <li>\n        <a href=\"#cada-detalhe-faz-diferen\u00e7a-no-seu-espa\u00e7o-externo\">Cada detalhe faz diferen\u00e7a no seu espa\u00e7o externo!<\/a>\n      <\/li>\n      <li class=\"last\">\n        <a href=\"#faq-d\u00favidas-que-sempre-surgem-ao-montar-seu-ref\u00fagio-num-espa\u00e7o-externo-externo\">FAQ: D\u00favidas que sempre surgem ao montar seu ref\u00fagio num espa\u00e7o externo externo<\/a>\n        <ul class=\"menu_level_2\">\n          <li class=\"first\">\n            <a href=\"#qual-a-melhor-planta-para-\u00e1rea-externa-ensolarada\">Qual a melhor planta para \u00e1rea externa ensolarada?<\/a>\n          <\/li>\n          <li>\n            <a href=\"#como-proteger-os-m\u00f3veis-do-tempo\">Como proteger os m\u00f3veis do tempo?<\/a>\n          <\/li>\n          <li>\n            <a href=\"#d\u00e1-pra-ter-uma-horta-em-apartamento\">D\u00e1 pra ter uma horta em apartamento?<\/a>\n          <\/li>\n          <li class=\"last\">\n            <a href=\"#posso-usar-piso-de-madeira-na-\u00e1rea-externa\">Posso usar piso de madeira na \u00e1rea externa?<\/a>\n          <\/li>\n        <\/ul>\n      <\/li>\n    <\/ul>\n<\/div>                                <\/div>\n                            <\/div>\n                        <\/div>\n                    <\/div>\n                    <div class=\"layout_toggle_button\">\n                        <span class=\"bd_toc_arrow\"><\/span>\n                    <\/div>\n                <\/div>\n            <\/div>\n\n    \n\n\n<p><strong>Espa\u00e7o externo<\/strong>. Quem nunca sonhou em ter um cantinho ao ar livre para chamar de seu? Seja uma varanda, quintal, terra\u00e7o ou aquele espacinho apertado na \u00e1rea de servi\u00e7o, com algumas ideias criativas d\u00e1 pra transformar at\u00e9 o menor dos ambientes externos em um verdadeiro ref\u00fagio aconchegante. E o melhor: sem gastar rios de dinheiro nem precisar de obra!<\/p>\n\n\n\n<p>Hoje eu quero te mostrar como pequenas escolhas fazem toda diferen\u00e7a. Separei ideias que j\u00e1 testei em casa, truques de decoradoras e at\u00e9 aquelas solu\u00e7\u00f5es que parecem bobas, mas mudam tudo no astral do espa\u00e7o. Bora criar um ref\u00fagio para relaxar, curtir a fam\u00edlia ou s\u00f3 tomar um solzinho de fim de tarde?<\/p>\n\n\n\n<hr class=\"wp-block-separator has-alpha-channel-opacity\"\/>\n\n\n\n<h2 id='comece-pelo-planejamento-visualize-seu-espa\u00e7o-externo'  class=\"wp-block-heading\">Comece pelo planejamento: Visualize seu espa\u00e7o externo<\/h2>\n\n\n\n<p>Antes de sair comprando planta e m\u00f3vel, faz um exerc\u00edcio r\u00e1pido: fecha os olhos e imagina como voc\u00ea gostaria de usar esse cantinho. Para tomar caf\u00e9 da manh\u00e3 ouvindo os passarinhos? Receber amigos num churrasquinho? Cultivar plantas e temperos? A partir da\u00ed, fica muito mais f\u00e1cil planejar o layout, escolher m\u00f3veis multifuncionais e decidir onde cada coisa vai ficar.<\/p>\n\n\n\n<p>Dica r\u00e1pida:<\/p>\n\n\n\n<ul class=\"wp-block-list\">\n<li>Fa\u00e7a um desenho simples no papel para visualizar onde encaixar bancos, cadeiras e vasos.<\/li>\n\n\n\n<li>Me\u00e7a seu espa\u00e7o antes de comprar qualquer m\u00f3vel!<\/li>\n\n\n\n<li>Pense em circula\u00e7\u00e3o livre, principalmente se o ambiente for pequeno.<\/li>\n<\/ul>\n\n\n\n<hr class=\"wp-block-separator has-alpha-channel-opacity\"\/>\n\n\n\n<h2 id='aposte-em-m\u00f3veis-pr\u00e1ticos-e-multifuncionais'  class=\"wp-block-heading\">Aposte em m\u00f3veis pr\u00e1ticos e multifuncionais<\/h2>\n\n\n\n<p>Quem tem pouco espa\u00e7o sabe: cada cent\u00edmetro conta! M\u00f3veis dobr\u00e1veis, bancos-ba\u00fa, mesinhas que viram aparador\u2026 Tudo isso salva espa\u00e7o e traz mais versatilidade. Eu mesma troquei uma mesa tradicional por um balc\u00e3o estreito, ganhando espa\u00e7o e modernizando a \u00e1rea externa.<\/p>\n\n\n\n<p>Dicas certeiras:<\/p>\n\n\n\n<ul class=\"wp-block-list\">\n<li>Banquinhos que viram mesa lateral<\/li>\n\n\n\n<li>Sof\u00e1 com compartimento para guardar almofadas<\/li>\n\n\n\n<li>Poltronas de pl\u00e1stico ou fibra sint\u00e9tica (resistem ao tempo)<\/li>\n\n\n\n<li>Rede ou cadeira de balan\u00e7o: leve e f\u00e1cil de instalar<\/li>\n<\/ul>\n\n\n\n<hr class=\"wp-block-separator has-alpha-channel-opacity\"\/>\n\n\n\n<figure class=\"wp-block-image aligncenter size-medium\"><a href=\"https:\/\/chat.whatsapp.com\/KJBkp5LFJVRIvmt5X3hSEh\" target=\"_blank\" rel=\"noopener\"><img data-recalc-dims=\"1\" fetchpriority=\"high\" decoding=\"async\" width=\"200\" height=\"300\" src=\"https:\/\/i0.wp.com\/1truenote.com\/wp-content\/uploads\/2025\/06\/ChatGPT-Image-3-de-jun.-de-2025-19_04_53.png?resize=200%2C300&#038;ssl=1\" alt=\"chamada banner advetorial whats\" class=\"wp-image-2683\" srcset=\"https:\/\/i0.wp.com\/1truenote.com\/wp-content\/uploads\/2025\/06\/ChatGPT-Image-3-de-jun.-de-2025-19_04_53.png?resize=200%2C300&amp;ssl=1 200w, https:\/\/i0.wp.com\/1truenote.com\/wp-content\/uploads\/2025\/06\/ChatGPT-Image-3-de-jun.-de-2025-19_04_53.png?resize=683%2C1024&amp;ssl=1 683w, https:\/\/i0.wp.com\/1truenote.com\/wp-content\/uploads\/2025\/06\/ChatGPT-Image-3-de-jun.-de-2025-19_04_53.png?resize=768%2C1152&amp;ssl=1 768w, https:\/\/i0.wp.com\/1truenote.com\/wp-content\/uploads\/2025\/06\/ChatGPT-Image-3-de-jun.-de-2025-19_04_53.png?resize=150%2C225&amp;ssl=1 150w, https:\/\/i0.wp.com\/1truenote.com\/wp-content\/uploads\/2025\/06\/ChatGPT-Image-3-de-jun.-de-2025-19_04_53.png?w=1024&amp;ssl=1 1024w\" sizes=\"(max-width: 200px) 100vw, 200px\" \/><\/a><\/figure>\n\n\n\n<hr class=\"wp-block-separator has-alpha-channel-opacity\"\/>\n\n\n\n<h2 id='ilumina\u00e7\u00e3o-faz-m\u00e1gica-invista-em-luzes-aconchegantes'  class=\"wp-block-heading\">Ilumina\u00e7\u00e3o faz m\u00e1gica: Invista em luzes aconchegantes<\/h2>\n\n\n\n<p>S\u00e9rio, nem precisa ser luz de fada! At\u00e9 pisca-pisca simples ou lanternas solares criam um clima m\u00e1gico. L\u00e2mpadas amareladas e abajures de ch\u00e3o funcionam super bem tamb\u00e9m para um clima rom\u00e2ntico nas noites de ver\u00e3o.<\/p>\n\n\n\n<p>Sugest\u00f5es r\u00e1pidas:<\/p>\n\n\n\n<ul class=\"wp-block-list\">\n<li>Cord\u00e3o de luz (ou pisca-pisca) nas paredes ou \u00e1rvores<\/li>\n\n\n\n<li>Lanternas de ch\u00e3o com vela (pode ser el\u00e9trica)<\/li>\n\n\n\n<li>Lumin\u00e1rias solares (n\u00e3o gasta energia!)<\/li>\n<\/ul>\n\n\n\n<hr class=\"wp-block-separator has-alpha-channel-opacity\"\/>\n\n\n\n<a href=\"https:\/\/1truenote.com\/en\/casa-para-jardim-como-transformar-espaco-externo\/\" style=\"text-decoration: none;\">\n  <div style=\"display: flex; justify-content: space-between; align-items: center; background: #d44a00; padding: 12px 20px; color: white; font-family: Arial, sans-serif;\">\n    <strong style=\"color: black;\">READ ALSO:<\/strong>\n    <span style=\"margin-left: 8px; flex: 1;\">Veja como uma casa para jardim pode transformar seu espa\u00e7o externo<\/span>\n    <div style=\"background: #f2802f; padding: 8px 12px; border-radius: 2px; margin-left: 10px;\">\n      <span style=\"color: white; font-weight: bold;\">\u27a4<\/span>\n    <\/div>\n  <\/div>\n<\/a>\n\n\n\n<hr class=\"wp-block-separator has-alpha-channel-opacity\"\/>\n\n\n\n<h2 id='abuse-das-plantas-verde-para-relaxar-e-decorar'  class=\"wp-block-heading\">Abuse das plantas: Verde para relaxar e decorar<\/h2>\n\n\n\n<p>Nem s\u00f3 de vaso de samambaia vive um quintal! Experimente jardins verticais, suculentas em prateleiras, ervas arom\u00e1ticas e at\u00e9 pequenas \u00e1rvores frut\u00edferas em vaso. Al\u00e9m de decorar, as plantas refrescam o ambiente e atraem passarinhos e borboletas.<\/p>\n\n\n\n<p>Ideias para todos os gostos:<\/p>\n\n\n\n<ul class=\"wp-block-list\">\n<li>Jardim vertical de pallet (fa\u00e7a voc\u00ea mesmo)<\/li>\n\n\n\n<li>Vasos coloridos em alturas diferentes<\/li>\n\n\n\n<li>Ervas e temperos perto da churrasqueira ou varanda gourmet<\/li>\n\n\n\n<li>Cactos para quem esquece de regar<\/li>\n<\/ul>\n\n\n\n<hr class=\"wp-block-separator has-alpha-channel-opacity\"\/>\n\n\n\n<h2 id='tabela-itens-e-ideias-para-cada-tipo-de-espa\u00e7o-externo'  class=\"wp-block-heading\">Tabela: Itens e ideias para cada tipo de espa\u00e7o externo<\/h2>\n\n\n\n<figure class=\"wp-block-table\"><table class=\"has-fixed-layout\"><thead><tr><th>Espa\u00e7o pequeno<\/th><th>Solu\u00e7\u00e3o pr\u00e1tica<\/th><th>Sugest\u00e3o extra<\/th><\/tr><\/thead><tbody><tr><td>Varanda de ap\u00ea<\/td><td>Jardim vertical de ervas<\/td><td>Mesa dobr\u00e1vel na parede<\/td><\/tr><tr><td>Quintal coberto<\/td><td>Sof\u00e1 palete com almofadas<\/td><td>Tapete colorido<\/td><\/tr><tr><td>\u00c1rea gourmet<\/td><td>Bancos ba\u00fa<\/td><td>Prateleiras para plantas<\/td><\/tr><tr><td>Terra\u00e7o ensolarado<\/td><td>Ombrelone ou toldo retr\u00e1til<\/td><td>Vasos de flores altos<\/td><\/tr><\/tbody><\/table><\/figure>\n\n\n\n<hr class=\"wp-block-separator has-alpha-channel-opacity\"\/>\n\n\n\n<h2 id='diy-f\u00e1cil-decore-com-personalidade-e-pouco-gasto'  class=\"wp-block-heading\">DIY f\u00e1cil: Decore com personalidade e pouco gasto<\/h2>\n\n\n\n<p>Gosta de colocar a m\u00e3o na massa? Voc\u00ea pode criar almofadas personalizadas, pintar vasinhos, montar um banco com pallets e at\u00e9 fazer cortinas de tecido leve para dar mais privacidade.<\/p>\n\n\n\n<p>Meu truque preferido: use caixotes de feira para montar estantes ou mesinha lateral. Barato, lindo e super descolado!<\/p>\n\n\n\n<hr class=\"wp-block-separator has-alpha-channel-opacity\"\/>\n\n\n\n<h2 id='v\u00eddeo-youtube-inspira\u00e7\u00e3o-visual'  class=\"wp-block-heading\">V\u00eddeo YouTube \u2013 Inspira\u00e7\u00e3o visual!<\/h2>\n\n\n\n<p><a class=\"\" href=\"https:\/\/www.youtube.com\/watch?v=ErK3YvRmQlY\" target=\"_blank\" rel=\"noopener\">Assista aqui: \u201c<\/a><a href=\"https:\/\/www.youtube.com\/watch?v=HH83-pb0nns&amp;pp=ygUtMTAgaWRlaWFzIHBhcmEgw6FyZWEgZXh0ZXJuYSBzaW1wbGVzIGUgYmFyYXRh\" data-type=\"link\" data-id=\"https:\/\/www.youtube.com\/watch?v=HH83-pb0nns&amp;pp=ygUtMTAgaWRlaWFzIHBhcmEgw6FyZWEgZXh0ZXJuYSBzaW1wbGVzIGUgYmFyYXRh\" target=\"_blank\" rel=\"noopener\">58 ideias para \u00e1rea externa simples e barata<\/a><a class=\"\" href=\"https:\/\/www.youtube.com\/watch?v=ErK3YvRmQlY\" target=\"_blank\" rel=\"noopener\">\u201d<\/a><\/p>\n\n\n\n<figure class=\"wp-block-embed is-type-video is-provider-youtube wp-block-embed-youtube wp-embed-aspect-16-9 wp-has-aspect-ratio\"><div class=\"wp-block-embed__wrapper\">\n<iframe title=\"58 QUINTAIS + \u00c1REAS EXTERNAS PEQUENAS | Paisagismo e Decora\u00e7\u00e3o!\" width=\"720\" height=\"405\" src=\"https:\/\/www.youtube.com\/embed\/HH83-pb0nns?feature=oembed\" frameborder=\"0\" allow=\"accelerometer; autoplay; clipboard-write; encrypted-media; gyroscope; picture-in-picture; web-share\" referrerpolicy=\"strict-origin-when-cross-origin\" allowfullscreen><\/iframe>\n<\/div><\/figure>\n\n\n\n<p><em>(Ou pesquise no YouTube por v\u00eddeos de decora\u00e7\u00e3o de \u00e1reas externas pequenas para mais ideias pr\u00e1ticas e visualmente explicativas.)<\/em><\/p>\n\n\n\n<hr class=\"wp-block-separator has-alpha-channel-opacity\"\/>\n\n\n\n<h2 id='cada-detalhe-faz-diferen\u00e7a-no-seu-espa\u00e7o-externo'  class=\"wp-block-heading\">Cada detalhe faz diferen\u00e7a no seu espa\u00e7o externo!<\/h2>\n\n\n\n<p>Viu como \u00e9 poss\u00edvel transformar qualquer espa\u00e7o externo, mesmo pequeno, em um verdadeiro ref\u00fagio? Com criatividade, aten\u00e7\u00e3o nos detalhes e muita vontade de experimentar, voc\u00ea vai ver sua \u00e1rea ao ar livre ganhando vida e se tornando o lugar mais gostoso da casa. Ah, e n\u00e3o esquece de me contar nos coment\u00e1rios qual ideia voc\u00ea vai testar primeiro!<\/p>\n\n\n\n<hr class=\"wp-block-separator has-alpha-channel-opacity\"\/>\n\n\n\n<a href=\"https:\/\/1truenote.com\/en\/casa-para-jardim-como-transformar-espaco-externo\/\" style=\"text-decoration: none;\">\n  <div style=\"display: flex; justify-content: space-between; align-items: center; background: #d44a00; padding: 12px 20px; color: white; font-family: Arial, sans-serif;\">\n    <strong style=\"color: black;\">READ ALSO:<\/strong>\n    <span style=\"margin-left: 8px; flex: 1;\">Veja como uma casa para jardim pode transformar seu espa\u00e7o externo<\/span>\n    <div style=\"background: #f2802f; padding: 8px 12px; border-radius: 2px; margin-left: 10px;\">\n      <span style=\"color: white; font-weight: bold;\">\u27a4<\/span>\n    <\/div>\n  <\/div>\n<\/a>\n\n\n\n\n<hr class=\"wp-block-separator has-alpha-channel-opacity\"\/>\n\n\n\n<h2 id='faq-d\u00favidas-que-sempre-surgem-ao-montar-seu-ref\u00fagio-num-espa\u00e7o-externo-externo'  class=\"wp-block-heading\">FAQ: D\u00favidas que sempre surgem ao montar seu ref\u00fagio num espa\u00e7o externo externo<\/h2>\n\n\n<div id=\"rank-math-faq\" class=\"rank-math-block\">\n<div class=\"rank-math-list\">\n<div id=\"faq-question-1750440663049\" class=\"rank-math-list-item\">\n<h3 id='qual-a-melhor-planta-para-\u00e1rea-externa-ensolarada'  class=\"rank-math-question\">Qual a melhor planta para \u00e1rea externa ensolarada?<\/h3>\n<div class=\"rank-math-answer\">\n\n<p>As suculentas, cactos, lavanda e citronela v\u00e3o super bem! Para sombra, aposte em jiboia, samambaia e ant\u00fario.<\/p>\n\n<\/div>\n<\/div>\n<div id=\"faq-question-1750440664384\" class=\"rank-math-list-item\">\n<h3 id='como-proteger-os-m\u00f3veis-do-tempo'  class=\"rank-math-question\">Como proteger os m\u00f3veis do tempo?<\/h3>\n<div class=\"rank-math-answer\">\n\n<p>Prefira m\u00f3veis de fibra sint\u00e9tica ou alum\u00ednio, que resistem ao sol e chuva. E, se poss\u00edvel, guarde as almofadas em ba\u00fa imperme\u00e1vel.<\/p>\n\n<\/div>\n<\/div>\n<div id=\"faq-question-1750440665353\" class=\"rank-math-list-item\">\n<h3 id='d\u00e1-pra-ter-uma-horta-em-apartamento'  class=\"rank-math-question\">D\u00e1 pra ter uma horta em apartamento?<\/h3>\n<div class=\"rank-math-answer\">\n\n<p>D\u00e1 sim! Use vasos pequenos em prateleiras ou jardineiras suspensas na varanda. Temperos como manjeric\u00e3o, salsinha e cebolinha se adaptam f\u00e1cil.<\/p>\n\n<\/div>\n<\/div>\n<div id=\"faq-question-1750440666032\" class=\"rank-math-list-item\">\n<h3 id='posso-usar-piso-de-madeira-na-\u00e1rea-externa'  class=\"rank-math-question\">Posso usar piso de madeira na \u00e1rea externa?<\/h3>\n<div class=\"rank-math-answer\">\n\n<p>Pode, mas prefira decks prontos de madeira tratada ou porcelanato amadeirado, que n\u00e3o estragam com chuva e sol.<\/p>\n\n<\/div>\n<\/div>\n<\/div>\n<\/div>\n\n\n<figure class=\"wp-block-image aligncenter size-large\"><img data-recalc-dims=\"1\" decoding=\"async\" width=\"1024\" height=\"683\" src=\"https:\/\/i0.wp.com\/1truenote.com\/wp-content\/uploads\/2025\/06\/20250620_1419_Refugio-Aconchegante-Externo_remix_01jy75g6cbf67v4t7vv8btm3x7.png?resize=1024%2C683&#038;ssl=1\" alt=\"espa\u00e7o externo\" class=\"wp-image-3146\" srcset=\"https:\/\/i0.wp.com\/1truenote.com\/wp-content\/uploads\/2025\/06\/20250620_1419_Refugio-Aconchegante-Externo_remix_01jy75g6cbf67v4t7vv8btm3x7.png?resize=1024%2C683&amp;ssl=1 1024w, https:\/\/i0.wp.com\/1truenote.com\/wp-content\/uploads\/2025\/06\/20250620_1419_Refugio-Aconchegante-Externo_remix_01jy75g6cbf67v4t7vv8btm3x7.png?resize=300%2C200&amp;ssl=1 300w, https:\/\/i0.wp.com\/1truenote.com\/wp-content\/uploads\/2025\/06\/20250620_1419_Refugio-Aconchegante-Externo_remix_01jy75g6cbf67v4t7vv8btm3x7.png?resize=768%2C512&amp;ssl=1 768w, https:\/\/i0.wp.com\/1truenote.com\/wp-content\/uploads\/2025\/06\/20250620_1419_Refugio-Aconchegante-Externo_remix_01jy75g6cbf67v4t7vv8btm3x7.png?resize=150%2C100&amp;ssl=1 150w, https:\/\/i0.wp.com\/1truenote.com\/wp-content\/uploads\/2025\/06\/20250620_1419_Refugio-Aconchegante-Externo_remix_01jy75g6cbf67v4t7vv8btm3x7.png?w=1536&amp;ssl=1 1536w\" sizes=\"(max-width: 1024px) 100vw, 1024px\" \/><\/figure>","protected":false},"excerpt":{"rendered":"<p>Espa\u00e7o externo. Quem nunca sonhou em ter um cantinho ao ar livre para chamar de seu? Seja uma varanda, quintal,&#8230;<\/p>","protected":false},"author":1,"featured_media":3146,"comment_status":"open","ping_status":"open","sticky":false,"template":"","format":"standard","meta":{"_kad_post_transparent":"","_kad_post_title":"","_kad_post_layout":"","_kad_post_sidebar_id":"","_kad_post_content_style":"","_kad_post_vertical_padding":"","_kad_post_feature":"","_kad_post_feature_position":"","_kad_post_header":false,"_kad_post_footer":false,"_kad_post_classname":"","footnotes":"","jetpack_publicize_message":"Espa\u00e7o externo. Quem nunca sonhou em ter um cantinho ao ar livre para chamar de seu? Seja uma varanda, quintal, terra\u00e7o ou aquele espacinho apertado na \u00e1rea de servi\u00e7o, com algumas ideias criativas d\u00e1 pra transformar at\u00e9 o menor dos ambientes externos em um verdadeiro ref\u00fagio aconchegante. E o melhor: sem gastar rios de dinheiro nem precisar de obra!\n\nHoje eu quero te mostrar como pequenas escolhas fazem toda diferen\u00e7a. Separei ideias\u2026\n\n#carvalhoconsultoriabrasil #truenote #decor #decoracao #jardim #arlivre #varanda #quintal #terra\u00e7o #espacinho #gourmet","jetpack_publicize_feature_enabled":true,"jetpack_social_post_already_shared":true,"jetpack_social_options":{"image_generator_settings":{"template":"highway","default_image_id":0,"enabled":false},"version":2}},"categories":[16],"tags":[29],"class_list":["post-3144","post","type-post","status-publish","format-standard","has-post-thumbnail","hentry","category-casa-e-jardim","tag-jardim"],"jetpack_publicize_connections":[],"jetpack_featured_media_url":"https:\/\/i0.wp.com\/1truenote.com\/wp-content\/uploads\/2025\/06\/20250620_1419_Refugio-Aconchegante-Externo_remix_01jy75g6cbf67v4t7vv8btm3x7.png?fit=1536%2C1024&ssl=1","jetpack_sharing_enabled":true,"_links":{"self":[{"href":"https:\/\/1truenote.com\/en\/wp-json\/wp\/v2\/posts\/3144","targetHints":{"allow":["GET"]}}],"collection":[{"href":"https:\/\/1truenote.com\/en\/wp-json\/wp\/v2\/posts"}],"about":[{"href":"https:\/\/1truenote.com\/en\/wp-json\/wp\/v2\/types\/post"}],"author":[{"embeddable":true,"href":"https:\/\/1truenote.com\/en\/wp-json\/wp\/v2\/users\/1"}],"replies":[{"embeddable":true,"href":"https:\/\/1truenote.com\/en\/wp-json\/wp\/v2\/comments?post=3144"}],"version-history":[{"count":1,"href":"https:\/\/1truenote.com\/en\/wp-json\/wp\/v2\/posts\/3144\/revisions"}],"predecessor-version":[{"id":3147,"href":"https:\/\/1truenote.com\/en\/wp-json\/wp\/v2\/posts\/3144\/revisions\/3147"}],"wp:featuredmedia":[{"embeddable":true,"href":"https:\/\/1truenote.com\/en\/wp-json\/wp\/v2\/media\/3146"}],"wp:attachment":[{"href":"https:\/\/1truenote.com\/en\/wp-json\/wp\/v2\/media?parent=3144"}],"wp:term":[{"taxonomy":"category","embeddable":true,"href":"https:\/\/1truenote.com\/en\/wp-json\/wp\/v2\/categories?post=3144"},{"taxonomy":"post_tag","embeddable":true,"href":"https:\/\/1truenote.com\/en\/wp-json\/wp\/v2\/tags?post=3144"}],"curies":[{"name":"wp","href":"https:\/\/api.w.org\/{rel}","templated":true}]}}