{"id":3108,"date":"2025-06-19T18:00:00","date_gmt":"2025-06-19T21:00:00","guid":{"rendered":"https:\/\/1truenote.com\/?p=3108"},"modified":"2025-06-19T17:42:55","modified_gmt":"2025-06-19T20:42:55","slug":"micro-casas-ideias-inteligentes-viver-bem","status":"publish","type":"post","link":"https:\/\/1truenote.com\/en\/micro-casas-ideias-inteligentes-viver-bem\/","title":{"rendered":"Micro casas: Ideias inteligentes para viver bem em poucos metros"},"content":{"rendered":"<p>Sabe aquele sonho de ter uma casa que cabe no seu estilo de vida \u2014 e tamb\u00e9m no seu or\u00e7amento? As <strong>micro casas<\/strong> s\u00e3o a prova de que, com criatividade e planejamento, \u00e9 poss\u00edvel viver bem mesmo em espa\u00e7os compactos. Seja para quem quer liberdade, economia ou apenas menos bagun\u00e7a, morar em poucos metros pode ser leve, estiloso e funcional.<\/p>\n\n\n\n<p>E n\u00e3o precisa imaginar: cada vez mais gente est\u00e1 aderindo a essa tend\u00eancia, transformando o &#8220;menos \u00e9 mais&#8221; em qualidade de vida real. Bora conhecer dicas inteligentes e solu\u00e7\u00f5es que fazem toda diferen\u00e7a?<\/p>\n\n\n\n<hr class=\"wp-block-separator has-alpha-channel-opacity\"\/>\n\n\n\n<h3 id='por-que-escolher-uma-micro-casa-pode-ser-uma-\u00f3tima-ideia'  class=\"wp-block-heading\">Por que escolher uma micro casa pode ser uma \u00f3tima ideia<\/h3>\n\n\n\n<p>Logo de cara, morar em uma <strong>micro casa<\/strong> pode parecer um desafio. Mas, olha, a sensa\u00e7\u00e3o de liberdade e simplicidade costuma surpreender muita gente! Os principais motivos que atraem quem faz essa escolha s\u00e3o:<\/p>\n\n\n\n<ul class=\"wp-block-list\">\n<li><strong>Custo baixo de constru\u00e7\u00e3o e manuten\u00e7\u00e3o<\/strong><\/li>\n\n\n\n<li><strong>Menos desperd\u00edcio e consumo consciente<\/strong><\/li>\n\n\n\n<li><strong>Organiza\u00e7\u00e3o facilitada<\/strong><\/li>\n\n\n\n<li><strong>Sustentabilidade e menor impacto ambiental<\/strong><\/li>\n\n\n\n<li><strong>Praticidade no dia a dia<\/strong><\/li>\n<\/ul>\n\n\n\n<p>Ah, e n\u00e3o tem segredo: o importante \u00e9 adaptar cada cantinho pra sua rotina. D\u00e1 para criar ambientes funcionais, aconchegantes e cheios de personalidade!<\/p>\n\n\n\n<hr class=\"wp-block-separator has-alpha-channel-opacity\"\/>\n\n\n\n<figure class=\"wp-block-image aligncenter size-medium\"><a href=\"https:\/\/chat.whatsapp.com\/KJBkp5LFJVRIvmt5X3hSEh\" target=\"_blank\" rel=\"noopener\"><img data-recalc-dims=\"1\" fetchpriority=\"high\" decoding=\"async\" width=\"200\" height=\"300\" src=\"https:\/\/i0.wp.com\/1truenote.com\/wp-content\/uploads\/2025\/06\/ChatGPT-Image-3-de-jun.-de-2025-19_04_53.png?resize=200%2C300&#038;ssl=1\" alt=\"chamada banner advetorial whats\" class=\"wp-image-2683\" srcset=\"https:\/\/i0.wp.com\/1truenote.com\/wp-content\/uploads\/2025\/06\/ChatGPT-Image-3-de-jun.-de-2025-19_04_53.png?resize=200%2C300&amp;ssl=1 200w, https:\/\/i0.wp.com\/1truenote.com\/wp-content\/uploads\/2025\/06\/ChatGPT-Image-3-de-jun.-de-2025-19_04_53.png?resize=683%2C1024&amp;ssl=1 683w, https:\/\/i0.wp.com\/1truenote.com\/wp-content\/uploads\/2025\/06\/ChatGPT-Image-3-de-jun.-de-2025-19_04_53.png?resize=768%2C1152&amp;ssl=1 768w, https:\/\/i0.wp.com\/1truenote.com\/wp-content\/uploads\/2025\/06\/ChatGPT-Image-3-de-jun.-de-2025-19_04_53.png?resize=150%2C225&amp;ssl=1 150w, https:\/\/i0.wp.com\/1truenote.com\/wp-content\/uploads\/2025\/06\/ChatGPT-Image-3-de-jun.-de-2025-19_04_53.png?w=1024&amp;ssl=1 1024w\" sizes=\"(max-width: 200px) 100vw, 200px\" \/><\/a><\/figure>\n\n\n\n<hr class=\"wp-block-separator has-alpha-channel-opacity\"\/>\n\n\n\n<h3 id='dicas-pr\u00e1ticas-para-aproveitar-cada-metro-da-sua-micro-casa'  class=\"wp-block-heading\">Dicas pr\u00e1ticas para aproveitar cada metro da sua micro casa<\/h3>\n\n\n\n<p>A verdade \u00e9 que o sucesso das <strong>micro casas<\/strong> est\u00e1 nos detalhes. Por isso, anota a\u00ed alguns truques que fazem diferen\u00e7a de verdade:<\/p>\n\n\n\n<ul class=\"wp-block-list\">\n<li><strong>Invista em m\u00f3veis multifuncionais:<\/strong> Sof\u00e1-cama, cama com gavetas, mesas dobr\u00e1veis e bancos que viram ba\u00fa s\u00e3o ouro!<\/li>\n\n\n\n<li><strong>Use paredes a seu favor:<\/strong> Prateleiras, ganchos e nichos liberam o ch\u00e3o e deixam tudo mais leve.<\/li>\n\n\n\n<li><strong>Cores claras e ilumina\u00e7\u00e3o natural:<\/strong> Essas escolhas ampliam visualmente o espa\u00e7o e trazem aconchego.<\/li>\n\n\n\n<li><strong>Setorize ambientes com tapetes ou biombos:<\/strong> Assim voc\u00ea cria &#8220;mini espa\u00e7os&#8221; dentro do pr\u00f3prio ambiente sem perder fluidez.<\/li>\n\n\n\n<li><strong>Desapegue do excesso:<\/strong> Menos tralha = mais espa\u00e7o livre para circular, receber amigos e relaxar.<\/li>\n<\/ul>\n\n\n\n<hr class=\"wp-block-separator has-alpha-channel-opacity\"\/>\n\n\n\n<a href=\"https:\/\/1truenote.com\/en\/casa-para-jardim-como-transformar-espaco-externo\/\" style=\"text-decoration: none;\">\n  <div style=\"display: flex; justify-content: space-between; align-items: center; background: #d44a00; padding: 12px 20px; color: white; font-family: Arial, sans-serif;\">\n    <strong style=\"color: black;\">READ ALSO:<\/strong>\n    <span style=\"margin-left: 8px; flex: 1;\">Veja como uma casa para jardim pode transformar seu espa\u00e7o externo<\/span>\n    <div style=\"background: #f2802f; padding: 8px 12px; border-radius: 2px; margin-left: 10px;\">\n      <span style=\"color: white; font-weight: bold;\">\u27a4<\/span>\n    <\/div>\n  <\/div>\n<\/a>\n\n\n\n<hr class=\"wp-block-separator has-alpha-channel-opacity\"\/>\n\n\n\n<figure class=\"wp-block-image aligncenter size-large\"><img data-recalc-dims=\"1\" decoding=\"async\" width=\"1024\" height=\"585\" src=\"https:\/\/i0.wp.com\/1truenote.com\/wp-content\/uploads\/2025\/03\/DALL%C2%B7E-2025-03-21-16.44.04-A-30m%C2%B2-microhouse-floor-plan-with-a-kitchen-located-beneath-a-mezzanine-bedroom.-Includes-an-open-living-area-compact-bathroom-and-smart-storage-int.webp?resize=1024%2C585&#038;ssl=1\" alt=\"A 30m\u00b2 microhouse floor plan with a kitchen located beneath a mezzanine bedroom. Includes an open living area, compact bathroom, and smart storage int\" class=\"wp-image-709\" srcset=\"https:\/\/i0.wp.com\/1truenote.com\/wp-content\/uploads\/2025\/03\/DALL%C2%B7E-2025-03-21-16.44.04-A-30m%C2%B2-microhouse-floor-plan-with-a-kitchen-located-beneath-a-mezzanine-bedroom.-Includes-an-open-living-area-compact-bathroom-and-smart-storage-int.webp?resize=1024%2C585&amp;ssl=1 1024w, https:\/\/i0.wp.com\/1truenote.com\/wp-content\/uploads\/2025\/03\/DALL%C2%B7E-2025-03-21-16.44.04-A-30m%C2%B2-microhouse-floor-plan-with-a-kitchen-located-beneath-a-mezzanine-bedroom.-Includes-an-open-living-area-compact-bathroom-and-smart-storage-int.webp?resize=300%2C171&amp;ssl=1 300w, https:\/\/i0.wp.com\/1truenote.com\/wp-content\/uploads\/2025\/03\/DALL%C2%B7E-2025-03-21-16.44.04-A-30m%C2%B2-microhouse-floor-plan-with-a-kitchen-located-beneath-a-mezzanine-bedroom.-Includes-an-open-living-area-compact-bathroom-and-smart-storage-int.webp?resize=768%2C439&amp;ssl=1 768w, https:\/\/i0.wp.com\/1truenote.com\/wp-content\/uploads\/2025\/03\/DALL%C2%B7E-2025-03-21-16.44.04-A-30m%C2%B2-microhouse-floor-plan-with-a-kitchen-located-beneath-a-mezzanine-bedroom.-Includes-an-open-living-area-compact-bathroom-and-smart-storage-int.webp?resize=1536%2C878&amp;ssl=1 1536w, https:\/\/i0.wp.com\/1truenote.com\/wp-content\/uploads\/2025\/03\/DALL%C2%B7E-2025-03-21-16.44.04-A-30m%C2%B2-microhouse-floor-plan-with-a-kitchen-located-beneath-a-mezzanine-bedroom.-Includes-an-open-living-area-compact-bathroom-and-smart-storage-int.webp?w=1792&amp;ssl=1 1792w\" sizes=\"(max-width: 1024px) 100vw, 1024px\" \/><\/figure>\n\n\n\n<hr class=\"wp-block-separator has-alpha-channel-opacity\"\/>\n\n\n\n<h4 id='tabela-exemplos-de-solu\u00e7\u00f5es-inteligentes-para-micro-casas'  class=\"wp-block-heading\">Tabela \u2013 Exemplos de solu\u00e7\u00f5es inteligentes para micro casas<\/h4>\n\n\n\n<figure class=\"wp-block-table\"><table class=\"has-fixed-layout\"><thead><tr><th>Solu\u00e7\u00e3o<\/th><th>Vantagem<\/th><th>Exemplo pr\u00e1tico<\/th><\/tr><\/thead><tbody><tr><td>M\u00f3veis retr\u00e1teis<\/td><td>Otimizam espa\u00e7o<\/td><td>Mesa de jantar dobr\u00e1vel<\/td><\/tr><tr><td>Porta de correr<\/td><td>Evita bloqueio de circula\u00e7\u00e3o<\/td><td>Banheiro ou quarto<\/td><\/tr><tr><td>Mezanino\/loft<\/td><td>Cria um 2\u00ba ambiente vertical<\/td><td>Quarto acima da sala<\/td><\/tr><tr><td>Espelhos grandes<\/td><td>Ampliam a sensa\u00e7\u00e3o de espa\u00e7o<\/td><td>Sala ou hall de entrada<\/td><\/tr><\/tbody><\/table><\/figure>\n\n\n\n<hr class=\"wp-block-separator has-alpha-channel-opacity\"\/>\n\n\n\n<h3 id='assista-tour-por-uma-micro-casa-que-faz-sucesso-no-youtube'  class=\"wp-block-heading\">Assista: Tour por uma micro casa que faz sucesso no YouTube<\/h3>\n\n\n\n<p>Para se inspirar de verdade, vale muito assistir um tour real por uma micro casa criativa e super bem resolvida:<\/p>\n\n\n\n<figure class=\"wp-block-embed is-type-video is-provider-youtube wp-block-embed-youtube wp-embed-aspect-16-9 wp-has-aspect-ratio\"><div class=\"wp-block-embed__wrapper\">\n<iframe title=\"TOUR POR UM CONDOM\u00cdNIO DE MINI CASAS\" width=\"720\" height=\"405\" src=\"https:\/\/www.youtube.com\/embed\/WZ1-hnWTrVY?feature=oembed\" frameborder=\"0\" allow=\"accelerometer; autoplay; clipboard-write; encrypted-media; gyroscope; picture-in-picture; web-share\" referrerpolicy=\"strict-origin-when-cross-origin\" allowfullscreen><\/iframe>\n<\/div><\/figure>\n\n\n\n<p><em>Clique para assistir ao tour completo!<\/em><\/p>\n\n\n\n<hr class=\"wp-block-separator has-alpha-channel-opacity\"\/>\n\n\n\n<h3 id='como-planejar-uma-das-micro-casas-sem-passar-perrengue'  class=\"wp-block-heading\">Como planejar uma das micro casas sem passar perrengue<\/h3>\n\n\n\n<p>Se voc\u00ea acha que viver em uma das micro casas \u00e9 s\u00f3 apertar tudo em um espa\u00e7o pequeno, calma l\u00e1! O segredo est\u00e1 no planejamento. Antes de colocar a m\u00e3o na massa (ou melhor, na planta!), vale pensar em alguns pontos que v\u00e3o te poupar dor de cabe\u00e7a l\u00e1 na frente.<\/p>\n\n\n\n<p>Logo de cara, fa\u00e7a uma lista do que \u00e9 realmente essencial para o seu dia a dia. Pense: o que voc\u00ea usa de verdade? O que pode ser digital, compacto ou compartilhado? Isso j\u00e1 d\u00e1 aquele al\u00edvio na hora de mobiliar e decorar.<\/p>\n\n\n\n<p>Outra dica de ouro \u00e9 buscar refer\u00eancias e conversar com quem j\u00e1 vive nesse estilo. Muitas vezes, aquela solu\u00e7\u00e3o esperta que voc\u00ea viu em um v\u00eddeo ou perfil de rede social pode ser o pulo do gato que faltava para a sua casa ficar pr\u00e1tica e bonita.<\/p>\n\n\n\n<p>Pra te ajudar, aqui v\u00e3o algumas perguntas que sempre fa\u00e7o antes de planejar um projeto desses de micro casas:<\/p>\n\n\n\n<ul class=\"wp-block-list\">\n<li>Qual \u00e9 o c\u00f4modo mais importante pra voc\u00ea? (Cozinha gourmet? Sala aconchegante? Espa\u00e7o de trabalho?)<\/li>\n\n\n\n<li>Tem itens sentimentais que n\u00e3o abre m\u00e3o? J\u00e1 pensou onde vai guard\u00e1-los?<\/li>\n\n\n\n<li>Vai morar sozinho(a) ou com algu\u00e9m? Animais de estima\u00e7\u00e3o entram na conta?<\/li>\n\n\n\n<li>Voc\u00ea costuma receber visitas? Se sim, como pode adaptar o espa\u00e7o para isso?<\/li>\n<\/ul>\n\n\n\n<p>Respondendo com carinho essas perguntas, fica muito mais f\u00e1cil criar um projeto que realmente fa\u00e7a sentido pra sua rotina \u2014 sem aperto e sem arrependimento depois.<\/p>\n\n\n\n<hr class=\"wp-block-separator has-alpha-channel-opacity\"\/>\n\n\n\n<figure class=\"wp-block-image aligncenter size-large\"><img data-recalc-dims=\"1\" decoding=\"async\" width=\"1024\" height=\"585\" src=\"https:\/\/i0.wp.com\/1truenote.com\/wp-content\/uploads\/2025\/03\/DALL%C2%B7E-2025-03-21-16.46.18-A-35m%C2%B2-microhouse-floor-plan-featuring-a-semi-open-kitchen-connected-to-a-small-gourmet-style-outdoor-veranda.-Includes-an-integrated-living-and-dinin.webp?resize=1024%2C585&#038;ssl=1\" alt=\"A 35m\u00b2 microhouse floor plan featuring a semi-open kitchen connected to a small gourmet-style outdoor veranda. Includes an integrated living and dinin\" class=\"wp-image-711\" srcset=\"https:\/\/i0.wp.com\/1truenote.com\/wp-content\/uploads\/2025\/03\/DALL%C2%B7E-2025-03-21-16.46.18-A-35m%C2%B2-microhouse-floor-plan-featuring-a-semi-open-kitchen-connected-to-a-small-gourmet-style-outdoor-veranda.-Includes-an-integrated-living-and-dinin.webp?resize=1024%2C585&amp;ssl=1 1024w, https:\/\/i0.wp.com\/1truenote.com\/wp-content\/uploads\/2025\/03\/DALL%C2%B7E-2025-03-21-16.46.18-A-35m%C2%B2-microhouse-floor-plan-featuring-a-semi-open-kitchen-connected-to-a-small-gourmet-style-outdoor-veranda.-Includes-an-integrated-living-and-dinin.webp?resize=300%2C171&amp;ssl=1 300w, https:\/\/i0.wp.com\/1truenote.com\/wp-content\/uploads\/2025\/03\/DALL%C2%B7E-2025-03-21-16.46.18-A-35m%C2%B2-microhouse-floor-plan-featuring-a-semi-open-kitchen-connected-to-a-small-gourmet-style-outdoor-veranda.-Includes-an-integrated-living-and-dinin.webp?resize=768%2C439&amp;ssl=1 768w, https:\/\/i0.wp.com\/1truenote.com\/wp-content\/uploads\/2025\/03\/DALL%C2%B7E-2025-03-21-16.46.18-A-35m%C2%B2-microhouse-floor-plan-featuring-a-semi-open-kitchen-connected-to-a-small-gourmet-style-outdoor-veranda.-Includes-an-integrated-living-and-dinin.webp?resize=1536%2C878&amp;ssl=1 1536w, https:\/\/i0.wp.com\/1truenote.com\/wp-content\/uploads\/2025\/03\/DALL%C2%B7E-2025-03-21-16.46.18-A-35m%C2%B2-microhouse-floor-plan-featuring-a-semi-open-kitchen-connected-to-a-small-gourmet-style-outdoor-veranda.-Includes-an-integrated-living-and-dinin.webp?w=1792&amp;ssl=1 1792w\" sizes=\"(max-width: 1024px) 100vw, 1024px\" \/><\/figure>\n\n\n\n<hr class=\"wp-block-separator has-alpha-channel-opacity\"\/>\n\n\n\n<h3 id='micro-casas'  class=\"wp-block-heading\">Micro casas<\/h3>\n\n\n\n<p>Morar em uma <strong>micro casa<\/strong> \u00e9 reinventar a rela\u00e7\u00e3o com o espa\u00e7o, os objetos e o pr\u00f3prio cotidiano. Com as dicas certas, \u00e9 poss\u00edvel viver com mais liberdade, menos gastos e muito mais estilo \u2014 mesmo em poucos metros! Que tal come\u00e7ar a planejar o seu cantinho agora? Gostou das micro casas?<\/p>\n\n\n\n<hr class=\"wp-block-separator has-alpha-channel-opacity\"\/>\n\n\n\n<a href=\"https:\/\/1truenote.com\/en\/casa-para-jardim-como-transformar-espaco-externo\/\" style=\"text-decoration: none;\">\n  <div style=\"display: flex; justify-content: space-between; align-items: center; background: #d44a00; padding: 12px 20px; color: white; font-family: Arial, sans-serif;\">\n    <strong style=\"color: black;\">READ ALSO:<\/strong>\n    <span style=\"margin-left: 8px; flex: 1;\">Veja como uma casa para jardim pode transformar seu espa\u00e7o externo<\/span>\n    <div style=\"background: #f2802f; padding: 8px 12px; border-radius: 2px; margin-left: 10px;\">\n      <span style=\"color: white; font-weight: bold;\">\u27a4<\/span>\n    <\/div>\n  <\/div>\n<\/a>\n\n\n\n\n<hr class=\"wp-block-separator has-alpha-channel-opacity\"\/>\n\n\n\n<h2 id='perguntas-frequentes-sobre-micro-casas-faq'  class=\"wp-block-heading\">Perguntas frequentes sobre micro casas (FAQ)<\/h2>\n\n\n<div id=\"rank-math-faq\" class=\"rank-math-block\">\n<div class=\"rank-math-list\">\n<div id=\"faq-question-1750365157644\" class=\"rank-math-list-item\">\n<h3 id='micro-casas-s\u00e3o-legais-no-brasil'  class=\"rank-math-question\">Micro casas s\u00e3o legais no Brasil?<\/h3>\n<div class=\"rank-math-answer\">\n\n<p>Sim, mas cada munic\u00edpio tem regras pr\u00f3prias para habita\u00e7\u00e3o compacta. Sempre consulte a prefeitura!<\/p>\n\n<\/div>\n<\/div>\n<div id=\"faq-question-1750365158742\" class=\"rank-math-list-item\">\n<h3 id='qual-o-tamanho-de-uma-micro-casa'  class=\"rank-math-question\">Qual o tamanho de uma micro casa?<\/h3>\n<div class=\"rank-math-answer\">\n\n<p>Geralmente entre 10 e 40m\u00b2, mas pode variar conforme o projeto e uso.<\/p>\n\n<\/div>\n<\/div>\n<div id=\"faq-question-1750365159412\" class=\"rank-math-list-item\">\n<h3 id='d\u00e1-pra-morar-em-fam\u00edlia-em-uma-micro-casa'  class=\"rank-math-question\">D\u00e1 pra morar em fam\u00edlia em uma micro casa?<\/h3>\n<div class=\"rank-math-answer\">\n\n<p>D\u00e1, sim! Com organiza\u00e7\u00e3o e solu\u00e7\u00f5es inteligentes, fam\u00edlias pequenas conseguem viver confortavelmente.<\/p>\n\n<\/div>\n<\/div>\n<div id=\"faq-question-1750365160527\" class=\"rank-math-list-item\">\n<h3 id='como-lidar-com-a-falta-de-espa\u00e7o'  class=\"rank-math-question\">Como lidar com a falta de espa\u00e7o?<\/h3>\n<div class=\"rank-math-answer\">\n\n<p>Priorize o essencial, use m\u00f3veis multifuncionais e mantenha a organiza\u00e7\u00e3o. Assim, tudo flui melhor.<\/p>\n\n<\/div>\n<\/div>\n<\/div>\n<\/div>\n\n\n<figure class=\"wp-block-image aligncenter size-large\"><img data-recalc-dims=\"1\" loading=\"lazy\" decoding=\"async\" width=\"1024\" height=\"683\" src=\"https:\/\/i0.wp.com\/1truenote.com\/wp-content\/uploads\/2025\/06\/20250619_1728_Micro-Casa-Moderna_simple_compose_01jy4xz56efmr9k0vz4m4zcv0a.png?resize=1024%2C683&#038;ssl=1\" alt=\"micro casas\" class=\"wp-image-3110\" srcset=\"https:\/\/i0.wp.com\/1truenote.com\/wp-content\/uploads\/2025\/06\/20250619_1728_Micro-Casa-Moderna_simple_compose_01jy4xz56efmr9k0vz4m4zcv0a.png?resize=1024%2C683&amp;ssl=1 1024w, https:\/\/i0.wp.com\/1truenote.com\/wp-content\/uploads\/2025\/06\/20250619_1728_Micro-Casa-Moderna_simple_compose_01jy4xz56efmr9k0vz4m4zcv0a.png?resize=300%2C200&amp;ssl=1 300w, https:\/\/i0.wp.com\/1truenote.com\/wp-content\/uploads\/2025\/06\/20250619_1728_Micro-Casa-Moderna_simple_compose_01jy4xz56efmr9k0vz4m4zcv0a.png?resize=768%2C512&amp;ssl=1 768w, https:\/\/i0.wp.com\/1truenote.com\/wp-content\/uploads\/2025\/06\/20250619_1728_Micro-Casa-Moderna_simple_compose_01jy4xz56efmr9k0vz4m4zcv0a.png?resize=150%2C100&amp;ssl=1 150w, https:\/\/i0.wp.com\/1truenote.com\/wp-content\/uploads\/2025\/06\/20250619_1728_Micro-Casa-Moderna_simple_compose_01jy4xz56efmr9k0vz4m4zcv0a.png?w=1536&amp;ssl=1 1536w\" sizes=\"(max-width: 1024px) 100vw, 1024px\" \/><\/figure>","protected":false},"excerpt":{"rendered":"<p>Sabe aquele sonho de ter uma casa que cabe no seu estilo de vida \u2014 e tamb\u00e9m no seu or\u00e7amento?&#8230;<\/p>","protected":false},"author":1,"featured_media":3110,"comment_status":"open","ping_status":"open","sticky":false,"template":"","format":"standard","meta":{"_kad_post_transparent":"","_kad_post_title":"","_kad_post_layout":"","_kad_post_sidebar_id":"","_kad_post_content_style":"","_kad_post_vertical_padding":"","_kad_post_feature":"","_kad_post_feature_position":"","_kad_post_header":false,"_kad_post_footer":false,"_kad_post_classname":"","footnotes":"","jetpack_publicize_message":"Sabe aquele sonho de ter uma casa que cabe no seu estilo de vida \u2014 e tamb\u00e9m no seu or\u00e7amento? As micro casas s\u00e3o a prova de que, com criatividade e planejamento, \u00e9 poss\u00edvel viver bem mesmo em espa\u00e7os compactos. Seja para quem quer liberdade, economia ou apenas menos bagun\u00e7a, morar em poucos metros pode ser leve, estiloso e funcional.\n\nE n\u00e3o precisa imaginar: cada vez mais gente est\u00e1 aderindo a essa tend\u00eancia, transformando o \"menos \u00e9 m\u2026\n\n#carvalhoconsultoriabrasil #truenote #decor #decoracao #microcasa #micro #tinyhouse #tiny #house #microhouse #microcasas","jetpack_publicize_feature_enabled":true,"jetpack_social_post_already_shared":true,"jetpack_social_options":{"image_generator_settings":{"template":"highway","default_image_id":0,"enabled":false},"version":2}},"categories":[16],"tags":[14,12],"class_list":["post-3108","post","type-post","status-publish","format-standard","has-post-thumbnail","hentry","category-casa-e-jardim","tag-interiores-inovadores","tag-projetos-inovadores"],"jetpack_publicize_connections":[],"jetpack_featured_media_url":"https:\/\/i0.wp.com\/1truenote.com\/wp-content\/uploads\/2025\/06\/20250619_1728_Micro-Casa-Moderna_simple_compose_01jy4xz56efmr9k0vz4m4zcv0a.png?fit=1536%2C1024&ssl=1","jetpack_sharing_enabled":true,"_links":{"self":[{"href":"https:\/\/1truenote.com\/en\/wp-json\/wp\/v2\/posts\/3108","targetHints":{"allow":["GET"]}}],"collection":[{"href":"https:\/\/1truenote.com\/en\/wp-json\/wp\/v2\/posts"}],"about":[{"href":"https:\/\/1truenote.com\/en\/wp-json\/wp\/v2\/types\/post"}],"author":[{"embeddable":true,"href":"https:\/\/1truenote.com\/en\/wp-json\/wp\/v2\/users\/1"}],"replies":[{"embeddable":true,"href":"https:\/\/1truenote.com\/en\/wp-json\/wp\/v2\/comments?post=3108"}],"version-history":[{"count":1,"href":"https:\/\/1truenote.com\/en\/wp-json\/wp\/v2\/posts\/3108\/revisions"}],"predecessor-version":[{"id":3111,"href":"https:\/\/1truenote.com\/en\/wp-json\/wp\/v2\/posts\/3108\/revisions\/3111"}],"wp:featuredmedia":[{"embeddable":true,"href":"https:\/\/1truenote.com\/en\/wp-json\/wp\/v2\/media\/3110"}],"wp:attachment":[{"href":"https:\/\/1truenote.com\/en\/wp-json\/wp\/v2\/media?parent=3108"}],"wp:term":[{"taxonomy":"category","embeddable":true,"href":"https:\/\/1truenote.com\/en\/wp-json\/wp\/v2\/categories?post=3108"},{"taxonomy":"post_tag","embeddable":true,"href":"https:\/\/1truenote.com\/en\/wp-json\/wp\/v2\/tags?post=3108"}],"curies":[{"name":"wp","href":"https:\/\/api.w.org\/{rel}","templated":true}]}}