{"id":3075,"date":"2025-06-18T18:00:00","date_gmt":"2025-06-18T21:00:00","guid":{"rendered":"https:\/\/1truenote.com\/?p=3075"},"modified":"2025-06-18T17:39:09","modified_gmt":"2025-06-18T20:39:09","slug":"casa-para-jardim-como-transformar-espaco-externo","status":"publish","type":"post","link":"https:\/\/1truenote.com\/en\/casa-para-jardim-como-transformar-espaco-externo\/","title":{"rendered":"Veja como uma casa para jardim pode transformar seu espa\u00e7o externo"},"content":{"rendered":"<div class=\"fit_content\">\n                <div class=\"bd_toc_container\" data-fixedwidth=\"\">\n                    <div class=\"bd_toc_wrapper\" data-wrapperpadding=\"48px\">\n                        <div class=\"bd_toc_wrapper_item\">\n                            <div class=\"bd_toc_header active\" data-headerpadding=\"2px\">\n                                <div class=\"bd_toc_header_title\">\n                                    Sum\u00e1rio                                <\/div>\n                                <div class=\"bd_toc_switcher_hide_show_icon\">\n                                    <span class=\"bd_toc_arrow\"><\/span>                                <\/div>\n                            <\/div>\n                            <div class=\"bd_toc_content list-type-number\">\n                                <div class=\"bd_toc_content_list\">\n                                    <div class='bd_toc_content_list_item'>    <ul>\n      <li class=\"first\">\n        <a href=\"#casa-para-jardim-um-ref\u00fagio-e-tanto-para-criar-mem\u00f3rias\">Casa para jardim: Um ref\u00fagio e tanto para criar mem\u00f3rias<\/a>\n      <\/li>\n      <li>\n        <a href=\"#como-escolher-a-casa-com-jardim-ideal-para-seu-quintal\">Como escolher a casa com jardim ideal para seu quintal<\/a>\n      <\/li>\n      <li>\n        <a href=\"#dicas-para-personalizar-sua-casa-e-aproveitar-ao-m\u00e1ximo\">Dicas para personalizar sua casa e aproveitar ao m\u00e1ximo<\/a>\n      <\/li>\n      <li>\n        <a href=\"#transforme-o-quintal-com-criatividade-e-bem-estar\">Transforme o quintal com criatividade e bem-estar<\/a>\n      <\/li>\n      <li class=\"last\">\n        <a href=\"#faq-principais-d\u00favidas-sobre-casa-para-jardim\">FAQ: Principais d\u00favidas sobre casa para jardim<\/a>\n        <ul class=\"menu_level_2\">\n          <li class=\"first\">\n            <a href=\"#casa-para-jardim-precisa-de-autoriza\u00e7\u00e3o-para-construir\">Casa para jardim precisa de autoriza\u00e7\u00e3o para construir?<\/a>\n          <\/li>\n          <li>\n            <a href=\"#posso-usar-a-casa-para-jardim-como-home-office\">Posso usar a casa para jardim como home office?<\/a>\n          <\/li>\n          <li>\n            <a href=\"#casa-para-jardim-de-madeira-estraga-f\u00e1cil\">Casa para jardim de madeira estraga f\u00e1cil?<\/a>\n          <\/li>\n          <li class=\"last\">\n            <a href=\"#d\u00e1-para-usar-a-casa-para-jardim-em-apartamentos\">D\u00e1 para usar a casa para jardim em apartamentos?<\/a>\n          <\/li>\n        <\/ul>\n      <\/li>\n    <\/ul>\n<\/div>                                <\/div>\n                            <\/div>\n                        <\/div>\n                    <\/div>\n                    <div class=\"layout_toggle_button\">\n                        <span class=\"bd_toc_arrow\"><\/span>\n                    <\/div>\n                <\/div>\n            <\/div>\n\n    \n\n\n<p>J\u00e1 pensou em chegar em casa e ter um cantinho s\u00f3 seu no meio do jardim? Pois \u00e9, a <strong>casa para jardim<\/strong> conquistou de vez o cora\u00e7\u00e3o de quem adora unir praticidade, charme e um toque de natureza no dia a dia. Seja para relaxar, organizar ferramentas ou at\u00e9 criar um home office dos sonhos, esse tipo de estrutura pode ser a virada de chave que faltava para valorizar o seu quintal!<\/p>\n\n\n\n<p>Vou te contar, de forma leve, como uma casa para jardim muda tudo na rotina \u2013 e ainda deixo dicas pra escolher, montar e personalizar a sua sem gastar rios de dinheiro. <strong>Bora transformar seu espa\u00e7o externo juntos?<\/strong><\/p>\n\n\n\n<hr class=\"wp-block-separator has-alpha-channel-opacity\"\/>\n\n\n\n<h2 id='casa-para-jardim-um-ref\u00fagio-e-tanto-para-criar-mem\u00f3rias'  class=\"wp-block-heading\">Casa para jardim: Um ref\u00fagio e tanto para criar mem\u00f3rias<\/h2>\n\n\n\n<p>A casa para jardim deixou de ser s\u00f3 aquele dep\u00f3sito de bagun\u00e7a. Hoje ela pode ser ref\u00fagio de paz, espa\u00e7o kids, sala de leitura, ateli\u00ea de artes, mini academia, local pra receber amigos, e por a\u00ed vai!<br>Aqui em casa, por exemplo, come\u00e7amos com um dep\u00f3sito e, aos poucos, virou cantinho de caf\u00e9 no fim de tarde. Sabe aquele lugarzinho onde voc\u00ea escuta passarinho, toma um ch\u00e1 e esquece do celular? Pois \u00e9!<\/p>\n\n\n\n<p>Uma casa para jardim pode ser de madeira, metal, PVC, do tamanho que voc\u00ea quiser. D\u00e1 para montar em poucas horas ou, se preferir, caprichar num projeto personalizado. O importante \u00e9 que o espa\u00e7o reflita seu estilo de vida.<\/p>\n\n\n\n<hr class=\"wp-block-separator has-alpha-channel-opacity\"\/>\n\n\n\n<h2 id='como-escolher-a-casa-com-jardim-ideal-para-seu-quintal'  class=\"wp-block-heading\">Como escolher a casa com jardim ideal para seu quintal<\/h2>\n\n\n\n<p>Antes de sair comprando ou mandando fazer, se liga nessas perguntinhas r\u00e1pidas:<\/p>\n\n\n\n<ul class=\"wp-block-list\">\n<li>Qual ser\u00e1 o principal uso da casa para jardim?<\/li>\n\n\n\n<li>Precisa de isolamento t\u00e9rmico ou s\u00f3 cobertura j\u00e1 resolve?<\/li>\n\n\n\n<li>Vai usar s\u00f3 pra guardar coisas ou quer criar um espa\u00e7o de lazer?<\/li>\n<\/ul>\n\n\n\n<p>Essas respostas ajudam a definir o melhor tamanho, o material e at\u00e9 a localiza\u00e7\u00e3o perfeita para a sua casa para jardim. Olha uma tabela que pode te ajudar:<\/p>\n\n\n\n<figure class=\"wp-block-table\"><table class=\"has-fixed-layout\"><thead><tr><th>Tipo de Casa \/ Jardim<\/th><th>Vantagem Principal<\/th><th>Ideal para<\/th><\/tr><\/thead><tbody><tr><td>Madeira tratada<\/td><td>Aconchego, isolamento<\/td><td>Ref\u00fagio, kids, hobbies<\/td><\/tr><tr><td>PVC<\/td><td>Praticidade, f\u00e1cil limpeza<\/td><td>Dep\u00f3sito, lavanderia<\/td><\/tr><tr><td>Metal galvanizado<\/td><td>Resist\u00eancia e durabilidade<\/td><td>Ferramentas, oficina<\/td><\/tr><\/tbody><\/table><\/figure>\n\n\n\n<p><em><strong>Dica extra:<\/strong> Se o clima da sua regi\u00e3o \u00e9 muito \u00famido, aposte em modelos elevados do solo para evitar mofo!<\/em><\/p>\n\n\n\n<hr class=\"wp-block-separator has-alpha-channel-opacity\"\/>\n\n\n\n<a href=\"https:\/\/1truenote.com\/en\/casas-sustentaveis\/\" style=\"text-decoration: none;\">\n  <div style=\"display: flex; justify-content: space-between; align-items: center; background: #d44a00; padding: 12px 20px; color: white; font-family: Arial, sans-serif;\">\n    <strong style=\"color: black;\">READ ALSO:<\/strong>\n    <span style=\"margin-left: 8px; flex: 1;\">Casas sustent\u00e1veis que inspiram: Solu\u00e7\u00f5es ecol\u00f3gicas para morar melhor<\/span>\n    <div style=\"background: #f2802f; padding: 8px 12px; border-radius: 2px; margin-left: 10px;\">\n      <span style=\"color: white; font-weight: bold;\">\u27a4<\/span>\n    <\/div>\n  <\/div>\n<\/a>\n\n\n\n<hr class=\"wp-block-separator has-alpha-channel-opacity\"\/>\n\n\n\n<h2 id='dicas-para-personalizar-sua-casa-e-aproveitar-ao-m\u00e1ximo'  class=\"wp-block-heading\">Dicas para personalizar sua casa e aproveitar ao m\u00e1ximo<\/h2>\n\n\n\n<p>A parte mais divertida \u00e9 personalizar! Se for para relaxar, aposte em cortinas, tapetinhos, almofadas e luz de LED. Quer um escrit\u00f3rio? N\u00e3o esque\u00e7a de instalar uma bancada confort\u00e1vel, tomadas e uma cadeira ergon\u00f4mica.<\/p>\n\n\n\n<p>Quer organizar? Invista em:<\/p>\n\n\n\n<ul class=\"wp-block-list\">\n<li>Prateleiras ou nichos (ajudam MUITO)<\/li>\n\n\n\n<li>Ganchos para pendurar ferramentas<\/li>\n\n\n\n<li>Caixas organizadoras transparentes<\/li>\n<\/ul>\n\n\n\n<p>E um truque: pinte a casa para jardim de uma cor clara por fora para dar sensa\u00e7\u00e3o de amplitude, e brinque com tons mais vibrantes dentro pra ficar com a sua cara.<\/p>\n\n\n\n<hr class=\"wp-block-separator has-alpha-channel-opacity\"\/>\n\n\n\n<figure class=\"wp-block-image aligncenter size-medium\"><a href=\"https:\/\/chat.whatsapp.com\/KJBkp5LFJVRIvmt5X3hSEh\" target=\"_blank\" rel=\"noopener\"><img data-recalc-dims=\"1\" fetchpriority=\"high\" decoding=\"async\" width=\"200\" height=\"300\" src=\"https:\/\/i0.wp.com\/1truenote.com\/wp-content\/uploads\/2025\/06\/ChatGPT-Image-3-de-jun.-de-2025-19_04_53.png?resize=200%2C300&#038;ssl=1\" alt=\"chamada banner advetorial whats\" class=\"wp-image-2683\" srcset=\"https:\/\/i0.wp.com\/1truenote.com\/wp-content\/uploads\/2025\/06\/ChatGPT-Image-3-de-jun.-de-2025-19_04_53.png?resize=200%2C300&amp;ssl=1 200w, https:\/\/i0.wp.com\/1truenote.com\/wp-content\/uploads\/2025\/06\/ChatGPT-Image-3-de-jun.-de-2025-19_04_53.png?resize=683%2C1024&amp;ssl=1 683w, https:\/\/i0.wp.com\/1truenote.com\/wp-content\/uploads\/2025\/06\/ChatGPT-Image-3-de-jun.-de-2025-19_04_53.png?resize=768%2C1152&amp;ssl=1 768w, https:\/\/i0.wp.com\/1truenote.com\/wp-content\/uploads\/2025\/06\/ChatGPT-Image-3-de-jun.-de-2025-19_04_53.png?resize=150%2C225&amp;ssl=1 150w, https:\/\/i0.wp.com\/1truenote.com\/wp-content\/uploads\/2025\/06\/ChatGPT-Image-3-de-jun.-de-2025-19_04_53.png?w=1024&amp;ssl=1 1024w\" sizes=\"(max-width: 200px) 100vw, 200px\" \/><\/a><\/figure>\n\n\n\n<hr class=\"wp-block-separator has-alpha-channel-opacity\"\/>\n\n\n\n<h2 id='transforme-o-quintal-com-criatividade-e-bem-estar'  class=\"wp-block-heading\">Transforme o quintal com criatividade e bem-estar<\/h2>\n\n\n\n<p>Viu s\u00f3 como a casa para jardim pode ser muito mais do que um simples dep\u00f3sito? Al\u00e9m de funcional, ela pode virar o cen\u00e1rio perfeito para seus momentos de lazer, trabalho ou aquela pausa estrat\u00e9gica no dia. Com um pouco de planejamento, d\u00e1 pra montar seu espa\u00e7o do jeitinho que voc\u00ea sonhou, sem gastar tanto e valorizando seu lar.<\/p>\n\n\n\n<p>E a\u00ed, j\u00e1 imaginou como seria a sua casa para jardim? Se precisar de inspira\u00e7\u00e3o ou ideias de decora\u00e7\u00e3o, s\u00f3 me chamar por aqui!<\/p>\n\n\n\n<hr class=\"wp-block-separator has-alpha-channel-opacity\"\/>\n\n\n\n<a href=\"https:\/\/1truenote.com\/en\/casas-sustentaveis\/\" style=\"text-decoration: none;\">\n  <div style=\"display: flex; justify-content: space-between; align-items: center; background: #d44a00; padding: 12px 20px; color: white; font-family: Arial, sans-serif;\">\n    <strong style=\"color: black;\">READ ALSO:<\/strong>\n    <span style=\"margin-left: 8px; flex: 1;\">Casas sustent\u00e1veis que inspiram: Solu\u00e7\u00f5es ecol\u00f3gicas para morar melhor<\/span>\n    <div style=\"background: #f2802f; padding: 8px 12px; border-radius: 2px; margin-left: 10px;\">\n      <span style=\"color: white; font-weight: bold;\">\u27a4<\/span>\n    <\/div>\n  <\/div>\n<\/a>\n\n\n\n\n<hr class=\"wp-block-separator has-alpha-channel-opacity\"\/>\n\n\n\n<h2 id='faq-principais-d\u00favidas-sobre-casa-para-jardim'  class=\"wp-block-heading\">FAQ: Principais d\u00favidas sobre casa para jardim<\/h2>\n\n\n<div id=\"rank-math-faq\" class=\"rank-math-block\">\n<div class=\"rank-math-list\">\n<div id=\"faq-question-1750278551575\" class=\"rank-math-list-item\">\n<h3 id='casa-para-jardim-precisa-de-autoriza\u00e7\u00e3o-para-construir'  class=\"rank-math-question\">Casa para jardim precisa de autoriza\u00e7\u00e3o para construir?<\/h3>\n<div class=\"rank-math-answer\">\n\n<p>Em geral, modelos pequenos e m\u00f3veis n\u00e3o precisam, mas vale consultar a prefeitura para evitar dor de cabe\u00e7a.<\/p>\n\n<\/div>\n<\/div>\n<div id=\"faq-question-1750278552323\" class=\"rank-math-list-item\">\n<h3 id='posso-usar-a-casa-para-jardim-como-home-office'  class=\"rank-math-question\">Posso usar a casa para jardim como home office?<\/h3>\n<div class=\"rank-math-answer\">\n\n<p>Com certeza! Capriche na ventila\u00e7\u00e3o, ilumina\u00e7\u00e3o e, se poss\u00edvel, leve internet para o espa\u00e7o.<\/p>\n\n<\/div>\n<\/div>\n<div id=\"faq-question-1750278553216\" class=\"rank-math-list-item\">\n<h3 id='casa-para-jardim-de-madeira-estraga-f\u00e1cil'  class=\"rank-math-question\">Casa para jardim de madeira estraga f\u00e1cil?<\/h3>\n<div class=\"rank-math-answer\">\n\n<p>Com manuten\u00e7\u00e3o (verniz ou pintura apropriada), dura muitos anos \u2014 s\u00f3 evite contato direto com a terra.<\/p>\n\n<\/div>\n<\/div>\n<div id=\"faq-question-1750278554040\" class=\"rank-math-list-item\">\n<h3 id='d\u00e1-para-usar-a-casa-para-jardim-em-apartamentos'  class=\"rank-math-question\">D\u00e1 para usar a casa para jardim em apartamentos?<\/h3>\n<div class=\"rank-math-answer\">\n\n<p>Sim, em coberturas ou varandas grandes. Modelos menores de PVC ou madeira s\u00e3o f\u00e1ceis de montar e desmontar.<\/p>\n\n<\/div>\n<\/div>\n<\/div>\n<\/div>\n\n\n<figure class=\"wp-block-image aligncenter size-large\"><img data-recalc-dims=\"1\" decoding=\"async\" width=\"1024\" height=\"683\" src=\"https:\/\/i0.wp.com\/1truenote.com\/wp-content\/uploads\/2025\/06\/20250618_1735_Charmosa-Casinha-de-Jardim_simple_compose_01jy2bz1cdenysdjjkv3mrdfk5.png?resize=1024%2C683&#038;ssl=1\" alt=\"casa para jardim\" class=\"wp-image-3076\" srcset=\"https:\/\/i0.wp.com\/1truenote.com\/wp-content\/uploads\/2025\/06\/20250618_1735_Charmosa-Casinha-de-Jardim_simple_compose_01jy2bz1cdenysdjjkv3mrdfk5.png?resize=1024%2C683&amp;ssl=1 1024w, https:\/\/i0.wp.com\/1truenote.com\/wp-content\/uploads\/2025\/06\/20250618_1735_Charmosa-Casinha-de-Jardim_simple_compose_01jy2bz1cdenysdjjkv3mrdfk5.png?resize=300%2C200&amp;ssl=1 300w, https:\/\/i0.wp.com\/1truenote.com\/wp-content\/uploads\/2025\/06\/20250618_1735_Charmosa-Casinha-de-Jardim_simple_compose_01jy2bz1cdenysdjjkv3mrdfk5.png?resize=768%2C512&amp;ssl=1 768w, https:\/\/i0.wp.com\/1truenote.com\/wp-content\/uploads\/2025\/06\/20250618_1735_Charmosa-Casinha-de-Jardim_simple_compose_01jy2bz1cdenysdjjkv3mrdfk5.png?resize=150%2C100&amp;ssl=1 150w, https:\/\/i0.wp.com\/1truenote.com\/wp-content\/uploads\/2025\/06\/20250618_1735_Charmosa-Casinha-de-Jardim_simple_compose_01jy2bz1cdenysdjjkv3mrdfk5.png?w=1536&amp;ssl=1 1536w\" sizes=\"(max-width: 1024px) 100vw, 1024px\" \/><\/figure>","protected":false},"excerpt":{"rendered":"<p>J\u00e1 pensou em chegar em casa e ter um cantinho s\u00f3 seu no meio do jardim? Pois \u00e9, a casa&#8230;<\/p>","protected":false},"author":1,"featured_media":3076,"comment_status":"open","ping_status":"open","sticky":false,"template":"","format":"standard","meta":{"_kad_post_transparent":"","_kad_post_title":"","_kad_post_layout":"","_kad_post_sidebar_id":"","_kad_post_content_style":"","_kad_post_vertical_padding":"","_kad_post_feature":"","_kad_post_feature_position":"","_kad_post_header":false,"_kad_post_footer":false,"_kad_post_classname":"","footnotes":"","jetpack_publicize_message":"J\u00e1 pensou em chegar em casa e ter um cantinho s\u00f3 seu no meio do jardim? Pois \u00e9, a casa para jardim conquistou de vez o cora\u00e7\u00e3o de quem adora unir praticidade, charme e um toque de natureza no dia a dia. Seja para relaxar, organizar ferramentas ou at\u00e9 criar um home office dos sonhos, esse tipo de estrutura pode ser a virada de chave que faltava para valorizar o seu quintal!\n\nVou te contar, de forma leve, como uma casa para jardim muda \u2026\n\n#carvalhoconsultoriabrasil #truenote #decor #decoracao #jardim #casa #casaparajardim #casaejardim #plantas #quintal #jardimecasa","jetpack_publicize_feature_enabled":true,"jetpack_social_post_already_shared":true,"jetpack_social_options":{"image_generator_settings":{"template":"highway","default_image_id":0,"enabled":false},"version":2}},"categories":[16],"tags":[14,29,12],"class_list":["post-3075","post","type-post","status-publish","format-standard","has-post-thumbnail","hentry","category-casa-e-jardim","tag-interiores-inovadores","tag-jardim","tag-projetos-inovadores"],"jetpack_publicize_connections":[],"jetpack_featured_media_url":"https:\/\/i0.wp.com\/1truenote.com\/wp-content\/uploads\/2025\/06\/20250618_1735_Charmosa-Casinha-de-Jardim_simple_compose_01jy2bz1cdenysdjjkv3mrdfk5.png?fit=1536%2C1024&ssl=1","jetpack_sharing_enabled":true,"_links":{"self":[{"href":"https:\/\/1truenote.com\/en\/wp-json\/wp\/v2\/posts\/3075","targetHints":{"allow":["GET"]}}],"collection":[{"href":"https:\/\/1truenote.com\/en\/wp-json\/wp\/v2\/posts"}],"about":[{"href":"https:\/\/1truenote.com\/en\/wp-json\/wp\/v2\/types\/post"}],"author":[{"embeddable":true,"href":"https:\/\/1truenote.com\/en\/wp-json\/wp\/v2\/users\/1"}],"replies":[{"embeddable":true,"href":"https:\/\/1truenote.com\/en\/wp-json\/wp\/v2\/comments?post=3075"}],"version-history":[{"count":1,"href":"https:\/\/1truenote.com\/en\/wp-json\/wp\/v2\/posts\/3075\/revisions"}],"predecessor-version":[{"id":3077,"href":"https:\/\/1truenote.com\/en\/wp-json\/wp\/v2\/posts\/3075\/revisions\/3077"}],"wp:featuredmedia":[{"embeddable":true,"href":"https:\/\/1truenote.com\/en\/wp-json\/wp\/v2\/media\/3076"}],"wp:attachment":[{"href":"https:\/\/1truenote.com\/en\/wp-json\/wp\/v2\/media?parent=3075"}],"wp:term":[{"taxonomy":"category","embeddable":true,"href":"https:\/\/1truenote.com\/en\/wp-json\/wp\/v2\/categories?post=3075"},{"taxonomy":"post_tag","embeddable":true,"href":"https:\/\/1truenote.com\/en\/wp-json\/wp\/v2\/tags?post=3075"}],"curies":[{"name":"wp","href":"https:\/\/api.w.org\/{rel}","templated":true}]}}