{"id":3065,"date":"2025-06-18T12:00:00","date_gmt":"2025-06-18T15:00:00","guid":{"rendered":"https:\/\/1truenote.com\/?p=3065"},"modified":"2025-09-27T17:39:33","modified_gmt":"2025-09-27T20:39:33","slug":"lavanda-em-vasos-cultivo-dicas","status":"publish","type":"post","link":"https:\/\/1truenote.com\/en\/lavanda-em-vasos-cultivo-dicas\/","title":{"rendered":"Veja como ter lavanda em vasos sempre saud\u00e1vel e cheia de vida"},"content":{"rendered":"\n<p>Voc\u00ea j\u00e1 sonhou em ter aquele vaso de lavanda sempre bonito, perfumado e cheio de vida a\u00ed na sua varanda ou janela? Pois \u00e9, eu tamb\u00e9m! S\u00f3 que, na pr\u00e1tica, manter a <strong>lavanda em vasos<\/strong> saud\u00e1vel pode ser mais f\u00e1cil do que muita gente imagina \u2013 e aqui vou te mostrar o caminho das pedras para conseguir esse efeito encantador o ano todo, mesmo sem jardim.<\/p>\n\n\n\n<p>Bora aprender truques e segredos para cultivar lavanda em vasos e transformar qualquer cantinho em um pedacinho do Mediterr\u00e2neo?<\/p>\n\n\n\n<hr class=\"wp-block-separator has-alpha-channel-opacity\"\/>\n\n\n\n<h2 id='por-que-ter-lavanda-em-vasos-s\u00f3-benef\u00edcios'  id=\"boomdevs_1\" class=\"wp-block-heading\">Por que ter lavanda em vasos? S\u00f3 benef\u00edcios!<\/h2>\n\n\n\n<p>Gente, a lavanda n\u00e3o \u00e9 s\u00f3 linda. Ela tem um aroma incr\u00edvel, atrai polinizadores, perfuma o ambiente naturalmente e ainda pode virar arranjo, sach\u00ea ou at\u00e9 ch\u00e1. Fora que ter <strong>lavanda em vasos<\/strong> facilita muito: voc\u00ea pode levar o vaso pra onde quiser, proteger do frio ou excesso de chuva, e controlar melhor o crescimento.<\/p>\n\n\n\n<p>Se voc\u00ea tem pouco espa\u00e7o, mora em apartamento ou quer praticidade, cultivar lavanda em vasos \u00e9 a escolha certa!<\/p>\n\n\n\n<hr class=\"wp-block-separator has-alpha-channel-opacity\"\/>\n\n\n\n<h2 id='passo-a-passo-para-cultivar-lavanda-em-vasos-sempre-saud\u00e1vel'  id=\"boomdevs_2\" class=\"wp-block-heading\">Passo a passo para cultivar lavanda em vasos sempre saud\u00e1vel<\/h2>\n\n\n\n<h3 id='1-escolha-o-vaso-certo'  id=\"boomdevs_3\" class=\"wp-block-heading\">1. Escolha o vaso certo<\/h3>\n\n\n\n<ul class=\"wp-block-list\">\n<li>D\u00ea prefer\u00eancia a vasos de barro ou cer\u00e2mica, que ajudam a drenar a \u00e1gua.<\/li>\n\n\n\n<li>O vaso precisa ter furos no fundo e ser maior que o torr\u00e3o da muda, para permitir o crescimento das ra\u00edzes.<\/li>\n<\/ul>\n\n\n\n<h3 id='2-sol-\u00e9-tudo'  id=\"boomdevs_4\" class=\"wp-block-heading\">2. Sol \u00e9 tudo!<\/h3>\n\n\n\n<p>A lavanda em vasos adora sol direto \u2013 pelo menos 6 horas por dia. Coloque perto de uma janela ensolarada, varanda ou at\u00e9 no quintal.<\/p>\n\n\n\n<hr class=\"wp-block-separator has-alpha-channel-opacity\"\/>\n\n\n\n<figure class=\"wp-block-image aligncenter size-medium\"><a href=\"https:\/\/chat.whatsapp.com\/KJBkp5LFJVRIvmt5X3hSEh\" target=\"_blank\" rel=\"noopener\"><img data-recalc-dims=\"1\" fetchpriority=\"high\" decoding=\"async\" width=\"200\" height=\"300\" src=\"https:\/\/i0.wp.com\/1truenote.com\/wp-content\/uploads\/2025\/06\/ChatGPT-Image-3-de-jun.-de-2025-19_04_53.png?resize=200%2C300&#038;ssl=1\" alt=\"chamada banner advetorial whats\" class=\"wp-image-2683\" srcset=\"https:\/\/i0.wp.com\/1truenote.com\/wp-content\/uploads\/2025\/06\/ChatGPT-Image-3-de-jun.-de-2025-19_04_53.png?resize=200%2C300&amp;ssl=1 200w, https:\/\/i0.wp.com\/1truenote.com\/wp-content\/uploads\/2025\/06\/ChatGPT-Image-3-de-jun.-de-2025-19_04_53.png?resize=683%2C1024&amp;ssl=1 683w, https:\/\/i0.wp.com\/1truenote.com\/wp-content\/uploads\/2025\/06\/ChatGPT-Image-3-de-jun.-de-2025-19_04_53.png?resize=768%2C1152&amp;ssl=1 768w, https:\/\/i0.wp.com\/1truenote.com\/wp-content\/uploads\/2025\/06\/ChatGPT-Image-3-de-jun.-de-2025-19_04_53.png?resize=150%2C225&amp;ssl=1 150w, https:\/\/i0.wp.com\/1truenote.com\/wp-content\/uploads\/2025\/06\/ChatGPT-Image-3-de-jun.-de-2025-19_04_53.png?w=1024&amp;ssl=1 1024w\" sizes=\"(max-width: 200px) 100vw, 200px\" \/><\/a><\/figure>\n\n\n\n<hr class=\"wp-block-separator has-alpha-channel-opacity\"\/>\n\n\n\n<h3 id='3-solo-perfeito'  id=\"boomdevs_5\" class=\"wp-block-heading\">3. Solo perfeito<\/h3>\n\n\n\n<ul class=\"wp-block-list\">\n<li>Misture terra vegetal com areia grossa ou perlita. Isso deixa o solo bem drenado, evitando excesso de umidade.<\/li>\n\n\n\n<li>Evite terra pesada ou solo muito argiloso, pois pode apodrecer a raiz.<\/li>\n<\/ul>\n\n\n\n<h3 id='4-regas-na-medida'  id=\"boomdevs_6\" class=\"wp-block-heading\">4. Regas na medida<\/h3>\n\n\n\n<p>Nada de exagerar! A regra \u00e9: s\u00f3 regue quando o substrato estiver completamente seco. No come\u00e7o, a lavanda em vasos precisa de mais aten\u00e7\u00e3o, mas depois de adaptada, aguenta bem per\u00edodos secos.<\/p>\n\n\n\n<h3 id='5-aduba\u00e7\u00e3o'  id=\"boomdevs_7\" class=\"wp-block-heading\">5. Aduba\u00e7\u00e3o<\/h3>\n\n\n\n<p>Use um fertilizante org\u00e2nico leve no in\u00edcio da primavera e, se quiser, repita no fim do ver\u00e3o. O segredo \u00e9 n\u00e3o exagerar para n\u00e3o estimular s\u00f3 folha e esquecer as flores.<\/p>\n\n\n\n<hr class=\"wp-block-separator has-alpha-channel-opacity\"\/>\n\n\n\n<a href=\"https:\/\/1truenote.com\/divisoria-de-ambientes-solucoes-criativas\/\" style=\"text-decoration: none;\">\n  <div style=\"display: flex; justify-content: space-between; align-items: center; background: #d44a00; padding: 12px 20px; color: white; font-family: Arial, sans-serif;\">\n    <strong style=\"color: black;\">LEIA TAMB\u00c9M:<\/strong>\n    <span style=\"margin-left: 8px; flex: 1;\">Descubra a solu\u00e7\u00e3o de divis\u00f3ria de ambientes que realmente me impressionou<\/span>\n    <div style=\"background: #f2802f; padding: 8px 12px; border-radius: 2px; margin-left: 10px;\">\n      <span style=\"color: white; font-weight: bold;\">\u27a4<\/span>\n    <\/div>\n  <\/div>\n<\/a>\n\n\n\n<hr class=\"wp-block-separator has-alpha-channel-opacity\"\/>\n\n\n\n<h2 id='tabela-cuidados-essenciais-com-lavanda-em-vasos'  id=\"boomdevs_8\" class=\"wp-block-heading\">Tabela: Cuidados essenciais com lavanda em vasos<\/h2>\n\n\n\n<figure class=\"wp-block-table\"><table class=\"has-fixed-layout\"><thead><tr><th>Item<\/th><th>Cuidados principais<\/th><th>Frequ\u00eancia<\/th><\/tr><\/thead><tbody><tr><td>Sol<\/td><td>6 a 8 horas por dia<\/td><td>Diariamente<\/td><\/tr><tr><td>Rega<\/td><td>Apenas quando o solo secar<\/td><td>1 a 2 vezes por semana<\/td><\/tr><tr><td>Solo<\/td><td>Terra com areia ou perlita para boa drenagem<\/td><td>Trocar a cada 2 anos<\/td><\/tr><tr><td>Aduba\u00e7\u00e3o<\/td><td>Org\u00e2nico leve<\/td><td>1-2 vezes por ano<\/td><\/tr><tr><td>Poda<\/td><td>Corte flores secas e galhos ap\u00f3s flora\u00e7\u00e3o<\/td><td>Todo fim de flora\u00e7\u00e3o<\/td><\/tr><tr><td>Replantio<\/td><td>Troque de vaso para um maior conforme o crescimento<\/td><td>A cada 2-3 anos<\/td><\/tr><\/tbody><\/table><\/figure>\n\n\n\n<hr class=\"wp-block-separator has-alpha-channel-opacity\"\/>\n\n\n\n<h2 id='v\u00eddeo-como-plantar-e-cuidar-de-lavanda-em-vasos'  id=\"boomdevs_9\" class=\"wp-block-heading\">[V\u00eddeo] Como plantar e cuidar de lavanda em vasos<\/h2>\n\n\n\n<p>Assista: <a href=\"https:\/\/www.youtube.com\/watch?v=BygVGdhMFDA&amp;pp=ygUuQ29tbyBwbGFudGFyIGxhdmFuZGEgZW0gdmFzbyAtIE1hbnVhbCBkbyBNdW5kbw%3D%3D\" data-type=\"link\" data-id=\"https:\/\/www.youtube.com\/watch?v=BygVGdhMFDA&amp;pp=ygUuQ29tbyBwbGFudGFyIGxhdmFuZGEgZW0gdmFzbyAtIE1hbnVhbCBkbyBNdW5kbw%3D%3D\" target=\"_blank\" rel=\"noopener\">Como plantar lavanda<\/a><\/p>\n\n\n\n<figure class=\"wp-block-embed is-type-video is-provider-youtube wp-block-embed-youtube wp-embed-aspect-16-9 wp-has-aspect-ratio\"><div class=\"wp-block-embed__wrapper\">\n<iframe title=\"Como cultivar LAVANDA\" width=\"720\" height=\"405\" src=\"https:\/\/www.youtube.com\/embed\/BygVGdhMFDA?feature=oembed\" frameborder=\"0\" allow=\"accelerometer; autoplay; clipboard-write; encrypted-media; gyroscope; picture-in-picture; web-share\" referrerpolicy=\"strict-origin-when-cross-origin\" allowfullscreen><\/iframe>\n<\/div><\/figure>\n\n\n\n<p><em>O v\u00eddeo mostra o passo a passo de plantio, dicas de rega e at\u00e9 truques para podar e manter a lavanda sempre linda em vasos.<\/em><\/p>\n\n\n\n<hr class=\"wp-block-separator has-alpha-channel-opacity\"\/>\n\n\n\n<h2 id='dicas-extras-para-ter-lavanda-em-vasos-sempre-cheia-de-vida'  id=\"boomdevs_10\" class=\"wp-block-heading\">Dicas extras para ter lavanda em vasos sempre cheia de vida<\/h2>\n\n\n\n<ul class=\"wp-block-list\">\n<li>D\u00ea prefer\u00eancia a variedades adaptadas ao clima do Brasil, como Lavandula dentata ou Lavandula angustifolia.<\/li>\n\n\n\n<li>Colha flores para secar sempre que come\u00e7arem a desbotar.<\/li>\n\n\n\n<li>Se quiser um efeito ainda mais lindo, plante junto com alecrim ou tomilho (eles t\u00eam as mesmas necessidades!).<\/li>\n\n\n\n<li>Evite pratinhos embaixo do vaso \u2013 eles podem acumular \u00e1gua e apodrecer as ra\u00edzes.<\/li>\n<\/ul>\n\n\n\n<hr class=\"wp-block-separator has-alpha-channel-opacity\"\/>\n\n\n\n<h2 id='vale-a-pena-ter-lavanda-em-vasos'  id=\"boomdevs_11\" class=\"wp-block-heading\">Vale a pena ter lavanda em vasos?<\/h2>\n\n\n\n<p>Sem d\u00favida! Cultivar <strong>lavanda em vasos<\/strong> \u00e9 trazer beleza, perfume e um charme europeu pra dentro de casa. Com os cuidados certos, sua lavanda vai florescer, perfumar e ainda decorar seu espa\u00e7o por muito tempo. Bora tentar a\u00ed? Me conta depois como ficou o seu cantinho com lavanda!<\/p>\n\n\n\n<hr class=\"wp-block-separator has-alpha-channel-opacity\"\/>\n\n\n\n<a href=\"https:\/\/1truenote.com\/divisoria-de-ambientes-solucoes-criativas\/\" style=\"text-decoration: none;\">\n  <div style=\"display: flex; justify-content: space-between; align-items: center; background: #d44a00; padding: 12px 20px; color: white; font-family: Arial, sans-serif;\">\n    <strong style=\"color: black;\">LEIA TAMB\u00c9M:<\/strong>\n    <span style=\"margin-left: 8px; flex: 1;\">Descubra a solu\u00e7\u00e3o de divis\u00f3ria de ambientes que realmente me impressionou<\/span>\n    <div style=\"background: #f2802f; padding: 8px 12px; border-radius: 2px; margin-left: 10px;\">\n      <span style=\"color: white; font-weight: bold;\">\u27a4<\/span>\n    <\/div>\n  <\/div>\n<\/a>\n\n\n\n\n<hr class=\"wp-block-separator has-alpha-channel-opacity\"\/>\n\n\n\n<h2 id='faq-lavanda-em-vasos'  id=\"boomdevs_12\" class=\"wp-block-heading\">FAQ \u2013 Lavanda em vasos<\/h2>\n\n\n<div id=\"rank-math-faq\" class=\"rank-math-block\">\n<div class=\"rank-math-list \">\n<div id=\"faq-question-1750255152393\" class=\"rank-math-list-item\">\n<h3 id='lavanda-em-vasos-cresce-bem-dentro-de-casa'  id=\"boomdevs_13\" class=\"rank-math-question \">Lavanda em vasos cresce bem dentro de casa?<\/h3>\n<div class=\"rank-math-answer \">\n\n<p>S\u00f3 se for um lugar com MUITA luz direta! Caso contr\u00e1rio, prefira \u00e1reas externas.<\/p>\n\n<\/div>\n<\/div>\n<div id=\"faq-question-1750255153563\" class=\"rank-math-list-item\">\n<h3 id='como-podar-a-lavanda'  id=\"boomdevs_14\" class=\"rank-math-question \">Como podar a lavanda?<\/h3>\n<div class=\"rank-math-answer \">\n\n<p>A cada fim de flora\u00e7\u00e3o, corte as flores secas e d\u00ea uma leve aparada nos galhos para estimular novos brotos.<\/p>\n\n<\/div>\n<\/div>\n<div id=\"faq-question-1750255154476\" class=\"rank-math-list-item\">\n<h3 id='posso-plantar-v\u00e1rias-mudas-juntas-no-mesmo-vaso'  id=\"boomdevs_15\" class=\"rank-math-question \">Posso plantar v\u00e1rias mudas juntas no mesmo vaso?<\/h3>\n<div class=\"rank-math-answer \">\n\n<p>Pode, mas o ideal \u00e9 respeitar um bom espa\u00e7amento para n\u00e3o competir por nutrientes. Vasos grandes, ok!<\/p>\n\n<\/div>\n<\/div>\n<div id=\"faq-question-1750255155435\" class=\"rank-math-list-item\">\n<h3 id='lavanda-em-vasos-pega-praga'  id=\"boomdevs_16\" class=\"rank-math-question \">Lavanda em vasos pega praga?<\/h3>\n<div class=\"rank-math-answer \">\n\n<p>Raramente. O maior perigo \u00e9 o excesso de \u00e1gua \u2013 isso apodrece as ra\u00edzes. Mantenha o solo seco!<\/p>\n\n<\/div>\n<\/div>\n<\/div>\n<\/div>\n\n\n<figure class=\"wp-block-image aligncenter size-large\"><img data-recalc-dims=\"1\" decoding=\"async\" width=\"1024\" height=\"683\" src=\"https:\/\/i0.wp.com\/1truenote.com\/wp-content\/uploads\/2025\/06\/20250618_1057_Vasos-de-Lavanda-Vibrante_remix_01jy1n6a9yeeksz92d95nn1hjd.png?resize=1024%2C683&#038;ssl=1\" alt=\"lavanda em vasos\" class=\"wp-image-3067\" srcset=\"https:\/\/i0.wp.com\/1truenote.com\/wp-content\/uploads\/2025\/06\/20250618_1057_Vasos-de-Lavanda-Vibrante_remix_01jy1n6a9yeeksz92d95nn1hjd.png?resize=1024%2C683&amp;ssl=1 1024w, https:\/\/i0.wp.com\/1truenote.com\/wp-content\/uploads\/2025\/06\/20250618_1057_Vasos-de-Lavanda-Vibrante_remix_01jy1n6a9yeeksz92d95nn1hjd.png?resize=300%2C200&amp;ssl=1 300w, https:\/\/i0.wp.com\/1truenote.com\/wp-content\/uploads\/2025\/06\/20250618_1057_Vasos-de-Lavanda-Vibrante_remix_01jy1n6a9yeeksz92d95nn1hjd.png?resize=768%2C512&amp;ssl=1 768w, https:\/\/i0.wp.com\/1truenote.com\/wp-content\/uploads\/2025\/06\/20250618_1057_Vasos-de-Lavanda-Vibrante_remix_01jy1n6a9yeeksz92d95nn1hjd.png?resize=150%2C100&amp;ssl=1 150w, https:\/\/i0.wp.com\/1truenote.com\/wp-content\/uploads\/2025\/06\/20250618_1057_Vasos-de-Lavanda-Vibrante_remix_01jy1n6a9yeeksz92d95nn1hjd.png?w=1536&amp;ssl=1 1536w\" sizes=\"(max-width: 1024px) 100vw, 1024px\" \/><\/figure>\n","protected":false},"excerpt":{"rendered":"<p>Voc\u00ea j\u00e1 sonhou em ter aquele vaso de lavanda sempre bonito, perfumado e cheio de vida a\u00ed na sua varanda&#8230;<\/p>","protected":false},"author":1,"featured_media":3067,"comment_status":"open","ping_status":"open","sticky":false,"template":"","format":"standard","meta":{"_kad_post_transparent":"","_kad_post_title":"","_kad_post_layout":"","_kad_post_sidebar_id":"","_kad_post_content_style":"","_kad_post_vertical_padding":"","_kad_post_feature":"","_kad_post_feature_position":"","_kad_post_header":false,"_kad_post_footer":false,"_kad_post_classname":"","footnotes":"","jetpack_publicize_message":"Voc\u00ea j\u00e1 sonhou em ter aquele vaso de lavanda sempre bonito, perfumado e cheio de vida a\u00ed na sua varanda ou janela? Pois \u00e9, eu tamb\u00e9m! S\u00f3 que, na pr\u00e1tica, manter a lavanda em vasos saud\u00e1vel pode ser mais f\u00e1cil do que muita gente imagina \u2013 e aqui vou te mostrar o caminho das pedras para conseguir esse efeito encantador o ano todo, mesmo sem jardim.\n\nBora aprender truques e segredos para cultivar lavanda em vasos e transformar qualquer ca\u2026\n\n#carvalhoconsultoriabrasil #truenote #lavanda #vaso #lavandavaso #planta #flor #decor #decoracao #varanda #jardim","jetpack_publicize_feature_enabled":true,"jetpack_social_post_already_shared":true,"jetpack_social_options":{"image_generator_settings":{"template":"highway","default_image_id":0,"enabled":false},"version":2}},"categories":[16,9],"tags":[13,14],"class_list":["post-3065","post","type-post","status-publish","format-standard","has-post-thumbnail","hentry","category-casa-e-jardim","category-lazer","tag-minimalista","tag-interiores-inovadores"],"jetpack_publicize_connections":[],"jetpack_featured_media_url":"https:\/\/i0.wp.com\/1truenote.com\/wp-content\/uploads\/2025\/06\/20250618_1057_Vasos-de-Lavanda-Vibrante_remix_01jy1n6a9yeeksz92d95nn1hjd.png?fit=1536%2C1024&ssl=1","jetpack_sharing_enabled":true,"_links":{"self":[{"href":"https:\/\/1truenote.com\/en\/wp-json\/wp\/v2\/posts\/3065","targetHints":{"allow":["GET"]}}],"collection":[{"href":"https:\/\/1truenote.com\/en\/wp-json\/wp\/v2\/posts"}],"about":[{"href":"https:\/\/1truenote.com\/en\/wp-json\/wp\/v2\/types\/post"}],"author":[{"embeddable":true,"href":"https:\/\/1truenote.com\/en\/wp-json\/wp\/v2\/users\/1"}],"replies":[{"embeddable":true,"href":"https:\/\/1truenote.com\/en\/wp-json\/wp\/v2\/comments?post=3065"}],"version-history":[{"count":1,"href":"https:\/\/1truenote.com\/en\/wp-json\/wp\/v2\/posts\/3065\/revisions"}],"predecessor-version":[{"id":3068,"href":"https:\/\/1truenote.com\/en\/wp-json\/wp\/v2\/posts\/3065\/revisions\/3068"}],"wp:featuredmedia":[{"embeddable":true,"href":"https:\/\/1truenote.com\/en\/wp-json\/wp\/v2\/media\/3067"}],"wp:attachment":[{"href":"https:\/\/1truenote.com\/en\/wp-json\/wp\/v2\/media?parent=3065"}],"wp:term":[{"taxonomy":"category","embeddable":true,"href":"https:\/\/1truenote.com\/en\/wp-json\/wp\/v2\/categories?post=3065"},{"taxonomy":"post_tag","embeddable":true,"href":"https:\/\/1truenote.com\/en\/wp-json\/wp\/v2\/tags?post=3065"}],"curies":[{"name":"wp","href":"https:\/\/api.w.org\/{rel}","templated":true}]}}