{"id":3056,"date":"2025-06-17T20:00:00","date_gmt":"2025-06-17T23:00:00","guid":{"rendered":"https:\/\/1truenote.com\/?p=3056"},"modified":"2025-06-17T19:12:10","modified_gmt":"2025-06-17T22:12:10","slug":"divisoria-de-ambientes-solucoes-criativas","status":"publish","type":"post","link":"https:\/\/1truenote.com\/en\/divisoria-de-ambientes-solucoes-criativas\/","title":{"rendered":"Descubra a solu\u00e7\u00e3o de divis\u00f3ria de ambientes que realmente me impressionou"},"content":{"rendered":"        \n            \n            <div class=\"fit_content\">\n                <div class=\"bd_toc_container\" data-fixedWidth=\"\">\n                    <div class=\"bd_toc_wrapper\" data-wrapperPadding=\"48px\">\n                        <div class=\"bd_toc_wrapper_item\">\n                            <div class=\"bd_toc_header active\" data-headerPadding=\"2px\">\n                                <div class=\"bd_toc_header_title\">\n                                    Sum\u00e1rio                                <\/div>\n                                <div class=\"bd_toc_switcher_hide_show_icon\">\n                                    <span class=\"bd_toc_arrow\"><\/span>                                <\/div>\n                            <\/div>\n                            <div class=\"bd_toc_content list-type-number\">\n                                <div class=\"bd_toc_content_list \">\n                                    <div class='bd_toc_content_list_item'>    <ul>\n      <li class=\"first\">\n        <a href=\"#o-que-\u00e9-uma-divis\u00f3ria-de-ambientes-e-por-que-ela-pode-mudar-sua-casa\">O que \u00e9 uma divis\u00f3ria de ambientes (e por que ela pode mudar sua casa)<\/a>\n      <\/li>\n      <li>\n        <a href=\"#dicas-pr\u00e1ticas-para-escolher-e-usar-divis\u00f3rias-de-ambientes\">Dicas pr\u00e1ticas para escolher e usar divis\u00f3rias de ambientes<\/a>\n        <ul class=\"menu_level_2\">\n          <li class=\"first last\">\n            <a href=\"#tabela-principais-tipos-de-divis\u00f3ria-de-ambientes\">Tabela: principais tipos de divis\u00f3ria de ambientes<\/a>\n          <\/li>\n        <\/ul>\n      <\/li>\n      <li>\n        <a href=\"#v\u00eddeo-veja-ideias-de-divis\u00f3ria-de-ambientes-criativas-e-f\u00e1ceis-de-aplicar\">[V\u00eddeo] Veja ideias de divis\u00f3ria de ambientes criativas e f\u00e1ceis de aplicar<\/a>\n      <\/li>\n      <li>\n        <a href=\"#divis\u00f3ria-de-ambientes\">Divis\u00f3ria de ambientes<\/a>\n      <\/li>\n      <li class=\"last\">\n        <a href=\"#faq-d\u00favidas-sobre-divis\u00f3ria-de-ambientes\">FAQ \u2013 D\u00favidas sobre divis\u00f3ria de ambientes<\/a>\n        <ul class=\"menu_level_2\">\n          <li class=\"first\">\n            <a href=\"#divis\u00f3ria-fixa-ou-m\u00f3vel-qual-escolher\">Divis\u00f3ria fixa ou m\u00f3vel: qual escolher?<\/a>\n          <\/li>\n          <li>\n            <a href=\"#divis\u00f3rias-deixam-o-espa\u00e7o-menor\">Divis\u00f3rias deixam o espa\u00e7o menor?<\/a>\n          <\/li>\n          <li>\n            <a href=\"#\u00e9-f\u00e1cil-de-instalar\">\u00c9 f\u00e1cil de instalar?<\/a>\n          <\/li>\n          <li>\n            <a href=\"#posso-usar-divis\u00f3ria-na-cozinha\">Posso usar divis\u00f3ria na cozinha?<\/a>\n          <\/li>\n          <li class=\"last\">\n            <a href=\"#como-limpar-divis\u00f3ria-vazada-ou-ripada\">Como limpar divis\u00f3ria vazada ou ripada?<\/a>\n          <\/li>\n        <\/ul>\n      <\/li>\n    <\/ul>\n<\/div>                                <\/div>\n                            <\/div>\n                        <\/div>\n                    <\/div>\n                    <div class=\"layout_toggle_button\">\n                        <span class=\"bd_toc_arrow\"><\/span>\n                    <\/div>\n                <\/div>\n            <\/div>\n\n    \n\n\n<p>Preciso confessar: depois de anos mexendo com decora\u00e7\u00e3o, poucas coisas ainda conseguem me surpreender de verdade. Mas, um dia desses, ao visitar a casa de uma cliente, vi como uma <strong>divis\u00f3ria de ambientes<\/strong> simples pode transformar completamente o espa\u00e7o \u2014 e precisei vir aqui dividir esse \u201cachado\u201d com voc\u00ea.<\/p>\n\n\n\n<p>Aquela divis\u00f3ria, escolhida com tanto carinho e criatividade, trouxe mais organiza\u00e7\u00e3o, conforto e at\u00e9 um toque de estilo que n\u00e3o se v\u00ea todo dia. E o melhor: sem reforma complicada, sujeira ou altos investimentos. Bora ver como escolher a divis\u00f3ria certa pode deixar sua casa com aquela sensa\u00e7\u00e3o de ambiente renovado?<\/p>\n\n\n\n<hr class=\"wp-block-separator has-alpha-channel-opacity\"\/>\n\n\n\n<h2 id='o-que-\u00e9-uma-divis\u00f3ria-de-ambientes-e-por-que-ela-pode-mudar-sua-casa'  id=\"boomdevs_1\" class=\"wp-block-heading\">O que \u00e9 uma divis\u00f3ria de ambientes (e por que ela pode mudar sua casa)<\/h2>\n\n\n\n<p>A <strong>divis\u00f3ria de ambientes<\/strong> \u00e9, basicamente, uma solu\u00e7\u00e3o para separar ou delimitar espa\u00e7os \u2014 seja em casa, apartamento ou at\u00e9 no escrit\u00f3rio. Pode ser fixa ou m\u00f3vel, de vidro, madeira, MDF, vazada, ripada, cortina\u2026<\/p>\n\n\n\n<p>Op\u00e7\u00e3o \u00e9 o que n\u00e3o falta! O segredo \u00e9 escolher o modelo que vai trazer funcionalidade e, de quebra, aquele toque extra de personalidade pra sua decora\u00e7\u00e3o.<\/p>\n\n\n\n<hr class=\"wp-block-separator has-alpha-channel-opacity\"\/>\n\n\n\n<figure class=\"wp-block-image aligncenter size-medium\"><a href=\"https:\/\/chat.whatsapp.com\/KJBkp5LFJVRIvmt5X3hSEh\" target=\"_blank\" rel=\"noopener\"><img data-recalc-dims=\"1\" fetchpriority=\"high\" decoding=\"async\" width=\"200\" height=\"300\" src=\"https:\/\/i0.wp.com\/1truenote.com\/wp-content\/uploads\/2025\/06\/ChatGPT-Image-3-de-jun.-de-2025-19_04_53.png?resize=200%2C300&#038;ssl=1\" alt=\"chamada banner advetorial whats\" class=\"wp-image-2683\" srcset=\"https:\/\/i0.wp.com\/1truenote.com\/wp-content\/uploads\/2025\/06\/ChatGPT-Image-3-de-jun.-de-2025-19_04_53.png?resize=200%2C300&amp;ssl=1 200w, https:\/\/i0.wp.com\/1truenote.com\/wp-content\/uploads\/2025\/06\/ChatGPT-Image-3-de-jun.-de-2025-19_04_53.png?resize=683%2C1024&amp;ssl=1 683w, https:\/\/i0.wp.com\/1truenote.com\/wp-content\/uploads\/2025\/06\/ChatGPT-Image-3-de-jun.-de-2025-19_04_53.png?resize=768%2C1152&amp;ssl=1 768w, https:\/\/i0.wp.com\/1truenote.com\/wp-content\/uploads\/2025\/06\/ChatGPT-Image-3-de-jun.-de-2025-19_04_53.png?resize=150%2C225&amp;ssl=1 150w, https:\/\/i0.wp.com\/1truenote.com\/wp-content\/uploads\/2025\/06\/ChatGPT-Image-3-de-jun.-de-2025-19_04_53.png?w=1024&amp;ssl=1 1024w\" sizes=\"(max-width: 200px) 100vw, 200px\" \/><\/a><\/figure>\n\n\n\n<hr class=\"wp-block-separator has-alpha-channel-opacity\"\/>\n\n\n\n<h2 id='dicas-pr\u00e1ticas-para-escolher-e-usar-divis\u00f3rias-de-ambientes'  id=\"boomdevs_2\" class=\"wp-block-heading\">Dicas pr\u00e1ticas para escolher e usar divis\u00f3rias de ambientes<\/h2>\n\n\n\n<ul class=\"wp-block-list\">\n<li><strong>Avalie a necessidade:<\/strong> Quer dividir sala e cozinha? Isolar um home office? Ou s\u00f3 criar um cantinho de leitura? Definir o objetivo ajuda a escolher o modelo ideal.<\/li>\n\n\n\n<li><strong>Espa\u00e7os pequenos pedem solu\u00e7\u00f5es leves:<\/strong> Divis\u00f3rias vazadas, biombos ou at\u00e9 cortinas s\u00e3o perfeitos para n\u00e3o pesar no ambiente.<\/li>\n\n\n\n<li><strong>Vidro para ampliar:<\/strong> Se o espa\u00e7o \u00e9 escuro ou pequeno, aposte em divis\u00f3rias de vidro (liso, canelado, espelhado) \u2014 elas trazem luz e sensa\u00e7\u00e3o de amplitude.<\/li>\n\n\n\n<li><strong>Madeira para aconchego:<\/strong> Os modelos ripados s\u00e3o tend\u00eancia! Separa\u00e7\u00e3o visual sem fechar totalmente e deixam tudo mais acolhedor.<\/li>\n\n\n\n<li><strong>Combine com plantas:<\/strong> Integre prateleiras, nichos ou use suportes com plantas na divis\u00f3ria. O resultado fica aconchegante e superatual!<\/li>\n\n\n\n<li><strong>N\u00e3o esque\u00e7a da manuten\u00e7\u00e3o:<\/strong> Limpe sempre, principalmente divis\u00f3rias vazadas ou de vidro.<\/li>\n<\/ul>\n\n\n\n<hr class=\"wp-block-separator has-alpha-channel-opacity\"\/>\n\n\n\n<a href=\"https:\/\/1truenote.com\/itens-de-decoracao-acessiveis-dicas-baratas\/\" style=\"text-decoration: none;\">\n  <div style=\"display: flex; justify-content: space-between; align-items: center; background: #d44a00; padding: 12px 20px; color: white; font-family: Arial, sans-serif;\">\n    <strong style=\"color: black;\">LEIA TAMB\u00c9M:<\/strong>\n    <span style=\"margin-left: 8px; flex: 1;\">6 itens de decora\u00e7\u00e3o acess\u00edveis que fazem toda a diferen\u00e7a no ambiente<\/span>\n    <div style=\"background: #f2802f; padding: 8px 12px; border-radius: 2px; margin-left: 10px;\">\n      <span style=\"color: white; font-weight: bold;\">\u27a4<\/span>\n    <\/div>\n  <\/div>\n<\/a>\n\n\n\n<hr class=\"wp-block-separator has-alpha-channel-opacity\"\/>\n\n\n\n<h3 id='tabela-principais-tipos-de-divis\u00f3ria-de-ambientes'  id=\"boomdevs_3\" class=\"wp-block-heading\">Tabela: principais tipos de divis\u00f3ria de ambientes<\/h3>\n\n\n\n<figure class=\"wp-block-table\"><table class=\"has-fixed-layout\"><thead><tr><th>Tipo de Divis\u00f3ria<\/th><th>Material<\/th><th>Melhor uso<\/th><th>Vantagem Extra<\/th><\/tr><\/thead><tbody><tr><td>Vidro (liso\/canelado)<\/td><td>Vidro<\/td><td>Salas, home office, cozinha<\/td><td>Mais luz e sensa\u00e7\u00e3o de amplitude<\/td><\/tr><tr><td>Madeira ripada<\/td><td>Madeira\/MDF<\/td><td>Sala de estar, quarto<\/td><td>Charme r\u00fastico e privacidade<\/td><\/tr><tr><td>Biombo m\u00f3vel<\/td><td>Diversos<\/td><td>Quarto, sala, home office<\/td><td>Flexibilidade para mudar o layout<\/td><\/tr><tr><td>Vazadas\/Estantes<\/td><td>MDF\/madeira<\/td><td>Sala, entre ambientes integrados<\/td><td>Integra e organiza ao mesmo tempo<\/td><\/tr><tr><td>Cortina ou persiana<\/td><td>Tecido, PVC<\/td><td>Apartamentos pequenos<\/td><td>F\u00e1cil instala\u00e7\u00e3o e remo\u00e7\u00e3o<\/td><\/tr><\/tbody><\/table><\/figure>\n\n\n\n<hr class=\"wp-block-separator has-alpha-channel-opacity\"\/>\n\n\n\n<h2 id='v\u00eddeo-veja-ideias-de-divis\u00f3ria-de-ambientes-criativas-e-f\u00e1ceis-de-aplicar'  id=\"boomdevs_4\" class=\"wp-block-heading\">[V\u00eddeo] Veja ideias de divis\u00f3ria de ambientes criativas e f\u00e1ceis de aplicar<\/h2>\n\n\n\n<p>Assista: <a href=\"https:\/\/www.youtube.com\/shorts\/uFr3B1B3THE\" target=\"_blank\" rel=\"noopener\">Formas criativas de dividir ambientes \u2014 Will Arquitetura<\/a><\/p>\n\n\n\n<figure class=\"wp-block-embed aligncenter is-type-video is-provider-youtube wp-block-embed-youtube wp-embed-aspect-16-9 wp-has-aspect-ratio\"><div class=\"wp-block-embed__wrapper\">\n<iframe title=\"COMO FAZER DIVIS\u00d3RIA PARA AMBIENTES COM BRISE #decoration #diy #decora\" width=\"720\" height=\"405\" src=\"https:\/\/www.youtube.com\/embed\/uFr3B1B3THE?feature=oembed\" frameborder=\"0\" allow=\"accelerometer; autoplay; clipboard-write; encrypted-media; gyroscope; picture-in-picture; web-share\" referrerpolicy=\"strict-origin-when-cross-origin\" allowfullscreen><\/iframe>\n<\/div><\/figure>\n\n\n\n<p><em>O v\u00eddeo mostra solu\u00e7\u00f5es para todo tipo de espa\u00e7o, com exemplos reais e dicas para voc\u00ea adaptar na sua casa sem complica\u00e7\u00e3o.<\/em><\/p>\n\n\n\n<h2 id='divis\u00f3ria-de-ambientes'  id=\"boomdevs_5\" class=\"wp-block-heading\">Divis\u00f3ria de ambientes<\/h2>\n\n\n\n<p>Sabe aquela sensa\u00e7\u00e3o de casa nova sem obra e sem gastar muito? \u00c9 isso que uma <strong>divis\u00f3ria de ambientes<\/strong> pode te entregar! Al\u00e9m de dividir espa\u00e7os, ela renova, organiza e, se bem escolhida, vira at\u00e9 o destaque da decora\u00e7\u00e3o. Experimente no seu lar \u2014 e depois me conta: qual modelo mais combina com seu estilo? Aproveite para explorar possibilidades e criar um ambiente com a sua cara!<\/p>\n\n\n\n<hr class=\"wp-block-separator has-alpha-channel-opacity\"\/>\n\n\n\n<a href=\"https:\/\/1truenote.com\/itens-de-decoracao-acessiveis-dicas-baratas\/\" style=\"text-decoration: none;\">\n  <div style=\"display: flex; justify-content: space-between; align-items: center; background: #d44a00; padding: 12px 20px; color: white; font-family: Arial, sans-serif;\">\n    <strong style=\"color: black;\">LEIA TAMB\u00c9M:<\/strong>\n    <span style=\"margin-left: 8px; flex: 1;\">6 itens de decora\u00e7\u00e3o acess\u00edveis que fazem toda a diferen\u00e7a no ambiente<\/span>\n    <div style=\"background: #f2802f; padding: 8px 12px; border-radius: 2px; margin-left: 10px;\">\n      <span style=\"color: white; font-weight: bold;\">\u27a4<\/span>\n    <\/div>\n  <\/div>\n<\/a>\n\n\n\n\n<hr class=\"wp-block-separator has-alpha-channel-opacity\"\/>\n\n\n\n<h2 id='faq-d\u00favidas-sobre-divis\u00f3ria-de-ambientes'  id=\"boomdevs_6\" class=\"wp-block-heading\">FAQ \u2013 D\u00favidas sobre divis\u00f3ria de ambientes<\/h2>\n\n\n<div id=\"rank-math-faq\" class=\"rank-math-block\">\n<div class=\"rank-math-list \">\n<div id=\"faq-question-1750191497062\" class=\"rank-math-list-item\">\n<h3 id='divis\u00f3ria-fixa-ou-m\u00f3vel-qual-escolher'  id=\"boomdevs_7\" class=\"rank-math-question \">Divis\u00f3ria fixa ou m\u00f3vel: qual escolher?<\/h3>\n<div class=\"rank-math-answer \">\n\n<p>Depende da sua necessidade! Fixa \u00e9 \u00f3tima para quem quer um resultado permanente. M\u00f3vel, tipo biombo, \u00e9 perfeita para ambientes din\u00e2micos.<\/p>\n\n<\/div>\n<\/div>\n<div id=\"faq-question-1750191498739\" class=\"rank-math-list-item\">\n<h3 id='divis\u00f3rias-deixam-o-espa\u00e7o-menor'  id=\"boomdevs_8\" class=\"rank-math-question \">Divis\u00f3rias deixam o espa\u00e7o menor?<\/h3>\n<div class=\"rank-math-answer \">\n\n<p>Se for muito pesada ou escura, pode sim. Prefira modelos vazados ou de vidro se quiser amplitude.<\/p>\n\n<\/div>\n<\/div>\n<div id=\"faq-question-1750191499406\" class=\"rank-math-list-item\">\n<h3 id='\u00e9-f\u00e1cil-de-instalar'  id=\"boomdevs_9\" class=\"rank-math-question \">\u00c9 f\u00e1cil de instalar?<\/h3>\n<div class=\"rank-math-answer \">\n\n<p>Muitas s\u00e3o: cortinas, biombos, divis\u00f3rias de MDF modular. Modelos em vidro ou gesso pedem instala\u00e7\u00e3o profissional.<\/p>\n\n<\/div>\n<\/div>\n<div id=\"faq-question-1750191500476\" class=\"rank-math-list-item\">\n<h3 id='posso-usar-divis\u00f3ria-na-cozinha'  id=\"boomdevs_10\" class=\"rank-math-question \">Posso usar divis\u00f3ria na cozinha?<\/h3>\n<div class=\"rank-math-answer \">\n\n<p>Com certeza! Divis\u00f3ria de vidro ou estante vazada funcionam muito bem, separando sem isolar completamente.<\/p>\n\n<\/div>\n<\/div>\n<div id=\"faq-question-1750191501839\" class=\"rank-math-list-item\">\n<h3 id='como-limpar-divis\u00f3ria-vazada-ou-ripada'  id=\"boomdevs_11\" class=\"rank-math-question \">Como limpar divis\u00f3ria vazada ou ripada?<\/h3>\n<div class=\"rank-math-answer \">\n\n<p>Use um espanador ou pano \u00famido. No caso de madeira, um produto espec\u00edfico ajuda a manter bonita por mais tempo.<\/p>\n\n<\/div>\n<\/div>\n<\/div>\n<\/div>\n\n\n<figure class=\"wp-block-image aligncenter size-large\"><img data-recalc-dims=\"1\" decoding=\"async\" width=\"1024\" height=\"683\" src=\"https:\/\/i0.wp.com\/1truenote.com\/wp-content\/uploads\/2025\/06\/20250617_1902_Ambiente-Integrado-Moderno_remix_01jxzygvx1e5xbdp2rs7y2esdb-2.png?resize=1024%2C683&#038;ssl=1\" alt=\"divis\u00f3ria de ambientes\" class=\"wp-image-3057\" srcset=\"https:\/\/i0.wp.com\/1truenote.com\/wp-content\/uploads\/2025\/06\/20250617_1902_Ambiente-Integrado-Moderno_remix_01jxzygvx1e5xbdp2rs7y2esdb-2.png?resize=1024%2C683&amp;ssl=1 1024w, https:\/\/i0.wp.com\/1truenote.com\/wp-content\/uploads\/2025\/06\/20250617_1902_Ambiente-Integrado-Moderno_remix_01jxzygvx1e5xbdp2rs7y2esdb-2.png?resize=300%2C200&amp;ssl=1 300w, https:\/\/i0.wp.com\/1truenote.com\/wp-content\/uploads\/2025\/06\/20250617_1902_Ambiente-Integrado-Moderno_remix_01jxzygvx1e5xbdp2rs7y2esdb-2.png?resize=768%2C512&amp;ssl=1 768w, https:\/\/i0.wp.com\/1truenote.com\/wp-content\/uploads\/2025\/06\/20250617_1902_Ambiente-Integrado-Moderno_remix_01jxzygvx1e5xbdp2rs7y2esdb-2.png?resize=150%2C100&amp;ssl=1 150w, https:\/\/i0.wp.com\/1truenote.com\/wp-content\/uploads\/2025\/06\/20250617_1902_Ambiente-Integrado-Moderno_remix_01jxzygvx1e5xbdp2rs7y2esdb-2.png?w=1536&amp;ssl=1 1536w\" sizes=\"(max-width: 1024px) 100vw, 1024px\" \/><\/figure>\n","protected":false},"excerpt":{"rendered":"<p>Preciso confessar: depois de anos mexendo com decora\u00e7\u00e3o, poucas coisas ainda conseguem me surpreender de verdade. Mas, um dia desses,&#8230;<\/p>","protected":false},"author":1,"featured_media":3057,"comment_status":"open","ping_status":"open","sticky":false,"template":"","format":"standard","meta":{"_kad_post_transparent":"","_kad_post_title":"","_kad_post_layout":"","_kad_post_sidebar_id":"","_kad_post_content_style":"","_kad_post_vertical_padding":"","_kad_post_feature":"","_kad_post_feature_position":"","_kad_post_header":false,"_kad_post_footer":false,"_kad_post_classname":"","footnotes":"","jetpack_publicize_message":"Preciso confessar: depois de anos mexendo com decora\u00e7\u00e3o, poucas coisas ainda conseguem me surpreender de verdade. Mas, um dia desses, ao visitar a casa de uma cliente, vi como uma divis\u00f3ria de ambientes simples pode transformar completamente o espa\u00e7o \u2014 e precisei vir aqui dividir esse \u201cachado\u201d com voc\u00ea.\n\nAquela divis\u00f3ria, escolhida com tanto carinho e criatividade, trouxe mais organiza\u00e7\u00e3o, conforto e at\u00e9 um toque de estilo que n\u00e3o se \u2026\n\n#carvalhoconsultoriabrasil #truenote #decor #decoracao #divisoria #sala #doisambientes #conforto #projetos #divisorias ","jetpack_publicize_feature_enabled":true,"jetpack_social_post_already_shared":true,"jetpack_social_options":{"image_generator_settings":{"template":"highway","default_image_id":0,"enabled":false},"version":2}},"categories":[16],"tags":[14,12],"class_list":["post-3056","post","type-post","status-publish","format-standard","has-post-thumbnail","hentry","category-casa-e-jardim","tag-interiores-inovadores","tag-projetos-inovadores"],"jetpack_publicize_connections":[],"jetpack_featured_media_url":"https:\/\/i0.wp.com\/1truenote.com\/wp-content\/uploads\/2025\/06\/20250617_1902_Ambiente-Integrado-Moderno_remix_01jxzygvx1e5xbdp2rs7y2esdb-2.png?fit=1536%2C1024&ssl=1","jetpack_sharing_enabled":true,"_links":{"self":[{"href":"https:\/\/1truenote.com\/en\/wp-json\/wp\/v2\/posts\/3056","targetHints":{"allow":["GET"]}}],"collection":[{"href":"https:\/\/1truenote.com\/en\/wp-json\/wp\/v2\/posts"}],"about":[{"href":"https:\/\/1truenote.com\/en\/wp-json\/wp\/v2\/types\/post"}],"author":[{"embeddable":true,"href":"https:\/\/1truenote.com\/en\/wp-json\/wp\/v2\/users\/1"}],"replies":[{"embeddable":true,"href":"https:\/\/1truenote.com\/en\/wp-json\/wp\/v2\/comments?post=3056"}],"version-history":[{"count":1,"href":"https:\/\/1truenote.com\/en\/wp-json\/wp\/v2\/posts\/3056\/revisions"}],"predecessor-version":[{"id":3059,"href":"https:\/\/1truenote.com\/en\/wp-json\/wp\/v2\/posts\/3056\/revisions\/3059"}],"wp:featuredmedia":[{"embeddable":true,"href":"https:\/\/1truenote.com\/en\/wp-json\/wp\/v2\/media\/3057"}],"wp:attachment":[{"href":"https:\/\/1truenote.com\/en\/wp-json\/wp\/v2\/media?parent=3056"}],"wp:term":[{"taxonomy":"category","embeddable":true,"href":"https:\/\/1truenote.com\/en\/wp-json\/wp\/v2\/categories?post=3056"},{"taxonomy":"post_tag","embeddable":true,"href":"https:\/\/1truenote.com\/en\/wp-json\/wp\/v2\/tags?post=3056"}],"curies":[{"name":"wp","href":"https:\/\/api.w.org\/{rel}","templated":true}]}}