{"id":3048,"date":"2025-06-17T14:00:00","date_gmt":"2025-06-17T17:00:00","guid":{"rendered":"https:\/\/1truenote.com\/?p=3048"},"modified":"2025-06-17T10:28:27","modified_gmt":"2025-06-17T13:28:27","slug":"home-office-integrado-a-sala-de-estar-dicas","status":"publish","type":"post","link":"https:\/\/1truenote.com\/en\/home-office-integrado-a-sala-de-estar-dicas\/","title":{"rendered":"4 Dicas pr\u00e1ticas para ter home office integrado \u00e0 sala de estar com estilo"},"content":{"rendered":"\n<p>Ter um <strong>home office integrado \u00e0 sala de estar<\/strong> \u00e9 realidade para muita gente \u2014 e n\u00e3o \u00e9 s\u00f3 quest\u00e3o de espa\u00e7o! Quem nunca precisou trabalhar no cantinho da sala, entre um caf\u00e9 e outro, tentando manter o foco sem abrir m\u00e3o do conforto? Pois \u00e9: criar um ambiente bonito, funcional e com a sua cara, mesmo sem um c\u00f4modo exclusivo, \u00e9 totalmente poss\u00edvel.<\/p>\n\n\n\n<p>Eu mesma comecei a trabalhar em casa improvisando um espa\u00e7o atr\u00e1s do sof\u00e1. Com o tempo, aprendi alguns truques para deixar tudo mais harm\u00f4nico, pr\u00e1tico e gostoso de usar, sem que a sala perdesse aquele clima acolhedor. Se voc\u00ea tamb\u00e9m busca solu\u00e7\u00f5es reais, vem comigo nas pr\u00f3ximas dicas e veja como montar seu cantinho com muito mais estilo!<\/p>\n\n\n\n<hr class=\"wp-block-separator has-alpha-channel-opacity\"\/>\n\n\n\n<h2 id='1-aposte-em-m\u00f3veis-sob-medida-ou-multifuncionais'  id=\"boomdevs_1\" class=\"wp-block-heading\">1. Aposte em m\u00f3veis sob medida ou multifuncionais<\/h2>\n\n\n\n<p>Um segredo do <strong>home office integrado \u00e0 sala de estar<\/strong> \u00e9 investir em m\u00f3veis planejados ou pe\u00e7as que possam ter dupla fun\u00e7\u00e3o. Uma bancada discreta, prateleiras acima do computador ou at\u00e9 um aparador que vira mesa de trabalho j\u00e1 fazem toda a diferen\u00e7a.<\/p>\n\n\n\n<p><strong>Dica:<\/strong> Use nichos ou arm\u00e1rios fechados para guardar a bagun\u00e7a e manter o ambiente sempre arrumado, mesmo em dias de home office corrido.<\/p>\n\n\n\n<hr class=\"wp-block-separator has-alpha-channel-opacity\"\/>\n\n\n\n<h2 id='2-harmonize-as-cores-e-texturas-dos-ambientes'  id=\"boomdevs_2\" class=\"wp-block-heading\">2. Harmonize as cores e texturas dos ambientes<\/h2>\n\n\n\n<p>Para que o home office n\u00e3o destoe do resto da sala, aposte em cores an\u00e1logas ou complementares. Repita texturas e materiais \u2014 como madeira, vidro ou metal \u2014 nos dois espa\u00e7os para criar um visual cont\u00ednuo, sem rupturas.<\/p>\n\n\n\n<p><strong>Exemplo:<\/strong> Se a sala tem tons neutros e plantas, leve esses elementos tamb\u00e9m para a mesa do escrit\u00f3rio, criando uma atmosfera fluida e acolhedora.<\/p>\n\n\n\n<hr class=\"wp-block-separator has-alpha-channel-opacity\"\/>\n\n\n\n<figure class=\"wp-block-image aligncenter size-medium\"><a href=\"https:\/\/chat.whatsapp.com\/KJBkp5LFJVRIvmt5X3hSEh\" target=\"_blank\" rel=\"noopener\"><img data-recalc-dims=\"1\" fetchpriority=\"high\" decoding=\"async\" width=\"200\" height=\"300\" src=\"https:\/\/i0.wp.com\/1truenote.com\/wp-content\/uploads\/2025\/06\/ChatGPT-Image-3-de-jun.-de-2025-19_04_53.png?resize=200%2C300&#038;ssl=1\" alt=\"chamada banner advetorial whats\" class=\"wp-image-2683\" srcset=\"https:\/\/i0.wp.com\/1truenote.com\/wp-content\/uploads\/2025\/06\/ChatGPT-Image-3-de-jun.-de-2025-19_04_53.png?resize=200%2C300&amp;ssl=1 200w, https:\/\/i0.wp.com\/1truenote.com\/wp-content\/uploads\/2025\/06\/ChatGPT-Image-3-de-jun.-de-2025-19_04_53.png?resize=683%2C1024&amp;ssl=1 683w, https:\/\/i0.wp.com\/1truenote.com\/wp-content\/uploads\/2025\/06\/ChatGPT-Image-3-de-jun.-de-2025-19_04_53.png?resize=768%2C1152&amp;ssl=1 768w, https:\/\/i0.wp.com\/1truenote.com\/wp-content\/uploads\/2025\/06\/ChatGPT-Image-3-de-jun.-de-2025-19_04_53.png?resize=150%2C225&amp;ssl=1 150w, https:\/\/i0.wp.com\/1truenote.com\/wp-content\/uploads\/2025\/06\/ChatGPT-Image-3-de-jun.-de-2025-19_04_53.png?w=1024&amp;ssl=1 1024w\" sizes=\"(max-width: 200px) 100vw, 200px\" \/><\/a><\/figure>\n\n\n\n<hr class=\"wp-block-separator has-alpha-channel-opacity\"\/>\n\n\n\n<h2 id='3-use-divis\u00f3rias-leves-para-delimitar-espa\u00e7os-sem-perder-integra\u00e7\u00e3o'  id=\"boomdevs_3\" class=\"wp-block-heading\">3. Use divis\u00f3rias leves para delimitar espa\u00e7os sem perder integra\u00e7\u00e3o<\/h2>\n\n\n\n<p>Portas de correr, cortinas, biombos ou at\u00e9 estantes vazadas ajudam a separar o home office do restante da sala. Isso mant\u00e9m a privacidade e permite \u201cfechar\u201d o escrit\u00f3rio no fim do expediente, sem perder a integra\u00e7\u00e3o visual e a sensa\u00e7\u00e3o de amplitude.<\/p>\n\n\n\n<p><strong>Dica r\u00e1pida:<\/strong> Divis\u00f3rias vazadas com plantas ou livros deixam o ambiente mais leve e funcional.<\/p>\n\n\n\n<hr class=\"wp-block-separator has-alpha-channel-opacity\"\/>\n\n\n\n<h2 id='4-invista-em-ilumina\u00e7\u00e3o-certa-e-personaliza\u00e7\u00e3o'  id=\"boomdevs_4\" class=\"wp-block-heading\">4. Invista em ilumina\u00e7\u00e3o certa e personaliza\u00e7\u00e3o<\/h2>\n\n\n\n<p>Ilumina\u00e7\u00e3o faz toda a diferen\u00e7a no <strong>home office integrado \u00e0 sala de estar<\/strong>. Prefira uma lumin\u00e1ria de mesa direcionada, spots ou fitas de LED sobre a bancada. E n\u00e3o esque\u00e7a de colocar objetos que inspirem voc\u00ea: quadrinhos, fotos, porta-canetas ou at\u00e9 uma plantinha ajudam a deixar o espa\u00e7o com a sua cara!<\/p>\n\n\n\n<hr class=\"wp-block-separator has-alpha-channel-opacity\"\/>\n\n\n\n<a href=\"https:\/\/1truenote.com\/home-office-moderno\/\" style=\"text-decoration: none;\">\n  <div style=\"display: flex; justify-content: space-between; align-items: center; background: #d44a00; padding: 12px 20px; color: white; font-family: Arial, sans-serif;\">\n    <strong style=\"color: black;\">LEIA TAMB\u00c9M:<\/strong>\n    <span style=\"margin-left: 8px; flex: 1;\">HOME OFFICE &#8211; Crie o Home Office moderno dos seus sonhos<\/span>\n    <div style=\"background: #f2802f; padding: 8px 12px; border-radius: 2px; margin-left: 10px;\">\n      <span style=\"color: white; font-weight: bold;\">\u27a4<\/span>\n    <\/div>\n  <\/div>\n<\/a>\n\n\n\n<hr class=\"wp-block-separator has-alpha-channel-opacity\"\/>\n\n\n\n<h3 id='tabela-solu\u00e7\u00f5es-para-home-office-integrado-\u00e0-sala-de-estar'  id=\"boomdevs_5\" class=\"wp-block-heading\">Tabela: solu\u00e7\u00f5es para home office integrado \u00e0 sala de estar<\/h3>\n\n\n\n<figure class=\"wp-block-table\"><table class=\"has-fixed-layout\"><thead><tr><th>Solu\u00e7\u00e3o<\/th><th>Vantagem Principal<\/th><th>Dica Extra<\/th><\/tr><\/thead><tbody><tr><td>M\u00f3veis planejados\/multifuncionais<\/td><td>Mais organiza\u00e7\u00e3o e otimiza\u00e7\u00e3o<\/td><td>Escolha modelos retr\u00e1teis<\/td><\/tr><tr><td>Cores\/texturas harm\u00f4nicas<\/td><td>Visual cont\u00ednuo e moderno<\/td><td>Repita materiais nos dois ambientes<\/td><\/tr><tr><td>Divis\u00f3rias leves<\/td><td>Delimita sem isolar<\/td><td>Use estantes vazadas<\/td><\/tr><tr><td>Ilumina\u00e7\u00e3o direcionada<\/td><td>Conforto para trabalhar<\/td><td>Prefira LED e luz quente<\/td><\/tr><\/tbody><\/table><\/figure>\n\n\n\n<hr class=\"wp-block-separator has-alpha-channel-opacity\"\/>\n\n\n\n<h3 id='v\u00eddeo-como-montar-home-office-integrado-\u00e0-sala-de-estar-com-estilo'  id=\"boomdevs_6\" class=\"wp-block-heading\">[V\u00eddeo] Como montar home office integrado \u00e0 sala de estar com estilo<\/h3>\n\n\n\n<p>Assista: <a href=\"https:\/\/www.youtube.com\/shorts\/XprqCisVpD0\" data-type=\"link\" data-id=\"https:\/\/www.youtube.com\/shorts\/XprqCisVpD0\" target=\"_blank\" rel=\"noopener\">Dicas pr\u00e1ticas de arquitetura para home office na sala de estar<\/a><\/p>\n\n\n\n<figure class=\"wp-block-embed is-type-video is-provider-youtube wp-block-embed-youtube wp-embed-aspect-16-9 wp-has-aspect-ratio\"><div class=\"wp-block-embed__wrapper\">\n<iframe title=\"Projetamos um Home office bem pr\u00f3ximo a sala de TV, discreto e privativo\" width=\"720\" height=\"405\" src=\"https:\/\/www.youtube.com\/embed\/XprqCisVpD0?feature=oembed\" frameborder=\"0\" allow=\"accelerometer; autoplay; clipboard-write; encrypted-media; gyroscope; picture-in-picture; web-share\" referrerpolicy=\"strict-origin-when-cross-origin\" allowfullscreen><\/iframe>\n<\/div><\/figure>\n\n\n\n<p><em>Dica: O v\u00eddeo mostra diferentes layouts, dicas de marcenaria e como personalizar seu espa\u00e7o mesmo em apartamentos pequenos!<\/em><\/p>\n\n\n\n<hr class=\"wp-block-separator has-alpha-channel-opacity\"\/>\n\n\n\n<h2 id='home-office-integrado-\u00e0-sala-de-estar'  id=\"boomdevs_7\" class=\"wp-block-heading\">Home office integrado \u00e0 sala de estar<\/h2>\n\n\n\n<p>Montar um <strong>home office integrado \u00e0 sala de estar<\/strong> \u00e9 mais f\u00e1cil do que parece \u2014 basta criatividade e aten\u00e7\u00e3o aos detalhes! Com m\u00f3veis vers\u00e1teis, cores harm\u00f4nicas e uma boa ilumina\u00e7\u00e3o, d\u00e1 para trabalhar com conforto, sem abrir m\u00e3o do estilo da casa. O segredo \u00e9 adaptar o ambiente ao seu dia a dia, criando um cantinho que inspire e ajude voc\u00ea a render muito mais!<\/p>\n\n\n\n<p>E a\u00ed, qual dessas dicas voc\u00ea vai colocar em pr\u00e1tica primeiro? Conta aqui nos coment\u00e1rios ou compartilha sua experi\u00eancia de home office \u2014 vamos inspirar outras pessoas a transformar a sala num espa\u00e7o ainda mais gostoso!<\/p>\n\n\n\n<hr class=\"wp-block-separator has-alpha-channel-opacity\"\/>\n\n\n\n<a href=\"https:\/\/1truenote.com\/home-office-moderno\/\" style=\"text-decoration: none;\">\n  <div style=\"display: flex; justify-content: space-between; align-items: center; background: #d44a00; padding: 12px 20px; color: white; font-family: Arial, sans-serif;\">\n    <strong style=\"color: black;\">LEIA TAMB\u00c9M:<\/strong>\n    <span style=\"margin-left: 8px; flex: 1;\">HOME OFFICE &#8211; Crie o Home Office moderno dos seus sonhos<\/span>\n    <div style=\"background: #f2802f; padding: 8px 12px; border-radius: 2px; margin-left: 10px;\">\n      <span style=\"color: white; font-weight: bold;\">\u27a4<\/span>\n    <\/div>\n  <\/div>\n<\/a>\n\n\n\n\n<hr class=\"wp-block-separator has-alpha-channel-opacity\"\/>\n\n\n\n<h2 id='faq-d\u00favidas-sobre-home-office-integrado-\u00e0-sala-de-estar'  id=\"boomdevs_8\" class=\"wp-block-heading\">FAQ: D\u00favidas sobre home office integrado \u00e0 sala de estar<\/h2>\n\n\n<div id=\"rank-math-faq\" class=\"rank-math-block\">\n<div class=\"rank-math-list \">\n<div id=\"faq-question-1750166153758\" class=\"rank-math-list-item\">\n<h3 id='como-evitar-bagun\u00e7a-no-home-office-dentro-da-sala'  id=\"boomdevs_9\" class=\"rank-math-question \">Como evitar bagun\u00e7a no home office dentro da sala?<\/h3>\n<div class=\"rank-math-answer \">\n\n<p>Aposte em organizadores fechados, caixas e m\u00f3veis multifuncionais para guardar tudo rapidinho.<\/p>\n\n<\/div>\n<\/div>\n<div id=\"faq-question-1750166154887\" class=\"rank-math-list-item\">\n<h3 id='d\u00e1-pra-ter-privacidade-no-home-office-na-sala'  id=\"boomdevs_10\" class=\"rank-math-question \">D\u00e1 pra ter privacidade no home office na sala?<\/h3>\n<div class=\"rank-math-answer \">\n\n<p>Sim! Divis\u00f3rias leves, cortinas ou at\u00e9 biombos resolvem bem, sem fechar totalmente o ambiente.<\/p>\n\n<\/div>\n<\/div>\n<div id=\"faq-question-1750166155503\" class=\"rank-math-list-item\">\n<h3 id='preciso-gastar-muito-para-montar-um-home-office-bonito'  id=\"boomdevs_11\" class=\"rank-math-question \">Preciso gastar muito para montar um home office bonito?<\/h3>\n<div class=\"rank-math-answer \">\n\n<p>N\u00e3o! Com criatividade, reaproveite m\u00f3veis, troque o local da mesa e personalize com o que voc\u00ea j\u00e1 tem.<\/p>\n\n<\/div>\n<\/div>\n<div id=\"faq-question-1750166156526\" class=\"rank-math-list-item\">\n<h3 id='qual-o-melhor-lugar-para-posicionar-o-home-office-na-sala'  id=\"boomdevs_12\" class=\"rank-math-question \">Qual o melhor lugar para posicionar o home office na sala?<\/h3>\n<div class=\"rank-math-answer \">\n\n<p>Prefira um canto pr\u00f3ximo da janela, para aproveitar luz natural. Evite ficar de costas para a porta, se poss\u00edvel.<\/p>\n\n<\/div>\n<\/div>\n<\/div>\n<\/div>\n\n\n<figure class=\"wp-block-image aligncenter size-large\"><img data-recalc-dims=\"1\" decoding=\"async\" width=\"1024\" height=\"683\" src=\"https:\/\/i0.wp.com\/1truenote.com\/wp-content\/uploads\/2025\/06\/20250617_1023_Ambiente-Integrado-Moderno_remix_01jxz0t3j6fxgtc1dp3hs426jw.png?resize=1024%2C683&#038;ssl=1\" alt=\"home office integrado \u00e0 sala de estar\" class=\"wp-image-3050\" srcset=\"https:\/\/i0.wp.com\/1truenote.com\/wp-content\/uploads\/2025\/06\/20250617_1023_Ambiente-Integrado-Moderno_remix_01jxz0t3j6fxgtc1dp3hs426jw.png?resize=1024%2C683&amp;ssl=1 1024w, https:\/\/i0.wp.com\/1truenote.com\/wp-content\/uploads\/2025\/06\/20250617_1023_Ambiente-Integrado-Moderno_remix_01jxz0t3j6fxgtc1dp3hs426jw.png?resize=300%2C200&amp;ssl=1 300w, https:\/\/i0.wp.com\/1truenote.com\/wp-content\/uploads\/2025\/06\/20250617_1023_Ambiente-Integrado-Moderno_remix_01jxz0t3j6fxgtc1dp3hs426jw.png?resize=768%2C512&amp;ssl=1 768w, https:\/\/i0.wp.com\/1truenote.com\/wp-content\/uploads\/2025\/06\/20250617_1023_Ambiente-Integrado-Moderno_remix_01jxz0t3j6fxgtc1dp3hs426jw.png?resize=150%2C100&amp;ssl=1 150w, https:\/\/i0.wp.com\/1truenote.com\/wp-content\/uploads\/2025\/06\/20250617_1023_Ambiente-Integrado-Moderno_remix_01jxz0t3j6fxgtc1dp3hs426jw.png?w=1536&amp;ssl=1 1536w\" sizes=\"(max-width: 1024px) 100vw, 1024px\" \/><\/figure>\n","protected":false},"excerpt":{"rendered":"<p>Ter um home office integrado \u00e0 sala de estar \u00e9 realidade para muita gente \u2014 e n\u00e3o \u00e9 s\u00f3 quest\u00e3o&#8230;<\/p>","protected":false},"author":1,"featured_media":3050,"comment_status":"open","ping_status":"open","sticky":false,"template":"","format":"standard","meta":{"_kad_post_transparent":"","_kad_post_title":"","_kad_post_layout":"","_kad_post_sidebar_id":"","_kad_post_content_style":"","_kad_post_vertical_padding":"","_kad_post_feature":"","_kad_post_feature_position":"","_kad_post_header":false,"_kad_post_footer":false,"_kad_post_classname":"","footnotes":"","jetpack_publicize_message":"Ter um home office integrado \u00e0 sala de estar \u00e9 realidade para muita gente \u2014 e n\u00e3o \u00e9 s\u00f3 quest\u00e3o de espa\u00e7o! Quem nunca precisou trabalhar no cantinho da sala, entre um caf\u00e9 e outro, tentando manter o foco sem abrir m\u00e3o do conforto? Pois \u00e9: criar um ambiente bonito, funcional e com a sua cara, mesmo sem um c\u00f4modo exclusivo, \u00e9 totalmente poss\u00edvel.\n\nEu mesma comecei a trabalhar em casa improvisando um espa\u00e7o atr\u00e1s do sof\u00e1. Com o tempo, apre\u2026\n\n#carvalhoconsultoriabrasil #truenote #decor #decoracao #sala #saladeestar #salacomhome #homeoffice #salacomhomeoffice #salahome #ambientebonito #exclusivo #conforto","jetpack_publicize_feature_enabled":true,"jetpack_social_post_already_shared":true,"jetpack_social_options":{"image_generator_settings":{"template":"highway","default_image_id":0,"enabled":false},"version":2}},"categories":[16],"tags":[14,12],"class_list":["post-3048","post","type-post","status-publish","format-standard","has-post-thumbnail","hentry","category-casa-e-jardim","tag-interiores-inovadores","tag-projetos-inovadores"],"jetpack_publicize_connections":[],"jetpack_featured_media_url":"https:\/\/i0.wp.com\/1truenote.com\/wp-content\/uploads\/2025\/06\/20250617_1023_Ambiente-Integrado-Moderno_remix_01jxz0t3j6fxgtc1dp3hs426jw.png?fit=1536%2C1024&ssl=1","jetpack_sharing_enabled":true,"_links":{"self":[{"href":"https:\/\/1truenote.com\/en\/wp-json\/wp\/v2\/posts\/3048","targetHints":{"allow":["GET"]}}],"collection":[{"href":"https:\/\/1truenote.com\/en\/wp-json\/wp\/v2\/posts"}],"about":[{"href":"https:\/\/1truenote.com\/en\/wp-json\/wp\/v2\/types\/post"}],"author":[{"embeddable":true,"href":"https:\/\/1truenote.com\/en\/wp-json\/wp\/v2\/users\/1"}],"replies":[{"embeddable":true,"href":"https:\/\/1truenote.com\/en\/wp-json\/wp\/v2\/comments?post=3048"}],"version-history":[{"count":1,"href":"https:\/\/1truenote.com\/en\/wp-json\/wp\/v2\/posts\/3048\/revisions"}],"predecessor-version":[{"id":3051,"href":"https:\/\/1truenote.com\/en\/wp-json\/wp\/v2\/posts\/3048\/revisions\/3051"}],"wp:featuredmedia":[{"embeddable":true,"href":"https:\/\/1truenote.com\/en\/wp-json\/wp\/v2\/media\/3050"}],"wp:attachment":[{"href":"https:\/\/1truenote.com\/en\/wp-json\/wp\/v2\/media?parent=3048"}],"wp:term":[{"taxonomy":"category","embeddable":true,"href":"https:\/\/1truenote.com\/en\/wp-json\/wp\/v2\/categories?post=3048"},{"taxonomy":"post_tag","embeddable":true,"href":"https:\/\/1truenote.com\/en\/wp-json\/wp\/v2\/tags?post=3048"}],"curies":[{"name":"wp","href":"https:\/\/api.w.org\/{rel}","templated":true}]}}