{"id":3007,"date":"2025-06-16T18:00:00","date_gmt":"2025-06-16T21:00:00","guid":{"rendered":"https:\/\/1truenote.com\/?p=3007"},"modified":"2025-06-16T14:32:56","modified_gmt":"2025-06-16T17:32:56","slug":"casas-simples-com-garagem-dicas-arquitetos","status":"publish","type":"post","link":"https:\/\/1truenote.com\/en\/casas-simples-com-garagem-dicas-arquitetos\/","title":{"rendered":"A dica dos arquitetos para deixar casas simples com garagem super espa\u00e7osas"},"content":{"rendered":"        \n            \n            <div class=\"fit_content\">\n                <div class=\"bd_toc_container\" data-fixedWidth=\"\">\n                    <div class=\"bd_toc_wrapper\" data-wrapperPadding=\"48px\">\n                        <div class=\"bd_toc_wrapper_item\">\n                            <div class=\"bd_toc_header active\" data-headerPadding=\"2px\">\n                                <div class=\"bd_toc_header_title\">\n                                    Sum\u00e1rio                                <\/div>\n                                <div class=\"bd_toc_switcher_hide_show_icon\">\n                                    <span class=\"bd_toc_arrow\"><\/span>                                <\/div>\n                            <\/div>\n                            <div class=\"bd_toc_content list-type-number\">\n                                <div class=\"bd_toc_content_list \">\n                                    <div class='bd_toc_content_list_item'>    <ul>\n      <li class=\"first\">\n        <a href=\"#como-arquitetos-ampliam-casas-simples-com-garagem-dicas-pr\u00e1ticas-para-aproveitar-o-espa\u00e7o\">Como arquitetos ampliam casas simples com garagem? Dicas pr\u00e1ticas para aproveitar o espa\u00e7o<\/a>\n        <ul class=\"menu_level_2\">\n          <li class=\"first last\">\n            <a href=\"#tabela-principais-materiais-e-custos-para-casas-simples-com-garagem\">Tabela: Principais materiais e custos para casas simples com garagem<\/a>\n          <\/li>\n        <\/ul>\n      <\/li>\n      <li>\n        <a href=\"#projetos-de-casas-simples-com-garagem-ideias-para-inspirar-seu-lar\">Projetos de casas simples com garagem: Ideias para inspirar seu lar<\/a>\n        <ul class=\"menu_level_2\">\n          <li class=\"first last\">\n            <a href=\"#v\u00eddeo-casas-simples-com-garagem-projetos-inteligentes-e-funcionais\">[V\u00eddeo] Casas simples com garagem: Projetos inteligentes e funcionais<\/a>\n          <\/li>\n        <\/ul>\n      <\/li>\n      <li>\n        <a href=\"#casas-simples-com-garagem\">Casas simples com garagem<\/a>\n      <\/li>\n      <li class=\"last\">\n        <a href=\"#faq-d\u00favidas-comuns-sobre-casas-simples-com-garagem\">FAQ: D\u00favidas comuns sobre casas simples com garagem<\/a>\n        <ul class=\"menu_level_2\">\n          <li class=\"first\">\n            <a href=\"#\u00e9-poss\u00edvel-integrar-garagem-e-sala-sem-perder-privacidade\">\u00c9 poss\u00edvel integrar garagem e sala sem perder privacidade?<\/a>\n          <\/li>\n          <li>\n            <a href=\"#garagem-pequena-comporta-dois-carros\">Garagem pequena comporta dois carros?<\/a>\n          <\/li>\n          <li>\n            <a href=\"#qual-a-melhor-ilumina\u00e7\u00e3o-para-garagem-integrada\">Qual a melhor ilumina\u00e7\u00e3o para garagem integrada?<\/a>\n          <\/li>\n          <li>\n            <a href=\"#como-economizar-na-constru\u00e7\u00e3o-da-garagem\">Como economizar na constru\u00e7\u00e3o da garagem?<\/a>\n          <\/li>\n          <li class=\"last\">\n            <a href=\"#a-garagem-pode-virar-\u00e1rea-de-lazer\">A garagem pode virar \u00e1rea de lazer?<\/a>\n          <\/li>\n        <\/ul>\n      <\/li>\n    <\/ul>\n<\/div>                                <\/div>\n                            <\/div>\n                        <\/div>\n                    <\/div>\n                    <div class=\"layout_toggle_button\">\n                        <span class=\"bd_toc_arrow\"><\/span>\n                    <\/div>\n                <\/div>\n            <\/div>\n\n    \n\n\n<p>Voc\u00ea j\u00e1 reparou como alguns projetos de <strong>casas simples com garagem<\/strong> parecem muito maiores do que realmente s\u00e3o? N\u00e3o \u00e9 m\u00e1gica \u2014 \u00e9 truque de arquiteto! Quem sonha com um lar aconchegante e funcional, mas acha que falta espa\u00e7o (ou verba!), pode comemorar: com criatividade e algumas solu\u00e7\u00f5es inteligentes, at\u00e9 o projeto mais compacto pode virar refer\u00eancia em conforto e praticidade.<\/p>\n\n\n\n<p>Quando fui visitar a casa de uma amiga rec\u00e9m-constru\u00edda, me surpreendi: garagem para dois carros, sala ampla e at\u00e9 espa\u00e7o para um jardim \u2014 tudo em um terreno pequeno. Ela me contou que o segredo estava nos detalhes: ambientes integrados, escolha de materiais leves e aquela dica cl\u00e1ssica dos arquitetos de aproveitar cada cantinho. Inspirador, n\u00e9?<\/p>\n\n\n\n<p>A seguir, voc\u00ea confere o guia completo com truques, tabela de custos, v\u00eddeo inspirador, dicas e um FAQ para tirar todas as d\u00favidas sobre <strong>casas simples com garagem<\/strong>!<\/p>\n\n\n\n<hr class=\"wp-block-separator has-alpha-channel-opacity\"\/>\n\n\n\n<h2 id='como-arquitetosliam-casas-simples-com-garagem-dicas-pr\u00e1ticas-para-aproveitar-o-espa\u00e7o'  id=\"boomdevs_1\" class=\"wp-block-heading\" id=\"como-arquitetos-ampliam-casas-simples-com-garagem-dicas-praticas-para-aproveitar-o-espaco\">Como arquitetos ampliam casas simples com garagem? Dicas pr\u00e1ticas para aproveitar o espa\u00e7o<\/h2>\n\n\n\n<p>O segredo est\u00e1 no planejamento: arquitetos apostam em <strong>layout integrado<\/strong>, uso de portas de vidro, materiais claros e integra\u00e7\u00e3o da garagem com outros ambientes da casa. Assim, o espa\u00e7o parece maior, mais iluminado e convidativo.<\/p>\n\n\n\n<p><strong>Dicas que funcionam na pr\u00e1tica:<\/strong><\/p>\n\n\n\n<ul class=\"wp-block-list\">\n<li>Use portas de correr ou pain\u00e9is de vidro para integrar garagem e sala<\/li>\n\n\n\n<li>Aposte em revestimentos claros e ilumina\u00e7\u00e3o natural<\/li>\n\n\n\n<li>Transforme a garagem em \u00e1rea multiuso (pode ser varanda, espa\u00e7o gourmet ou at\u00e9 \u00e1rea de festas)<\/li>\n\n\n\n<li>Aproveite paredes para nichos e arm\u00e1rios, liberando o piso<\/li>\n\n\n\n<li>Prefira jardins pequenos ou verticais na frente da garagem para dar sensa\u00e7\u00e3o de amplitude<\/li>\n<\/ul>\n\n\n\n<hr class=\"wp-block-separator has-alpha-channel-opacity\"\/>\n\n\n\n<figure class=\"wp-block-image aligncenter size-medium\"><a href=\"https:\/\/chat.whatsapp.com\/KJBkp5LFJVRIvmt5X3hSEh\" target=\"_blank\" rel=\"noopener\"><img data-recalc-dims=\"1\" fetchpriority=\"high\" decoding=\"async\" width=\"200\" height=\"300\" src=\"https:\/\/i0.wp.com\/1truenote.com\/wp-content\/uploads\/2025\/06\/ChatGPT-Image-3-de-jun.-de-2025-19_04_53.png?resize=200%2C300&#038;ssl=1\" alt=\"chamada banner advetorial whats\" class=\"wp-image-2683\" srcset=\"https:\/\/i0.wp.com\/1truenote.com\/wp-content\/uploads\/2025\/06\/ChatGPT-Image-3-de-jun.-de-2025-19_04_53.png?resize=200%2C300&amp;ssl=1 200w, https:\/\/i0.wp.com\/1truenote.com\/wp-content\/uploads\/2025\/06\/ChatGPT-Image-3-de-jun.-de-2025-19_04_53.png?resize=683%2C1024&amp;ssl=1 683w, https:\/\/i0.wp.com\/1truenote.com\/wp-content\/uploads\/2025\/06\/ChatGPT-Image-3-de-jun.-de-2025-19_04_53.png?resize=768%2C1152&amp;ssl=1 768w, https:\/\/i0.wp.com\/1truenote.com\/wp-content\/uploads\/2025\/06\/ChatGPT-Image-3-de-jun.-de-2025-19_04_53.png?resize=150%2C225&amp;ssl=1 150w, https:\/\/i0.wp.com\/1truenote.com\/wp-content\/uploads\/2025\/06\/ChatGPT-Image-3-de-jun.-de-2025-19_04_53.png?w=1024&amp;ssl=1 1024w\" sizes=\"(max-width: 200px) 100vw, 200px\" \/><\/a><\/figure>\n\n\n\n<hr class=\"wp-block-separator has-alpha-channel-opacity\"\/>\n\n\n\n<a href=\"https:\/\/1truenote.com\/trocar-o-lencol-da-cama-dicas-especialistas\/\" style=\"text-decoration: none;\">\n  <div style=\"display: flex; justify-content: space-between; align-items: center; background: #d44a00; padding: 12px 20px; color: white; font-family: Arial, sans-serif;\">\n    <strong style=\"color: black;\">LEIA TAMB\u00c9M:<\/strong>\n    <span style=\"margin-left: 8px; flex: 1;\">Com que frequ\u00eancia voc\u00ea deve trocar o len\u00e7ol da cama? Veja a resposta dos especialistas<\/span>\n    <div style=\"background: #f2802f; padding: 8px 12px; border-radius: 2px; margin-left: 10px;\">\n      <span style=\"color: white; font-weight: bold;\">\u27a4<\/span>\n    <\/div>\n  <\/div>\n<\/a>\n\n\n\n<hr class=\"wp-block-separator has-alpha-channel-opacity\"\/>\n\n\n\n<h3 id='tabela-principais-materiais-e-custos-para-casas-simples-com-garagem'  id=\"boomdevs_2\" class=\"wp-block-heading\" id=\"tabela-principais-materiais-e-custos-para-casas-simples-com-garagem\">Tabela: Principais materiais e custos para casas simples com garagem<\/h3>\n\n\n\n<figure class=\"wp-block-table\"><table class=\"has-fixed-layout\"><thead><tr><th>Material\/Op\u00e7\u00e3o<\/th><th>Custo aproximado por m\u00b2<\/th><th>Vantagem<\/th><th>Durabilidade<\/th><\/tr><\/thead><tbody><tr><td>Bloco de concreto<\/td><td>R$ 45,00<\/td><td>Barato, resistente<\/td><td>50 anos<\/td><\/tr><tr><td>Madeira de reflorestamento<\/td><td>R$ 80,00<\/td><td>Sustent\u00e1vel, acabamento diferenciado<\/td><td>20 anos<\/td><\/tr><tr><td>Telha de cer\u00e2mica<\/td><td>R$ 60,00<\/td><td>Dur\u00e1vel, bom isolamento t\u00e9rmico<\/td><td>30 anos<\/td><\/tr><tr><td>Porta de vidro<\/td><td>R$ 300,00 (unidade)<\/td><td>Integra\u00e7\u00e3o visual, mais luz<\/td><td>20 anos<\/td><\/tr><tr><td>Jardim vertical<\/td><td>R$ 150,00 (por m\u00b2)<\/td><td>Compacto, valoriza a fachada<\/td><td>&#8211;<\/td><\/tr><\/tbody><\/table><\/figure>\n\n\n\n<hr class=\"wp-block-separator has-alpha-channel-opacity\"\/>\n\n\n\n<h2 id='projetos-de-casas-simples-com-garagem-ideias-para-inspirar-seu-lar'  id=\"boomdevs_3\" class=\"wp-block-heading\" id=\"projetos-de-casas-simples-com-garagem-ideias-para-inspirar-seu-lar\">Projetos de casas simples com garagem: Ideias para inspirar seu lar<\/h2>\n\n\n\n<p>Quer ver como colocar tudo isso em pr\u00e1tica? Veja algumas solu\u00e7\u00f5es que os arquitetos mais usam:<\/p>\n\n\n\n<ul class=\"wp-block-list\">\n<li><strong>Garagem lateral<\/strong>: libera espa\u00e7o na frente e facilita a circula\u00e7\u00e3o.<\/li>\n\n\n\n<li><strong>Garagem integrada com varanda<\/strong>: ideal para reunir amigos e aproveitar o ambiente o ano todo.<\/li>\n\n\n\n<li><strong>Garagem com jardim frontal<\/strong>: valoriza a fachada e deixa a casa mais acolhedora.<\/li>\n\n\n\n<li><strong>Porta de vidro entre garagem e sala<\/strong>: sensa\u00e7\u00e3o de espa\u00e7o amplo e mais ilumina\u00e7\u00e3o.<\/li>\n<\/ul>\n\n\n\n<h3 id='v\u00eddeo-casas-simples-com-garagem-projetos-inteligentes-e-funcionais'  id=\"boomdevs_4\" class=\"wp-block-heading\" id=\"video-casas-simples-com-garagem-projetos-inteligentes-e-funcionais\">[V\u00eddeo] Casas simples com garagem: Projetos inteligentes e funcionais<\/h3>\n\n\n\n<p>Assista: <a href=\"https:\/\/www.youtube.com\/shorts\/8W24puSVky4\" data-type=\"link\" data-id=\"https:\/\/www.youtube.com\/shorts\/8W24puSVky4\" target=\"_blank\" rel=\"noopener\">Como ampliar casas simples com garagem: Truques e inspira\u00e7\u00f5es<\/a><\/p>\n\n\n\n<figure class=\"wp-block-embed is-type-video is-provider-youtube wp-block-embed-youtube wp-embed-aspect-16-9 wp-has-aspect-ratio\"><div class=\"wp-block-embed__wrapper\">\n<iframe title=\"DICAS Casa Pequena - SEGREDOS para AMPLIAR #shorts #decora\u00e7\u00e3o #designdeinteriores\" width=\"720\" height=\"405\" src=\"https:\/\/www.youtube.com\/embed\/8W24puSVky4?feature=oembed\" frameborder=\"0\" allow=\"accelerometer; autoplay; clipboard-write; encrypted-media; gyroscope; picture-in-picture; web-share\" referrerpolicy=\"strict-origin-when-cross-origin\" allowfullscreen><\/iframe>\n<\/div><\/figure>\n\n\n\n<p><em>Dica: O v\u00eddeo mostra antes e depois de projetos reais, com coment\u00e1rios de arquitetos sobre escolhas que fazem diferen\u00e7a!<\/em><\/p>\n\n\n\n<hr class=\"wp-block-separator has-alpha-channel-opacity\"\/>\n\n\n\n<h2 id='casas-simples-com-garagem'  id=\"boomdevs_5\" class=\"wp-block-heading\" id=\"casas-simples-com-garagem\">Casas simples com garagem<\/h2>\n\n\n\n<p>Casas simples com garagem n\u00e3o precisam ser apertadas ou sem gra\u00e7a. Com o truque certo dos arquitetos, cada metro quadrado pode ser melhor aproveitado, deixando o lar mais amplo, pr\u00e1tico e bonito \u2014 sem pesar no bolso! Aposte em integra\u00e7\u00e3o de ambientes, escolha materiais inteligentes e planeje com carinho. Sua casa (e sua garagem) podem ser o ref\u00fagio dos seus sonhos!<\/p>\n\n\n\n<p>E a\u00ed, gostou das dicas? Qual dessas solu\u00e7\u00f5es voc\u00ea colocaria no seu projeto? Compartilhe com quem tamb\u00e9m sonha com a casa pr\u00f3pria e aproveite para se inspirar cada vez mais!<\/p>\n\n\n\n<hr class=\"wp-block-separator has-alpha-channel-opacity\"\/>\n\n\n\n<a href=\"https:\/\/1truenote.com\/trocar-o-lencol-da-cama-dicas-especialistas\/\" style=\"text-decoration: none;\">\n  <div style=\"display: flex; justify-content: space-between; align-items: center; background: #d44a00; padding: 12px 20px; color: white; font-family: Arial, sans-serif;\">\n    <strong style=\"color: black;\">LEIA TAMB\u00c9M:<\/strong>\n    <span style=\"margin-left: 8px; flex: 1;\">Com que frequ\u00eancia voc\u00ea deve trocar o len\u00e7ol da cama? Veja a resposta dos especialistas<\/span>\n    <div style=\"background: #f2802f; padding: 8px 12px; border-radius: 2px; margin-left: 10px;\">\n      <span style=\"color: white; font-weight: bold;\">\u27a4<\/span>\n    <\/div>\n  <\/div>\n<\/a>\n\n\n\n\n<hr class=\"wp-block-separator has-alpha-channel-opacity\"\/>\n\n\n\n<h2 id='faq-d\u00favidas-comuns-sobre-casas-simples-com-garagem'  id=\"boomdevs_6\" class=\"wp-block-heading\" id=\"faq-duvidas-comuns-sobre-casas-simples-com-garagem\">FAQ: D\u00favidas comuns sobre casas simples com garagem<\/h2>\n\n\n<div id=\"rank-math-faq\" class=\"rank-math-block\">\n<div class=\"rank-math-list \">\n<div id=\"faq-question-1750091880391\" class=\"rank-math-list-item\">\n<h3 id='\u00e9-poss\u00edvel-integrar-garagem-e-sala-sem-perder-privacidade'  id=\"boomdevs_7\" class=\"rank-math-question \">\u00c9 poss\u00edvel integrar garagem e sala sem perder privacidade?<\/h3>\n<div class=\"rank-math-answer \">\n\n<p>Sim! Use pain\u00e9is de correr, cortinas ou at\u00e9 pain\u00e9is de madeira ripada para separar sem fechar totalmente o espa\u00e7o.<\/p>\n\n<\/div>\n<\/div>\n<div id=\"faq-question-1750091881631\" class=\"rank-math-list-item\">\n<h3 id='garagem-pequena-comporta-dois-carros'  id=\"boomdevs_8\" class=\"rank-math-question \">Garagem pequena comporta dois carros?<\/h3>\n<div class=\"rank-math-answer \">\n\n<p>Depende do projeto! Com layout lateral e medidas otimizadas, d\u00e1 para acomodar at\u00e9 dois ve\u00edculos em casas compactas.<\/p>\n\n<\/div>\n<\/div>\n<div id=\"faq-question-1750091882223\" class=\"rank-math-list-item\">\n<h3 id='qual-a-melhor-ilumina\u00e7\u00e3o-para-garagem-integrada'  id=\"boomdevs_9\" class=\"rank-math-question \">Qual a melhor ilumina\u00e7\u00e3o para garagem integrada?<\/h3>\n<div class=\"rank-math-answer \">\n\n<p>Prefira luz natural (claraboias, portas de vidro) e complemente com lumin\u00e1rias de LED.<\/p>\n\n<\/div>\n<\/div>\n<div id=\"faq-question-1750091883387\" class=\"rank-math-list-item\">\n<h3 id='como-economizar-na-constru\u00e7\u00e3o-da-garagem'  id=\"boomdevs_10\" class=\"rank-math-question \">Como economizar na constru\u00e7\u00e3o da garagem?<\/h3>\n<div class=\"rank-math-answer \">\n\n<p>Use materiais locais, projetos modulares e busque orienta\u00e7\u00e3o de arquitetos para evitar desperd\u00edcio.<\/p>\n\n<\/div>\n<\/div>\n<div id=\"faq-question-1750091916790\" class=\"rank-math-list-item\">\n<h3 id='a-garagem-pode-virar-\u00e1rea-de-lazer'  id=\"boomdevs_11\" class=\"rank-math-question \">A garagem pode virar \u00e1rea de lazer?<\/h3>\n<div class=\"rank-math-answer \">\n\n<p>Com certeza! Basta usar m\u00f3veis dobr\u00e1veis ou bancos embutidos para transformar o ambiente em poucos minutos.<\/p>\n\n<\/div>\n<\/div>\n<\/div>\n<\/div>\n\n\n<figure class=\"wp-block-image aligncenter size-large\"><img data-recalc-dims=\"1\" decoding=\"async\" width=\"1024\" height=\"683\" src=\"https:\/\/i0.wp.com\/1truenote.com\/wp-content\/uploads\/2025\/06\/20250616_1352_Casa-Simples-Acolhedora_simple_compose_01jxwtcjy8e9ysh81ym0qcf1nf.png?resize=1024%2C683&#038;ssl=1\" alt=\"casas simples com garagem\" class=\"wp-image-3009\" srcset=\"https:\/\/i0.wp.com\/1truenote.com\/wp-content\/uploads\/2025\/06\/20250616_1352_Casa-Simples-Acolhedora_simple_compose_01jxwtcjy8e9ysh81ym0qcf1nf.png?resize=1024%2C683&amp;ssl=1 1024w, https:\/\/i0.wp.com\/1truenote.com\/wp-content\/uploads\/2025\/06\/20250616_1352_Casa-Simples-Acolhedora_simple_compose_01jxwtcjy8e9ysh81ym0qcf1nf.png?resize=300%2C200&amp;ssl=1 300w, https:\/\/i0.wp.com\/1truenote.com\/wp-content\/uploads\/2025\/06\/20250616_1352_Casa-Simples-Acolhedora_simple_compose_01jxwtcjy8e9ysh81ym0qcf1nf.png?resize=768%2C512&amp;ssl=1 768w, https:\/\/i0.wp.com\/1truenote.com\/wp-content\/uploads\/2025\/06\/20250616_1352_Casa-Simples-Acolhedora_simple_compose_01jxwtcjy8e9ysh81ym0qcf1nf.png?resize=150%2C100&amp;ssl=1 150w, https:\/\/i0.wp.com\/1truenote.com\/wp-content\/uploads\/2025\/06\/20250616_1352_Casa-Simples-Acolhedora_simple_compose_01jxwtcjy8e9ysh81ym0qcf1nf.png?w=1536&amp;ssl=1 1536w\" sizes=\"(max-width: 1024px) 100vw, 1024px\" \/><\/figure>\n","protected":false},"excerpt":{"rendered":"<p>Voc\u00ea j\u00e1 reparou como alguns projetos de casas simples com garagem parecem muito maiores do que realmente s\u00e3o? N\u00e3o \u00e9&#8230;<\/p>","protected":false},"author":1,"featured_media":3009,"comment_status":"open","ping_status":"open","sticky":false,"template":"","format":"standard","meta":{"_kad_post_transparent":"","_kad_post_title":"","_kad_post_layout":"","_kad_post_sidebar_id":"","_kad_post_content_style":"","_kad_post_vertical_padding":"","_kad_post_feature":"","_kad_post_feature_position":"","_kad_post_header":false,"_kad_post_footer":false,"_kad_post_classname":"","footnotes":"","jetpack_publicize_message":"","jetpack_publicize_feature_enabled":true,"jetpack_social_post_already_shared":true,"jetpack_social_options":{"image_generator_settings":{"template":"highway","default_image_id":0,"enabled":false},"version":2}},"categories":[16],"tags":[13,14,12],"class_list":["post-3007","post","type-post","status-publish","format-standard","has-post-thumbnail","hentry","category-casa-e-jardim","tag-minimalista","tag-interiores-inovadores","tag-projetos-inovadores"],"jetpack_publicize_connections":[],"jetpack_featured_media_url":"https:\/\/i0.wp.com\/1truenote.com\/wp-content\/uploads\/2025\/06\/20250616_1352_Casa-Simples-Acolhedora_simple_compose_01jxwtcjy8e9ysh81ym0qcf1nf.png?fit=1536%2C1024&ssl=1","jetpack_sharing_enabled":true,"_links":{"self":[{"href":"https:\/\/1truenote.com\/en\/wp-json\/wp\/v2\/posts\/3007","targetHints":{"allow":["GET"]}}],"collection":[{"href":"https:\/\/1truenote.com\/en\/wp-json\/wp\/v2\/posts"}],"about":[{"href":"https:\/\/1truenote.com\/en\/wp-json\/wp\/v2\/types\/post"}],"author":[{"embeddable":true,"href":"https:\/\/1truenote.com\/en\/wp-json\/wp\/v2\/users\/1"}],"replies":[{"embeddable":true,"href":"https:\/\/1truenote.com\/en\/wp-json\/wp\/v2\/comments?post=3007"}],"version-history":[{"count":1,"href":"https:\/\/1truenote.com\/en\/wp-json\/wp\/v2\/posts\/3007\/revisions"}],"predecessor-version":[{"id":3010,"href":"https:\/\/1truenote.com\/en\/wp-json\/wp\/v2\/posts\/3007\/revisions\/3010"}],"wp:featuredmedia":[{"embeddable":true,"href":"https:\/\/1truenote.com\/en\/wp-json\/wp\/v2\/media\/3009"}],"wp:attachment":[{"href":"https:\/\/1truenote.com\/en\/wp-json\/wp\/v2\/media?parent=3007"}],"wp:term":[{"taxonomy":"category","embeddable":true,"href":"https:\/\/1truenote.com\/en\/wp-json\/wp\/v2\/categories?post=3007"},{"taxonomy":"post_tag","embeddable":true,"href":"https:\/\/1truenote.com\/en\/wp-json\/wp\/v2\/tags?post=3007"}],"curies":[{"name":"wp","href":"https:\/\/api.w.org\/{rel}","templated":true}]}}