{"id":2997,"date":"2025-06-16T14:00:00","date_gmt":"2025-06-16T17:00:00","guid":{"rendered":"https:\/\/1truenote.com\/?p=2997"},"modified":"2025-06-16T11:33:11","modified_gmt":"2025-06-16T14:33:11","slug":"estante-aberta-na-decoracao-truques-dicas","status":"publish","type":"post","link":"https:\/\/1truenote.com\/en\/estante-aberta-na-decoracao-truques-dicas\/","title":{"rendered":"Estante aberta na decora\u00e7\u00e3o: Truque f\u00e1cil para ambientes modernos e charmosos"},"content":{"rendered":"\n<p>Se voc\u00ea sonha em ter uma casa organizada, cheia de personalidade e, ainda por cima, supermoderna, vem c\u00e1: A <strong>estante aberta na decora\u00e7\u00e3o<\/strong> pode ser aquele detalhe que transforma tudo! Pode parecer s\u00f3 um m\u00f3vel, mas ela faz milagre: Amplia o espa\u00e7o, traz leveza, vira vitrine para suas hist\u00f3rias e ainda d\u00e1 um toque atual no ambiente \u2014 tudo isso com charme e praticidade.<\/p>\n\n\n\n<p>Na minha casa, a primeira vez que experimentei uma estante aberta foi na sala. Ganhei de presente do meu av\u00f4 uma cer\u00e2mica linda e n\u00e3o queria esconder no arm\u00e1rio. Da\u00ed, fui compondo com livros, plantinhas e algumas fotos\u2026 Quando percebi, a estante j\u00e1 era o foco da decora\u00e7\u00e3o, todo mundo que entrava elogiava e queria copiar!<\/p>\n\n\n\n<p>Se voc\u00ea acha complicado deixar tudo bonito e organizado, relaxa! Separei dicas certeiras, uma tabela de estilos, v\u00eddeo com inspira\u00e7\u00f5es e um FAQ para te ajudar a usar a <strong>estante aberta na decora\u00e7\u00e3o<\/strong> do jeito mais f\u00e1cil poss\u00edvel \u2014 seja na sala, quarto, cozinha ou at\u00e9 na varanda gourmet!<\/p>\n\n\n\n<hr class=\"wp-block-separator has-alpha-channel-opacity\"\/>\n\n\n\n<h2 id='leveza-visual-o-segredo-da-estante-aberta-na-decora\u00e7\u00e3o'  id=\"boomdevs_1\" class=\"wp-block-heading\">Leveza visual: O segredo da estante aberta na decora\u00e7\u00e3o<\/h2>\n\n\n\n<p>A maior vantagem da <strong>estante aberta na decora\u00e7\u00e3o<\/strong> \u00e9 que ela deixa o ambiente mais leve e espa\u00e7oso. Ao contr\u00e1rio dos arm\u00e1rios fechados, a estante sem portas permite que a luz circule e os objetos respirem \u2014 perfeito para apartamentos pequenos ou ambientes integrados.<\/p>\n\n\n\n<p><strong>Dica:<\/strong> Prefira modelos vazados ou de serralheria fina para n\u00e3o \u201cpesar\u201d o visual. Aposte numa paleta de cores que combine com o restante da decora\u00e7\u00e3o e evite exagerar na quantidade de objetos!<\/p>\n\n\n\n<hr class=\"wp-block-separator has-alpha-channel-opacity\"\/>\n\n\n\n<figure class=\"wp-block-image aligncenter size-medium\"><a href=\"https:\/\/chat.whatsapp.com\/KJBkp5LFJVRIvmt5X3hSEh\" target=\"_blank\" rel=\"noopener\"><img data-recalc-dims=\"1\" fetchpriority=\"high\" decoding=\"async\" width=\"200\" height=\"300\" src=\"https:\/\/i0.wp.com\/1truenote.com\/wp-content\/uploads\/2025\/06\/ChatGPT-Image-3-de-jun.-de-2025-19_04_53.png?resize=200%2C300&#038;ssl=1\" alt=\"chamada banner advetorial whats\" class=\"wp-image-2683\" srcset=\"https:\/\/i0.wp.com\/1truenote.com\/wp-content\/uploads\/2025\/06\/ChatGPT-Image-3-de-jun.-de-2025-19_04_53.png?resize=200%2C300&amp;ssl=1 200w, https:\/\/i0.wp.com\/1truenote.com\/wp-content\/uploads\/2025\/06\/ChatGPT-Image-3-de-jun.-de-2025-19_04_53.png?resize=683%2C1024&amp;ssl=1 683w, https:\/\/i0.wp.com\/1truenote.com\/wp-content\/uploads\/2025\/06\/ChatGPT-Image-3-de-jun.-de-2025-19_04_53.png?resize=768%2C1152&amp;ssl=1 768w, https:\/\/i0.wp.com\/1truenote.com\/wp-content\/uploads\/2025\/06\/ChatGPT-Image-3-de-jun.-de-2025-19_04_53.png?resize=150%2C225&amp;ssl=1 150w, https:\/\/i0.wp.com\/1truenote.com\/wp-content\/uploads\/2025\/06\/ChatGPT-Image-3-de-jun.-de-2025-19_04_53.png?w=1024&amp;ssl=1 1024w\" sizes=\"(max-width: 200px) 100vw, 200px\" \/><\/a><\/figure>\n\n\n\n<hr class=\"wp-block-separator has-alpha-channel-opacity\"\/>\n\n\n\n<h2 id='personalidade-\u00e0-mostra-como-montar-uma-estante-aberta-na-decora\u00e7\u00e3o'  id=\"boomdevs_2\" class=\"wp-block-heading\">Personalidade \u00e0 mostra: Como montar uma estante aberta na decora\u00e7\u00e3o<\/h2>\n\n\n\n<p>Quer montar a sua e n\u00e3o sabe por onde come\u00e7ar? Olha s\u00f3 este passo a passo pr\u00e1tico:<\/p>\n\n\n\n<ul class=\"wp-block-list\">\n<li><strong>Misture alturas:<\/strong> Intercale livros deitados, vasos altos e objetos baixos para criar movimento.<\/li>\n\n\n\n<li><strong>Escolha uma paleta:<\/strong> Cores pr\u00f3ximas ou complementares deixam o visual mais harm\u00f4nico.<\/li>\n\n\n\n<li><strong>Inclua pe\u00e7as afetivas:<\/strong> Use porta-retratos, lembran\u00e7as de viagem, cer\u00e2mica artesanal\u2026<\/li>\n\n\n\n<li><strong>Deixe espa\u00e7os vazios:<\/strong> N\u00e3o tenha medo do \u201crespiro\u201d, ele valoriza cada item.<\/li>\n<\/ul>\n\n\n\n<h3 id='tabela-estilos-de-estante-aberta-para-cada-ambiente'  id=\"boomdevs_3\" class=\"wp-block-heading\">Tabela: Estilos de estante aberta para cada ambiente<\/h3>\n\n\n\n<figure class=\"wp-block-table\"><table class=\"has-fixed-layout\"><thead><tr><th>Ambiente<\/th><th>Estilo indicado<\/th><th>Dica de uso<\/th><\/tr><\/thead><tbody><tr><td>Sala de estar<\/td><td>Madeira, metal ou mista<\/td><td>Exponha livros, plantas e objetos afetivos<\/td><\/tr><tr><td>Quarto<\/td><td>Estante h\u00edbrida (penteadeira\/escrit\u00f3rio)<\/td><td>Use cestos organizadores para miudezas<\/td><\/tr><tr><td>Cozinha\/Varanda<\/td><td>Metal, vidro, MDF resistente<\/td><td>Pratos, temperos e plantas arom\u00e1ticas<\/td><\/tr><tr><td>Home office<\/td><td>Prateleiras regul\u00e1veis<\/td><td>Caixas, livros e itens do dia a dia<\/td><\/tr><\/tbody><\/table><\/figure>\n\n\n\n<hr class=\"wp-block-separator has-alpha-channel-opacity\"\/>\n\n\n\n<a href=\"https:\/\/1truenote.com\/decoracao-hall-minimalista-funcional\/\" style=\"text-decoration: none;\">\n  <div style=\"display: flex; justify-content: space-between; align-items: center; background: #d44a00; padding: 12px 20px; color: white; font-family: Arial, sans-serif;\">\n    <strong style=\"color: black;\">LEIA TAMB\u00c9M:<\/strong>\n    <span style=\"margin-left: 8px; flex: 1;\">Hall Minimalista &#8211; Organiza\u00e7\u00e3o inteligente com estilo clean<\/span>\n    <div style=\"background: #f2802f; padding: 8px 12px; border-radius: 2px; margin-left: 10px;\">\n      <span style=\"color: white; font-weight: bold;\">\u27a4<\/span>\n    <\/div>\n  <\/div>\n<\/a>\n\n\n\n<hr class=\"wp-block-separator has-alpha-channel-opacity\"\/>\n\n\n\n<h2 id='estante-aberta-fun\u00e7\u00e3o-+-beleza-em-todos-os-c\u00f4modos'  id=\"boomdevs_4\" class=\"wp-block-heading\">Estante aberta: Fun\u00e7\u00e3o + beleza em todos os c\u00f4modos<\/h2>\n\n\n\n<p>A <strong>estante aberta na decora\u00e7\u00e3o<\/strong> vai muito al\u00e9m da sala. Sabe aquele cantinho da cozinha que parece sem gra\u00e7a? Experimente uma estante para temperos e lou\u00e7as especiais! No quarto, ela pode guardar livros, perfumes e at\u00e9 acess\u00f3rios. E, no home office, \u00e9 perfeita para organizar materiais de trabalho, deixando tudo \u00e0 m\u00e3o.<\/p>\n\n\n\n<p><strong>Dica:<\/strong> Em ambientes \u00famidos (cozinha ou varanda), prefira materiais resistentes e objetos f\u00e1ceis de limpar.<\/p>\n\n\n\n<hr class=\"wp-block-separator has-alpha-channel-opacity\"\/>\n\n\n\n<h3 id='v\u00eddeo-ideias-para-usar-estante-aberta-na-decora\u00e7\u00e3o'  id=\"boomdevs_5\" class=\"wp-block-heading\">[V\u00eddeo] Ideias para usar estante aberta na decora\u00e7\u00e3o<\/h3>\n\n\n\n<p>Assista: <a href=\"https:\/\/www.youtube.com\/shorts\/fpDgZ90o8b4\" data-type=\"link\" data-id=\"https:\/\/www.youtube.com\/shorts\/fpDgZ90o8b4\" target=\"_blank\" rel=\"noopener\">Como montar e decorar uma estante aberta moderna e charmosa<\/a><\/p>\n\n\n\n<figure class=\"wp-block-embed is-type-video is-provider-youtube wp-block-embed-youtube wp-embed-aspect-16-9 wp-has-aspect-ratio\"><div class=\"wp-block-embed__wrapper\">\n<iframe title=\"COMO DECORAR ESTANTES E PRATELEIRAS \u2728\" width=\"720\" height=\"405\" src=\"https:\/\/www.youtube.com\/embed\/fpDgZ90o8b4?feature=oembed\" frameborder=\"0\" allow=\"accelerometer; autoplay; clipboard-write; encrypted-media; gyroscope; picture-in-picture; web-share\" referrerpolicy=\"strict-origin-when-cross-origin\" allowfullscreen><\/iframe>\n<\/div><\/figure>\n\n\n\n<p><em>Dica: No v\u00eddeo, veja sugest\u00f5es de composi\u00e7\u00e3o, materiais e truques para valorizar cada cantinho da casa.<\/em><\/p>\n\n\n\n<hr class=\"wp-block-separator has-alpha-channel-opacity\"\/>\n\n\n\n<h2 id='estante-aberta-na-decora\u00e7\u00e3o'  id=\"boomdevs_6\" class=\"wp-block-heading\">Estante aberta na decora\u00e7\u00e3o<\/h2>\n\n\n\n<p>A <strong>estante aberta na decora\u00e7\u00e3o<\/strong> \u00e9 um truque simples, acess\u00edvel e supermoderno para deixar qualquer ambiente mais bonito e pr\u00e1tico. Seja exibindo suas mem\u00f3rias, organizando o que voc\u00ea usa no dia a dia ou separando ambientes, ela transforma o espa\u00e7o sem esfor\u00e7o e com muito estilo.<\/p>\n\n\n\n<p>Curtiu as dicas? Me conta: Como voc\u00ea usaria a estante aberta a\u00ed na sua casa? Se j\u00e1 tem uma, compartilha como montou! Ideias boas merecem ser espalhadas, n\u00e9?<\/p>\n\n\n\n<hr class=\"wp-block-separator has-alpha-channel-opacity\"\/>\n\n\n\n<a href=\"https:\/\/1truenote.com\/decoracao-hall-minimalista-funcional\/\" style=\"text-decoration: none;\">\n  <div style=\"display: flex; justify-content: space-between; align-items: center; background: #d44a00; padding: 12px 20px; color: white; font-family: Arial, sans-serif;\">\n    <strong style=\"color: black;\">LEIA TAMB\u00c9M:<\/strong>\n    <span style=\"margin-left: 8px; flex: 1;\">Hall Minimalista &#8211; Organiza\u00e7\u00e3o inteligente com estilo clean<\/span>\n    <div style=\"background: #f2802f; padding: 8px 12px; border-radius: 2px; margin-left: 10px;\">\n      <span style=\"color: white; font-weight: bold;\">\u27a4<\/span>\n    <\/div>\n  <\/div>\n<\/a>\n\n\n\n<hr class=\"wp-block-separator has-alpha-channel-opacity\"\/>\n\n\n\n<h2 id='faq-d\u00favidas-comuns-sobre-estante-aberta-na-decora\u00e7\u00e3o'  id=\"boomdevs_7\" class=\"wp-block-heading\">FAQ: D\u00favidas comuns sobre estante aberta na decora\u00e7\u00e3o<\/h2>\n\n\n<div id=\"rank-math-faq\" class=\"rank-math-block\">\n<div class=\"rank-math-list \">\n<div id=\"faq-question-1750082289993\" class=\"rank-math-list-item\">\n<h3 id='estante-aberta-na-decora\u00e7\u00e3o-acumula-muita-poeira'  id=\"boomdevs_8\" class=\"rank-math-question \">Estante aberta na decora\u00e7\u00e3o acumula muita poeira?<\/h3>\n<div class=\"rank-math-answer \">\n\n<p>Um pouco mais que um arm\u00e1rio fechado, mas nada que uma limpeza semanal com pano seco n\u00e3o resolva!<\/p>\n\n<\/div>\n<\/div>\n<div id=\"faq-question-1750082291576\" class=\"rank-math-list-item\">\n<h3 id='como-evitar-que-fique-bagun\u00e7ada'  id=\"boomdevs_9\" class=\"rank-math-question \">Como evitar que fique \u201cbagun\u00e7ada\u201d?<\/h3>\n<div class=\"rank-math-answer \">\n\n<p>Menos \u00e9 mais! Escolha poucos objetos que realmente tenham significado para voc\u00ea e intercale espa\u00e7os vazios.<\/p>\n\n<\/div>\n<\/div>\n<div id=\"faq-question-1750082292258\" class=\"rank-math-list-item\">\n<h3 id='qual-material-\u00e9-melhor-madeira-ou-metal'  id=\"boomdevs_10\" class=\"rank-math-question \">Qual material \u00e9 melhor: madeira ou metal?<\/h3>\n<div class=\"rank-math-answer \">\n\n<p>Depende do estilo e do ambiente. Madeira traz aconchego, metal tem pegada industrial. Os modelos mistos s\u00e3o curingas e combinam com tudo!<\/p>\n\n<\/div>\n<\/div>\n<div id=\"faq-question-1750082292926\" class=\"rank-math-list-item\">\n<h3 id='posso-usar-estante-aberta-como-divis\u00f3ria-de-ambiente'  id=\"boomdevs_11\" class=\"rank-math-question \">Posso usar estante aberta como divis\u00f3ria de ambiente?<\/h3>\n<div class=\"rank-math-answer \">\n\n<p>Sim! \u00c9 um truque incr\u00edvel para dividir sala e escrit\u00f3rio ou sala e cozinha, sem bloquear a luz.<\/p>\n\n<\/div>\n<\/div>\n<div id=\"faq-question-1750082316112\" class=\"rank-math-list-item\">\n<h3 id='serve-em-apartamentos-pequenos'  id=\"boomdevs_12\" class=\"rank-math-question \">Serve em apartamentos pequenos?<\/h3>\n<div class=\"rank-math-answer \">\n\n<p>Muito! Justamente porque amplia visualmente e pode at\u00e9 substituir racks ou arm\u00e1rios volumosos.<\/p>\n\n<\/div>\n<\/div>\n<\/div>\n<\/div>\n\n\n<figure class=\"wp-block-image aligncenter size-large\"><img data-recalc-dims=\"1\" decoding=\"async\" width=\"1024\" height=\"683\" src=\"https:\/\/i0.wp.com\/1truenote.com\/wp-content\/uploads\/2025\/06\/20250616_1104_Decoracao-Minimalista-Serene_simple_compose_01jxwgs1kve2btdzhct17qmavb.png?resize=1024%2C683&#038;ssl=1\" alt=\"estante aberta na decora\u00e7\u00e3o\" class=\"wp-image-2999\" srcset=\"https:\/\/i0.wp.com\/1truenote.com\/wp-content\/uploads\/2025\/06\/20250616_1104_Decoracao-Minimalista-Serene_simple_compose_01jxwgs1kve2btdzhct17qmavb.png?resize=1024%2C683&amp;ssl=1 1024w, https:\/\/i0.wp.com\/1truenote.com\/wp-content\/uploads\/2025\/06\/20250616_1104_Decoracao-Minimalista-Serene_simple_compose_01jxwgs1kve2btdzhct17qmavb.png?resize=300%2C200&amp;ssl=1 300w, https:\/\/i0.wp.com\/1truenote.com\/wp-content\/uploads\/2025\/06\/20250616_1104_Decoracao-Minimalista-Serene_simple_compose_01jxwgs1kve2btdzhct17qmavb.png?resize=768%2C512&amp;ssl=1 768w, https:\/\/i0.wp.com\/1truenote.com\/wp-content\/uploads\/2025\/06\/20250616_1104_Decoracao-Minimalista-Serene_simple_compose_01jxwgs1kve2btdzhct17qmavb.png?resize=150%2C100&amp;ssl=1 150w, https:\/\/i0.wp.com\/1truenote.com\/wp-content\/uploads\/2025\/06\/20250616_1104_Decoracao-Minimalista-Serene_simple_compose_01jxwgs1kve2btdzhct17qmavb.png?w=1536&amp;ssl=1 1536w\" sizes=\"(max-width: 1024px) 100vw, 1024px\" \/><\/figure>\n","protected":false},"excerpt":{"rendered":"<p>Se voc\u00ea sonha em ter uma casa organizada, cheia de personalidade e, ainda por cima, supermoderna, vem c\u00e1: A estante&#8230;<\/p>","protected":false},"author":1,"featured_media":2999,"comment_status":"open","ping_status":"open","sticky":false,"template":"","format":"standard","meta":{"_kad_post_transparent":"","_kad_post_title":"","_kad_post_layout":"","_kad_post_sidebar_id":"","_kad_post_content_style":"","_kad_post_vertical_padding":"","_kad_post_feature":"","_kad_post_feature_position":"","_kad_post_header":false,"_kad_post_footer":false,"_kad_post_classname":"","footnotes":"","jetpack_publicize_message":"Se voc\u00ea sonha em ter uma casa organizada, cheia de personalidade e, ainda por cima, supermoderna, vem c\u00e1: A estante aberta na decora\u00e7\u00e3o pode ser aquele detalhe que transforma tudo! Pode parecer s\u00f3 um m\u00f3vel, mas ela faz milagre: Amplia o espa\u00e7o, traz leveza, vira vitrine para suas hist\u00f3rias e ainda d\u00e1 um toque atual no ambiente \u2014 tudo isso com charme e praticidade.\n\n#carvalhoconsultoriabrasil #truenote #decor #decoracao #estanteaberta #estante #decoracaosala #estante","jetpack_publicize_feature_enabled":true,"jetpack_social_post_already_shared":true,"jetpack_social_options":{"image_generator_settings":{"template":"highway","default_image_id":0,"enabled":false},"version":2}},"categories":[16],"tags":[13,14],"class_list":["post-2997","post","type-post","status-publish","format-standard","has-post-thumbnail","hentry","category-casa-e-jardim","tag-minimalista","tag-interiores-inovadores"],"jetpack_publicize_connections":[],"jetpack_featured_media_url":"https:\/\/i0.wp.com\/1truenote.com\/wp-content\/uploads\/2025\/06\/20250616_1104_Decoracao-Minimalista-Serene_simple_compose_01jxwgs1kve2btdzhct17qmavb.png?fit=1536%2C1024&ssl=1","jetpack_sharing_enabled":true,"_links":{"self":[{"href":"https:\/\/1truenote.com\/en\/wp-json\/wp\/v2\/posts\/2997","targetHints":{"allow":["GET"]}}],"collection":[{"href":"https:\/\/1truenote.com\/en\/wp-json\/wp\/v2\/posts"}],"about":[{"href":"https:\/\/1truenote.com\/en\/wp-json\/wp\/v2\/types\/post"}],"author":[{"embeddable":true,"href":"https:\/\/1truenote.com\/en\/wp-json\/wp\/v2\/users\/1"}],"replies":[{"embeddable":true,"href":"https:\/\/1truenote.com\/en\/wp-json\/wp\/v2\/comments?post=2997"}],"version-history":[{"count":2,"href":"https:\/\/1truenote.com\/en\/wp-json\/wp\/v2\/posts\/2997\/revisions"}],"predecessor-version":[{"id":3003,"href":"https:\/\/1truenote.com\/en\/wp-json\/wp\/v2\/posts\/2997\/revisions\/3003"}],"wp:featuredmedia":[{"embeddable":true,"href":"https:\/\/1truenote.com\/en\/wp-json\/wp\/v2\/media\/2999"}],"wp:attachment":[{"href":"https:\/\/1truenote.com\/en\/wp-json\/wp\/v2\/media?parent=2997"}],"wp:term":[{"taxonomy":"category","embeddable":true,"href":"https:\/\/1truenote.com\/en\/wp-json\/wp\/v2\/categories?post=2997"},{"taxonomy":"post_tag","embeddable":true,"href":"https:\/\/1truenote.com\/en\/wp-json\/wp\/v2\/tags?post=2997"}],"curies":[{"name":"wp","href":"https:\/\/api.w.org\/{rel}","templated":true}]}}