{"id":2993,"date":"2025-06-16T12:00:00","date_gmt":"2025-06-16T15:00:00","guid":{"rendered":"https:\/\/1truenote.com\/?p=2993"},"modified":"2025-06-16T11:32:17","modified_gmt":"2025-06-16T14:32:17","slug":"home-office-na-sala-de-estar-dicas-formas","status":"publish","type":"post","link":"https:\/\/1truenote.com\/en\/home-office-na-sala-de-estar-dicas-formas\/","title":{"rendered":"Veja 4 formas de montar um home office na sala de estar pr\u00e1tico e bonito"},"content":{"rendered":"\n<p><strong>Home office na sala de estar<\/strong>. Voc\u00ea j\u00e1 sentiu aquela dificuldade de trabalhar em casa porque n\u00e3o tem um cantinho s\u00f3 seu? Pois \u00e9, voc\u00ea n\u00e3o est\u00e1 sozinho! Muita gente faz do sof\u00e1, da mesa de jantar ou at\u00e9 do tapete o escrit\u00f3rio improvisado \u2014 mas a verdade \u00e9 que d\u00e1, sim, para montar um <strong>home office na sala de estar<\/strong> sem abrir m\u00e3o do conforto, da praticidade e, claro, do estilo.<\/p>\n\n\n\n<p>Eu mesma j\u00e1 testei de tudo at\u00e9 encontrar o melhor encaixe do escrit\u00f3rio na minha sala: J\u00e1 usei escrivaninha do lado da TV, mesa dobr\u00e1vel escondida atr\u00e1s do sof\u00e1, prateleira no canto\u2026 E aprendi que o segredo est\u00e1 nos detalhes e na criatividade!<\/p>\n\n\n\n<p>Separei aqui as <strong>4 melhores formas de criar um home office pr\u00e1tico e bonito<\/strong>, aproveitando cada espacinho da sua sala. Tem dicas, tabela de materiais, v\u00eddeo, FAQ e ideias para diferentes perfis de casa. Bora montar o seu?<\/p>\n\n\n\n<hr class=\"wp-block-separator has-alpha-channel-opacity\"\/>\n\n\n\n<h2 id='1-invista-em-m\u00f3veis-planejados-e-sob-medida'  id=\"boomdevs_1\" class=\"wp-block-heading\">1. Invista em m\u00f3veis planejados e sob medida<\/h2>\n\n\n\n<p>Se o espa\u00e7o permite, m\u00f3veis planejados transformam qualquer sala de estar em um ambiente multifuncional e sofisticado. Uma bancada na lateral, prateleiras e arm\u00e1rios ajudam a organizar o trabalho sem perder a harmonia da decora\u00e7\u00e3o.<\/p>\n\n\n\n<p><strong>Dica:<\/strong> Use as mesmas cores e materiais dos outros m\u00f3veis da sala para integrar tudo. Ilumina\u00e7\u00e3o embutida nas prateleiras cria um efeito superaconchegante!<\/p>\n\n\n\n<hr class=\"wp-block-separator has-alpha-channel-opacity\"\/>\n\n\n\n<h2 id='2-use-divis\u00f3rias-ou-portas-de-correr-para-separar-ambientes'  id=\"boomdevs_2\" class=\"wp-block-heading\">2. Use divis\u00f3rias ou portas de correr para separar ambientes<\/h2>\n\n\n\n<p>Precisa de mais privacidade? Aposte em divis\u00f3rias leves, portas de correr ou at\u00e9 cortinas estilosas! Assim, o home office na sala de estar pode \u201csumir\u201d no fim do expediente e voc\u00ea volta a curtir a sala com a fam\u00edlia.<\/p>\n\n\n\n<ul class=\"wp-block-list\">\n<li>Muxarabis, cobog\u00f3s e biombos deixam o espa\u00e7o bonito e funcional.<\/li>\n\n\n\n<li>Para espa\u00e7os pequenos, escolha divis\u00f3rias vazadas, que mant\u00eam o ambiente arejado.<\/li>\n<\/ul>\n\n\n\n<hr class=\"wp-block-separator has-alpha-channel-opacity\"\/>\n\n\n\n<figure class=\"wp-block-image aligncenter size-medium\"><a href=\"https:\/\/chat.whatsapp.com\/KJBkp5LFJVRIvmt5X3hSEh\" target=\"_blank\" rel=\"noopener\"><img data-recalc-dims=\"1\" fetchpriority=\"high\" decoding=\"async\" width=\"200\" height=\"300\" src=\"https:\/\/i0.wp.com\/1truenote.com\/wp-content\/uploads\/2025\/06\/ChatGPT-Image-3-de-jun.-de-2025-19_04_53.png?resize=200%2C300&#038;ssl=1\" alt=\"chamada banner advetorial whats\" class=\"wp-image-2683\" srcset=\"https:\/\/i0.wp.com\/1truenote.com\/wp-content\/uploads\/2025\/06\/ChatGPT-Image-3-de-jun.-de-2025-19_04_53.png?resize=200%2C300&amp;ssl=1 200w, https:\/\/i0.wp.com\/1truenote.com\/wp-content\/uploads\/2025\/06\/ChatGPT-Image-3-de-jun.-de-2025-19_04_53.png?resize=683%2C1024&amp;ssl=1 683w, https:\/\/i0.wp.com\/1truenote.com\/wp-content\/uploads\/2025\/06\/ChatGPT-Image-3-de-jun.-de-2025-19_04_53.png?resize=768%2C1152&amp;ssl=1 768w, https:\/\/i0.wp.com\/1truenote.com\/wp-content\/uploads\/2025\/06\/ChatGPT-Image-3-de-jun.-de-2025-19_04_53.png?resize=150%2C225&amp;ssl=1 150w, https:\/\/i0.wp.com\/1truenote.com\/wp-content\/uploads\/2025\/06\/ChatGPT-Image-3-de-jun.-de-2025-19_04_53.png?w=1024&amp;ssl=1 1024w\" sizes=\"(max-width: 200px) 100vw, 200px\" \/><\/a><\/figure>\n\n\n\n<hr class=\"wp-block-separator has-alpha-channel-opacity\"\/>\n\n\n\n<h2 id='3-aposte-em-m\u00f3veis-multiuso-e-compactos'  id=\"boomdevs_3\" class=\"wp-block-heading\">3. Aposte em m\u00f3veis multiuso e compactos<\/h2>\n\n\n\n<p>A solu\u00e7\u00e3o dos apartamentos modernos! Mesas retr\u00e1teis, escrivaninhas que viram aparador, carrinhos com rodinhas ou at\u00e9 uma estante que esconde um pequeno escrit\u00f3rio. M\u00f3veis multiuso otimizam cada cent\u00edmetro e ainda ajudam na organiza\u00e7\u00e3o.<\/p>\n\n\n\n<p><strong>Dica:<\/strong> Busque modelos que se fecham, assim voc\u00ea \u201cdesaparece\u201d com o escrit\u00f3rio fora do hor\u00e1rio de trabalho.<\/p>\n\n\n\n<hr class=\"wp-block-separator has-alpha-channel-opacity\"\/>\n\n\n\n<a href=\"https:\/\/1truenote.com\/home-office-criativo-colorido-compras\/\" style=\"text-decoration: none;\">\n  <div style=\"display: flex; justify-content: space-between; align-items: center; background: #d44a00; padding: 12px 20px; color: white; font-family: Arial, sans-serif;\">\n    <strong style=\"color: black;\">LEIA TAMB\u00c9M:<\/strong>\n    <span style=\"margin-left: 8px; flex: 1;\">Um espa\u00e7o colorido, produtivo e cheio de personalidade<\/span>\n    <div style=\"background: #f2802f; padding: 8px 12px; border-radius: 2px; margin-left: 10px;\">\n      <span style=\"color: white; font-weight: bold;\">\u27a4<\/span>\n    <\/div>\n  <\/div>\n<\/a>\n\n\n\n<hr class=\"wp-block-separator has-alpha-channel-opacity\"\/>\n\n\n\n<h2 id='4-decore-com-personalidade-plantas-quadros-e-ilumina\u00e7\u00e3o'  id=\"boomdevs_4\" class=\"wp-block-heading\">4. Decore com personalidade: Plantas, quadros e ilumina\u00e7\u00e3o<\/h2>\n\n\n\n<p>Seu home office na sala de estar n\u00e3o precisa ser sem gra\u00e7a! Capriche na decora\u00e7\u00e3o com plantas, quadros, objetos que te inspiram e uma boa lumin\u00e1ria de mesa. Isso faz toda diferen\u00e7a no clima do trabalho \u2014 e deixa o cen\u00e1rio perfeito para as reuni\u00f5es online.<\/p>\n\n\n\n<ul class=\"wp-block-list\">\n<li>Aposte em paletas de cor que conversem com a sala.<\/li>\n\n\n\n<li>Prateleiras decoradas s\u00e3o \u00f3timas para organizar e deixar o ambiente leve.<\/li>\n<\/ul>\n\n\n\n<hr class=\"wp-block-separator has-alpha-channel-opacity\"\/>\n\n\n\n<h3 id='tabela-r\u00e1pida-op\u00e7\u00f5es-para-home-office-na-sala-de-estar'  id=\"boomdevs_5\" class=\"wp-block-heading\">Tabela r\u00e1pida: Op\u00e7\u00f5es para home office na sala de estar<\/h3>\n\n\n\n<figure class=\"wp-block-table\"><table class=\"has-fixed-layout\"><thead><tr><th>Solu\u00e7\u00e3o<\/th><th>Ideal para<\/th><th>Pontos positivos<\/th><\/tr><\/thead><tbody><tr><td>M\u00f3veis planejados<\/td><td>Espa\u00e7os m\u00e9dios e grandes<\/td><td>Integra\u00e7\u00e3o total com a sala<\/td><\/tr><tr><td>Divis\u00f3rias\/portas<\/td><td>Quem precisa de privacidade<\/td><td>Isolamento visual e ac\u00fastico<\/td><\/tr><tr><td>M\u00f3veis multiuso<\/td><td>Salas pequenas<\/td><td>Praticidade, f\u00e1cil de esconder<\/td><\/tr><tr><td>Decora\u00e7\u00e3o personalizada<\/td><td>Qualquer ambiente<\/td><td>Inspira\u00e7\u00e3o e bem-estar<\/td><\/tr><\/tbody><\/table><\/figure>\n\n\n\n<hr class=\"wp-block-separator has-alpha-channel-opacity\"\/>\n\n\n\n<h3 id='v\u00eddeo-ideias-pr\u00e1ticas-para-home-office-na-sala-de-estar'  id=\"boomdevs_6\" class=\"wp-block-heading\">[V\u00eddeo] Ideias pr\u00e1ticas para home office na sala de estar<\/h3>\n\n\n\n<p>Assista: <a href=\"https:\/\/www.youtube.com\/watch?v=ygT_ODpmy0A&amp;pp=ygVEQ29tbyBtb250YXIgdW0gaG9tZSBvZmZpY2UgcGVyZmVpdG8gbmEgc2FsYSBkZSBlc3RhciAocGFzc28gYSBwYXNzbyk%3D\" data-type=\"link\" data-id=\"https:\/\/www.youtube.com\/watch?v=ygT_ODpmy0A&amp;pp=ygVEQ29tbyBtb250YXIgdW0gaG9tZSBvZmZpY2UgcGVyZmVpdG8gbmEgc2FsYSBkZSBlc3RhciAocGFzc28gYSBwYXNzbyk%3D\" target=\"_blank\" rel=\"noopener\">Como montar um home office perfeito na sala de estar (passo a passo)<\/a><\/p>\n\n\n\n<figure class=\"wp-block-embed is-type-video is-provider-youtube wp-block-embed-youtube wp-embed-aspect-16-9 wp-has-aspect-ratio\"><div class=\"wp-block-embed__wrapper\">\n<iframe title=\"HOME OFFICE -  DICAS SIMPLES PARA QUEM EST\u00c1 TRABALHANDO EM CASA\" width=\"720\" height=\"405\" src=\"https:\/\/www.youtube.com\/embed\/ygT_ODpmy0A?feature=oembed\" frameborder=\"0\" allow=\"accelerometer; autoplay; clipboard-write; encrypted-media; gyroscope; picture-in-picture; web-share\" referrerpolicy=\"strict-origin-when-cross-origin\" allowfullscreen><\/iframe>\n<\/div><\/figure>\n\n\n\n<p><em>Dica: Veja solu\u00e7\u00f5es criativas e adapta\u00e7\u00f5es para qualquer tipo de ambiente!<\/em><\/p>\n\n\n\n<hr class=\"wp-block-separator has-alpha-channel-opacity\"\/>\n\n\n\n<h2 id='home-office-na-sala-de-estar'  id=\"boomdevs_7\" class=\"wp-block-heading\">Home office na sala de estar<\/h2>\n\n\n\n<p>Montar um <strong>home office na sala de estar<\/strong> pode ser simples, barato e \u2014 por que n\u00e3o? \u2014 superestiloso! O segredo est\u00e1 em escolher m\u00f3veis funcionais, pensar na integra\u00e7\u00e3o visual com o restante da casa e personalizar o cantinho do seu jeito. No fim das contas, um escrit\u00f3rio bonito e pr\u00e1tico faz toda diferen\u00e7a na produtividade, na concentra\u00e7\u00e3o e no seu bem-estar!<\/p>\n\n\n\n<p>E a\u00ed, qual dessas ideias combina mais com seu espa\u00e7o? J\u00e1 tentou alguma delas? Compartilhe suas experi\u00eancias e dicas nos coment\u00e1rios!<\/p>\n\n\n\n<hr class=\"wp-block-separator has-alpha-channel-opacity\"\/>\n\n\n\n<a href=\"https:\/\/1truenote.com\/home-office-criativo-colorido-compras\/\" style=\"text-decoration: none;\">\n  <div style=\"display: flex; justify-content: space-between; align-items: center; background: #d44a00; padding: 12px 20px; color: white; font-family: Arial, sans-serif;\">\n    <strong style=\"color: black;\">LEIA TAMB\u00c9M:<\/strong>\n    <span style=\"margin-left: 8px; flex: 1;\">Um espa\u00e7o colorido, produtivo e cheio de personalidade<\/span>\n    <div style=\"background: #f2802f; padding: 8px 12px; border-radius: 2px; margin-left: 10px;\">\n      <span style=\"color: white; font-weight: bold;\">\u27a4<\/span>\n    <\/div>\n  <\/div>\n<\/a>\n\n\n\n<hr class=\"wp-block-separator has-alpha-channel-opacity\"\/>\n\n\n\n<h2 id='faq-d\u00favidas-sobre-home-office-na-sala-de-estar'  id=\"boomdevs_8\" class=\"wp-block-heading\">FAQ: D\u00favidas sobre home office na sala de estar<\/h2>\n\n\n<div id=\"rank-math-faq\" class=\"rank-math-block\">\n<div class=\"rank-math-list \">\n<div id=\"faq-question-1750080367630\" class=\"rank-math-list-item\">\n<h3 id='preciso-de-muito-espa\u00e7o-para-montar-um-home-office-na-sala-de-estar'  id=\"boomdevs_9\" class=\"rank-math-question \">Preciso de muito espa\u00e7o para montar um home office na sala de estar?<\/h3>\n<div class=\"rank-math-answer \">\n\n<p>N\u00e3o! Uma mesa compacta, cadeira confort\u00e1vel e boa ilumina\u00e7\u00e3o j\u00e1 s\u00e3o suficientes.<\/p>\n\n<\/div>\n<\/div>\n<div id=\"faq-question-1750080370031\" class=\"rank-math-list-item\">\n<h3 id='como-esconder-o-home-office-no-fim-do-dia'  id=\"boomdevs_10\" class=\"rank-math-question \">Como esconder o home office no fim do dia?<\/h3>\n<div class=\"rank-math-answer \">\n\n<p>Use m\u00f3veis retr\u00e1teis, portas de correr, biombos ou at\u00e9 cortinas para disfar\u00e7ar o escrit\u00f3rio.<\/p>\n\n<\/div>\n<\/div>\n<div id=\"faq-question-1750080371273\" class=\"rank-math-list-item\">\n<h3 id='posso-montar-um-home-office-na-sala-de-estar-alugada'  id=\"boomdevs_11\" class=\"rank-math-question \">Posso montar um home office na sala de estar alugada?<\/h3>\n<div class=\"rank-math-answer \">\n\n<p>Sim! Prefira m\u00f3veis que n\u00e3o precisam de fura\u00e7\u00e3o e s\u00e3o f\u00e1ceis de remover.<\/p>\n\n<\/div>\n<\/div>\n<div id=\"faq-question-1750080371934\" class=\"rank-math-list-item\">\n<h3 id='d\u00e1-pra-montar-um-home-office-bonito-sem-gastar-muito'  id=\"boomdevs_12\" class=\"rank-math-question \">D\u00e1 pra montar um home office bonito sem gastar muito?<\/h3>\n<div class=\"rank-math-answer \">\n\n<p>Com certeza! Aposte em solu\u00e7\u00f5es criativas: uma mesa reaproveitada, prateleiras, objetos decorativos e luz natural fazem toda a diferen\u00e7a.<\/p>\n\n<\/div>\n<\/div>\n<\/div>\n<\/div>\n\n\n<figure class=\"wp-block-image aligncenter size-large\"><img data-recalc-dims=\"1\" decoding=\"async\" width=\"1024\" height=\"683\" src=\"https:\/\/i0.wp.com\/1truenote.com\/wp-content\/uploads\/2025\/06\/20250616_1032_Home-Office-Minimalista_simple_compose_01jxweyjrhfj6vt7dzppzwcbxg.png?resize=1024%2C683&#038;ssl=1\" alt=\"home office na sala de estar\" class=\"wp-image-2994\" srcset=\"https:\/\/i0.wp.com\/1truenote.com\/wp-content\/uploads\/2025\/06\/20250616_1032_Home-Office-Minimalista_simple_compose_01jxweyjrhfj6vt7dzppzwcbxg.png?resize=1024%2C683&amp;ssl=1 1024w, https:\/\/i0.wp.com\/1truenote.com\/wp-content\/uploads\/2025\/06\/20250616_1032_Home-Office-Minimalista_simple_compose_01jxweyjrhfj6vt7dzppzwcbxg.png?resize=300%2C200&amp;ssl=1 300w, https:\/\/i0.wp.com\/1truenote.com\/wp-content\/uploads\/2025\/06\/20250616_1032_Home-Office-Minimalista_simple_compose_01jxweyjrhfj6vt7dzppzwcbxg.png?resize=768%2C512&amp;ssl=1 768w, https:\/\/i0.wp.com\/1truenote.com\/wp-content\/uploads\/2025\/06\/20250616_1032_Home-Office-Minimalista_simple_compose_01jxweyjrhfj6vt7dzppzwcbxg.png?resize=150%2C100&amp;ssl=1 150w, https:\/\/i0.wp.com\/1truenote.com\/wp-content\/uploads\/2025\/06\/20250616_1032_Home-Office-Minimalista_simple_compose_01jxweyjrhfj6vt7dzppzwcbxg.png?w=1536&amp;ssl=1 1536w\" sizes=\"(max-width: 1024px) 100vw, 1024px\" \/><\/figure>\n","protected":false},"excerpt":{"rendered":"<p>Home office na sala de estar. Voc\u00ea j\u00e1 sentiu aquela dificuldade de trabalhar em casa porque n\u00e3o tem um cantinho&#8230;<\/p>","protected":false},"author":1,"featured_media":2994,"comment_status":"open","ping_status":"open","sticky":false,"template":"","format":"standard","meta":{"_kad_post_transparent":"","_kad_post_title":"","_kad_post_layout":"","_kad_post_sidebar_id":"","_kad_post_content_style":"","_kad_post_vertical_padding":"","_kad_post_feature":"","_kad_post_feature_position":"","_kad_post_header":false,"_kad_post_footer":false,"_kad_post_classname":"","footnotes":"","jetpack_publicize_message":"Home office na sala de estar. Voc\u00ea j\u00e1 sentiu aquela dificuldade de trabalhar em casa porque n\u00e3o tem um cantinho s\u00f3 seu? Pois \u00e9, voc\u00ea n\u00e3o est\u00e1 sozinho! Muita gente faz do sof\u00e1, da mesa de jantar ou at\u00e9 do tapete o escrit\u00f3rio improvisado \u2014 mas a verdade \u00e9 que d\u00e1, sim, para montar um home office na sala de estar sem abrir m\u00e3o do conforto, da praticidade e, claro, do estilo.\n\n#carvalhoconsultoriabrasil #truenote #homeoffice #sala #salahomeoffice #decor #decoracao #saladeestar","jetpack_publicize_feature_enabled":true,"jetpack_social_post_already_shared":true,"jetpack_social_options":{"image_generator_settings":{"template":"highway","default_image_id":0,"enabled":false},"version":2}},"categories":[16],"tags":[13,14],"class_list":["post-2993","post","type-post","status-publish","format-standard","has-post-thumbnail","hentry","category-casa-e-jardim","tag-minimalista","tag-interiores-inovadores"],"jetpack_publicize_connections":[],"jetpack_featured_media_url":"https:\/\/i0.wp.com\/1truenote.com\/wp-content\/uploads\/2025\/06\/20250616_1032_Home-Office-Minimalista_simple_compose_01jxweyjrhfj6vt7dzppzwcbxg.png?fit=1536%2C1024&ssl=1","jetpack_sharing_enabled":true,"_links":{"self":[{"href":"https:\/\/1truenote.com\/en\/wp-json\/wp\/v2\/posts\/2993","targetHints":{"allow":["GET"]}}],"collection":[{"href":"https:\/\/1truenote.com\/en\/wp-json\/wp\/v2\/posts"}],"about":[{"href":"https:\/\/1truenote.com\/en\/wp-json\/wp\/v2\/types\/post"}],"author":[{"embeddable":true,"href":"https:\/\/1truenote.com\/en\/wp-json\/wp\/v2\/users\/1"}],"replies":[{"embeddable":true,"href":"https:\/\/1truenote.com\/en\/wp-json\/wp\/v2\/comments?post=2993"}],"version-history":[{"count":2,"href":"https:\/\/1truenote.com\/en\/wp-json\/wp\/v2\/posts\/2993\/revisions"}],"predecessor-version":[{"id":3002,"href":"https:\/\/1truenote.com\/en\/wp-json\/wp\/v2\/posts\/2993\/revisions\/3002"}],"wp:featuredmedia":[{"embeddable":true,"href":"https:\/\/1truenote.com\/en\/wp-json\/wp\/v2\/media\/2994"}],"wp:attachment":[{"href":"https:\/\/1truenote.com\/en\/wp-json\/wp\/v2\/media?parent=2993"}],"wp:term":[{"taxonomy":"category","embeddable":true,"href":"https:\/\/1truenote.com\/en\/wp-json\/wp\/v2\/categories?post=2993"},{"taxonomy":"post_tag","embeddable":true,"href":"https:\/\/1truenote.com\/en\/wp-json\/wp\/v2\/tags?post=2993"}],"curies":[{"name":"wp","href":"https:\/\/api.w.org\/{rel}","templated":true}]}}