{"id":2984,"date":"2025-06-13T14:00:00","date_gmt":"2025-06-13T17:00:00","guid":{"rendered":"https:\/\/1truenote.com\/?p=2984"},"modified":"2025-06-13T11:52:40","modified_gmt":"2025-06-13T14:52:40","slug":"trocar-o-lencol-da-cama-dicas-especialistas","status":"publish","type":"post","link":"https:\/\/1truenote.com\/en\/trocar-o-lencol-da-cama-dicas-especialistas\/","title":{"rendered":"Com que frequ\u00eancia voc\u00ea deve trocar o len\u00e7ol da cama? Veja a resposta dos especialistas"},"content":{"rendered":"\n<p><strong>Trocar o len\u00e7ol da cama?<\/strong> Vamos ser sinceros: Quem nunca ficou na d\u00favida sobre quantos dias pode usar o mesmo len\u00e7ol, sem culpa? Afinal, trocar a roupa de cama \u00e9 uma daquelas tarefas que a gente adora adiar&#8230; mas deveria prestar mais aten\u00e7\u00e3o. O que muita gente n\u00e3o imagina \u00e9 que aquele len\u00e7ol limpinho, cheiroso, pode rapidamente virar morada de \u00e1caros, bact\u00e9rias e at\u00e9 fungos, s\u00f3 esperando um vacilo para se multiplicar.<\/p>\n\n\n\n<p>E n\u00e3o tem jeito: A ci\u00eancia \u00e9 bem clara sobre a import\u00e2ncia dessa rotina. S\u00f3 pra voc\u00ea ter ideia, estudos mostram que um colch\u00e3o pode acumular at\u00e9 1,5 milh\u00e3o de micro-organismos em dois anos.<\/p>\n\n\n\n<p>Parece exagero? Nem tanto! Lembrando que passamos cerca de um ter\u00e7o da vida na cama, tudo o que encosta na pele (suor, c\u00e9lulas mortas, \u00f3leo, poeira) acaba ali. Por isso, manter a higiene da cama n\u00e3o \u00e9 s\u00f3 uma quest\u00e3o de conforto, mas tamb\u00e9m de sa\u00fade.<\/p>\n\n\n\n<hr class=\"wp-block-separator has-alpha-channel-opacity\"\/>\n\n\n\n<h2 id='qual-a-frequ\u00eancia-ideal-para-trocar-o-len\u00e7ol-da-cama'  id=\"boomdevs_1\" class=\"wp-block-heading\">Qual a frequ\u00eancia ideal para trocar o len\u00e7ol da cama?<\/h2>\n\n\n\n<p>Segundo os especialistas, a recomenda\u00e7\u00e3o geral \u00e9 trocar o len\u00e7ol da cama a cada <strong>uma semana<\/strong>. Mas essa frequ\u00eancia pode variar um pouquinho conforme seus h\u00e1bitos, a esta\u00e7\u00e3o do ano, sua sa\u00fade e at\u00e9 com quem voc\u00ea divide o colch\u00e3o.<\/p>\n\n\n\n<p>Se voc\u00ea sua mais, tem rinite ou alergias, ou se compartilha a cama com algu\u00e9m (ou pets!), o ideal \u00e9 aumentar a troca para <strong>a cada 4 a 5 dias<\/strong>. Em per\u00edodos muito quentes, o suor se acumula r\u00e1pido; j\u00e1 no frio, a umidade e o tempo de secagem podem pedir um intervalo menor tamb\u00e9m.<\/p>\n\n\n\n<h3 id='tabela-r\u00e1pida-quando-trocar-o-len\u00e7ol-da-cama'  id=\"boomdevs_2\" class=\"wp-block-heading\">Tabela r\u00e1pida: Quando trocar o len\u00e7ol da cama<\/h3>\n\n\n\n<figure class=\"wp-block-table\"><table class=\"has-fixed-layout\"><thead><tr><th>Situa\u00e7\u00e3o<\/th><th>Frequ\u00eancia Recomendada<\/th><\/tr><\/thead><tbody><tr><td>Rotina \u201cnormal\u201d (adultos saud\u00e1veis)<\/td><td>A cada 7 dias<\/td><\/tr><tr><td>Al\u00e9rgicos, crian\u00e7as, idosos<\/td><td>A cada 4-5 dias<\/td><\/tr><tr><td>Dorme com pets<\/td><td>A cada 4-5 dias<\/td><\/tr><tr><td>Dias muito quentes ou frios<\/td><td>A cada 4-5 dias<\/td><\/tr><tr><td>Est\u00e1 doente (gripe, covid, etc.)<\/td><td>A cada 2-3 dias<\/td><\/tr><\/tbody><\/table><\/figure>\n\n\n\n<hr class=\"wp-block-separator has-alpha-channel-opacity\"\/>\n\n\n\n<a href=\"https:\/\/1truenote.com\/camas-dobraveis-embutidas-para-microcasas-compactas\/\" style=\"text-decoration: none;\">\n  <div style=\"display: flex; justify-content: space-between; align-items: center; background: #d44a00; padding: 12px 20px; color: white; font-family: Arial, sans-serif;\">\n    <strong style=\"color: black;\">LEIA TAMB\u00c9M:<\/strong>\n    <span style=\"margin-left: 8px; flex: 1;\">Camas dobr\u00e1veis embutidas para microcasas compactas<\/span>\n    <div style=\"background: #f2802f; padding: 8px 12px; border-radius: 2px; margin-left: 10px;\">\n      <span style=\"color: white; font-weight: bold;\">\u27a4<\/span>\n    <\/div>\n  <\/div>\n<\/a>\n\n\n\n<hr class=\"wp-block-separator has-alpha-channel-opacity\"\/>\n\n\n\n<h2 id='dicas-pr\u00e1ticas-para-manter-o-len\u00e7ol-limpo-por-mais-tempo'  id=\"boomdevs_3\" class=\"wp-block-heading\">Dicas pr\u00e1ticas para manter o len\u00e7ol limpo por mais tempo<\/h2>\n\n\n\n<ul class=\"wp-block-list\">\n<li>Evite deitar com os p\u00e9s sujos ou sentar na cama de roupa de rua.<\/li>\n\n\n\n<li>N\u00e3o deixe toalhas molhadas em cima da cama \u2014 umidade \u00e9 convite para fungos!<\/li>\n\n\n\n<li>Prefira lavar len\u00e7\u00f3is em \u00e1gua quente (acima de 60\u00b0C) sempre que poss\u00edvel.<\/li>\n\n\n\n<li>Use sab\u00e3o neutro, de boa qualidade, para preservar o tecido.<\/li>\n\n\n\n<li>Tenha sempre um jogo de len\u00e7ol extra para facilitar as trocas.<\/li>\n\n\n\n<li>Protetores de colch\u00e3o e travesseiro ajudam a bloquear a sujeira.<\/li>\n\n\n\n<li>Armazene len\u00e7\u00f3is limpos em locais secos, de prefer\u00eancia em saquinhos ou caixas.<\/li>\n<\/ul>\n\n\n\n<hr class=\"wp-block-separator has-alpha-channel-opacity\"\/>\n\n\n\n<figure class=\"wp-block-image aligncenter size-medium\"><a href=\"https:\/\/chat.whatsapp.com\/KJBkp5LFJVRIvmt5X3hSEh\" target=\"_blank\" rel=\"noopener\"><img data-recalc-dims=\"1\" fetchpriority=\"high\" decoding=\"async\" width=\"200\" height=\"300\" src=\"https:\/\/i0.wp.com\/1truenote.com\/wp-content\/uploads\/2025\/06\/ChatGPT-Image-3-de-jun.-de-2025-19_04_53.png?resize=200%2C300&#038;ssl=1\" alt=\"chamada banner advetorial whats\" class=\"wp-image-2683\" srcset=\"https:\/\/i0.wp.com\/1truenote.com\/wp-content\/uploads\/2025\/06\/ChatGPT-Image-3-de-jun.-de-2025-19_04_53.png?resize=200%2C300&amp;ssl=1 200w, https:\/\/i0.wp.com\/1truenote.com\/wp-content\/uploads\/2025\/06\/ChatGPT-Image-3-de-jun.-de-2025-19_04_53.png?resize=683%2C1024&amp;ssl=1 683w, https:\/\/i0.wp.com\/1truenote.com\/wp-content\/uploads\/2025\/06\/ChatGPT-Image-3-de-jun.-de-2025-19_04_53.png?resize=768%2C1152&amp;ssl=1 768w, https:\/\/i0.wp.com\/1truenote.com\/wp-content\/uploads\/2025\/06\/ChatGPT-Image-3-de-jun.-de-2025-19_04_53.png?resize=150%2C225&amp;ssl=1 150w, https:\/\/i0.wp.com\/1truenote.com\/wp-content\/uploads\/2025\/06\/ChatGPT-Image-3-de-jun.-de-2025-19_04_53.png?w=1024&amp;ssl=1 1024w\" sizes=\"(max-width: 200px) 100vw, 200px\" \/><\/a><\/figure>\n\n\n\n<hr class=\"wp-block-separator has-alpha-channel-opacity\"\/>\n\n\n\n<h2 id='v\u00eddeo-como-lavar-e-cuidar-dos-len\u00e7\u00f3is-corretamente'  id=\"boomdevs_4\" class=\"wp-block-heading\">[V\u00eddeo] Como lavar e cuidar dos len\u00e7\u00f3is corretamente<\/h2>\n\n\n\n<p>Assista: <a href=\"https:\/\/www.youtube.com\/watch?v=icjXwxstJKI&amp;pp=ygVBQ29tbyBsYXZhciBsZW7Dp8OzaXMgZSBtYW50ZXIgYSBjYW1hIHNlbXByZSBsaW1wYSAocGFzc28gYSBwYXNzbyk%3D\" data-type=\"link\" data-id=\"https:\/\/www.youtube.com\/watch?v=icjXwxstJKI&amp;pp=ygVBQ29tbyBsYXZhciBsZW7Dp8OzaXMgZSBtYW50ZXIgYSBjYW1hIHNlbXByZSBsaW1wYSAocGFzc28gYSBwYXNzbyk%3D\" target=\"_blank\" rel=\"noopener\">Como lavar len\u00e7\u00f3is e manter a cama sempre limpa (passo a passo)<\/a><\/p>\n\n\n\n<figure class=\"wp-block-embed is-type-video is-provider-youtube wp-block-embed-youtube wp-embed-aspect-16-9 wp-has-aspect-ratio\"><div class=\"wp-block-embed__wrapper\">\n<iframe title=\"7 SEGREDOS DE COMO LAVAR ROUPA COM PERFEI\u00c7\u00c3O | FL\u00c1VIA FERRARI\" width=\"720\" height=\"405\" src=\"https:\/\/www.youtube.com\/embed\/icjXwxstJKI?feature=oembed\" frameborder=\"0\" allow=\"accelerometer; autoplay; clipboard-write; encrypted-media; gyroscope; picture-in-picture; web-share\" referrerpolicy=\"strict-origin-when-cross-origin\" allowfullscreen><\/iframe>\n<\/div><\/figure>\n\n\n\n<p><em>Dica: Aproveite para aprender tamb\u00e9m como eliminar \u00e1caros e deixar o len\u00e7ol sempre macio e cheiroso!<\/em><\/p>\n\n\n\n<hr class=\"wp-block-separator has-alpha-channel-opacity\"\/>\n\n\n\n<h2 id='trocar-o-len\u00e7ol-da-cama-sim'  id=\"boomdevs_5\" class=\"wp-block-heading\">Trocar o len\u00e7ol da cama? Sim!<\/h2>\n\n\n\n<p>Trocar o len\u00e7ol da cama regularmente \u00e9 aquele cuidado simples que faz toda diferen\u00e7a para a sa\u00fade, o bem-estar e at\u00e9 para dormir melhor. N\u00e3o precisa complicar: mantenha pelo menos uma troca por semana, ajuste conforme sua rotina e aposte nas dicas para uma cama sempre limpa, cheirosa e gostosa de deitar.<\/p>\n\n\n\n<p>Agora conta aqui: voc\u00ea j\u00e1 trocava o len\u00e7ol nesse intervalo ou ficou surpreso(a) com as recomenda\u00e7\u00f5es? Aproveite para compartilhar com quem sempre esquece de trocar o jogo de cama \u2014 \u00e9 um carinho que faz bem pra todo mundo! Gostou do nosso artigo sobre trocar o len\u00e7ol da cama? Voc\u00ea pode ver mais navegando em nosso portal.<\/p>\n\n\n\n<hr class=\"wp-block-separator has-alpha-channel-opacity\"\/>\n\n\n\n<a href=\"https:\/\/1truenote.com\/camas-dobraveis-embutidas-para-microcasas-compactas\/\" style=\"text-decoration: none;\">\n  <div style=\"display: flex; justify-content: space-between; align-items: center; background: #d44a00; padding: 12px 20px; color: white; font-family: Arial, sans-serif;\">\n    <strong style=\"color: black;\">LEIA TAMB\u00c9M:<\/strong>\n    <span style=\"margin-left: 8px; flex: 1;\">Camas dobr\u00e1veis embutidas para microcasas compactas<\/span>\n    <div style=\"background: #f2802f; padding: 8px 12px; border-radius: 2px; margin-left: 10px;\">\n      <span style=\"color: white; font-weight: bold;\">\u27a4<\/span>\n    <\/div>\n  <\/div>\n<\/a>\n\n\n\n\n<hr class=\"wp-block-separator has-alpha-channel-opacity\"\/>\n\n\n\n<h2 id='faq-d\u00favidas-frequentes-sobre-trocar-o-len\u00e7ol-da-cama'  id=\"boomdevs_6\" class=\"wp-block-heading\">FAQ: D\u00favidas frequentes sobre trocar o len\u00e7ol da cama<\/h2>\n\n\n<div id=\"rank-math-faq\" class=\"rank-math-block\">\n<div class=\"rank-math-list \">\n<div id=\"faq-question-1749825236653\" class=\"rank-math-list-item\">\n<h3 id='trocar-len\u00e7ol-toda-semana-n\u00e3o-\u00e9-exagero'  id=\"boomdevs_7\" class=\"rank-math-question \">Trocar len\u00e7ol toda semana n\u00e3o \u00e9 exagero?<\/h3>\n<div class=\"rank-math-answer \">\n\n<p>Parece muito, mas \u00e9 o m\u00ednimo recomendado. Se voc\u00ea tem alergias, pets ou transpira bastante, o ideal \u00e9 trocar at\u00e9 mais vezes.<\/p>\n\n<\/div>\n<\/div>\n<div id=\"faq-question-1749825237823\" class=\"rank-math-list-item\">\n<h3 id='preciso-lavar-edredom-e-cobertor-com-a-mesma-frequ\u00eancia'  id=\"boomdevs_8\" class=\"rank-math-question \">Preciso lavar edredom e cobertor com a mesma frequ\u00eancia?<\/h3>\n<div class=\"rank-math-answer \">\n\n<p>N\u00e3o. Edredom e cobertor podem ser lavados a cada 1 ou 2 meses (a menos que estejam visivelmente sujos ou com cheiro).<\/p>\n\n<\/div>\n<\/div>\n<div id=\"faq-question-1749825238706\" class=\"rank-math-list-item\">\n<h3 id='o-que-acontece-se-eu-n\u00e3o-trocar-o-len\u00e7ol-com-frequ\u00eancia'  id=\"boomdevs_9\" class=\"rank-math-question \">O que acontece se eu n\u00e3o trocar o len\u00e7ol com frequ\u00eancia?<\/h3>\n<div class=\"rank-math-answer \">\n\n<p>Risco maior de alergias, problemas respirat\u00f3rios, prolifera\u00e7\u00e3o de \u00e1caros e at\u00e9 infec\u00e7\u00f5es de pele.<\/p>\n\n<\/div>\n<\/div>\n<div id=\"faq-question-1749825239286\" class=\"rank-math-list-item\">\n<h3 id='pode-usar-amaciante-no-len\u00e7ol'  id=\"boomdevs_10\" class=\"rank-math-question \">Pode usar amaciante no len\u00e7ol?<\/h3>\n<div class=\"rank-math-answer \">\n\n<p>Pode, mas prefira amaciantes suaves e n\u00e3o exagere, para n\u00e3o acumular res\u00edduos.<\/p>\n\n<\/div>\n<\/div>\n<div id=\"faq-question-1749825275895\" class=\"rank-math-list-item\">\n<h3 id='posso-dormir-direto-sobre-o-colch\u00e3o-sem-len\u00e7ol'  id=\"boomdevs_11\" class=\"rank-math-question \">Posso dormir direto sobre o colch\u00e3o, sem len\u00e7ol?<\/h3>\n<div class=\"rank-math-answer \">\n\n<p>N\u00e3o \u00e9 indicado! O len\u00e7ol protege o colch\u00e3o e facilita a higiene. Al\u00e9m disso, dormir direto pode desgastar mais r\u00e1pido o tecido do colch\u00e3o.<\/p>\n\n<\/div>\n<\/div>\n<\/div>\n<\/div>\n\n\n<figure class=\"wp-block-image aligncenter size-large\"><img data-recalc-dims=\"1\" decoding=\"async\" width=\"1024\" height=\"683\" src=\"https:\/\/i0.wp.com\/1truenote.com\/wp-content\/uploads\/2025\/06\/20250613_1144_Arrumando-a-Cama_simple_compose_01jxmvyagkf5nbznma3tn2zqvw.png?resize=1024%2C683&#038;ssl=1\" alt=\"Trocar o len\u00e7ol da cama\" class=\"wp-image-2986\" srcset=\"https:\/\/i0.wp.com\/1truenote.com\/wp-content\/uploads\/2025\/06\/20250613_1144_Arrumando-a-Cama_simple_compose_01jxmvyagkf5nbznma3tn2zqvw.png?resize=1024%2C683&amp;ssl=1 1024w, https:\/\/i0.wp.com\/1truenote.com\/wp-content\/uploads\/2025\/06\/20250613_1144_Arrumando-a-Cama_simple_compose_01jxmvyagkf5nbznma3tn2zqvw.png?resize=300%2C200&amp;ssl=1 300w, https:\/\/i0.wp.com\/1truenote.com\/wp-content\/uploads\/2025\/06\/20250613_1144_Arrumando-a-Cama_simple_compose_01jxmvyagkf5nbznma3tn2zqvw.png?resize=768%2C512&amp;ssl=1 768w, https:\/\/i0.wp.com\/1truenote.com\/wp-content\/uploads\/2025\/06\/20250613_1144_Arrumando-a-Cama_simple_compose_01jxmvyagkf5nbznma3tn2zqvw.png?resize=150%2C100&amp;ssl=1 150w, https:\/\/i0.wp.com\/1truenote.com\/wp-content\/uploads\/2025\/06\/20250613_1144_Arrumando-a-Cama_simple_compose_01jxmvyagkf5nbznma3tn2zqvw.png?w=1536&amp;ssl=1 1536w\" sizes=\"(max-width: 1024px) 100vw, 1024px\" \/><\/figure>\n","protected":false},"excerpt":{"rendered":"<p>Trocar o len\u00e7ol da cama? Vamos ser sinceros: Quem nunca ficou na d\u00favida sobre quantos dias pode usar o mesmo&#8230;<\/p>","protected":false},"author":1,"featured_media":2986,"comment_status":"open","ping_status":"open","sticky":false,"template":"","format":"standard","meta":{"_kad_post_transparent":"","_kad_post_title":"","_kad_post_layout":"","_kad_post_sidebar_id":"","_kad_post_content_style":"","_kad_post_vertical_padding":"","_kad_post_feature":"","_kad_post_feature_position":"","_kad_post_header":false,"_kad_post_footer":false,"_kad_post_classname":"","footnotes":"","jetpack_publicize_message":"Trocar o len\u00e7ol da cama? Vamos ser sinceros: Quem nunca ficou na d\u00favida sobre quantos dias pode usar o mesmo len\u00e7ol, sem culpa? Afinal, trocar a roupa de cama \u00e9 uma daquelas tarefas que a gente adora adiar... mas deveria prestar mais aten\u00e7\u00e3o. O que muita gente n\u00e3o imagina \u00e9 que aquele len\u00e7ol limpinho, cheiroso, pode rapidamente virar morada de \u00e1caros, bact\u00e9rias e at\u00e9 fungos, s\u00f3 esperando um vacilo para se multiplicar.\n\nE n\u00e3o tem jeito:\u2026\n\n#carvalhoconsultoriabrasil #truenote #decor #decoracao #dicas #len\u00e7ol #cama #arrumaracama #trocarlen\u00e7ol #limpeza #organizacao #roupadecama","jetpack_publicize_feature_enabled":true,"jetpack_social_post_already_shared":true,"jetpack_social_options":{"image_generator_settings":{"template":"highway","default_image_id":0,"enabled":false},"version":2}},"categories":[1],"tags":[11,15,14],"class_list":["post-2984","post","type-post","status-publish","format-standard","has-post-thumbnail","hentry","category-novidades","tag-conforto-noturno","tag-conservacao-e-manutencao","tag-interiores-inovadores"],"jetpack_publicize_connections":[],"jetpack_featured_media_url":"https:\/\/i0.wp.com\/1truenote.com\/wp-content\/uploads\/2025\/06\/20250613_1144_Arrumando-a-Cama_simple_compose_01jxmvyagkf5nbznma3tn2zqvw.png?fit=1536%2C1024&ssl=1","jetpack_sharing_enabled":true,"_links":{"self":[{"href":"https:\/\/1truenote.com\/en\/wp-json\/wp\/v2\/posts\/2984","targetHints":{"allow":["GET"]}}],"collection":[{"href":"https:\/\/1truenote.com\/en\/wp-json\/wp\/v2\/posts"}],"about":[{"href":"https:\/\/1truenote.com\/en\/wp-json\/wp\/v2\/types\/post"}],"author":[{"embeddable":true,"href":"https:\/\/1truenote.com\/en\/wp-json\/wp\/v2\/users\/1"}],"replies":[{"embeddable":true,"href":"https:\/\/1truenote.com\/en\/wp-json\/wp\/v2\/comments?post=2984"}],"version-history":[{"count":1,"href":"https:\/\/1truenote.com\/en\/wp-json\/wp\/v2\/posts\/2984\/revisions"}],"predecessor-version":[{"id":2987,"href":"https:\/\/1truenote.com\/en\/wp-json\/wp\/v2\/posts\/2984\/revisions\/2987"}],"wp:featuredmedia":[{"embeddable":true,"href":"https:\/\/1truenote.com\/en\/wp-json\/wp\/v2\/media\/2986"}],"wp:attachment":[{"href":"https:\/\/1truenote.com\/en\/wp-json\/wp\/v2\/media?parent=2984"}],"wp:term":[{"taxonomy":"category","embeddable":true,"href":"https:\/\/1truenote.com\/en\/wp-json\/wp\/v2\/categories?post=2984"},{"taxonomy":"post_tag","embeddable":true,"href":"https:\/\/1truenote.com\/en\/wp-json\/wp\/v2\/tags?post=2984"}],"curies":[{"name":"wp","href":"https:\/\/api.w.org\/{rel}","templated":true}]}}