{"id":2954,"date":"2025-06-13T08:00:00","date_gmt":"2025-06-13T11:00:00","guid":{"rendered":"https:\/\/1truenote.com\/?p=2954"},"modified":"2025-06-12T15:37:44","modified_gmt":"2025-06-12T18:37:44","slug":"flor-seca-para-decoracao-dicas-e-inspiracoes","status":"publish","type":"post","link":"https:\/\/1truenote.com\/en\/flor-seca-para-decoracao-dicas-e-inspiracoes\/","title":{"rendered":"Flor seca para decora\u00e7\u00e3o: Descubra o charme e as melhores ideias para transformar seu ambiente"},"content":{"rendered":"<p><strong>Flor seca para decora\u00e7\u00e3o<\/strong>. Se voc\u00ea ama ambientes estilosos e quer dar um toque especial na decora\u00e7\u00e3o sem se preocupar em trocar flores toda semana, est\u00e1 no lugar certo. A tend\u00eancia de usar <strong>flor seca para decora\u00e7\u00e3o<\/strong> explodiu nos \u00faltimos tempos e, sinceramente? \u00c9 f\u00e1cil entender o porqu\u00ea!<\/p>\n\n\n\n<p>Aquele arranjo de flores secas vai muito al\u00e9m de um detalhe bonito \u2014 ele traz personalidade, aconchego e at\u00e9 um ar retr\u00f4 moderninho para qualquer canto da casa. E n\u00e3o pense que \u00e9 s\u00f3 para quem curte decora\u00e7\u00e3o r\u00fastica n\u00e3o, viu? Com tantas op\u00e7\u00f5es, d\u00e1 pra criar ambientes cl\u00e1ssicos, minimalistas, boho e at\u00e9 super coloridos.<\/p>\n\n\n\n<p>Lembro da primeira vez que apostei em um vasinho de lavanda seca na sala: al\u00e9m do visual delicado, veio um cheirinho incr\u00edvel que transformou o ambiente sem esfor\u00e7o. E o melhor? N\u00e3o precisei me preocupar com troca de \u00e1gua ou p\u00e9talas caindo pela casa. Ou seja, praticidade com um toque de carinho.<\/p>\n\n\n\n<hr class=\"wp-block-separator has-alpha-channel-opacity\"\/>\n\n\n\n<h2 id='tipos-de-flor-seca-para-decora\u00e7\u00e3o-que-conquistam-qualquer-ambiente'  class=\"wp-block-heading\">Tipos de flor seca para decora\u00e7\u00e3o que conquistam qualquer ambiente<\/h2>\n\n\n\n<p>Quando a gente fala em flor seca para decora\u00e7\u00e3o, logo vem \u00e0 cabe\u00e7a lavanda e capim-dos-pampas, n\u00e9? Mas o universo vai muito al\u00e9m! Olha s\u00f3 algumas das op\u00e7\u00f5es mais amadas:<\/p>\n\n\n\n<ul class=\"wp-block-list\">\n<li><strong>Lavanda:<\/strong> Perfuma e relaxa, perfeita pra quartos e espa\u00e7os de leitura.<\/li>\n\n\n\n<li><strong>Girassol seco:<\/strong> D\u00e1 aquele up de cor e alegria em qualquer cantinho.<\/li>\n\n\n\n<li><strong>Capim-dos-pampas:<\/strong> Imbat\u00edvel pra criar arranjos modernos, com toque boho-chic.<\/li>\n\n\n\n<li><strong>Sempre-viva:<\/strong> Fofa, delicada e cheia de charme, \u00f3tima pra arranjos e mini buqu\u00eas.<\/li>\n\n\n\n<li><strong>Rosas secas:<\/strong> Rom\u00e2nticas, combinam tanto com decora\u00e7\u00f5es cl\u00e1ssicas quanto modernas.<\/li>\n\n\n\n<li><strong>Cravo, hort\u00eansia, g\u00e9rbera:<\/strong> Texturas e cores para quem gosta de arranjos criativos e vibrantes.<\/li>\n<\/ul>\n\n\n\n<a href=\"https:\/\/1truenote.com\/en\/plantas-que-florescem-no-inverno\/\" style=\"text-decoration: none;\">\n  <div style=\"display: flex; justify-content: space-between; align-items: center; background: #d44a00; padding: 12px 20px; color: white; font-family: Arial, sans-serif;\">\n    <strong style=\"color: black;\">READ ALSO:<\/strong>\n    <span style=\"margin-left: 8px; flex: 1;\">Essas 7 plantas desafiam o inverno com flores deslumbrantes<\/span>\n    <div style=\"background: #f2802f; padding: 8px 12px; border-radius: 2px; margin-left: 10px;\">\n      <span style=\"color: white; font-weight: bold;\">\u27a4<\/span>\n    <\/div>\n  <\/div>\n<\/a>\n\n\n\n<h3 id='tabela-principais-flores-secas-e-suas-caracter\u00edsticas'  class=\"wp-block-heading\">Tabela: principais flores secas e suas caracter\u00edsticas<\/h3>\n\n\n\n<figure class=\"wp-block-table\"><table class=\"has-fixed-layout\"><thead><tr><th>Tipo de flor<\/th><th>Estilo que combina<\/th><th>Dica de uso<\/th><\/tr><\/thead><tbody><tr><td>Lavanda<\/td><td>R\u00fastico, minimalista<\/td><td>Vasos pequenos, sach\u00eas perfumados<\/td><\/tr><tr><td>Girassol<\/td><td>Colorido, alegre<\/td><td>Centros de mesa, quadros decorativos<\/td><\/tr><tr><td>Capim-dos-pampas<\/td><td>Boho, moderno<\/td><td>Arranjos altos, vasos de ch\u00e3o<\/td><\/tr><tr><td>Sempre-viva<\/td><td>Delicado, rom\u00e2ntico<\/td><td>Buqu\u00eas pequenos, detalhes na mesa<\/td><\/tr><tr><td>Hort\u00eansia<\/td><td>Cl\u00e1ssico, sofisticado<\/td><td>Vasos de vidro, arranjos volumosos<\/td><\/tr><\/tbody><\/table><\/figure>\n\n\n\n<hr class=\"wp-block-separator has-alpha-channel-opacity\"\/>\n\n\n\n<h2 id='como-usar-flor-seca-para-decora\u00e7\u00e3o-de-um-jeito-criativo-e-sem-erro'  class=\"wp-block-heading\">Como usar flor seca para decora\u00e7\u00e3o de um jeito criativo e sem erro<\/h2>\n\n\n\n<p>A grande m\u00e1gica das flores secas \u00e9 a versatilidade. Voc\u00ea pode criar desde um visual super clean at\u00e9 um arranjo tem\u00e1tico, dependendo da ocasi\u00e3o e do ambiente.<\/p>\n\n\n\n<ul class=\"wp-block-list\">\n<li><strong>Arranjos em vasos de vidro ou cer\u00e2mica:<\/strong> Cl\u00e1ssicos, nunca falham e combinam com tudo.<\/li>\n\n\n\n<li><strong>Guirlandas para portas ou paredes:<\/strong> Perfeitas pra dar as boas-vindas com personalidade.<\/li>\n\n\n\n<li><strong>Decora\u00e7\u00e3o de festas:<\/strong> Casamento, anivers\u00e1rio ou jantar especial \u2014 as flores secas s\u00e3o curingas!<\/li>\n\n\n\n<li><strong>Quadros decorativos:<\/strong> J\u00e1 pensou em montar um quadro com mini buqu\u00eas ou flores prensadas? Fica lindo e exclusivo.<\/li>\n\n\n\n<li><strong>Pequenos detalhes:<\/strong> Almofadas, marcadores de livros, sousplats&#8230; tudo pode ganhar um toque floral!<\/li>\n<\/ul>\n\n\n\n<h3 id='lista-r\u00e1pida-dicas-para-sua-flor-seca-durar-mais'  class=\"wp-block-heading\">Lista r\u00e1pida: dicas para sua flor seca durar mais<\/h3>\n\n\n\n<ul class=\"wp-block-list\">\n<li>Evite ambientes \u00famidos (banheiro nem pensar!)<\/li>\n\n\n\n<li>Limpe o p\u00f3 com um pincel bem macio<\/li>\n\n\n\n<li>N\u00e3o exponha diretamente ao sol, para n\u00e3o desbotar<\/li>\n\n\n\n<li>Se precisar, borrife fixador de cabelo para manter a forma<\/li>\n<\/ul>\n\n\n\n<hr class=\"wp-block-separator has-alpha-channel-opacity\"\/>\n\n\n\n<figure class=\"wp-block-image aligncenter size-medium\"><a href=\"https:\/\/chat.whatsapp.com\/KJBkp5LFJVRIvmt5X3hSEh\" target=\"_blank\" rel=\"noopener\"><img data-recalc-dims=\"1\" fetchpriority=\"high\" decoding=\"async\" width=\"200\" height=\"300\" src=\"https:\/\/i0.wp.com\/1truenote.com\/wp-content\/uploads\/2025\/06\/ChatGPT-Image-3-de-jun.-de-2025-19_04_53.png?resize=200%2C300&#038;ssl=1\" alt=\"chamada banner advetorial whats\" class=\"wp-image-2683\" srcset=\"https:\/\/i0.wp.com\/1truenote.com\/wp-content\/uploads\/2025\/06\/ChatGPT-Image-3-de-jun.-de-2025-19_04_53.png?resize=200%2C300&amp;ssl=1 200w, https:\/\/i0.wp.com\/1truenote.com\/wp-content\/uploads\/2025\/06\/ChatGPT-Image-3-de-jun.-de-2025-19_04_53.png?resize=683%2C1024&amp;ssl=1 683w, https:\/\/i0.wp.com\/1truenote.com\/wp-content\/uploads\/2025\/06\/ChatGPT-Image-3-de-jun.-de-2025-19_04_53.png?resize=768%2C1152&amp;ssl=1 768w, https:\/\/i0.wp.com\/1truenote.com\/wp-content\/uploads\/2025\/06\/ChatGPT-Image-3-de-jun.-de-2025-19_04_53.png?resize=150%2C225&amp;ssl=1 150w, https:\/\/i0.wp.com\/1truenote.com\/wp-content\/uploads\/2025\/06\/ChatGPT-Image-3-de-jun.-de-2025-19_04_53.png?w=1024&amp;ssl=1 1024w\" sizes=\"(max-width: 200px) 100vw, 200px\" \/><\/a><\/figure>\n\n\n\n<hr class=\"wp-block-separator has-alpha-channel-opacity\"\/>\n\n\n\n<h2 id='flor-seca-para-decora\u00e7\u00e3o'  class=\"wp-block-heading\">Flor seca para decora\u00e7\u00e3o<\/h2>\n\n\n\n<p>Usar <strong>flor seca para decora\u00e7\u00e3o<\/strong> \u00e9 um jeito inteligente de trazer charme e personalidade para qualquer ambiente, sem aquela correria de trocar \u00e1gua ou flores murchando antes da hora. Elas duram, s\u00e3o acess\u00edveis, e o melhor: permitem soltar a criatividade para criar desde arranjos simples at\u00e9 verdadeiras obras de arte!<\/p>\n\n\n\n<p>Se voc\u00ea quer transformar o seu espa\u00e7o com praticidade e estilo, j\u00e1 pode apostar nas flores secas sem medo. Ah, e depois conta aqui: qual foi a sua combina\u00e7\u00e3o preferida? Quem sabe n\u00e3o rola um desafio de decora\u00e7\u00e3o com flor seca por aqui? \ud83d\ude09<\/p>\n\n\n\n<hr class=\"wp-block-separator has-alpha-channel-opacity\"\/>\n\n\n\n<a href=\"https:\/\/1truenote.com\/en\/plantas-que-florescem-no-inverno\/\" style=\"text-decoration: none;\">\n  <div style=\"display: flex; justify-content: space-between; align-items: center; background: #d44a00; padding: 12px 20px; color: white; font-family: Arial, sans-serif;\">\n    <strong style=\"color: black;\">READ ALSO:<\/strong>\n    <span style=\"margin-left: 8px; flex: 1;\">Essas 7 plantas desafiam o inverno com flores deslumbrantes<\/span>\n    <div style=\"background: #f2802f; padding: 8px 12px; border-radius: 2px; margin-left: 10px;\">\n      <span style=\"color: white; font-weight: bold;\">\u27a4<\/span>\n    <\/div>\n  <\/div>\n<\/a>\n\n\n\n\n<hr class=\"wp-block-separator has-alpha-channel-opacity\"\/>\n\n\n\n<h2 id='faq-d\u00favidas-frequentes-sobre-flor-seca-para-decora\u00e7\u00e3o'  class=\"wp-block-heading\">FAQ &#8211; D\u00favidas frequentes sobre flor seca para decora\u00e7\u00e3o<\/h2>\n\n\n<div id=\"rank-math-faq\" class=\"rank-math-block\">\n<div class=\"rank-math-list\">\n<div id=\"faq-question-1749752811373\" class=\"rank-math-list-item\">\n<h3 id='flor-seca-pega-p\u00f3-f\u00e1cil'  class=\"rank-math-question\">Flor seca pega p\u00f3 f\u00e1cil?<\/h3>\n<div class=\"rank-math-answer\">\n\n<p>Sim, mas \u00e9 s\u00f3 limpar com um pincel suave de tempos em tempos.<\/p>\n\n<\/div>\n<\/div>\n<div id=\"faq-question-1749752812579\" class=\"rank-math-list-item\">\n<h3 id='posso-fazer-minha-pr\u00f3pria-flor-seca-em-casa'  class=\"rank-math-question\">Posso fazer minha pr\u00f3pria flor seca em casa?<\/h3>\n<div class=\"rank-math-answer\">\n\n<p>Com certeza! Basta pendurar as flores de cabe\u00e7a para baixo em local arejado e esperar secar naturalmente.<\/p>\n\n<\/div>\n<\/div>\n<div id=\"faq-question-1749752813428\" class=\"rank-math-list-item\">\n<h3 id='flor-seca-tem-cheiro'  class=\"rank-math-question\">Flor seca tem cheiro?<\/h3>\n<div class=\"rank-math-answer\">\n\n<p>Depende da esp\u00e9cie. Lavanda, por exemplo, mant\u00e9m o perfume suave por bastante tempo!<\/p>\n\n<\/div>\n<\/div>\n<div id=\"faq-question-1749752814404\" class=\"rank-math-list-item\">\n<h3 id='onde-comprar-flor-seca-para-decora\u00e7\u00e3o'  class=\"rank-math-question\">Onde comprar flor seca para decora\u00e7\u00e3o?<\/h3>\n<div class=\"rank-math-answer\">\n\n<p>Al\u00e9m de floriculturas tradicionais, h\u00e1 v\u00e1rias lojas online (Amazon, Mercado Livre, Shopee) e marcas especializadas, como Oficina do Florista e Clarat\u00ed Flores.<\/p>\n\n<\/div>\n<\/div>\n<\/div>\n<\/div>\n\n\n<figure class=\"wp-block-image aligncenter size-large\"><img data-recalc-dims=\"1\" decoding=\"async\" width=\"1024\" height=\"683\" src=\"https:\/\/i0.wp.com\/1truenote.com\/wp-content\/uploads\/2025\/06\/ChatGPT-Image-12-de-jun.-de-2025-15_32_48.png?resize=1024%2C683&#038;ssl=1\" alt=\"flor seca para decora\u00e7\u00e3o\" class=\"wp-image-2955\" srcset=\"https:\/\/i0.wp.com\/1truenote.com\/wp-content\/uploads\/2025\/06\/ChatGPT-Image-12-de-jun.-de-2025-15_32_48.png?resize=1024%2C683&amp;ssl=1 1024w, https:\/\/i0.wp.com\/1truenote.com\/wp-content\/uploads\/2025\/06\/ChatGPT-Image-12-de-jun.-de-2025-15_32_48.png?resize=300%2C200&amp;ssl=1 300w, https:\/\/i0.wp.com\/1truenote.com\/wp-content\/uploads\/2025\/06\/ChatGPT-Image-12-de-jun.-de-2025-15_32_48.png?resize=768%2C512&amp;ssl=1 768w, https:\/\/i0.wp.com\/1truenote.com\/wp-content\/uploads\/2025\/06\/ChatGPT-Image-12-de-jun.-de-2025-15_32_48.png?resize=150%2C100&amp;ssl=1 150w, https:\/\/i0.wp.com\/1truenote.com\/wp-content\/uploads\/2025\/06\/ChatGPT-Image-12-de-jun.-de-2025-15_32_48.png?w=1536&amp;ssl=1 1536w\" sizes=\"(max-width: 1024px) 100vw, 1024px\" \/><\/figure>","protected":false},"excerpt":{"rendered":"<p>Flor seca para decora\u00e7\u00e3o. Se voc\u00ea ama ambientes estilosos e quer dar um toque especial na decora\u00e7\u00e3o sem se preocupar&#8230;<\/p>","protected":false},"author":1,"featured_media":2955,"comment_status":"open","ping_status":"open","sticky":false,"template":"","format":"standard","meta":{"_kad_post_transparent":"","_kad_post_title":"","_kad_post_layout":"","_kad_post_sidebar_id":"","_kad_post_content_style":"","_kad_post_vertical_padding":"","_kad_post_feature":"","_kad_post_feature_position":"","_kad_post_header":false,"_kad_post_footer":false,"_kad_post_classname":"","footnotes":"","jetpack_publicize_message":"Flor seca para decora\u00e7\u00e3o. Se voc\u00ea ama ambientes estilosos e quer dar um toque especial na decora\u00e7\u00e3o sem se preocupar em trocar flores toda semana, est\u00e1 no lugar certo. A tend\u00eancia de usar flor seca para decora\u00e7\u00e3o explodiu nos \u00faltimos tempos e, sinceramente? \u00c9 f\u00e1cil entender o porqu\u00ea!\n\nAquele arranjo de flores secas vai muito al\u00e9m de um detalhe bonito \u2014 ele traz personalidade, aconchego e at\u00e9 um ar retr\u00f4 moderninho para qualquer canto d\u2026\n\n#carvalhoconsultoriabrasil #truenote #decor #decoracao #florseca #flor #plantassecas #plantaseca #floressecas #casaejardim #charme #planta #aconchego","jetpack_publicize_feature_enabled":true,"jetpack_social_post_already_shared":true,"jetpack_social_options":{"image_generator_settings":{"template":"highway","default_image_id":0,"enabled":false},"version":2}},"categories":[16],"tags":[13,14,29],"class_list":["post-2954","post","type-post","status-publish","format-standard","has-post-thumbnail","hentry","category-casa-e-jardim","tag-minimalista","tag-interiores-inovadores","tag-jardim"],"jetpack_publicize_connections":[],"jetpack_featured_media_url":"https:\/\/i0.wp.com\/1truenote.com\/wp-content\/uploads\/2025\/06\/ChatGPT-Image-12-de-jun.-de-2025-15_32_48.png?fit=1536%2C1024&ssl=1","jetpack_sharing_enabled":true,"_links":{"self":[{"href":"https:\/\/1truenote.com\/en\/wp-json\/wp\/v2\/posts\/2954","targetHints":{"allow":["GET"]}}],"collection":[{"href":"https:\/\/1truenote.com\/en\/wp-json\/wp\/v2\/posts"}],"about":[{"href":"https:\/\/1truenote.com\/en\/wp-json\/wp\/v2\/types\/post"}],"author":[{"embeddable":true,"href":"https:\/\/1truenote.com\/en\/wp-json\/wp\/v2\/users\/1"}],"replies":[{"embeddable":true,"href":"https:\/\/1truenote.com\/en\/wp-json\/wp\/v2\/comments?post=2954"}],"version-history":[{"count":1,"href":"https:\/\/1truenote.com\/en\/wp-json\/wp\/v2\/posts\/2954\/revisions"}],"predecessor-version":[{"id":2956,"href":"https:\/\/1truenote.com\/en\/wp-json\/wp\/v2\/posts\/2954\/revisions\/2956"}],"wp:featuredmedia":[{"embeddable":true,"href":"https:\/\/1truenote.com\/en\/wp-json\/wp\/v2\/media\/2955"}],"wp:attachment":[{"href":"https:\/\/1truenote.com\/en\/wp-json\/wp\/v2\/media?parent=2954"}],"wp:term":[{"taxonomy":"category","embeddable":true,"href":"https:\/\/1truenote.com\/en\/wp-json\/wp\/v2\/categories?post=2954"},{"taxonomy":"post_tag","embeddable":true,"href":"https:\/\/1truenote.com\/en\/wp-json\/wp\/v2\/tags?post=2954"}],"curies":[{"name":"wp","href":"https:\/\/api.w.org\/{rel}","templated":true}]}}