{"id":2931,"date":"2025-06-12T12:00:00","date_gmt":"2025-06-12T15:00:00","guid":{"rendered":"https:\/\/1truenote.com\/?p=2931"},"modified":"2025-09-27T17:42:53","modified_gmt":"2025-09-27T20:42:53","slug":"estante-aberta-como-transformar-sua-parede","status":"publish","type":"post","link":"https:\/\/1truenote.com\/en\/estante-aberta-como-transformar-sua-parede\/","title":{"rendered":"Essas ideias de estante aberta v\u00e3o transformar sua parede em destaque"},"content":{"rendered":"<div class=\"fit_content\">\n                <div class=\"bd_toc_container\" data-fixedwidth=\"\">\n                    <div class=\"bd_toc_wrapper\" data-wrapperpadding=\"48px\">\n                        <div class=\"bd_toc_wrapper_item\">\n                            <div class=\"bd_toc_header active\" data-headerpadding=\"2px\">\n                                <div class=\"bd_toc_header_title\">\n                                    Sum\u00e1rio                                <\/div>\n                                <div class=\"bd_toc_switcher_hide_show_icon\">\n                                    <span class=\"bd_toc_arrow\"><\/span>                                <\/div>\n                            <\/div>\n                            <div class=\"bd_toc_content list-type-number\">\n                                <div class=\"bd_toc_content_list\">\n                                    <div class='bd_toc_content_list_item'>    <ul>\n      <li class=\"first\">\n        <a href=\"#1-por-que-escolher-estantes-abertas\">1. Por que escolher estantes abertas?<\/a>\n      <\/li>\n      <li>\n        <a href=\"#2-dicas-de-decora\u00e7\u00e3o-eficazes\">2. Dicas de decora\u00e7\u00e3o eficazes<\/a>\n      <\/li>\n      <li>\n        <a href=\"#3-ideias-pr\u00e1ticas-para-copiar\">3. Ideias pr\u00e1ticas para copiar<\/a>\n      <\/li>\n      <li>\n        <a href=\"#4-como-escolher-o-modelo-ideal\">4. Como escolher o modelo ideal?<\/a>\n      <\/li>\n      <li>\n        <a href=\"#5-montagem-e-manuten\u00e7\u00e3o\">5. Montagem e manuten\u00e7\u00e3o<\/a>\n      <\/li>\n      <li>\n        <a href=\"#6-inspira\u00e7\u00e3o-real\">6. Inspira\u00e7\u00e3o real<\/a>\n      <\/li>\n      <li>\n        <a href=\"#7-toque-final-tecnol\u00f3gico\">7. Toque final tecnol\u00f3gico<\/a>\n      <\/li>\n      <li>\n        <a href=\"#\ud83d\udca1-por-que-aderir-\u00e0s-estantes-abertas\">\ud83d\udca1 Por que aderir \u00e0s estantes abertas?<\/a>\n      <\/li>\n      <li>\n        <a href=\"#dicas-essenciais-para-montar-a-sua-estante-aberta\">Dicas essenciais para montar a sua estante aberta<\/a>\n      <\/li>\n      <li>\n        <a href=\"#modelos-inspiradores\">Modelos inspiradores<\/a>\n      <\/li>\n      <li>\n        <a href=\"#como-organizar-sem-bagun\u00e7a\">Como organizar sem bagun\u00e7a<\/a>\n      <\/li>\n      <li>\n        <a href=\"#adicionando-personalidade-mais-do-que-decora\u00e7\u00e3o\">Adicionando personalidade: Mais do que decora\u00e7\u00e3o<\/a>\n      <\/li>\n      <li>\n        <a href=\"#\ud83c\udfac-veja-como-organizar-com-estilo\">\ud83c\udfac Veja como organizar com estilo<\/a>\n      <\/li>\n      <li>\n        <a href=\"#estante-aberta\">Estante aberta<\/a>\n      <\/li>\n      <li class=\"last\">\n        <a href=\"#faq-sobre-estante-aberta\">FAQ sobre estante aberta<\/a>\n        <ul class=\"menu_level_2\">\n          <li class=\"first\">\n            <a href=\"#estante-aberta-serve-em-ambientes-pequenos\">Estante aberta serve em ambientes pequenos?<\/a>\n          <\/li>\n          <li>\n            <a href=\"#precisa-de-revestimento-no-fundo\">Precisa de revestimento no fundo?<\/a>\n          <\/li>\n          <li>\n            <a href=\"#quais-plantas-utilizar\">Quais plantas utilizar?<\/a>\n          <\/li>\n          <li>\n            <a href=\"#como-limpar-a-estante-aberta\">Como limpar a estante aberta?<\/a>\n          <\/li>\n          <li class=\"last\">\n            <a href=\"#vale-usar-no-home-office\">Vale usar no home office?<\/a>\n          <\/li>\n        <\/ul>\n      <\/li>\n    <\/ul>\n<\/div>                                <\/div>\n                            <\/div>\n                        <\/div>\n                    <\/div>\n                    <div class=\"layout_toggle_button\">\n                        <span class=\"bd_toc_arrow\"><\/span>\n                    <\/div>\n                <\/div>\n            <\/div>\n\n    \n\n\n<p><strong>Estante aberta<\/strong>. As estantes abertas s\u00e3o verdadeiros coringas na decora\u00e7\u00e3o: Al\u00e9m de funcionais, elas transformam paredes em pontos de destaque com eleg\u00e2ncia e personalidade. Explore ideias pr\u00e1ticas, inspira\u00e7\u00e3o visual e um guia completo para sua estante aberta ficar incr\u00edvel hoje!<\/p>\n\n\n\n<p>Transformar uma estante aberta em destaque na decora\u00e7\u00e3o \u00e9 um dos caminhos mais eficazes para dar personalidade ao ambiente \u2014 com leveza, funcionalidade e est\u00e9tica. Aqui v\u00e3o dicas, tabela de estilos, ideias inspiradoras e um FAQ para ajudar voc\u00ea a fazer bonito:<\/p>\n\n\n\n<h2 id='1-por-que-escolher-estantes-abertas'  class=\"wp-block-heading\">1. Por que escolher estantes abertas?<\/h2>\n\n\n\n<ul class=\"wp-block-list\">\n<li><strong>Sensa\u00e7\u00e3o de amplitude<\/strong>: A aus\u00eancia de fundo permite a passagem de luz e d\u00e1 continuidade visual ao ambiente.<\/li>\n\n\n\n<li><strong>Versatilidade de estilos<\/strong>: Do industrial ao r\u00fastico, do minimalista ao contempor\u00e2neo \u2014 escolhas de cores, acabamentos e materiais definem a identidade da estante.<\/li>\n\n\n\n<li><strong>Integra\u00e7\u00e3o harmoniosa<\/strong> entre espa\u00e7os, ideal para casas menores ou ambientes integrados.<\/li>\n<\/ul>\n\n\n\n<hr class=\"wp-block-separator has-alpha-channel-opacity\"\/>\n\n\n\n<h2 id='2-dicas-de-decora\u00e7\u00e3o-eficazes'  class=\"wp-block-heading\">2. Dicas de decora\u00e7\u00e3o eficazes<\/h2>\n\n\n\n<p>Inspire-se nos truques que os arquitetos usam com frequ\u00eancia:<\/p>\n\n\n\n<figure class=\"wp-block-table\"><table class=\"has-fixed-layout\"><thead><tr><th>Estrat\u00e9gia<\/th><th>Resultado esperado<\/th><\/tr><\/thead><tbody><tr><td>Agrupar em tr\u00edades<\/td><td>Cria ritmo visual e organiza\u00e7\u00e3o sensata<\/td><\/tr><tr><td>Intercalar livros e objetos<\/td><td>Evita monotonia e destaca pe\u00e7as especiais<\/td><\/tr><tr><td>Espa\u00e7os \u201crespirantes\u201d<\/td><td>Equil\u00edbrio entre cheio e vazio traz eleg\u00e2ncia<\/td><\/tr><tr><td>Pontos de verde (3 mini-plantas)<\/td><td>Frescor e vida em harmonia com a decora\u00e7\u00e3o<\/td><\/tr><tr><td>Material + cor estrat\u00e9gica<\/td><td>Madeira traz aconchego, metal adiciona leveza e estilo<\/td><\/tr><\/tbody><\/table><\/figure>\n\n\n\n<hr class=\"wp-block-separator has-alpha-channel-opacity\"\/>\n\n\n\n<figure class=\"wp-block-image aligncenter size-medium\"><a href=\"https:\/\/chat.whatsapp.com\/KJBkp5LFJVRIvmt5X3hSEh\" target=\"_blank\" rel=\"noopener\"><img data-recalc-dims=\"1\" fetchpriority=\"high\" decoding=\"async\" width=\"200\" height=\"300\" src=\"https:\/\/i0.wp.com\/1truenote.com\/wp-content\/uploads\/2025\/06\/ChatGPT-Image-3-de-jun.-de-2025-19_04_53.png?resize=200%2C300&#038;ssl=1\" alt=\"chamada banner advetorial whats\" class=\"wp-image-2683\" srcset=\"https:\/\/i0.wp.com\/1truenote.com\/wp-content\/uploads\/2025\/06\/ChatGPT-Image-3-de-jun.-de-2025-19_04_53.png?resize=200%2C300&amp;ssl=1 200w, https:\/\/i0.wp.com\/1truenote.com\/wp-content\/uploads\/2025\/06\/ChatGPT-Image-3-de-jun.-de-2025-19_04_53.png?resize=683%2C1024&amp;ssl=1 683w, https:\/\/i0.wp.com\/1truenote.com\/wp-content\/uploads\/2025\/06\/ChatGPT-Image-3-de-jun.-de-2025-19_04_53.png?resize=768%2C1152&amp;ssl=1 768w, https:\/\/i0.wp.com\/1truenote.com\/wp-content\/uploads\/2025\/06\/ChatGPT-Image-3-de-jun.-de-2025-19_04_53.png?resize=150%2C225&amp;ssl=1 150w, https:\/\/i0.wp.com\/1truenote.com\/wp-content\/uploads\/2025\/06\/ChatGPT-Image-3-de-jun.-de-2025-19_04_53.png?w=1024&amp;ssl=1 1024w\" sizes=\"(max-width: 200px) 100vw, 200px\" \/><\/a><\/figure>\n\n\n\n<hr class=\"wp-block-separator has-alpha-channel-opacity\"\/>\n\n\n\n<h2 id='3-ideias-pr\u00e1ticas-para-copiar'  class=\"wp-block-heading\">3. Ideias pr\u00e1ticas para copiar<\/h2>\n\n\n\n<ul class=\"wp-block-list\">\n<li>Monte cantinhos tem\u00e1ticos: Caf\u00e9, leitura, exibi\u00e7\u00e3o de cole\u00e7\u00f5es.<\/li>\n\n\n\n<li>Use vasos de tamanhos variados para quebrar a linearidade.<\/li>\n\n\n\n<li>Experimente texturas com cestos, madeira, metal, vidro.<\/li>\n\n\n\n<li>Utilize gavetas embutidas ou caixas discretas para armazenar itens menores.<\/li>\n<\/ul>\n\n\n\n<hr class=\"wp-block-separator has-alpha-channel-opacity\"\/>\n\n\n\n<h2 id='4-como-escolher-o-modelo-ideal'  class=\"wp-block-heading\">4. Como escolher o modelo ideal?<\/h2>\n\n\n\n<ol class=\"wp-block-list\">\n<li><strong>Avalie o espa\u00e7o<\/strong>: Largura, altura e profundidade pedem aten\u00e7\u00e3o.<\/li>\n\n\n\n<li><strong>Material em destaque<\/strong>:\n<ul class=\"wp-block-list\">\n<li>Madeira maci\u00e7a: r\u00fastico e acolhedor<\/li>\n\n\n\n<li>Serralheria met\u00e1lica: contempor\u00e2neo e leve<\/li>\n\n\n\n<li>Combina\u00e7\u00e3o: aquecimento + leveza visual<\/li>\n<\/ul>\n<\/li>\n\n\n\n<li><strong>Planeje o layout<\/strong>: defina se ser\u00e1 porta-livros, display ou hall de utens\u00edlios.<\/li>\n<\/ol>\n\n\n\n<hr class=\"wp-block-separator has-alpha-channel-opacity\"\/>\n\n\n\n<h2 id='5-montagem-e-manuten\u00e7\u00e3o'  class=\"wp-block-heading\">5. Montagem e manuten\u00e7\u00e3o<\/h2>\n\n\n\n<ul class=\"wp-block-list\">\n<li>Fixe a estante com seguran\u00e7a: Buchas adequadas e nivelamento s\u00e3o essenciais.<\/li>\n\n\n\n<li>Mantenha sempre uma rotina de limpeza: Elimine o p\u00f3 regularmente.<\/li>\n\n\n\n<li>Atualize a decora\u00e7\u00e3o periodicamente: Altere a composi\u00e7\u00e3o dos objetos para manter o visual renovado e inspirado.<\/li>\n<\/ul>\n\n\n\n<hr class=\"wp-block-separator has-alpha-channel-opacity\"\/>\n\n\n\n<h2 id='6-inspira\u00e7\u00e3o-real'  class=\"wp-block-heading\">6. Inspira\u00e7\u00e3o real<\/h2>\n\n\n\n<ul class=\"wp-block-list\">\n<li>Alcance leveza com estrutura met\u00e1lica preta e fundo texturizado.<\/li>\n\n\n\n<li>Integre a cozinha com uma estante em serralheria, destacando lou\u00e7as e utens\u00edlios.<\/li>\n\n\n\n<li>Use a estante para dividir ambientes, mantendo a luminosidade compartilhada.<\/li>\n<\/ul>\n\n\n\n<hr class=\"wp-block-separator has-alpha-channel-opacity\"\/>\n\n\n\n<h2 id='7-toque-final-tecnol\u00f3gico'  class=\"wp-block-heading\">7. Toque final tecnol\u00f3gico<\/h2>\n\n\n\n<p><em>Adicione ilumina\u00e7\u00e3o LED embutida<\/em> entre prateleiras para valorizar pe\u00e7as, criar atmosfera agrad\u00e1vel e destacar pontos estrat\u00e9gicos.<\/p>\n\n\n\n<hr class=\"wp-block-separator has-alpha-channel-opacity\"\/>\n\n\n\n<a href=\"https:\/\/1truenote.com\/en\/como-reformar-estante-com-tinta-e-criatividade\/\" style=\"text-decoration: none;\">\n  <div style=\"display: flex; justify-content: space-between; align-items: center; background: #d44a00; padding: 12px 20px; color: white; font-family: Arial, sans-serif;\">\n    <strong style=\"color: black;\">READ ALSO:<\/strong>\n    <span style=\"margin-left: 8px; flex: 1;\">Com tinta e criatividade, sua estante velha vira pe\u00e7a moderna de destaque<\/span>\n    <div style=\"background: #f2802f; padding: 8px 12px; border-radius: 2px; margin-left: 10px;\">\n      <span style=\"color: white; font-weight: bold;\">\u27a4<\/span>\n    <\/div>\n  <\/div>\n<\/a>\n\n\n\n\n<hr class=\"wp-block-separator has-alpha-channel-opacity\"\/>\n\n\n\n<h2 id='\ud83d\udca1-por-que-aderir-\u00e0s-estantes-abertas'  class=\"wp-block-heading\">\ud83d\udca1 Por que aderir \u00e0s estantes abertas?<\/h2>\n\n\n\n<ul class=\"wp-block-list\">\n<li><strong>Leveza visual<\/strong>: Sem fundo, elas promovem fluidez, iluminam o espa\u00e7o e criam sensa\u00e7\u00e3o de amplitude.<\/li>\n\n\n\n<li><strong>Integra\u00e7\u00e3o do ambiente<\/strong>: Permitem conex\u00e3o entre c\u00f4modos, como sala e cozinha, sem bloquear a vista.<\/li>\n\n\n\n<li><strong>Versatilidade decorativa<\/strong>: Atendem a m\u00faltiplos estilos \u2014 do industrial ao minimalista.<\/li>\n<\/ul>\n\n\n\n<hr class=\"wp-block-separator has-alpha-channel-opacity\"\/>\n\n\n\n<h2 id='dicas-essenciais-para-montar-a-sua-estante-aberta'  class=\"wp-block-heading\">Dicas essenciais para montar a sua estante aberta<\/h2>\n\n\n\n<figure class=\"wp-block-table\"><table class=\"has-fixed-layout\"><thead><tr><th>Etapa<\/th><th>Orienta\u00e7\u00e3o<\/th><\/tr><\/thead><tbody><tr><td><strong>Planejamento do layout<\/strong><\/td><td>Defina fun\u00e7\u00e3o (livros, decora\u00e7\u00e3o, souvenirs), alturas, profundidade (20\u201130\u202fcm) e fixa\u00e7\u00e3o segura na parede.<\/td><\/tr><tr><td><strong>Altern\u00e2ncia de objetos<\/strong><\/td><td>Misture livros, obras, plantas e objetos afetivos. Use agrupamentos de 1, 2 ou 3 itens. Deixe espa\u00e7os vazios para equil\u00edbrio.<\/td><\/tr><tr><td><strong>Toques de verde<\/strong><\/td><td>Inclua pelo menos 3 vasos com variadas alturas, conforme sugere a arquiteta Ana Carolina Queiroz.<\/td><\/tr><tr><td><strong>Mistura de materiais<\/strong><\/td><td>Combine madeira, metal e vidro para criar contraste e textura \u2014 dica dos v\u00eddeos e experts .<\/td><\/tr><tr><td><strong>Ilumina\u00e7\u00e3o pontual<\/strong><\/td><td>Instale fitas LED sob as prateleiras superiores ou coloque lumin\u00e1rias de mesa para destacar pe\u00e7as.<\/td><\/tr><\/tbody><\/table><\/figure>\n\n\n\n<hr class=\"wp-block-separator has-alpha-channel-opacity\"\/>\n\n\n\n<h2 id='modelos-inspiradores'  class=\"wp-block-heading\">Modelos inspiradores<\/h2>\n\n\n\n<ul class=\"wp-block-list\">\n<li><strong>Sob medida e integrada<\/strong>: Em uma sala moderna, estante alinhada ao painel da TV, utilizando madeira e a\u00e7o corten para criar unidade e fluidez.<\/li>\n\n\n\n<li><strong>Divisor de ambientes<\/strong>: Estrutura met\u00e1lica laqueada que separa sala e home theater, sem obstruir a luz .<\/li>\n\n\n\n<li><strong>Aconchego r\u00fastico<\/strong>: Estilo freij\u00f3 e fundo mostarda, integrando varanda \u00e0 sala com muita personalidade.<\/li>\n<\/ul>\n\n\n\n<hr class=\"wp-block-separator has-alpha-channel-opacity\"\/>\n\n\n\n<h2 id='como-organizar-sem-bagun\u00e7a'  class=\"wp-block-heading\">Como organizar sem bagun\u00e7a<\/h2>\n\n\n\n<ol class=\"wp-block-list\">\n<li><strong>Agrupamentos estrat\u00e9gicos<\/strong>: Combine objetos por tema, cor ou tamanho.<\/li>\n\n\n\n<li><strong>Vazios visuais<\/strong>: Deixe 25\u201130% de espa\u00e7o livre para respirabilidade.<\/li>\n\n\n\n<li><strong>Composi\u00e7\u00e3o din\u00e2mica<\/strong>: Alterne livros com decora\u00e7\u00f5es baixas, m\u00e9dias e altas: trilhas visuais interessantes.<\/li>\n\n\n\n<li><strong>Revis\u00e3o peri\u00f3dica<\/strong>: Retire itens sem serventia e atualize com novas pe\u00e7as \u2014 mantenha a composi\u00e7\u00e3o sempre viva.<\/li>\n<\/ol>\n\n\n\n<hr class=\"wp-block-separator has-alpha-channel-opacity\"\/>\n\n\n\n<h2 id='adicionando-personalidade-mais-do-que-decora\u00e7\u00e3o'  class=\"wp-block-heading\">Adicionando personalidade: Mais do que decora\u00e7\u00e3o<\/h2>\n\n\n\n<ul class=\"wp-block-list\">\n<li><strong>Cole\u00e7\u00f5es \u00e0 mostra<\/strong>: Miniaturas, souvenirs, discos, fotografias \u2014 valorizam sua hist\u00f3ria.<\/li>\n\n\n\n<li><strong>Texturas e cores<\/strong>: Cartazes, pap\u00e9is de parede no fundo e pintura pontual para criar harmonia com o restante da casa.<\/li>\n\n\n\n<li><strong>Funcionalidade extra<\/strong>: Ganchos laterais para bolsas, suportes para fones ou carregadores \u2014 mantendo a est\u00e9tica moderna.<\/li>\n<\/ul>\n\n\n\n<hr class=\"wp-block-separator has-alpha-channel-opacity\"\/>\n\n\n\n<h2 id='\ud83c\udfac-veja-como-organizar-com-estilo'  class=\"wp-block-heading\">\ud83c\udfac Veja como organizar com estilo<\/h2>\n\n\n\n<p>O v\u00eddeo abaixo traz 5 dicas pr\u00e1ticas, como combinar materiais e definir trilhas visuais, perfeitas para quem quer transformar a sua estante hoje.<\/p>\n\n\n\n<figure class=\"wp-block-embed is-type-video is-provider-youtube wp-block-embed-youtube wp-embed-aspect-16-9 wp-has-aspect-ratio\"><div class=\"wp-block-embed__wrapper\">\n<iframe title=\"Dicas para organizar sua estante | Editora Seguinte\" width=\"720\" height=\"405\" src=\"https:\/\/www.youtube.com\/embed\/tvM_gJhSMbg?feature=oembed\" frameborder=\"0\" allow=\"accelerometer; autoplay; clipboard-write; encrypted-media; gyroscope; picture-in-picture; web-share\" referrerpolicy=\"strict-origin-when-cross-origin\" allowfullscreen><\/iframe>\n<\/div><\/figure>\n\n\n\n<hr class=\"wp-block-separator has-alpha-channel-opacity\"\/>\n\n\n\n<h2 id='estante-aberta'  class=\"wp-block-heading\">Estante aberta<\/h2>\n\n\n\n<p>Estantes abertas s\u00e3o solu\u00e7\u00f5es decorativas incr\u00edveis: leves, funcionais e carregadas de personalidade. Com planejamento, equil\u00edbrio e elementos significativos, \u00e9 poss\u00edvel transformar qualquer parede em destaque na sua casa. E o melhor: Sem reformas ou grande investimento.<\/p>\n\n\n\n<p>\ud83d\udc49 Agora \u00e9 sua vez: Escolha o modelo ideal, selecione seus objetos favoritos e personalize com toques que expressem quem voc\u00ea \u00e9!<\/p>\n\n\n\n<p>Curtiu estante aberta? Conta pra gente: Como seria a estante aberta dos seus sonhos?<\/p>\n\n\n\n<hr class=\"wp-block-separator has-alpha-channel-opacity\"\/>\n\n\n\n<a href=\"https:\/\/1truenote.com\/en\/como-reformar-estante-com-tinta-e-criatividade\/\" style=\"text-decoration: none;\">\n  <div style=\"display: flex; justify-content: space-between; align-items: center; background: #d44a00; padding: 12px 20px; color: white; font-family: Arial, sans-serif;\">\n    <strong style=\"color: black;\">READ ALSO:<\/strong>\n    <span style=\"margin-left: 8px; flex: 1;\">Com tinta e criatividade, sua estante velha vira pe\u00e7a moderna de destaque<\/span>\n    <div style=\"background: #f2802f; padding: 8px 12px; border-radius: 2px; margin-left: 10px;\">\n      <span style=\"color: white; font-weight: bold;\">\u27a4<\/span>\n    <\/div>\n  <\/div>\n<\/a>\n\n\n\n<hr class=\"wp-block-separator has-alpha-channel-opacity\"\/>\n\n\n\n<h2 id='faq-sobre-estante-aberta'  class=\"wp-block-heading\">FAQ sobre estante aberta<\/h2>\n\n\n<div id=\"rank-math-faq\" class=\"rank-math-block\">\n<div class=\"rank-math-list\">\n<div id=\"faq-question-1749736353022\" class=\"rank-math-list-item\">\n<h3 id='estante-aberta-serve-em-ambientes-pequenos'  class=\"rank-math-question\">Estante aberta serve em ambientes pequenos?<\/h3>\n<div class=\"rank-math-answer\">\n\n<p>Sim! Ao permitir passagem de luz e vis\u00e3o, ela amplia o espa\u00e7o visualmente \u2014 \u00f3tima para pequenos ambientes.<\/p>\n\n<\/div>\n<\/div>\n<div id=\"faq-question-1749736354908\" class=\"rank-math-list-item\">\n<h3 id='precisa-de-revestimento-no-fundo'  class=\"rank-math-question\">Precisa de revestimento no fundo?<\/h3>\n<div class=\"rank-math-answer\">\n\n<p>N\u00e3o \u2014 e isso \u00e9 parte do charme. Mas voc\u00ea pode acrescentar fundo com cor ou papel para destaque.<\/p>\n\n<\/div>\n<\/div>\n<div id=\"faq-question-1749736356448\" class=\"rank-math-list-item\">\n<h3 id='quais-plantas-utilizar'  class=\"rank-math-question\">Quais plantas utilizar?<\/h3>\n<div class=\"rank-math-answer\">\n\n<p>Opte por suculentas de baixa manuten\u00e7\u00e3o ou samambaias, se houver boa ilumina\u00e7\u00e3o.<\/p>\n\n<\/div>\n<\/div>\n<div id=\"faq-question-1749736382778\" class=\"rank-math-list-item\">\n<h3 id='como-limpar-a-estante-aberta'  class=\"rank-math-question\">Como limpar a estante aberta?<\/h3>\n<div class=\"rank-math-answer\">\n\n<p>Basta um pano \u00famido nas superf\u00edcies e espanador nas prateleiras, ideal uma vez por semana.<\/p>\n\n<\/div>\n<\/div>\n<div id=\"faq-question-1749736399079\" class=\"rank-math-list-item\">\n<h3 id='vale-usar-no-home-office'  class=\"rank-math-question\">Vale usar no home office?<\/h3>\n<div class=\"rank-math-answer\">\n\n<p>Com certeza! Pode dividir ambientes com estilo e ainda organizar livros e suprimentos de trabalho.<\/p>\n\n<\/div>\n<\/div>\n<\/div>\n<\/div>\n\n\n<figure class=\"wp-block-image aligncenter size-large\"><img data-recalc-dims=\"1\" decoding=\"async\" width=\"1024\" height=\"683\" src=\"https:\/\/i0.wp.com\/1truenote.com\/wp-content\/uploads\/2025\/06\/ChatGPT-Image-12-de-jun.-de-2025-11_08_10.png?resize=1024%2C683&#038;ssl=1\" alt=\"estante aberta\" class=\"wp-image-2933\" srcset=\"https:\/\/i0.wp.com\/1truenote.com\/wp-content\/uploads\/2025\/06\/ChatGPT-Image-12-de-jun.-de-2025-11_08_10.png?resize=1024%2C683&amp;ssl=1 1024w, https:\/\/i0.wp.com\/1truenote.com\/wp-content\/uploads\/2025\/06\/ChatGPT-Image-12-de-jun.-de-2025-11_08_10.png?resize=300%2C200&amp;ssl=1 300w, https:\/\/i0.wp.com\/1truenote.com\/wp-content\/uploads\/2025\/06\/ChatGPT-Image-12-de-jun.-de-2025-11_08_10.png?resize=768%2C512&amp;ssl=1 768w, https:\/\/i0.wp.com\/1truenote.com\/wp-content\/uploads\/2025\/06\/ChatGPT-Image-12-de-jun.-de-2025-11_08_10.png?resize=150%2C100&amp;ssl=1 150w, https:\/\/i0.wp.com\/1truenote.com\/wp-content\/uploads\/2025\/06\/ChatGPT-Image-12-de-jun.-de-2025-11_08_10.png?w=1536&amp;ssl=1 1536w\" sizes=\"(max-width: 1024px) 100vw, 1024px\" \/><\/figure>","protected":false},"excerpt":{"rendered":"<p>Estante aberta. As estantes abertas s\u00e3o verdadeiros coringas na decora\u00e7\u00e3o: Al\u00e9m de funcionais, elas transformam paredes em pontos de destaque&#8230;<\/p>","protected":false},"author":1,"featured_media":2933,"comment_status":"open","ping_status":"open","sticky":false,"template":"","format":"standard","meta":{"_kad_post_transparent":"","_kad_post_title":"","_kad_post_layout":"","_kad_post_sidebar_id":"","_kad_post_content_style":"","_kad_post_vertical_padding":"","_kad_post_feature":"","_kad_post_feature_position":"","_kad_post_header":false,"_kad_post_footer":false,"_kad_post_classname":"","footnotes":"","jetpack_publicize_message":"","jetpack_publicize_feature_enabled":true,"jetpack_social_post_already_shared":true,"jetpack_social_options":{"image_generator_settings":{"template":"highway","default_image_id":0,"enabled":false},"version":2}},"categories":[16],"tags":[15,13,14,12],"class_list":["post-2931","post","type-post","status-publish","format-standard","has-post-thumbnail","hentry","category-casa-e-jardim","tag-conservacao-e-manutencao","tag-minimalista","tag-interiores-inovadores","tag-projetos-inovadores"],"jetpack_publicize_connections":[],"jetpack_featured_media_url":"https:\/\/i0.wp.com\/1truenote.com\/wp-content\/uploads\/2025\/06\/ChatGPT-Image-12-de-jun.-de-2025-11_08_10.png?fit=1536%2C1024&ssl=1","jetpack_sharing_enabled":true,"_links":{"self":[{"href":"https:\/\/1truenote.com\/en\/wp-json\/wp\/v2\/posts\/2931","targetHints":{"allow":["GET"]}}],"collection":[{"href":"https:\/\/1truenote.com\/en\/wp-json\/wp\/v2\/posts"}],"about":[{"href":"https:\/\/1truenote.com\/en\/wp-json\/wp\/v2\/types\/post"}],"author":[{"embeddable":true,"href":"https:\/\/1truenote.com\/en\/wp-json\/wp\/v2\/users\/1"}],"replies":[{"embeddable":true,"href":"https:\/\/1truenote.com\/en\/wp-json\/wp\/v2\/comments?post=2931"}],"version-history":[{"count":1,"href":"https:\/\/1truenote.com\/en\/wp-json\/wp\/v2\/posts\/2931\/revisions"}],"predecessor-version":[{"id":2934,"href":"https:\/\/1truenote.com\/en\/wp-json\/wp\/v2\/posts\/2931\/revisions\/2934"}],"wp:featuredmedia":[{"embeddable":true,"href":"https:\/\/1truenote.com\/en\/wp-json\/wp\/v2\/media\/2933"}],"wp:attachment":[{"href":"https:\/\/1truenote.com\/en\/wp-json\/wp\/v2\/media?parent=2931"}],"wp:term":[{"taxonomy":"category","embeddable":true,"href":"https:\/\/1truenote.com\/en\/wp-json\/wp\/v2\/categories?post=2931"},{"taxonomy":"post_tag","embeddable":true,"href":"https:\/\/1truenote.com\/en\/wp-json\/wp\/v2\/tags?post=2931"}],"curies":[{"name":"wp","href":"https:\/\/api.w.org\/{rel}","templated":true}]}}