{"id":2832,"date":"2025-06-10T16:00:00","date_gmt":"2025-06-10T19:00:00","guid":{"rendered":"https:\/\/1truenote.com\/?p=2832"},"modified":"2025-06-09T22:13:33","modified_gmt":"2025-06-10T01:13:33","slug":"como-fazer-estante-de-livros-diy","status":"publish","type":"post","link":"https:\/\/1truenote.com\/en\/como-fazer-estante-de-livros-diy\/","title":{"rendered":"Veja como fazer uma estante de livros linda e funcional com suas pr\u00f3prias m\u00e3os"},"content":{"rendered":"<div class=\"fit_content\">\n                <div class=\"bd_toc_container\" data-fixedwidth=\"\">\n                    <div class=\"bd_toc_wrapper\" data-wrapperpadding=\"48px\">\n                        <div class=\"bd_toc_wrapper_item\">\n                            <div class=\"bd_toc_header active\" data-headerpadding=\"2px\">\n                                <div class=\"bd_toc_header_title\">\n                                    Sum\u00e1rio                                <\/div>\n                                <div class=\"bd_toc_switcher_hide_show_icon\">\n                                    <span class=\"bd_toc_arrow\"><\/span>                                <\/div>\n                            <\/div>\n                            <div class=\"bd_toc_content list-type-number\">\n                                <div class=\"bd_toc_content_list\">\n                                    <div class='bd_toc_content_list_item'>    <ul>\n      <li class=\"first\">\n        <a href=\"#antes-de-tudo-planeje-com-calma-e-estilo-sobre-como-fazer-estante-de-livros\">Antes de tudo: Planeje com calma e estilo sobre como fazer estante de livros<\/a>\n      <\/li>\n      <li>\n        <a href=\"#materiais-e-ferramentas-que-voc\u00ea-vai-precisar\">Materiais e ferramentas que voc\u00ea vai precisar<\/a>\n      <\/li>\n      <li>\n        <a href=\"#tutorial-passo-a-passo-estante-de-livros-diy\">Tutorial passo a passo: Estante de livros DIY<\/a>\n      <\/li>\n      <li>\n        <a href=\"#dicas-extras-para-uma-estante-linda-e-funcional\">Dicas extras para uma estante linda e funcional<\/a>\n      <\/li>\n      <li>\n        <a href=\"#v\u00eddeo-tutorial-aprenda-visualmente\">V\u00eddeo tutorial: Aprenda visualmente!<\/a>\n      <\/li>\n      <li>\n        <a href=\"#fa\u00e7a-voc\u00ea-mesmo-e-deixe-sua-casa-com-mais-alma-como-fazer-estante-de-livros\">Fa\u00e7a voc\u00ea mesmo e deixe sua casa com mais alma &#8211; Como fazer estante de livros<\/a>\n      <\/li>\n      <li class=\"last\">\n        <a href=\"#faq-como-fazer-estante-de-livros-em-casa\">FAQ \u2013 Como fazer estante de livros em casa<\/a>\n        <ul class=\"menu_level_2\">\n          <li class=\"first\">\n            <a href=\"#qual-o-melhor-tipo-de-madeira-para-iniciantes\">Qual o melhor tipo de madeira para iniciantes?<\/a>\n          <\/li>\n          <li>\n            <a href=\"#a-estante-precisa-ser-fixada-na-parede\">A estante precisa ser fixada na parede?<\/a>\n          <\/li>\n          <li>\n            <a href=\"#d\u00e1-pra-montar-uma-estante-s\u00f3-com-cola-de-madeira\">D\u00e1 pra montar uma estante s\u00f3 com cola de madeira?<\/a>\n          <\/li>\n          <li>\n            <a href=\"#posso-fazer-estantes-modulares-e-empilhar\">Posso fazer estantes modulares e empilhar?<\/a>\n          <\/li>\n          <li class=\"last\">\n            <a href=\"#onde-posso-comprar-materiais-com-bom-pre\u00e7o\">Onde posso comprar materiais com bom pre\u00e7o?<\/a>\n          <\/li>\n        <\/ul>\n      <\/li>\n    <\/ul>\n<\/div>                                <\/div>\n                            <\/div>\n                        <\/div>\n                    <\/div>\n                    <div class=\"layout_toggle_button\">\n                        <span class=\"bd_toc_arrow\"><\/span>\n                    <\/div>\n                <\/div>\n            <\/div>\n\n    \n\n\n<p><strong>Como fazer estante de livros<\/strong>. Se voc\u00ea ama livros e sente que eles merecem um cantinho especial, j\u00e1 pensou em criar sua pr\u00f3pria estante em casa?<\/p>\n\n\n\n<p>Sim, com um pouco de planejamento (e vontade de colocar a m\u00e3o na massa), d\u00e1 pra montar uma estante linda, funcional e que ainda decora o ambiente com muito estilo.<\/p>\n\n\n\n<p>O melhor? Voc\u00ea economiza, reaproveita materiais e ainda cria algo \u00fanico \u2014 com a sua cara.<\/p>\n\n\n\n<hr class=\"wp-block-separator has-alpha-channel-opacity\"\/>\n\n\n\n<h2 id='antes-de-tudo-planeje-com-calma-e-estilo-sobre-como-fazer-estante-de-livros'  class=\"wp-block-heading\">Antes de tudo: Planeje com calma e estilo sobre como fazer estante de livros<\/h2>\n\n\n\n<p>T\u00e1 a\u00ed um erro comum: come\u00e7ar a cortar madeira sem pensar no espa\u00e7o. A dica de ouro \u00e9 medir direitinho onde sua estante vai ficar. Parede inteira? S\u00f3 um nicho lateral? Vai do ch\u00e3o ao teto ou s\u00f3 at\u00e9 metade?<\/p>\n\n\n\n<p>Al\u00e9m disso, pense no estilo da sua casa:<\/p>\n\n\n\n<ul class=\"wp-block-list\">\n<li><strong>Rustiquinha<\/strong>? Madeira de demoli\u00e7\u00e3o, paletes ou caixas de feira s\u00e3o perfeitos.<\/li>\n\n\n\n<li><strong>Mais moderna<\/strong>? Aposte no MDF branco, prateleiras com cantoneiras de ferro ou at\u00e9 modelos flutuantes.<\/li>\n<\/ul>\n\n\n\n<p>Ah, e defina a fun\u00e7\u00e3o: vai ser s\u00f3 pra livros ou tamb\u00e9m pra objetos decorativos?<\/p>\n\n\n\n<hr class=\"wp-block-separator has-alpha-channel-opacity\"\/>\n\n\n\n<figure class=\"wp-block-image aligncenter size-medium\"><a href=\"https:\/\/chat.whatsapp.com\/KJBkp5LFJVRIvmt5X3hSEh\" target=\"_blank\" rel=\"noopener\"><img data-recalc-dims=\"1\" fetchpriority=\"high\" decoding=\"async\" width=\"200\" height=\"300\" src=\"https:\/\/i0.wp.com\/1truenote.com\/wp-content\/uploads\/2025\/06\/ChatGPT-Image-3-de-jun.-de-2025-19_04_53.png?resize=200%2C300&#038;ssl=1\" alt=\"chamada banner advetorial whats\" class=\"wp-image-2683\" srcset=\"https:\/\/i0.wp.com\/1truenote.com\/wp-content\/uploads\/2025\/06\/ChatGPT-Image-3-de-jun.-de-2025-19_04_53.png?resize=200%2C300&amp;ssl=1 200w, https:\/\/i0.wp.com\/1truenote.com\/wp-content\/uploads\/2025\/06\/ChatGPT-Image-3-de-jun.-de-2025-19_04_53.png?resize=683%2C1024&amp;ssl=1 683w, https:\/\/i0.wp.com\/1truenote.com\/wp-content\/uploads\/2025\/06\/ChatGPT-Image-3-de-jun.-de-2025-19_04_53.png?resize=768%2C1152&amp;ssl=1 768w, https:\/\/i0.wp.com\/1truenote.com\/wp-content\/uploads\/2025\/06\/ChatGPT-Image-3-de-jun.-de-2025-19_04_53.png?resize=150%2C225&amp;ssl=1 150w, https:\/\/i0.wp.com\/1truenote.com\/wp-content\/uploads\/2025\/06\/ChatGPT-Image-3-de-jun.-de-2025-19_04_53.png?w=1024&amp;ssl=1 1024w\" sizes=\"(max-width: 200px) 100vw, 200px\" \/><\/a><\/figure>\n\n\n\n<hr class=\"wp-block-separator has-alpha-channel-opacity\"\/>\n\n\n\n<h2 id='materiais-e-ferramentas-que-voc\u00ea-vai-precisar'  class=\"wp-block-heading\">Materiais e ferramentas que voc\u00ea vai precisar<\/h2>\n\n\n\n<figure class=\"wp-block-table\"><table class=\"has-fixed-layout\"><thead><tr><th>Item<\/th><th>Fun\u00e7\u00e3o<\/th><\/tr><\/thead><tbody><tr><td>MDF, pinus ou pallet<\/td><td>Estrutura da estante<\/td><\/tr><tr><td>Furadeira e parafusos<\/td><td>Montagem e fixa\u00e7\u00e3o<\/td><\/tr><tr><td>Lixa e pincel<\/td><td>Acabamento e pintura<\/td><\/tr><tr><td>Tinta, verniz ou cera<\/td><td>Estilo final e prote\u00e7\u00e3o<\/td><\/tr><tr><td>Cantoneiras<\/td><td>Seguran\u00e7a extra na parede<\/td><\/tr><\/tbody><\/table><\/figure>\n\n\n\n<p>Dica: se n\u00e3o tiver serra el\u00e9trica, leve os cortes pra uma marcenaria. \u00c9 barato e evita dor de cabe\u00e7a.<\/p>\n\n\n\n<hr class=\"wp-block-separator has-alpha-channel-opacity\"\/>\n\n\n\n<h2 id='tutorial-passo-a-passo-estante-de-livros-diy'  class=\"wp-block-heading\">Tutorial passo a passo: Estante de livros DIY<\/h2>\n\n\n\n<ol class=\"wp-block-list\">\n<li><strong>Fa\u00e7a um esbo\u00e7o com as medidas certas<\/strong><br>Use papel e caneta mesmo! Um desenho simples j\u00e1 te ajuda a visualizar o projeto.<\/li>\n\n\n\n<li><strong>Lixe tudo antes de montar<\/strong><br>Isso deixa a madeira lisinha e evita farpas. D\u00e1 uma baita diferen\u00e7a no resultado.<\/li>\n\n\n\n<li><strong>Monte a estrutura com calma<\/strong><br>Use r\u00e9gua e esquadro para manter tudo nivelado. Parafuse prateleira por prateleira.<\/li>\n\n\n\n<li><strong>Hora do acabamento<\/strong><br>Aqui voc\u00ea pode ousar! Tinta colorida, verniz escuro, acabamento queimado ou at\u00e9 adesivo. Vale tudo!<\/li>\n\n\n\n<li><strong>Fixe na parede (se necess\u00e1rio)<\/strong><br>Em casas com crian\u00e7as ou pets, \u00e9 essencial prender bem com cantoneiras ou suportes.<\/li>\n<\/ol>\n\n\n\n<hr class=\"wp-block-separator has-alpha-channel-opacity\"\/>\n\n\n\n<a href=\"https:\/\/1truenote.com\/en\/decoracao-de-interiores-barata-e-charmosa\/\" style=\"text-decoration: none;\">\n  <div style=\"display: flex; justify-content: space-between; align-items: center; background: #d44a00; padding: 12px 20px; color: white; font-family: Arial, sans-serif;\">\n    <strong style=\"color: black;\">READ ALSO:<\/strong>\n    <span style=\"margin-left: 8px; flex: 1;\">Decora\u00e7\u00e3o de interiores barata e charmosa: 10 Truques que funcionam de verdade<\/span>\n    <div style=\"background: #f2802f; padding: 8px 12px; border-radius: 2px; margin-left: 10px;\">\n      <span style=\"color: white; font-weight: bold;\">\u27a4<\/span>\n    <\/div>\n  <\/div>\n<\/a>\n\n\n\n\n<hr class=\"wp-block-separator has-alpha-channel-opacity\"\/>\n\n\n\n<h2 id='dicas-extras-para-uma-estante-linda-e-funcional'  class=\"wp-block-heading\">Dicas extras para uma estante linda e funcional<\/h2>\n\n\n\n<ul class=\"wp-block-list\">\n<li><strong>Use prateleiras de alturas diferentes<\/strong> para acomodar livros grandes e objetos decorativos.<\/li>\n\n\n\n<li><strong>Adicione LED ou fita de luz<\/strong> atr\u00e1s das prateleiras pra dar um charme.<\/li>\n\n\n\n<li><strong>Intercale livros e itens pessoais<\/strong> como fotos, plantinhas ou quadros pequenos.<\/li>\n\n\n\n<li><strong>Se quiser inovar<\/strong>, pinte o fundo da estante com uma cor vibrante ou use papel de parede adesivo.<\/li>\n<\/ul>\n\n\n\n<hr class=\"wp-block-separator has-alpha-channel-opacity\"\/>\n\n\n\n<h2 id='v\u00eddeo-tutorial-aprenda-visualmente'  class=\"wp-block-heading\">V\u00eddeo tutorial: Aprenda visualmente!<\/h2>\n\n\n\n<p>\ud83c\udfa5 <a class=\"\" href=\"https:\/\/www.youtube.com\/watch?v=Xa8vpsH_VNA\" target=\"_blank\" rel=\"noopener\">Veja no YouTube \u2013 Como fazer estante de livros em casa com paletes e MDF (Canal: Vida Criativa)<\/a><\/p>\n\n\n\n<figure class=\"wp-block-embed is-type-video is-provider-youtube wp-block-embed-youtube wp-embed-aspect-16-9 wp-has-aspect-ratio\"><div class=\"wp-block-embed__wrapper\">\n<iframe title=\"Estante organizadora multiuso de palete.\" width=\"720\" height=\"405\" src=\"https:\/\/www.youtube.com\/embed\/SaVUiBTouzI?feature=oembed\" frameborder=\"0\" allow=\"accelerometer; autoplay; clipboard-write; encrypted-media; gyroscope; picture-in-picture; web-share\" referrerpolicy=\"strict-origin-when-cross-origin\" allowfullscreen><\/iframe>\n<\/div><\/figure>\n\n\n\n<p>Esse v\u00eddeo mostra na pr\u00e1tica como montar uma estante charmosa do zero, usando materiais simples e acess\u00edveis.<\/p>\n\n\n\n<hr class=\"wp-block-separator has-alpha-channel-opacity\"\/>\n\n\n\n<h2 id='fa\u00e7a-voc\u00ea-mesmo-e-deixe-sua-casa-com-mais-alma-como-fazer-estante-de-livros'  class=\"wp-block-heading\">Fa\u00e7a voc\u00ea mesmo e deixe sua casa com mais alma &#8211; Como fazer estante de livros<\/h2>\n\n\n\n<p>Como fazer estante de livros? Fazer uma estante de livros com as pr\u00f3prias m\u00e3os \u00e9 mais que um projeto de decora\u00e7\u00e3o \u2014 \u00e9 um gesto de carinho com sua casa e com suas hist\u00f3rias favoritas. Al\u00e9m disso, \u00e9 divertido, econ\u00f4mico e super recompensador.<\/p>\n\n\n\n<p>Se voc\u00ea sempre quis ter um cantinho de leitura especial, talvez essa seja a sua deixa. E quando algu\u00e9m perguntar \u201conde comprou essa estante?\u201d, voc\u00ea vai poder responder com orgulho: \u201cfui eu que fiz!\u201d. Gostou de como fazer estante de livros?<\/p>\n\n\n\n<hr class=\"wp-block-separator has-alpha-channel-opacity\"\/>\n\n\n\n<a href=\"https:\/\/1truenote.com\/en\/decoracao-de-interiores-barata-e-charmosa\/\" style=\"text-decoration: none;\">\n  <div style=\"display: flex; justify-content: space-between; align-items: center; background: #d44a00; padding: 12px 20px; color: white; font-family: Arial, sans-serif;\">\n    <strong style=\"color: black;\">READ ALSO:<\/strong>\n    <span style=\"margin-left: 8px; flex: 1;\">Decora\u00e7\u00e3o de interiores barata e charmosa: 10 Truques que funcionam de verdade<\/span>\n    <div style=\"background: #f2802f; padding: 8px 12px; border-radius: 2px; margin-left: 10px;\">\n      <span style=\"color: white; font-weight: bold;\">\u27a4<\/span>\n    <\/div>\n  <\/div>\n<\/a>\n\n\n\n<hr class=\"wp-block-separator has-alpha-channel-opacity\"\/>\n\n\n\n<h2 id='faq-como-fazer-estante-de-livros-em-casa'  class=\"wp-block-heading\">FAQ \u2013 Como fazer estante de livros em casa<\/h2>\n\n\n<div id=\"rank-math-faq\" class=\"rank-math-block\">\n<div class=\"rank-math-list\">\n<div id=\"faq-question-1749517072888\" class=\"rank-math-list-item\">\n<h3 id='qual-o-melhor-tipo-de-madeira-para-iniciantes'  class=\"rank-math-question\">Qual o melhor tipo de madeira para iniciantes?<\/h3>\n<div class=\"rank-math-answer\">\n\n<p>O MDF \u00e9 f\u00e1cil de trabalhar e tem pre\u00e7o bom. Se quiser mais rusticidade, use pinus ou pallet.<\/p>\n\n<\/div>\n<\/div>\n<div id=\"faq-question-1749517074424\" class=\"rank-math-list-item\">\n<h3 id='a-estante-precisa-ser-fixada-na-parede'  class=\"rank-math-question\">A estante precisa ser fixada na parede?<\/h3>\n<div class=\"rank-math-answer\">\n\n<p>Sim, principalmente se for alta ou em casas com crian\u00e7as\/pets. Use cantoneiras por seguran\u00e7a.<\/p>\n\n<\/div>\n<\/div>\n<div id=\"faq-question-1749517075136\" class=\"rank-math-list-item\">\n<h3 id='d\u00e1-pra-montar-uma-estante-s\u00f3-com-cola-de-madeira'  class=\"rank-math-question\">D\u00e1 pra montar uma estante s\u00f3 com cola de madeira?<\/h3>\n<div class=\"rank-math-answer\">\n\n<p>N\u00e3o \u00e9 o ideal. Parafusos garantem mais resist\u00eancia e durabilidade.<\/p>\n\n<\/div>\n<\/div>\n<div id=\"faq-question-1749517076241\" class=\"rank-math-list-item\">\n<h3 id='posso-fazer-estantes-modulares-e-empilhar'  class=\"rank-math-question\">Posso fazer estantes modulares e empilhar?<\/h3>\n<div class=\"rank-math-answer\">\n\n<p>Com certeza! \u00c9 uma \u00f3tima ideia pra quem quer flexibilidade no layout e praticidade na hora da mudan\u00e7a.<\/p>\n\n<\/div>\n<\/div>\n<div id=\"faq-question-1749517115777\" class=\"rank-math-list-item\">\n<h3 id='onde-posso-comprar-materiais-com-bom-pre\u00e7o'  class=\"rank-math-question\">Onde posso comprar materiais com bom pre\u00e7o?<\/h3>\n<div class=\"rank-math-answer\">\n\n<p>Lojas de constru\u00e7\u00e3o, marcenarias locais e at\u00e9 brech\u00f3s (para reaproveitar pe\u00e7as) s\u00e3o boas fontes. Caixotes de feira tamb\u00e9m s\u00e3o uma op\u00e7\u00e3o charmosa e baratinha.<\/p>\n\n<\/div>\n<\/div>\n<\/div>\n<\/div>\n\n\n<figure class=\"wp-block-image aligncenter size-large\"><img data-recalc-dims=\"1\" decoding=\"async\" width=\"1024\" height=\"683\" src=\"https:\/\/i0.wp.com\/1truenote.com\/wp-content\/uploads\/2025\/06\/ChatGPT-Image-9-de-jun.-de-2025-22_06_46.png?resize=1024%2C683&#038;ssl=1\" alt=\"como fazer estante de livros\" class=\"wp-image-2833\" srcset=\"https:\/\/i0.wp.com\/1truenote.com\/wp-content\/uploads\/2025\/06\/ChatGPT-Image-9-de-jun.-de-2025-22_06_46.png?resize=1024%2C683&amp;ssl=1 1024w, https:\/\/i0.wp.com\/1truenote.com\/wp-content\/uploads\/2025\/06\/ChatGPT-Image-9-de-jun.-de-2025-22_06_46.png?resize=300%2C200&amp;ssl=1 300w, https:\/\/i0.wp.com\/1truenote.com\/wp-content\/uploads\/2025\/06\/ChatGPT-Image-9-de-jun.-de-2025-22_06_46.png?resize=768%2C512&amp;ssl=1 768w, https:\/\/i0.wp.com\/1truenote.com\/wp-content\/uploads\/2025\/06\/ChatGPT-Image-9-de-jun.-de-2025-22_06_46.png?resize=150%2C100&amp;ssl=1 150w, https:\/\/i0.wp.com\/1truenote.com\/wp-content\/uploads\/2025\/06\/ChatGPT-Image-9-de-jun.-de-2025-22_06_46.png?w=1536&amp;ssl=1 1536w\" sizes=\"(max-width: 1024px) 100vw, 1024px\" \/><\/figure>","protected":false},"excerpt":{"rendered":"<p>Como fazer estante de livros. Se voc\u00ea ama livros e sente que eles merecem um cantinho especial, j\u00e1 pensou em&#8230;<\/p>","protected":false},"author":1,"featured_media":2833,"comment_status":"open","ping_status":"open","sticky":false,"template":"","format":"standard","meta":{"_kad_post_transparent":"","_kad_post_title":"","_kad_post_layout":"","_kad_post_sidebar_id":"","_kad_post_content_style":"","_kad_post_vertical_padding":"","_kad_post_feature":"","_kad_post_feature_position":"","_kad_post_header":false,"_kad_post_footer":false,"_kad_post_classname":"","footnotes":"","jetpack_publicize_message":"Como fazer estante de livros. Se voc\u00ea ama livros e sente que eles merecem um cantinho especial, j\u00e1 pensou em criar sua pr\u00f3pria estante em casa?\n\nSim, com um pouco de planejamento (e vontade de colocar a m\u00e3o na massa), d\u00e1 pra montar uma estante linda, funcional e que ainda decora o ambiente com muito estilo.\n\nO melhor? Voc\u00ea economiza, reaproveita materiais e ainda cria algo \u00fanico \u2014 com a sua cara.\n\nAntes de tudo: Planeje com calma...\n\n#carvalhoconsultoriabrasil #truenote #planeje #estante #DIY #funcional #montar #facavocemesmo #estantedelivros #propriasmaos","jetpack_publicize_feature_enabled":true,"jetpack_social_post_already_shared":true,"jetpack_social_options":{"image_generator_settings":{"template":"highway","default_image_id":0,"enabled":false},"version":2}},"categories":[16,9],"tags":[11,15,13,14,29,23,12],"class_list":["post-2832","post","type-post","status-publish","format-standard","has-post-thumbnail","hentry","category-casa-e-jardim","category-lazer","tag-conforto-noturno","tag-conservacao-e-manutencao","tag-minimalista","tag-interiores-inovadores","tag-jardim","tag-produtos","tag-projetos-inovadores"],"jetpack_publicize_connections":[],"jetpack_featured_media_url":"https:\/\/i0.wp.com\/1truenote.com\/wp-content\/uploads\/2025\/06\/ChatGPT-Image-9-de-jun.-de-2025-22_06_46.png?fit=1536%2C1024&ssl=1","jetpack_sharing_enabled":true,"_links":{"self":[{"href":"https:\/\/1truenote.com\/en\/wp-json\/wp\/v2\/posts\/2832","targetHints":{"allow":["GET"]}}],"collection":[{"href":"https:\/\/1truenote.com\/en\/wp-json\/wp\/v2\/posts"}],"about":[{"href":"https:\/\/1truenote.com\/en\/wp-json\/wp\/v2\/types\/post"}],"author":[{"embeddable":true,"href":"https:\/\/1truenote.com\/en\/wp-json\/wp\/v2\/users\/1"}],"replies":[{"embeddable":true,"href":"https:\/\/1truenote.com\/en\/wp-json\/wp\/v2\/comments?post=2832"}],"version-history":[{"count":1,"href":"https:\/\/1truenote.com\/en\/wp-json\/wp\/v2\/posts\/2832\/revisions"}],"predecessor-version":[{"id":2862,"href":"https:\/\/1truenote.com\/en\/wp-json\/wp\/v2\/posts\/2832\/revisions\/2862"}],"wp:featuredmedia":[{"embeddable":true,"href":"https:\/\/1truenote.com\/en\/wp-json\/wp\/v2\/media\/2833"}],"wp:attachment":[{"href":"https:\/\/1truenote.com\/en\/wp-json\/wp\/v2\/media?parent=2832"}],"wp:term":[{"taxonomy":"category","embeddable":true,"href":"https:\/\/1truenote.com\/en\/wp-json\/wp\/v2\/categories?post=2832"},{"taxonomy":"post_tag","embeddable":true,"href":"https:\/\/1truenote.com\/en\/wp-json\/wp\/v2\/tags?post=2832"}],"curies":[{"name":"wp","href":"https:\/\/api.w.org\/{rel}","templated":true}]}}