{"id":2828,"date":"2025-06-10T12:00:00","date_gmt":"2025-06-10T15:00:00","guid":{"rendered":"https:\/\/1truenote.com\/?p=2828"},"modified":"2025-06-09T21:52:36","modified_gmt":"2025-06-10T00:52:36","slug":"armario-de-banheiro-com-comoda-antiga","status":"publish","type":"post","link":"https:\/\/1truenote.com\/en\/armario-de-banheiro-com-comoda-antiga\/","title":{"rendered":"O segredo para ter um arm\u00e1rio de banheiro que ningu\u00e9m mais tem"},"content":{"rendered":"<div class=\"fit_content\">\n                <div class=\"bd_toc_container\" data-fixedwidth=\"\">\n                    <div class=\"bd_toc_wrapper\" data-wrapperpadding=\"48px\">\n                        <div class=\"bd_toc_wrapper_item\">\n                            <div class=\"bd_toc_header active\" data-headerpadding=\"2px\">\n                                <div class=\"bd_toc_header_title\">\n                                    Sum\u00e1rio                                <\/div>\n                                <div class=\"bd_toc_switcher_hide_show_icon\">\n                                    <span class=\"bd_toc_arrow\"><\/span>                                <\/div>\n                            <\/div>\n                            <div class=\"bd_toc_content list-type-number\">\n                                <div class=\"bd_toc_content_list\">\n                                    <div class='bd_toc_content_list_item'>    <ul>\n      <li class=\"first\">\n        <a href=\"#arm\u00e1rio-de-banheiro-com-c\u00f4moda-por-que-usar-uma-c\u00f4moda-antiga-no-banheiro\">Arm\u00e1rio de banheiro com c\u00f4moda? Por que usar uma c\u00f4moda antiga no banheiro?<\/a>\n      <\/li>\n      <li>\n        <a href=\"#passo-a-passo-para-transformar-sua-c\u00f4moda\">Passo a passo para transformar sua c\u00f4moda<\/a>\n      <\/li>\n      <li>\n        <a href=\"#v\u00eddeo-como-instalar-pia-em-m\u00f3vel-antigo\">V\u00eddeo: Como instalar pia em m\u00f3vel antigo<\/a>\n      <\/li>\n      <li>\n        <a href=\"#dicas-para-deixar-seu-arm\u00e1rio-ainda-mais-funcional\">Dicas para deixar seu arm\u00e1rio ainda mais funcional<\/a>\n      <\/li>\n      <li>\n        <a href=\"#tabela-vantagens-de-uma-c\u00f4moda-transformada\">Tabela: Vantagens de uma c\u00f4moda transformada<\/a>\n      <\/li>\n      <li>\n        <a href=\"#originalidade-com-alma-e-hist\u00f3ria\">Originalidade com alma e hist\u00f3ria<\/a>\n      <\/li>\n      <li class=\"last\">\n        <a href=\"#faq-arm\u00e1rio-de-banheiro-com-c\u00f4moda-antiga\">FAQ \u2013 Arm\u00e1rio de banheiro com c\u00f4moda antiga<\/a>\n        <ul class=\"menu_level_2\">\n          <li class=\"first\">\n            <a href=\"#qual-tipo-de-c\u00f4moda-\u00e9-ideal-para-transformar\">Qual tipo de c\u00f4moda \u00e9 ideal para transformar?<\/a>\n          <\/li>\n          <li>\n            <a href=\"#qual-o-melhor-tipo-de-cuba-para-usar\">Qual o melhor tipo de cuba para usar?<\/a>\n          <\/li>\n          <li>\n            <a href=\"#preciso-envernizar-o-m\u00f3vel-mesmo-se-ele-ficar-longe-do-chuveiro\">Preciso envernizar o m\u00f3vel mesmo se ele ficar longe do chuveiro?<\/a>\n          <\/li>\n          <li>\n            <a href=\"#posso-fazer-a-instala\u00e7\u00e3o-hidr\u00e1ulica-sozinho\">Posso fazer a instala\u00e7\u00e3o hidr\u00e1ulica sozinho?<\/a>\n          <\/li>\n          <li class=\"last\">\n            <a href=\"#e-se-eu-n\u00e3o-quiser-furar-a-c\u00f4moda\">E se eu n\u00e3o quiser furar a c\u00f4moda?<\/a>\n          <\/li>\n        <\/ul>\n      <\/li>\n    <\/ul>\n<\/div>                                <\/div>\n                            <\/div>\n                        <\/div>\n                    <\/div>\n                    <div class=\"layout_toggle_button\">\n                        <span class=\"bd_toc_arrow\"><\/span>\n                    <\/div>\n                <\/div>\n            <\/div>\n\n    \n\n\n<p><strong>Arm\u00e1rio de banheiro com c\u00f4moda<\/strong>. Voc\u00ea j\u00e1 pensou em transformar aquela c\u00f4moda antiga esquecida no canto da casa em um arm\u00e1rio de banheiro que parece ter sa\u00eddo de uma revista de decora\u00e7\u00e3o?<\/p>\n\n\n\n<p>Pois \u00e9 \u2014 al\u00e9m de sustent\u00e1vel, essa tend\u00eancia est\u00e1 conquistando os amantes de interiores que querem algo realmente \u00fanico, charmoso e com muita personalidade.<\/p>\n\n\n\n<p>Hoje vou te mostrar como fazer isso de um jeito pr\u00e1tico, bonito e funcional. E o melhor: Sem gastar uma fortuna!<\/p>\n\n\n\n<hr class=\"wp-block-separator has-alpha-channel-opacity\"\/>\n\n\n\n<h2 id='arm\u00e1rio-de-banheiro-com-c\u00f4moda-por-que-usar-uma-c\u00f4moda-antiga-no-banheiro'  class=\"wp-block-heading\">Arm\u00e1rio de banheiro com c\u00f4moda? Por que usar uma c\u00f4moda antiga no banheiro?<\/h2>\n\n\n\n<p>Logo de cara, j\u00e1 d\u00e1 pra listar bons motivos:<\/p>\n\n\n\n<ul class=\"wp-block-list\">\n<li>\u00c9 uma pe\u00e7a \u00fanica, que dificilmente ser\u00e1 encontrada igual por a\u00ed.<\/li>\n\n\n\n<li>Traz personalidade e hist\u00f3ria para o ambiente.<\/li>\n\n\n\n<li>Permite reaproveitamento e \u00e9 uma op\u00e7\u00e3o ecol\u00f3gica.<\/li>\n\n\n\n<li>Pode se adaptar tanto a banheiros modernos quanto r\u00fasticos.<\/li>\n<\/ul>\n\n\n\n<p>Uma c\u00f4moda com boas linhas, gavetas e estrutura firme pode virar o m\u00f3vel dos sonhos \u2014 basta dar um pouco de carinho (e criatividade).<\/p>\n\n\n\n<hr class=\"wp-block-separator has-alpha-channel-opacity\"\/>\n\n\n\n<h2 id='passo-a-passo-para-transformar-sua-c\u00f4moda'  class=\"wp-block-heading\">Passo a passo para transformar sua c\u00f4moda<\/h2>\n\n\n\n<p>Transformar uma c\u00f4moda antiga exige alguns cuidados antes de ir direto para a pia. Vamos ao roteiro:<\/p>\n\n\n\n<figure class=\"wp-block-table\"><table class=\"has-fixed-layout\"><thead><tr><th>Etapa<\/th><th>O que fazer<\/th><\/tr><\/thead><tbody><tr><td><strong>1. Limpeza<\/strong><\/td><td>Limpe bem com pano \u00famido e detergente neutro. Retire ferrugem ou mofo se houver.<\/td><\/tr><tr><td><strong>2. Avalia\u00e7\u00e3o<\/strong><\/td><td>Verifique estrutura, gavetas, fundo e partes danificadas. Reforce onde precisar.<\/td><\/tr><tr><td><strong>3. Prote\u00e7\u00e3o<\/strong><\/td><td>Aplique verniz mar\u00edtimo ou selador contra umidade para proteger a madeira.<\/td><\/tr><tr><td><strong>4. Adapta\u00e7\u00e3o da pia<\/strong><\/td><td>Marque a \u00e1rea da cuba, fa\u00e7a o corte e passe o encanamento. Pias de sobrepor funcionam melhor.<\/td><\/tr><tr><td><strong>5. Acabamento<\/strong><\/td><td>Lixe, pinte ou envernize. Troque os puxadores para dar o toque final.<\/td><\/tr><\/tbody><\/table><\/figure>\n\n\n\n<hr class=\"wp-block-separator has-alpha-channel-opacity\"\/>\n\n\n\n<a href=\"https:\/\/1truenote.com\/en\/armario-de-banheiro-com-espelho-barato\/\" style=\"text-decoration: none;\">\n  <div style=\"display: flex; justify-content: space-between; align-items: center; background: #d44a00; padding: 12px 20px; color: white; font-family: Arial, sans-serif;\">\n    <strong style=\"color: black;\">READ ALSO:<\/strong>\n    <span style=\"margin-left: 8px; flex: 1;\">Esse arm\u00e1rio com espelho t\u00e1 viralizando \u2013 veja por qu\u00ea antes que acabe!<\/span>\n    <div style=\"background: #f2802f; padding: 8px 12px; border-radius: 2px; margin-left: 10px;\">\n      <span style=\"color: white; font-weight: bold;\">\u27a4<\/span>\n    <\/div>\n  <\/div>\n<\/a>\n\n\n\n\n<hr class=\"wp-block-separator has-alpha-channel-opacity\"\/>\n\n\n\n<h2 id='v\u00eddeo-como-instalar-pia-em-m\u00f3vel-antigo'  class=\"wp-block-heading\">V\u00eddeo: Como instalar pia em m\u00f3vel antigo<\/h2>\n\n\n\n<p><a href=\"https:\/\/www.youtube.com\/watch?v=893nO89U_8E&amp;pp=ygVMQ29tbyB0cmFuc2Zvcm1hciBjw7Rtb2RhIGVtIGFybcOhcmlvIGRlIGJhbmhlaXJvIGNvbSBjdWJhIHwgRG9tYSBBcnF1aXRldHVyYQ%3D%3D\" data-type=\"link\" data-id=\"https:\/\/www.youtube.com\/watch?v=893nO89U_8E&amp;pp=ygVMQ29tbyB0cmFuc2Zvcm1hciBjw7Rtb2RhIGVtIGFybcOhcmlvIGRlIGJhbmhlaXJvIGNvbSBjdWJhIHwgRG9tYSBBcnF1aXRldHVyYQ%3D%3D\" target=\"_blank\" rel=\"noopener\">\ud83d\udd17 Como transformar c\u00f4moda em arm\u00e1rio de banheiro com cuba | Doma Arquitetura (YouTube)<\/a><\/p>\n\n\n\n<figure class=\"wp-block-embed is-type-video is-provider-youtube wp-block-embed-youtube wp-embed-aspect-16-9 wp-has-aspect-ratio\"><div class=\"wp-block-embed__wrapper\">\n<iframe title=\"15 IDEIAS DE MOVEIS PARA BANHEIRO COM PIA DE COLUNA - ANA PAULA CAMILO\" width=\"720\" height=\"405\" src=\"https:\/\/www.youtube.com\/embed\/893nO89U_8E?feature=oembed\" frameborder=\"0\" allow=\"accelerometer; autoplay; clipboard-write; encrypted-media; gyroscope; picture-in-picture; web-share\" referrerpolicy=\"strict-origin-when-cross-origin\" allowfullscreen><\/iframe>\n<\/div><\/figure>\n\n\n\n<p>Neste v\u00eddeo super did\u00e1tico, a arquiteta Stephanie Ribeiro mostra em detalhes como adaptar a pia, fazer os cortes e fixa\u00e7\u00f5es com seguran\u00e7a.<\/p>\n\n\n\n<hr class=\"wp-block-separator has-alpha-channel-opacity\"\/>\n\n\n\n<figure class=\"wp-block-image aligncenter size-medium\"><a href=\"https:\/\/chat.whatsapp.com\/KJBkp5LFJVRIvmt5X3hSEh\" target=\"_blank\" rel=\"noopener\"><img data-recalc-dims=\"1\" fetchpriority=\"high\" decoding=\"async\" width=\"200\" height=\"300\" src=\"https:\/\/i0.wp.com\/1truenote.com\/wp-content\/uploads\/2025\/06\/ChatGPT-Image-3-de-jun.-de-2025-19_04_53.png?resize=200%2C300&#038;ssl=1\" alt=\"chamada banner advetorial whats\" class=\"wp-image-2683\" srcset=\"https:\/\/i0.wp.com\/1truenote.com\/wp-content\/uploads\/2025\/06\/ChatGPT-Image-3-de-jun.-de-2025-19_04_53.png?resize=200%2C300&amp;ssl=1 200w, https:\/\/i0.wp.com\/1truenote.com\/wp-content\/uploads\/2025\/06\/ChatGPT-Image-3-de-jun.-de-2025-19_04_53.png?resize=683%2C1024&amp;ssl=1 683w, https:\/\/i0.wp.com\/1truenote.com\/wp-content\/uploads\/2025\/06\/ChatGPT-Image-3-de-jun.-de-2025-19_04_53.png?resize=768%2C1152&amp;ssl=1 768w, https:\/\/i0.wp.com\/1truenote.com\/wp-content\/uploads\/2025\/06\/ChatGPT-Image-3-de-jun.-de-2025-19_04_53.png?resize=150%2C225&amp;ssl=1 150w, https:\/\/i0.wp.com\/1truenote.com\/wp-content\/uploads\/2025\/06\/ChatGPT-Image-3-de-jun.-de-2025-19_04_53.png?w=1024&amp;ssl=1 1024w\" sizes=\"(max-width: 200px) 100vw, 200px\" \/><\/a><\/figure>\n\n\n\n<hr class=\"wp-block-separator has-alpha-channel-opacity\"\/>\n\n\n\n<h2 id='dicas-para-deixar-seu-arm\u00e1rio-ainda-mais-funcional'  class=\"wp-block-heading\">Dicas para deixar seu arm\u00e1rio ainda mais funcional<\/h2>\n\n\n\n<ul class=\"wp-block-list\">\n<li><strong>Adicione prateleiras internas<\/strong>: aproveite o espa\u00e7o vertical e guarde toalhas, rolos extras de papel e produtos de limpeza.<\/li>\n\n\n\n<li><strong>Use cestinhos ou colmeias organizadoras<\/strong>: mant\u00eam tudo arrumadinho sem esfor\u00e7o.<\/li>\n\n\n\n<li><strong>Aposte em ilumina\u00e7\u00e3o interna com fita de LED<\/strong>: charme extra com custo baixo.<\/li>\n\n\n\n<li><strong>Escolha puxadores estilosos<\/strong>: bronze envelhecido, cer\u00e2mica pintada ou at\u00e9 madeira entalhada criam efeitos incr\u00edveis.<\/li>\n<\/ul>\n\n\n\n<hr class=\"wp-block-separator has-alpha-channel-opacity\"\/>\n\n\n\n<h2 id='tabela-vantagens-de-uma-c\u00f4moda-transformada'  class=\"wp-block-heading\">Tabela: Vantagens de uma c\u00f4moda transformada<\/h2>\n\n\n\n<figure class=\"wp-block-table\"><table class=\"has-fixed-layout\"><thead><tr><th>Vantagens<\/th><th>Explica\u00e7\u00e3o<\/th><\/tr><\/thead><tbody><tr><td>Sustentabilidade<\/td><td>Reaproveita materiais e evita descarte desnecess\u00e1rio<\/td><\/tr><tr><td>Est\u00e9tica personalizada<\/td><td>Ningu\u00e9m ter\u00e1 um arm\u00e1rio igual ao seu<\/td><\/tr><tr><td>Baixo custo<\/td><td>Com tinta e pequenos ajustes, o m\u00f3vel se transforma<\/td><\/tr><tr><td>Funcionalidade<\/td><td>Pode ter espa\u00e7o interno maior que muitos arm\u00e1rios prontos<\/td><\/tr><\/tbody><\/table><\/figure>\n\n\n\n<hr class=\"wp-block-separator has-alpha-channel-opacity\"\/>\n\n\n\n<a href=\"https:\/\/1truenote.com\/en\/armario-de-banheiro-com-espelho-barato\/\" style=\"text-decoration: none;\">\n  <div style=\"display: flex; justify-content: space-between; align-items: center; background: #d44a00; padding: 12px 20px; color: white; font-family: Arial, sans-serif;\">\n    <strong style=\"color: black;\">READ ALSO:<\/strong>\n    <span style=\"margin-left: 8px; flex: 1;\">Esse arm\u00e1rio com espelho t\u00e1 viralizando \u2013 veja por qu\u00ea antes que acabe!<\/span>\n    <div style=\"background: #f2802f; padding: 8px 12px; border-radius: 2px; margin-left: 10px;\">\n      <span style=\"color: white; font-weight: bold;\">\u27a4<\/span>\n    <\/div>\n  <\/div>\n<\/a>\n\n\n\n\n<hr class=\"wp-block-separator has-alpha-channel-opacity\"\/>\n\n\n\n<h2 id='originalidade-com-alma-e-hist\u00f3ria'  class=\"wp-block-heading\">Originalidade com alma e hist\u00f3ria<\/h2>\n\n\n\n<p><strong>Arm\u00e1rio de banheiro com c\u00f4moda<\/strong>. Transformar uma c\u00f4moda em arm\u00e1rio de banheiro \u00e9 mais do que uma tend\u00eancia \u2014 \u00e9 uma forma de imprimir seu estilo de forma aut\u00eantica, funcional e ecol\u00f3gica. E o melhor: \u00e9 um projeto que voc\u00ea pode colocar a m\u00e3o na massa com um pouco de tempo e criatividade.<\/p>\n\n\n\n<p>Al\u00e9m de economizar, voc\u00ea cria algo com alma, que carrega hist\u00f3ria e vira ponto focal do ambiente. E no fim, \u00e9 isso que todo mundo quer: uma casa com personalidade e solu\u00e7\u00f5es \u00fanicas. Gostou do <strong>arm\u00e1rio de banheiro com c\u00f4moda<\/strong>?<\/p>\n\n\n\n<hr class=\"wp-block-separator has-alpha-channel-opacity\"\/>\n\n\n\n<h2 id='faq-arm\u00e1rio-de-banheiro-com-c\u00f4moda-antiga'  class=\"wp-block-heading\">FAQ \u2013 Arm\u00e1rio de banheiro com c\u00f4moda antiga<\/h2>\n\n\n<div id=\"rank-math-faq\" class=\"rank-math-block\">\n<div class=\"rank-math-list\">\n<div id=\"faq-question-1749516052088\" class=\"rank-math-list-item\">\n<h3 id='qual-tipo-de-c\u00f4moda-\u00e9-ideal-para-transformar'  class=\"rank-math-question\">Qual tipo de c\u00f4moda \u00e9 ideal para transformar?<\/h3>\n<div class=\"rank-math-answer\">\n\n<p>Modelos de madeira maci\u00e7a e com estrutura firme s\u00e3o os melhores. Evite MDF antigo em \u00e1reas \u00famidas.<\/p>\n\n<\/div>\n<\/div>\n<div id=\"faq-question-1749516053454\" class=\"rank-math-list-item\">\n<h3 id='qual-o-melhor-tipo-de-cuba-para-usar'  class=\"rank-math-question\">Qual o melhor tipo de cuba para usar?<\/h3>\n<div class=\"rank-math-answer\">\n\n<p>As cubas de sobrepor ou de apoio s\u00e3o ideais, pois n\u00e3o exigem cortes profundos nem altera\u00e7\u00f5es estruturais complexas.<\/p>\n\n<\/div>\n<\/div>\n<div id=\"faq-question-1749516054471\" class=\"rank-math-list-item\">\n<h3 id='preciso-envernizar-o-m\u00f3vel-mesmo-se-ele-ficar-longe-do-chuveiro'  class=\"rank-math-question\">Preciso envernizar o m\u00f3vel mesmo se ele ficar longe do chuveiro?<\/h3>\n<div class=\"rank-math-answer\">\n\n<p>Sim! A umidade do banheiro afeta todo o ambiente. O verniz garante durabilidade e prote\u00e7\u00e3o.<\/p>\n\n<\/div>\n<\/div>\n<div id=\"faq-question-1749516078124\" class=\"rank-math-list-item\">\n<h3 id='posso-fazer-a-instala\u00e7\u00e3o-hidr\u00e1ulica-sozinho'  class=\"rank-math-question\">Posso fazer a instala\u00e7\u00e3o hidr\u00e1ulica sozinho?<\/h3>\n<div class=\"rank-math-answer\">\n\n<p>\u00c9 poss\u00edvel, mas se voc\u00ea n\u00e3o tem experi\u00eancia, vale chamar um encanador para garantir seguran\u00e7a e evitar vazamentos.<\/p>\n\n<\/div>\n<\/div>\n<div id=\"faq-question-1749516099994\" class=\"rank-math-list-item\">\n<h3 id='e-se-eu-n\u00e3o-quiser-furar-a-c\u00f4moda'  class=\"rank-math-question\">E se eu n\u00e3o quiser furar a c\u00f4moda?<\/h3>\n<div class=\"rank-math-answer\">\n\n<p>Opte por uma cuba de apoio com sif\u00e3o oculto ou use apenas a superf\u00edcie superior como bancada com itens decorativos.<\/p>\n\n<\/div>\n<\/div>\n<\/div>\n<\/div>\n\n\n<figure class=\"wp-block-image aligncenter size-full\"><img data-recalc-dims=\"1\" decoding=\"async\" width=\"1024\" height=\"1024\" src=\"https:\/\/i0.wp.com\/1truenote.com\/wp-content\/uploads\/2025\/06\/ChatGPT-Image-9-de-jun.-de-2025-21_50_48.png?resize=1024%2C1024&#038;ssl=1\" alt=\"Arm\u00e1rio de banheiro com c\u00f4moda\" class=\"wp-image-2830\" srcset=\"https:\/\/i0.wp.com\/1truenote.com\/wp-content\/uploads\/2025\/06\/ChatGPT-Image-9-de-jun.-de-2025-21_50_48.png?w=1024&amp;ssl=1 1024w, https:\/\/i0.wp.com\/1truenote.com\/wp-content\/uploads\/2025\/06\/ChatGPT-Image-9-de-jun.-de-2025-21_50_48.png?resize=300%2C300&amp;ssl=1 300w, https:\/\/i0.wp.com\/1truenote.com\/wp-content\/uploads\/2025\/06\/ChatGPT-Image-9-de-jun.-de-2025-21_50_48.png?resize=150%2C150&amp;ssl=1 150w, https:\/\/i0.wp.com\/1truenote.com\/wp-content\/uploads\/2025\/06\/ChatGPT-Image-9-de-jun.-de-2025-21_50_48.png?resize=768%2C768&amp;ssl=1 768w, https:\/\/i0.wp.com\/1truenote.com\/wp-content\/uploads\/2025\/06\/ChatGPT-Image-9-de-jun.-de-2025-21_50_48.png?resize=96%2C96&amp;ssl=1 96w\" sizes=\"(max-width: 1024px) 100vw, 1024px\" \/><\/figure>","protected":false},"excerpt":{"rendered":"<p>Arm\u00e1rio de banheiro com c\u00f4moda. Voc\u00ea j\u00e1 pensou em transformar aquela c\u00f4moda antiga esquecida no canto da casa em um&#8230;<\/p>","protected":false},"author":1,"featured_media":2830,"comment_status":"open","ping_status":"open","sticky":false,"template":"","format":"standard","meta":{"_kad_post_transparent":"","_kad_post_title":"","_kad_post_layout":"","_kad_post_sidebar_id":"","_kad_post_content_style":"","_kad_post_vertical_padding":"","_kad_post_feature":"","_kad_post_feature_position":"","_kad_post_header":false,"_kad_post_footer":false,"_kad_post_classname":"","footnotes":"","jetpack_publicize_message":"Arm\u00e1rio de banheiro com c\u00f4moda. Voc\u00ea j\u00e1 pensou em transformar aquela c\u00f4moda antiga esquecida no canto da casa em um arm\u00e1rio de banheiro que parece ter sa\u00eddo de uma revista de decora\u00e7\u00e3o?\n\nPois \u00e9 \u2014 al\u00e9m de sustent\u00e1vel, essa tend\u00eancia est\u00e1 conquistando os amantes de interiores que querem algo realmente \u00fanico, charmoso e com muita personalidade.\n\nHoje vou te mostrar como fazer isso de um jeito pr\u00e1tico, bonito e funcional.\n\n#carvalhoconsultoriabrasil #truenote #armario #banheiro #funcional #segredo","jetpack_publicize_feature_enabled":true,"jetpack_social_post_already_shared":true,"jetpack_social_options":{"image_generator_settings":{"template":"highway","default_image_id":0,"enabled":false},"version":2}},"categories":[16],"tags":[13],"class_list":["post-2828","post","type-post","status-publish","format-standard","has-post-thumbnail","hentry","category-casa-e-jardim","tag-minimalista"],"jetpack_publicize_connections":[],"jetpack_featured_media_url":"https:\/\/i0.wp.com\/1truenote.com\/wp-content\/uploads\/2025\/06\/ChatGPT-Image-9-de-jun.-de-2025-21_50_48.png?fit=1024%2C1024&ssl=1","jetpack_sharing_enabled":true,"_links":{"self":[{"href":"https:\/\/1truenote.com\/en\/wp-json\/wp\/v2\/posts\/2828","targetHints":{"allow":["GET"]}}],"collection":[{"href":"https:\/\/1truenote.com\/en\/wp-json\/wp\/v2\/posts"}],"about":[{"href":"https:\/\/1truenote.com\/en\/wp-json\/wp\/v2\/types\/post"}],"author":[{"embeddable":true,"href":"https:\/\/1truenote.com\/en\/wp-json\/wp\/v2\/users\/1"}],"replies":[{"embeddable":true,"href":"https:\/\/1truenote.com\/en\/wp-json\/wp\/v2\/comments?post=2828"}],"version-history":[{"count":1,"href":"https:\/\/1truenote.com\/en\/wp-json\/wp\/v2\/posts\/2828\/revisions"}],"predecessor-version":[{"id":2838,"href":"https:\/\/1truenote.com\/en\/wp-json\/wp\/v2\/posts\/2828\/revisions\/2838"}],"wp:featuredmedia":[{"embeddable":true,"href":"https:\/\/1truenote.com\/en\/wp-json\/wp\/v2\/media\/2830"}],"wp:attachment":[{"href":"https:\/\/1truenote.com\/en\/wp-json\/wp\/v2\/media?parent=2828"}],"wp:term":[{"taxonomy":"category","embeddable":true,"href":"https:\/\/1truenote.com\/en\/wp-json\/wp\/v2\/categories?post=2828"},{"taxonomy":"post_tag","embeddable":true,"href":"https:\/\/1truenote.com\/en\/wp-json\/wp\/v2\/tags?post=2828"}],"curies":[{"name":"wp","href":"https:\/\/api.w.org\/{rel}","templated":true}]}}