{"id":2824,"date":"2025-06-10T08:00:00","date_gmt":"2025-06-10T11:00:00","guid":{"rendered":"https:\/\/1truenote.com\/?p=2824"},"modified":"2025-06-09T21:08:22","modified_gmt":"2025-06-10T00:08:22","slug":"cor-de-porcelanato-para-sala-para-ampliar","status":"publish","type":"post","link":"https:\/\/1truenote.com\/en\/cor-de-porcelanato-para-sala-para-ampliar\/","title":{"rendered":"Descubra a cor de porcelanato para sala que valoriza e amplia o ambiente da sala"},"content":{"rendered":"<div class=\"fit_content\">\n                <div class=\"bd_toc_container\" data-fixedwidth=\"\">\n                    <div class=\"bd_toc_wrapper\" data-wrapperpadding=\"48px\">\n                        <div class=\"bd_toc_wrapper_item\">\n                            <div class=\"bd_toc_header active\" data-headerpadding=\"2px\">\n                                <div class=\"bd_toc_header_title\">\n                                    Sum\u00e1rio                                <\/div>\n                                <div class=\"bd_toc_switcher_hide_show_icon\">\n                                    <span class=\"bd_toc_arrow\"><\/span>                                <\/div>\n                            <\/div>\n                            <div class=\"bd_toc_content list-type-number\">\n                                <div class=\"bd_toc_content_list\">\n                                    <div class='bd_toc_content_list_item'>    <ul>\n      <li class=\"first\">\n        <span><\/span>\n        <ul class=\"menu_level_2\">\n          <li class=\"first\">\n            <a href=\"#1-cor-de-porcelanato-para-sala-por-que-a-cor-do-porcelanato-transforma-o-espa\u00e7o\">1. Cor de porcelanato para sala: Por que a cor do porcelanato transforma o espa\u00e7o?<\/a>\n          <\/li>\n          <li>\n            <a href=\"#2-o-papel-da-ilumina\u00e7\u00e3o-natural\">2. O papel da ilumina\u00e7\u00e3o natural<\/a>\n          <\/li>\n          <li>\n            <a href=\"#3-escolha-do-acabamento\">3. Escolha do acabamento<\/a>\n          <\/li>\n          <li>\n            <a href=\"#4-v\u00eddeo-veja-como-instalar-porcelanato-corretamente\">4. V\u00eddeo: Veja como instalar porcelanato corretamente<\/a>\n          <\/li>\n          <li>\n            <a href=\"#5-cuidados-na-manuten\u00e7\u00e3o\">5. Cuidados na manuten\u00e7\u00e3o<\/a>\n          <\/li>\n          <li>\n            <a href=\"#6-tend\u00eancias-de-cores-2025\">6. Tend\u00eancias de cores 2025<\/a>\n          <\/li>\n          <li>\n            <a href=\"#7-como-escolher-com-confian\u00e7a\">7. Como escolher com confian\u00e7a<\/a>\n          <\/li>\n          <li class=\"last\">\n            <a href=\"#\u2705-conclus\u00e3o-sobre-cor-de-porcelanato-para-sala\">\u2705 Conclus\u00e3o sobre cor de porcelanato para sala<\/a>\n          <\/li>\n        <\/ul>\n      <\/li>\n      <li class=\"last\">\n        <a href=\"#faq-perguntas-frequentes-sobre-cor-de-porcelanato-para-sala\">FAQ \u2013 Perguntas frequentes sobre cor de porcelanato para sala<\/a>\n        <ul class=\"menu_level_2\">\n          <li class=\"first\">\n            <a href=\"#porcelanato-escuro-fecha-muito-o-ambiente-pequeno\">Porcelanato escuro fecha muito o ambiente pequeno?<\/a>\n          <\/li>\n          <li>\n            <a href=\"#qual-porcelanato-reflete-mais-luz\">Qual porcelanato reflete mais luz?<\/a>\n          <\/li>\n          <li>\n            <a href=\"#marmorizado-\u00e9-dif\u00edcil-de-combinar-com-decora\u00e7\u00e3o\">Marmorizado \u00e9 dif\u00edcil de combinar com decora\u00e7\u00e3o?<\/a>\n          <\/li>\n          <li>\n            <a href=\"#d\u00e1-pra-trocar-somente-o-piso-e-melhorar-o-visual\">D\u00e1 pra trocar somente o piso e melhorar o visual?<\/a>\n          <\/li>\n          <li class=\"last\">\n            <a href=\"#posso-usar-o-mesmo-porcelanato-em-toda-a-casa\">Posso usar o mesmo porcelanato em toda a casa?<\/a>\n          <\/li>\n        <\/ul>\n      <\/li>\n    <\/ul>\n<\/div>                                <\/div>\n                            <\/div>\n                        <\/div>\n                    <\/div>\n                    <div class=\"layout_toggle_button\">\n                        <span class=\"bd_toc_arrow\"><\/span>\n                    <\/div>\n                <\/div>\n            <\/div>\n\n    \n\n\n<p>Cor de porcelanato para sala. A escolha da cor do porcelanato vai muito al\u00e9m do visual: ela influencia diretamente na sensa\u00e7\u00e3o de amplitude, luz e estilo da sua sala. Um piso claro pode multiplicar a impress\u00e3o de espa\u00e7o, enquanto tons escuros oferecem eleg\u00e2ncia e aconchego.<\/p>\n\n\n\n<p>Vamos explorar juntos op\u00e7\u00f5es certeiras que elevam sua sala de estar \u2014 inclusive com dicas pr\u00e1ticas, tabelas comparativas, v\u00eddeo explicativo e um FAQ completo para tirar toda a sua d\u00favida.<\/p>\n\n\n\n<hr class=\"wp-block-separator has-alpha-channel-opacity\"\/>\n\n\n\n<h3 id='1-cor-de-porcelanato-para-sala-por-que-a-cor-do-porcelanato-transforma-o-espa\u00e7o'  class=\"wp-block-heading\">1. Cor de porcelanato para sala: Por que a cor do porcelanato transforma o espa\u00e7o?<\/h3>\n\n\n\n<figure class=\"wp-block-table\"><table class=\"has-fixed-layout\"><thead><tr><th>Objetivo<\/th><th>Cor recomendada<\/th><th>Resultado<\/th><th>Quando usar<\/th><\/tr><\/thead><tbody><tr><td>Ampliar salas pequenas<\/td><td>Branco, off-white, bege, cinza-claro<\/td><td>Reflete mais luz e refor\u00e7a a sensa\u00e7\u00e3o de amplitude<\/td><td>Ambientes reduzidos \/ pouca luz<\/td><\/tr><tr><td>Criar ambiente sofisticado<\/td><td>Cinza escuro, marrom, grafite<\/td><td>Traz profundidade, aconchego e contraste<\/td><td>Salas amplas e bem iluminadas<\/td><\/tr><tr><td>Equil\u00edbrio e versatilidade<\/td><td>Marmorizados claros com veios discretos<\/td><td>Combina ilumina\u00e7\u00e3o e detalhes elegantes<\/td><td>Ideal para estilos neutros com personalidade<\/td><\/tr><\/tbody><\/table><\/figure>\n\n\n\n<hr class=\"wp-block-separator has-alpha-channel-opacity\"\/>\n\n\n\n<h3 id='2-o-papel-da-ilumina\u00e7\u00e3o-natural'  class=\"wp-block-heading\">2. O papel da ilumina\u00e7\u00e3o natural<\/h3>\n\n\n\n<ul class=\"wp-block-list\">\n<li><strong>Pouca luz natural<\/strong>: invista em porcelanatos claros para espalhar a luz.<\/li>\n\n\n\n<li><strong>Ambientes bem iluminados<\/strong>: tons escuros ou marmorizados funcionam para criar atmosfera sem \u201cfechar\u201d o espa\u00e7o.<\/li>\n<\/ul>\n\n\n\n<p>\ud83d\udca1 Dica: leve amostras para sua sala, observe em diferentes horas do dia e teste sob luz artificial.<\/p>\n\n\n\n<hr class=\"wp-block-separator has-alpha-channel-opacity\"\/>\n\n\n\n<figure class=\"wp-block-image aligncenter size-medium\"><a href=\"https:\/\/chat.whatsapp.com\/KJBkp5LFJVRIvmt5X3hSEh\" target=\"_blank\" rel=\"noopener\"><img data-recalc-dims=\"1\" fetchpriority=\"high\" decoding=\"async\" width=\"200\" height=\"300\" src=\"https:\/\/i0.wp.com\/1truenote.com\/wp-content\/uploads\/2025\/06\/ChatGPT-Image-3-de-jun.-de-2025-19_04_53.png?resize=200%2C300&#038;ssl=1\" alt=\"chamada banner advetorial whats\" class=\"wp-image-2683\" srcset=\"https:\/\/i0.wp.com\/1truenote.com\/wp-content\/uploads\/2025\/06\/ChatGPT-Image-3-de-jun.-de-2025-19_04_53.png?resize=200%2C300&amp;ssl=1 200w, https:\/\/i0.wp.com\/1truenote.com\/wp-content\/uploads\/2025\/06\/ChatGPT-Image-3-de-jun.-de-2025-19_04_53.png?resize=683%2C1024&amp;ssl=1 683w, https:\/\/i0.wp.com\/1truenote.com\/wp-content\/uploads\/2025\/06\/ChatGPT-Image-3-de-jun.-de-2025-19_04_53.png?resize=768%2C1152&amp;ssl=1 768w, https:\/\/i0.wp.com\/1truenote.com\/wp-content\/uploads\/2025\/06\/ChatGPT-Image-3-de-jun.-de-2025-19_04_53.png?resize=150%2C225&amp;ssl=1 150w, https:\/\/i0.wp.com\/1truenote.com\/wp-content\/uploads\/2025\/06\/ChatGPT-Image-3-de-jun.-de-2025-19_04_53.png?w=1024&amp;ssl=1 1024w\" sizes=\"(max-width: 200px) 100vw, 200px\" \/><\/a><\/figure>\n\n\n\n<hr class=\"wp-block-separator has-alpha-channel-opacity\"\/>\n\n\n\n<h3 id='3-escolha-do-acabamento'  class=\"wp-block-heading\">3. Escolha do acabamento<\/h3>\n\n\n\n<ul class=\"wp-block-list\">\n<li><strong>Polido<\/strong>: reflete mais luz, ideal para amplificar espa\u00e7os.<\/li>\n\n\n\n<li><strong>Acetinado<\/strong>: menos escorregadio e com brilho moderado.<\/li>\n\n\n\n<li><strong>Texturizado\/estriado<\/strong>: \u00fatil em \u00e1reas que prezam por seguran\u00e7a, como corredores.<\/li>\n<\/ul>\n\n\n\n<hr class=\"wp-block-separator has-alpha-channel-opacity\"\/>\n\n\n\n<a href=\"https:\/\/1truenote.com\/en\/category\/casa-e-jardim\/\" style=\"text-decoration: none;\">\n  <div style=\"display: flex; justify-content: space-between; align-items: center; background: #d44a00; padding: 12px 20px; color: white; font-family: Arial, sans-serif;\">\n    <strong style=\"color: black;\">READ ALSO:<\/strong>\n    <span style=\"margin-left: 8px; flex: 1;\">Top conte\u00fados de Casa e Jardim<\/span>\n    <div style=\"background: #f2802f; padding: 8px 12px; border-radius: 2px; margin-left: 10px;\">\n      <span style=\"color: white; font-weight: bold;\">\u27a4<\/span>\n    <\/div>\n  <\/div>\n<\/a>\n\n\n\n<hr class=\"wp-block-separator has-alpha-channel-opacity\"\/>\n\n\n\n<h3 id='4-v\u00eddeo-veja-como-instalar-porcelanato-corretamente'  class=\"wp-block-heading\">4. V\u00eddeo: Veja como instalar porcelanato corretamente<\/h3>\n\n\n\n<figure class=\"wp-block-embed is-type-rich is-provider-incorporar-manipulador wp-block-embed-incorporar-manipulador wp-embed-aspect-16-9 wp-has-aspect-ratio\"><div class=\"wp-block-embed__wrapper\">\n<iframe title=\"Aprende a instalar cer\u00e1micos de 45 x 45 geom\u00e9tricos en piso\" width=\"720\" height=\"405\" src=\"https:\/\/www.youtube.com\/embed\/sIHSzO0_gtU?feature=oembed\" frameborder=\"0\" allow=\"accelerometer; autoplay; clipboard-write; encrypted-media; gyroscope; picture-in-picture; web-share\" referrerpolicy=\"strict-origin-when-cross-origin\" allowfullscreen><\/iframe>\n<\/div><\/figure>\n\n\n\n<p>Este tutorial mostra t\u00e9cnicas de assentamento que garantem alinhamento perfeito das pe\u00e7as e refor\u00e7am a apar\u00eancia ampla do revestimento.<\/p>\n\n\n\n<hr class=\"wp-block-separator has-alpha-channel-opacity\"\/>\n\n\n\n<h3 id='5-cuidados-na-manuten\u00e7\u00e3o'  class=\"wp-block-heading\">5. Cuidados na manuten\u00e7\u00e3o<\/h3>\n\n\n\n<ul class=\"wp-block-list\">\n<li><strong>Claros<\/strong>: exigem limpeza frequente com produtos suaves para manter o aspecto limpo e sem manchas.<\/li>\n\n\n\n<li><strong>Escuros<\/strong>: escondem melhor a sujeira, mas ainda pedem aten\u00e7\u00e3o para n\u00e3o perder o brilho natural.<\/li>\n\n\n\n<li><strong>Rejuntes<\/strong>: cores pr\u00f3ximas ao porcelanato mant\u00eam o visual sereno; rejuntes contrastantes destacam o desenho das pe\u00e7as.<\/li>\n<\/ul>\n\n\n\n<hr class=\"wp-block-separator has-alpha-channel-opacity\"\/>\n\n\n\n<h3 id='6-tend\u00eancias-de-cores-2025'  class=\"wp-block-heading\">6. Tend\u00eancias de cores 2025<\/h3>\n\n\n\n<ul class=\"wp-block-list\">\n<li><strong>Neutros terrosos<\/strong>: bege, marrom e cinza seguem em alta por sua eleg\u00e2ncia e versatilidade.<\/li>\n\n\n\n<li><strong>Toques de cor<\/strong>: azul escuro ou verde oliva trazem personalidade quando usados pontualmente.<\/li>\n\n\n\n<li><strong>Marmorizados e amadeirados<\/strong>: imitam materiais nobres e s\u00e3o cada vez mais procurados.<\/li>\n<\/ul>\n\n\n\n<hr class=\"wp-block-separator has-alpha-channel-opacity\"\/>\n\n\n\n<h3 id='7-como-escolher-com-confian\u00e7a'  class=\"wp-block-heading\">7. Como escolher com confian\u00e7a<\/h3>\n\n\n\n<ol class=\"wp-block-list\">\n<li><strong>Me\u00e7a seu ambiente<\/strong> e avalie a ilumina\u00e7\u00e3o.<\/li>\n\n\n\n<li><strong>Selecione 2 a 3 amostras<\/strong> dentro da paleta desejada.<\/li>\n\n\n\n<li><strong>Teste no ambiente real<\/strong>, observando em dias e hor\u00e1rios diferentes.<\/li>\n\n\n\n<li><strong>Considere m\u00f3veis e decora\u00e7\u00e3o existente<\/strong> para garantir harmonia.<\/li>\n<\/ol>\n\n\n\n<hr class=\"wp-block-separator has-alpha-channel-opacity\"\/>\n\n\n\n<h3 id='\u2705-conclus\u00e3o-sobre-cor-de-porcelanato-para-sala'  class=\"wp-block-heading\">\u2705 Conclus\u00e3o sobre cor de porcelanato para sala<\/h3>\n\n\n\n<ul class=\"wp-block-list\">\n<li><strong>Para ambientes pequenos ou pouco iluminados<\/strong>: porcelanato claro e polido \u00e9 a escolha ideal.<\/li>\n\n\n\n<li><strong>Para salas grandes com muita luz<\/strong>: os tons escuros ou marmorizados conferem sofistica\u00e7\u00e3o.<\/li>\n\n\n\n<li><strong>Sempre teste amostras e considere acabamento e ilumina\u00e7\u00e3o.<\/strong><\/li>\n<\/ul>\n\n\n\n<p>Assim, sua sala n\u00e3o s\u00f3 ficar\u00e1 linda, como tamb\u00e9m valorizada \u2014 seja em metragem, luz ou estilo! Gostou do artigo de cor de porcelanato para sala? Voc\u00ea pode ver mais conte\u00fados como esse clicando <a href=\"https:\/\/1truenote.com\/en\/category\/casa-e-jardim\/\" data-type=\"link\" data-id=\"https:\/\/1truenote.com\/category\/casa-e-jardim\/\">aqui<\/a>.<\/p>\n\n\n\n<a href=\"https:\/\/1truenote.com\/en\/category\/casa-e-jardim\/\" style=\"text-decoration: none;\">\n  <div style=\"display: flex; justify-content: space-between; align-items: center; background: #d44a00; padding: 12px 20px; color: white; font-family: Arial, sans-serif;\">\n    <strong style=\"color: black;\">READ ALSO:<\/strong>\n    <span style=\"margin-left: 8px; flex: 1;\">Top conte\u00fados de Casa e Jardim<\/span>\n    <div style=\"background: #f2802f; padding: 8px 12px; border-radius: 2px; margin-left: 10px;\">\n      <span style=\"color: white; font-weight: bold;\">\u27a4<\/span>\n    <\/div>\n  <\/div>\n<\/a>\n\n\n\n\n<hr class=\"wp-block-separator has-alpha-channel-opacity\"\/>\n\n\n\n<h2 id='faq-perguntas-frequentes-sobre-cor-de-porcelanato-para-sala'  class=\"wp-block-heading\">FAQ \u2013 Perguntas frequentes sobre cor de porcelanato para sala<\/h2>\n\n\n<div id=\"rank-math-faq\" class=\"rank-math-block\">\n<div class=\"rank-math-list\">\n<div id=\"faq-question-1749513047553\" class=\"rank-math-list-item\">\n<h3 id='porcelanato-escuro-fecha-muito-o-ambiente-pequeno'  class=\"rank-math-question\">Porcelanato escuro fecha muito o ambiente pequeno?<\/h3>\n<div class=\"rank-math-answer\">\n\n<p>Sim, se mal iluminado. O ideal \u00e9 combinar com mobili\u00e1rio claro e aproveitar ao m\u00e1ximo a luz dispon\u00edvel.<\/p>\n\n<\/div>\n<\/div>\n<div id=\"faq-question-1749513057950\" class=\"rank-math-list-item\">\n<h3 id='qual-porcelanato-reflete-mais-luz'  class=\"rank-math-question\">Qual porcelanato reflete mais luz?<\/h3>\n<div class=\"rank-math-answer\">\n\n<p>Os polidos brilham mais, aumentando visualmente a sala.<\/p>\n\n<\/div>\n<\/div>\n<div id=\"faq-question-1749513058686\" class=\"rank-math-list-item\">\n<h3 id='marmorizado-\u00e9-dif\u00edcil-de-combinar-com-decora\u00e7\u00e3o'  class=\"rank-math-question\">Marmorizado \u00e9 dif\u00edcil de combinar com decora\u00e7\u00e3o?<\/h3>\n<div class=\"rank-math-answer\">\n\n<p>N\u00e3o. Ele une o melhor dos dois mundos: clareza e detalhes. Funciona bem com estilos que buscam eleg\u00e2ncia sem exagero de cor.<\/p>\n\n<\/div>\n<\/div>\n<div id=\"faq-question-1749513078862\" class=\"rank-math-list-item\">\n<h3 id='d\u00e1-pra-trocar-somente-o-piso-e-melhorar-o-visual'  class=\"rank-math-question\">D\u00e1 pra trocar somente o piso e melhorar o visual?<\/h3>\n<div class=\"rank-math-answer\">\n\n<p>Totalmente. O piso \u00e9 uma base forte: alterando-o j\u00e1 se renova o ambiente por completo.<\/p>\n\n<\/div>\n<\/div>\n<div id=\"faq-question-1749513092413\" class=\"rank-math-list-item\">\n<h3 id='posso-usar-o-mesmo-porcelanato-em-toda-a-casa'  class=\"rank-math-question\">Posso usar o mesmo porcelanato em toda a casa?<\/h3>\n<div class=\"rank-math-answer\">\n\n<p>Sim! A uniformidade visual amplia ainda mais o espa\u00e7o. Apenas escolha rejunte neutro para manter o efeito cont\u00ednuo.<\/p>\n\n<\/div>\n<\/div>\n<\/div>\n<\/div>\n\n\n<figure class=\"wp-block-image aligncenter size-large\"><img data-recalc-dims=\"1\" decoding=\"async\" width=\"1024\" height=\"683\" src=\"https:\/\/i0.wp.com\/1truenote.com\/wp-content\/uploads\/2025\/06\/ChatGPT-Image-9-de-jun.-de-2025-21_01_43.png?resize=1024%2C683&#038;ssl=1\" alt=\"cor de porcelanato para sala\" class=\"wp-image-2826\" srcset=\"https:\/\/i0.wp.com\/1truenote.com\/wp-content\/uploads\/2025\/06\/ChatGPT-Image-9-de-jun.-de-2025-21_01_43.png?resize=1024%2C683&amp;ssl=1 1024w, https:\/\/i0.wp.com\/1truenote.com\/wp-content\/uploads\/2025\/06\/ChatGPT-Image-9-de-jun.-de-2025-21_01_43.png?resize=300%2C200&amp;ssl=1 300w, https:\/\/i0.wp.com\/1truenote.com\/wp-content\/uploads\/2025\/06\/ChatGPT-Image-9-de-jun.-de-2025-21_01_43.png?resize=768%2C512&amp;ssl=1 768w, https:\/\/i0.wp.com\/1truenote.com\/wp-content\/uploads\/2025\/06\/ChatGPT-Image-9-de-jun.-de-2025-21_01_43.png?resize=150%2C100&amp;ssl=1 150w, https:\/\/i0.wp.com\/1truenote.com\/wp-content\/uploads\/2025\/06\/ChatGPT-Image-9-de-jun.-de-2025-21_01_43.png?w=1536&amp;ssl=1 1536w\" sizes=\"(max-width: 1024px) 100vw, 1024px\" \/><\/figure>\n\n\n\n<p><\/p>","protected":false},"excerpt":{"rendered":"<p>Cor de porcelanato para sala. A escolha da cor do porcelanato vai muito al\u00e9m do visual: ela influencia diretamente na&#8230;<\/p>","protected":false},"author":1,"featured_media":2826,"comment_status":"open","ping_status":"open","sticky":false,"template":"","format":"standard","meta":{"_kad_post_transparent":"","_kad_post_title":"","_kad_post_layout":"","_kad_post_sidebar_id":"","_kad_post_content_style":"","_kad_post_vertical_padding":"","_kad_post_feature":"","_kad_post_feature_position":"","_kad_post_header":false,"_kad_post_footer":false,"_kad_post_classname":"","footnotes":"","jetpack_publicize_message":"Cor de porcelanato para sala. A escolha da cor do porcelanato vai muito al\u00e9m do visual: ela influencia diretamente na sensa\u00e7\u00e3o de amplitude, luz e estilo da sua sala. Um piso claro pode multiplicar a impress\u00e3o de espa\u00e7o, enquanto tons escuros oferecem eleg\u00e2ncia e aconchego.\n\nVamos explorar juntos op\u00e7\u00f5es certeiras que elevam sua sala de estar \u2014 inclusive com dicas pr\u00e1ticas, tabelas comparativas, v\u00eddeo explicativo e um FAQ completo.\n\n#carvalhoconsultoriabrasil #truenote #porcelanato #sala #cor #decor #decora\u00e7ao #espa\u00e7o #visual #estilodasuasala","jetpack_publicize_feature_enabled":true,"jetpack_social_post_already_shared":true,"jetpack_social_options":{"image_generator_settings":{"template":"highway","default_image_id":0,"enabled":false},"version":2}},"categories":[16],"tags":[13,14],"class_list":["post-2824","post","type-post","status-publish","format-standard","has-post-thumbnail","hentry","category-casa-e-jardim","tag-minimalista","tag-interiores-inovadores"],"jetpack_publicize_connections":[],"jetpack_featured_media_url":"https:\/\/i0.wp.com\/1truenote.com\/wp-content\/uploads\/2025\/06\/ChatGPT-Image-9-de-jun.-de-2025-21_01_43.png?fit=1536%2C1024&ssl=1","jetpack_sharing_enabled":true,"_links":{"self":[{"href":"https:\/\/1truenote.com\/en\/wp-json\/wp\/v2\/posts\/2824","targetHints":{"allow":["GET"]}}],"collection":[{"href":"https:\/\/1truenote.com\/en\/wp-json\/wp\/v2\/posts"}],"about":[{"href":"https:\/\/1truenote.com\/en\/wp-json\/wp\/v2\/types\/post"}],"author":[{"embeddable":true,"href":"https:\/\/1truenote.com\/en\/wp-json\/wp\/v2\/users\/1"}],"replies":[{"embeddable":true,"href":"https:\/\/1truenote.com\/en\/wp-json\/wp\/v2\/comments?post=2824"}],"version-history":[{"count":1,"href":"https:\/\/1truenote.com\/en\/wp-json\/wp\/v2\/posts\/2824\/revisions"}],"predecessor-version":[{"id":2837,"href":"https:\/\/1truenote.com\/en\/wp-json\/wp\/v2\/posts\/2824\/revisions\/2837"}],"wp:featuredmedia":[{"embeddable":true,"href":"https:\/\/1truenote.com\/en\/wp-json\/wp\/v2\/media\/2826"}],"wp:attachment":[{"href":"https:\/\/1truenote.com\/en\/wp-json\/wp\/v2\/media?parent=2824"}],"wp:term":[{"taxonomy":"category","embeddable":true,"href":"https:\/\/1truenote.com\/en\/wp-json\/wp\/v2\/categories?post=2824"},{"taxonomy":"post_tag","embeddable":true,"href":"https:\/\/1truenote.com\/en\/wp-json\/wp\/v2\/tags?post=2824"}],"curies":[{"name":"wp","href":"https:\/\/api.w.org\/{rel}","templated":true}]}}