{"id":2803,"date":"2025-06-09T16:00:00","date_gmt":"2025-06-09T19:00:00","guid":{"rendered":"https:\/\/1truenote.com\/?p=2803"},"modified":"2025-06-09T09:57:53","modified_gmt":"2025-06-09T12:57:53","slug":"sofa-modular-tendencia-salas-modernas","status":"publish","type":"post","link":"https:\/\/1truenote.com\/en\/sofa-modular-tendencia-salas-modernas\/","title":{"rendered":"O sof\u00e1 modular que virou tend\u00eancia nas salas modernas \u2014 e voc\u00ea vai querer um"},"content":{"rendered":"<div class=\"fit_content\">\n                <div class=\"bd_toc_container\" data-fixedwidth=\"\">\n                    <div class=\"bd_toc_wrapper\" data-wrapperpadding=\"48px\">\n                        <div class=\"bd_toc_wrapper_item\">\n                            <div class=\"bd_toc_header active\" data-headerpadding=\"2px\">\n                                <div class=\"bd_toc_header_title\">\n                                    Sum\u00e1rio                                <\/div>\n                                <div class=\"bd_toc_switcher_hide_show_icon\">\n                                    <span class=\"bd_toc_arrow\"><\/span>                                <\/div>\n                            <\/div>\n                            <div class=\"bd_toc_content list-type-number\">\n                                <div class=\"bd_toc_content_list\">\n                                    <div class='bd_toc_content_list_item'>    <ul>\n      <li class=\"first\">\n        <a href=\"#por-que-os-sof\u00e1s-modulares-s\u00e3o-a-escolha-do-momento\">Por que os sof\u00e1s modulares s\u00e3o a escolha do momento<\/a>\n      <\/li>\n      <li>\n        <a href=\"#\ud83d\udecb\ufe0f-o-sof\u00e1-modular-que-virou-tend\u00eancia-nas-salas-modernas-e-voc\u00ea-vai-querer-um\">\ud83d\udecb\ufe0f O sof\u00e1 modular que virou tend\u00eancia nas salas modernas \u2014 e voc\u00ea vai querer um<\/a>\n        <ul class=\"menu_level_2\">\n          <li class=\"first last\">\n            <a href=\"#por-que-os-sof\u00e1s-modulares-fazem-sucesso\">Por que os sof\u00e1s modulares fazem sucesso<\/a>\n          <\/li>\n        <\/ul>\n      <\/li>\n      <li>\n        <a href=\"#dicas-para-acertar-na-compra\">Dicas para acertar na compra<\/a>\n      <\/li>\n      <li>\n        <a href=\"#modelos-em-destaque\">Modelos em destaque<\/a>\n      <\/li>\n      <li>\n        <a href=\"#pontos-fortes-e-desafios\">Pontos fortes e desafios<\/a>\n        <ul class=\"menu_level_2\">\n          <li class=\"first\">\n            <a href=\"#investimento-em-sof\u00e1-modular\">Investimento em sof\u00e1 modular<\/a>\n          <\/li>\n          <li class=\"last\">\n            <a href=\"#tend\u00eancias-para-2025\">Tend\u00eancias para 2025<\/a>\n          <\/li>\n        <\/ul>\n      <\/li>\n      <li>\n        <a href=\"#inspira\u00e7\u00e3o-de-decora\u00e7\u00e3o-com-sof\u00e1-modular\">Inspira\u00e7\u00e3o de decora\u00e7\u00e3o com sof\u00e1 modular<\/a>\n        <ul class=\"menu_level_2\">\n          <li class=\"first last\">\n            <a href=\"#resumo-final\">Resumo final<\/a>\n          <\/li>\n        <\/ul>\n      <\/li>\n      <li class=\"last\">\n        <a href=\"#faq-suas-d\u00favidas-respondidas-sobre-sof\u00e1-modular\">FAQ \u2013 Suas d\u00favidas respondidas sobre sof\u00e1 modular<\/a>\n        <ul class=\"menu_level_2\">\n          <li class=\"first\">\n            <a href=\"#sof\u00e1-modular-vale-mais-a-pena-que-um-tradicional\">Sof\u00e1 modular vale mais a pena que um tradicional?<\/a>\n          <\/li>\n          <li>\n            <a href=\"#como-manter-os-m\u00f3dulos-unidos\">Como manter os m\u00f3dulos unidos?<\/a>\n          <\/li>\n          <li>\n            <a href=\"#d\u00e1-para-lavar-os-tecidos\">D\u00e1 para lavar os tecidos?<\/a>\n          <\/li>\n          <li class=\"last\">\n            <a href=\"#sof\u00e1-modular-\u00e9-confort\u00e1vel\">Sof\u00e1 modular \u00e9 confort\u00e1vel?<\/a>\n          <\/li>\n        <\/ul>\n      <\/li>\n    <\/ul>\n<\/div>                                <\/div>\n                            <\/div>\n                        <\/div>\n                    <\/div>\n                    <div class=\"layout_toggle_button\">\n                        <span class=\"bd_toc_arrow\"><\/span>\n                    <\/div>\n                <\/div>\n            <\/div>\n\n    \n\n\n<p>O sof\u00e1 modular est\u00e1 conquistando as salas modernas no mundo todo e vai al\u00e9m de uma simples tend\u00eancia: ele combina versatilidade, estilo e aconchego \u2014 tudo que h\u00e1 de melhor em d\u00e9cor contempor\u00e2neo. Aqui est\u00e1 tudo o que voc\u00ea precisa saber para cair de amores por ele:<\/p>\n\n\n\n<hr class=\"wp-block-separator has-alpha-channel-opacity\"\/>\n\n\n\n<h2 id='por-que-os-sof\u00e1s-modulares-s\u00e3o-a-escolha-do-momento'  class=\"wp-block-heading\">Por que os sof\u00e1s modulares s\u00e3o a escolha do momento<\/h2>\n\n\n\n<ul class=\"wp-block-list\">\n<li><strong>Personaliza\u00e7\u00e3o total<\/strong>: D\u00e1 para montar L-shape, U-shape, se\u00e7\u00f5es soltas\u2026 seu sof\u00e1 se adapta ao espa\u00e7o e ao mood do dia.<\/li>\n\n\n\n<li><strong>Expans\u00e3o f\u00e1cil<\/strong>: Ideal para mudar de casa ou redecorar, pois \u00e9 poss\u00edvel adquirir m\u00f3dulos extras.<\/li>\n\n\n\n<li><strong>Estilo elegante<\/strong>: Designers apontam que, al\u00e9m de funcionais, os modulares t\u00eam apelo visual moderno.<\/li>\n<\/ul>\n\n\n\n<hr class=\"wp-block-separator has-alpha-channel-opacity\"\/>\n\n\n\n<h2 id='\ud83d\udecb\ufe0f-o-sof\u00e1-modular-que-virou-tend\u00eancia-nas-salas-modernas-e-voc\u00ea-vai-querer-um'  class=\"wp-block-heading\">\ud83d\udecb\ufe0f O sof\u00e1 modular que virou tend\u00eancia nas salas modernas \u2014 e voc\u00ea vai querer um<\/h2>\n\n\n\n<p>O sof\u00e1 modular deixou de ser apenas uma tend\u00eancia passageira: hoje, ele \u00e9 a pe\u00e7a-chave das salas modernas. Combinando personaliza\u00e7\u00e3o, est\u00e9tica, praticidade e conforto, conquistou designers, influenciadores e fam\u00edlias que querem um m\u00f3vel adapt\u00e1vel e cheio de estilo. Vamos mergulhar nessa revolu\u00e7\u00e3o aconchegante?<\/p>\n\n\n\n<hr class=\"wp-block-separator has-alpha-channel-opacity\"\/>\n\n\n\n<a href=\"https:\/\/1truenote.com\/en\/moveis-modernos-sala-estar\/\" style=\"text-decoration: none;\">\n  <div style=\"display: flex; justify-content: space-between; align-items: center; background: #d44a00; padding: 12px 20px; color: white; font-family: Arial, sans-serif;\">\n    <strong style=\"color: black;\">READ ALSO:<\/strong>\n    <span style=\"margin-left: 8px; flex: 1;\">Sala de estar moderna e minimalista com sof\u00e1 modular<\/span>\n    <div style=\"background: #f2802f; padding: 8px 12px; border-radius: 2px; margin-left: 10px;\">\n      <span style=\"color: white; font-weight: bold;\">\u27a4<\/span>\n    <\/div>\n  <\/div>\n<\/a>\n\n\n\n\n<hr class=\"wp-block-separator has-alpha-channel-opacity\"\/>\n\n\n\n<h3 id='por-que-os-sof\u00e1s-modulares-fazem-sucesso'  class=\"wp-block-heading\">Por que os sof\u00e1s modulares fazem sucesso<\/h3>\n\n\n\n<ul class=\"wp-block-list\">\n<li><strong>Personaliza\u00e7\u00e3o total<\/strong>: voc\u00ea pode criar um L, U ou at\u00e9 separ\u00e1-lo em diferentes ambientes.<\/li>\n\n\n\n<li><strong>Dipon\u00edvel sempre<\/strong>: se mudar de casa, \u00e9 s\u00f3 reconfigurar &#8211; sem comprar nada novo .<\/li>\n\n\n\n<li><strong>Social e convidativo<\/strong>: chai\u00adses em L\/U favorecem a conversa: todo mundo se v\u00ea .<\/li>\n\n\n\n<li><strong>Entrega f\u00e1cil<\/strong>: m\u00f3dulos chegam em caixas; entra f\u00e1cil por escadas e elevadores.<\/li>\n\n\n\n<li><strong>Pet\u2011friendly<\/strong>: pe\u00e7a fofa, tecidos confort\u00e1veis e capas lav\u00e1veis facilitam limpeza.<\/li>\n\n\n\n<li><strong>Vida longa e sustent\u00e1vel<\/strong>: modularidade reduz trocas e evita desperd\u00edcio.<\/li>\n<\/ul>\n\n\n\n<hr class=\"wp-block-separator has-alpha-channel-opacity\"\/>\n\n\n\n<h2 id='dicas-para-acertar-na-compra'  class=\"wp-block-heading\">Dicas para acertar na compra<\/h2>\n\n\n\n<figure class=\"wp-block-table aligncenter\"><table class=\"has-fixed-layout\"><thead><tr><th class=\"has-text-align-center\" data-align=\"center\">Passo<\/th><th>Dica pr\u00e1tica<\/th><\/tr><\/thead><tbody><tr><td class=\"has-text-align-center\" data-align=\"center\">1<\/td><td><strong>Me\u00e7a bem<\/strong> o espa\u00e7o e as rotas pelo apartamento \u2014 evite surpresas na entrega .<\/td><\/tr><tr><td class=\"has-text-align-center\" data-align=\"center\">2<\/td><td><strong>Defina o uso<\/strong>, considerando linhas retas para melhor fluxo de tr\u00e1fego ou arranjos criados para relaxar.<\/td><\/tr><tr><td class=\"has-text-align-center\" data-align=\"center\">3<\/td><td>Prefira <strong>tecidos dur\u00e1veis<\/strong> se voc\u00ea tem pets ou crian\u00e7as.<\/td><\/tr><tr><td class=\"has-text-align-center\" data-align=\"center\">4<\/td><td>Verifique se os m\u00f3dulos n\u00e3o ficam soltos\u2014busque avalia\u00e7\u00f5es que mencionem firmeza .<\/td><\/tr><\/tbody><\/table><\/figure>\n\n\n\n<hr class=\"wp-block-separator has-alpha-channel-opacity\"\/>\n\n\n\n<h2 id='modelos-em-destaque'  class=\"wp-block-heading\">Modelos em destaque<\/h2>\n\n\n\n<ul class=\"wp-block-list\">\n<li><strong>Camaleonda (B&amp;B Italia)<\/strong>: \u00cdcone do design desde 1970, inspira\u00e7\u00e3o eterna, mas com pre\u00e7o premium (\u00b1 \u00a315.310).<\/li>\n\n\n\n<li><strong>Bella (Navan Sofa Factory)<\/strong>: Gratuito e funcional, cerca de \u20ac695 por m\u00f3dulo. Aclamado por celebridades como Rochelle Humes.<\/li>\n\n\n\n<li><strong>DUSK Bondi<\/strong>: Alternativa acess\u00edvel ao estilo Camaleonda (~\u00a3899), com m\u00f3dulos adicionais compat\u00edveis.<\/li>\n<\/ul>\n\n\n<div class=\"hostinger-affiliate-block-wrap\">\n            <div class=\"hostinger-affiliate-block-list-simple\">\n            <div class=\"hostinger-affiliate-block-list-simple__image\">\n                                        <a href=\"https:\/\/www.amazon.com.br\/dp\/B0D5J3BWZN?tag=joaopedro047-20\" target=\"_blank\" rel=\"nofollow noopener noreferrer\">\n                            <img decoding=\"async\" src=\"https:\/\/m.media-amazon.com\/images\/I\/31uSFatQMHL._AC_.jpg\" alt=\"Sof\u00e1 na Caixa modular 1 lugar em Boucle (Linho, Poltrona)\">\n                        <\/a>\n                                <\/div>\n            <div class=\"hostinger-affiliate-block-list-simple__product-data\">\n                <div class=\"hostinger-affiliate-block-list-simple__product-info\">\n                                            <div class=\"hostinger-affiliate-block-list-simple__bestseller-label\">\n                                                        Bestseller #1                        <\/div>\n                                            <div class=\"hostinger-affiliate-block-list-simple__product-title\">\n                        <a href=\"https:\/\/www.amazon.com.br\/dp\/B0D5J3BWZN?tag=joaopedro047-20\" target=\"_blank\" rel=\"nofollow noopener noreferrer\">\n                            <h3 id='sof\u00e1-na-caixa-modular-1-lugar-em-boucle-linho-poltrona'>\n                                Sof\u00e1 na Caixa modular 1 lugar em Boucle (Linho, Poltrona)                            <\/h3>\n                        <\/a>\n                    <\/div>\n                    <div class=\"hostinger-affiliate-block-list-simple__product-pricing\">\n                                                    <div class=\"hostinger-affiliate-block-list-simple__product-price\">\n                                R$990,00                            <\/div>\n                                                <\/div>\n                <\/div>\n                <div class=\"hostinger-affiliate-block-list-simple__product-actions\">\n                    <div>\n                        <a href=\"https:\/\/www.amazon.com.br\/dp\/B0D5J3BWZN?tag=joaopedro047-20\" class=\"hostinger-affiliate-block-list-simple__product-amazon-button\" target=\"_blank\" rel=\"nofollow noopener noreferrer\">\n    Buy on Amazon<\/a>\n                    <\/div>\n                <\/div>\n            <\/div>\n        <\/div>\n                <div class=\"hostinger-affiliate-block-list-simple\">\n            <div class=\"hostinger-affiliate-block-list-simple__image\">\n                                        <a href=\"https:\/\/www.amazon.com.br\/dp\/B0CRLZVD8C?tag=joaopedro047-20\" target=\"_blank\" rel=\"nofollow noopener noreferrer\">\n                            <img decoding=\"async\" src=\"https:\/\/m.media-amazon.com\/images\/I\/41mujamB4RL._AC_.jpg\" alt=\"Sof\u00e1 2 Lugares Modular Soho Linho Cru\">\n                        <\/a>\n                                <\/div>\n            <div class=\"hostinger-affiliate-block-list-simple__product-data\">\n                <div class=\"hostinger-affiliate-block-list-simple__product-info\">\n                                            <div class=\"hostinger-affiliate-block-list-simple__bestseller-label\">\n                                                        Bestseller #2                        <\/div>\n                                            <div class=\"hostinger-affiliate-block-list-simple__product-title\">\n                        <a href=\"https:\/\/www.amazon.com.br\/dp\/B0CRLZVD8C?tag=joaopedro047-20\" target=\"_blank\" rel=\"nofollow noopener noreferrer\">\n                            <h3 id='sof\u00e1-2-lugares-modular-soho-linho-cru'>\n                                Sof\u00e1 2 Lugares Modular Soho Linho Cru                            <\/h3>\n                        <\/a>\n                    <\/div>\n                    <div class=\"hostinger-affiliate-block-list-simple__product-pricing\">\n                                                    <div class=\"hostinger-affiliate-block-list-simple__product-price\">\n                                R$1.377,57                            <\/div>\n                                                <\/div>\n                <\/div>\n                <div class=\"hostinger-affiliate-block-list-simple__product-actions\">\n                    <div>\n                        <a href=\"https:\/\/www.amazon.com.br\/dp\/B0CRLZVD8C?tag=joaopedro047-20\" class=\"hostinger-affiliate-block-list-simple__product-amazon-button\" target=\"_blank\" rel=\"nofollow noopener noreferrer\">\n    Buy on Amazon<\/a>\n                    <\/div>\n                <\/div>\n            <\/div>\n        <\/div>\n                <div class=\"hostinger-affiliate-block-list-simple\">\n            <div class=\"hostinger-affiliate-block-list-simple__image\">\n                                        <a href=\"https:\/\/www.amazon.com.br\/dp\/B0D96F1CHG?tag=joaopedro047-20\" target=\"_blank\" rel=\"nofollow noopener noreferrer\">\n                            <img decoding=\"async\" src=\"https:\/\/m.media-amazon.com\/images\/I\/31j+hebbHaL._AC_.jpg\" alt=\"Sof\u00e1 Cama Bloom \u2013 Retr\u00e1til e modular \u2013 Sof\u00e1 na Caixa (Linho)\">\n                        <\/a>\n                                <\/div>\n            <div class=\"hostinger-affiliate-block-list-simple__product-data\">\n                <div class=\"hostinger-affiliate-block-list-simple__product-info\">\n                                            <div class=\"hostinger-affiliate-block-list-simple__bestseller-label\">\n                                                        Bestseller #3                        <\/div>\n                                            <div class=\"hostinger-affiliate-block-list-simple__product-title\">\n                        <a href=\"https:\/\/www.amazon.com.br\/dp\/B0D96F1CHG?tag=joaopedro047-20\" target=\"_blank\" rel=\"nofollow noopener noreferrer\">\n                            <h3 id='sof\u00e1-cama-bloom-retr\u00e1til-e-modular-sof\u00e1-na-caixa-linho'>\n                                Sof\u00e1 Cama Bloom \u2013 Retr\u00e1til e modular \u2013 Sof\u00e1 na Caixa (Linho)                            <\/h3>\n                        <\/a>\n                    <\/div>\n                    <div class=\"hostinger-affiliate-block-list-simple__product-pricing\">\n                                            <\/div>\n                <\/div>\n                <div class=\"hostinger-affiliate-block-list-simple__product-actions\">\n                    <div>\n                        <a href=\"https:\/\/www.amazon.com.br\/dp\/B0D96F1CHG?tag=joaopedro047-20\" class=\"hostinger-affiliate-block-list-simple__product-amazon-button\" target=\"_blank\" rel=\"nofollow noopener noreferrer\">\n    Buy on Amazon<\/a>\n                    <\/div>\n                <\/div>\n            <\/div>\n        <\/div>\n        <\/div>\n\n\n\n<hr class=\"wp-block-separator has-alpha-channel-opacity\"\/>\n\n\n\n<figure class=\"wp-block-image aligncenter size-medium\"><a href=\"https:\/\/chat.whatsapp.com\/KJBkp5LFJVRIvmt5X3hSEh\" target=\"_blank\" rel=\"noopener\"><img data-recalc-dims=\"1\" fetchpriority=\"high\" decoding=\"async\" width=\"200\" height=\"300\" src=\"https:\/\/i0.wp.com\/1truenote.com\/wp-content\/uploads\/2025\/06\/ChatGPT-Image-3-de-jun.-de-2025-19_04_53.png?resize=200%2C300&#038;ssl=1\" alt=\"chamada banner advetorial whats\" class=\"wp-image-2683\" srcset=\"https:\/\/i0.wp.com\/1truenote.com\/wp-content\/uploads\/2025\/06\/ChatGPT-Image-3-de-jun.-de-2025-19_04_53.png?resize=200%2C300&amp;ssl=1 200w, https:\/\/i0.wp.com\/1truenote.com\/wp-content\/uploads\/2025\/06\/ChatGPT-Image-3-de-jun.-de-2025-19_04_53.png?resize=683%2C1024&amp;ssl=1 683w, https:\/\/i0.wp.com\/1truenote.com\/wp-content\/uploads\/2025\/06\/ChatGPT-Image-3-de-jun.-de-2025-19_04_53.png?resize=768%2C1152&amp;ssl=1 768w, https:\/\/i0.wp.com\/1truenote.com\/wp-content\/uploads\/2025\/06\/ChatGPT-Image-3-de-jun.-de-2025-19_04_53.png?resize=150%2C225&amp;ssl=1 150w, https:\/\/i0.wp.com\/1truenote.com\/wp-content\/uploads\/2025\/06\/ChatGPT-Image-3-de-jun.-de-2025-19_04_53.png?w=1024&amp;ssl=1 1024w\" sizes=\"(max-width: 200px) 100vw, 200px\" \/><\/a><\/figure>\n\n\n\n<hr class=\"wp-block-separator has-alpha-channel-opacity\"\/>\n\n\n\n<h2 id='pontos-fortes-e-desafios'  class=\"wp-block-heading\">Pontos fortes e desafios<\/h2>\n\n\n\n<p><strong>\u2705 Vantagens<\/strong><\/p>\n\n\n\n<ul class=\"wp-block-list\">\n<li>Ajuste perfeito ao seu espa\u00e7o<\/li>\n\n\n\n<li>Visual sofisticado e contempor\u00e2neo<\/li>\n\n\n\n<li>Modularidade: cresce junto com voc\u00ea<\/li>\n<\/ul>\n\n\n\n<p><strong>\u26a0\ufe0f Aten\u00e7\u00e3o<\/strong><\/p>\n\n\n\n<ul class=\"wp-block-list\">\n<li>Peda\u00e7os podem se deslocar<\/li>\n\n\n\n<li>Precisa saber manter (tecidos, fixa\u00e7\u00e3o)<\/li>\n<\/ul>\n\n\n\n<hr class=\"wp-block-separator has-alpha-channel-opacity\"\/>\n\n\n\n<h3 id='investimento-em-sof\u00e1-modular'  class=\"wp-block-heading\">Investimento em sof\u00e1 modular<\/h3>\n\n\n\n<p>O sof\u00e1 modular <strong>\u00e9 o investimento inteligente para salas modernas<\/strong>. Ele oferece ajuste ao espa\u00e7o, visual sofisticado e a liberdade de mudar sempre que quiser. Quer provar? Comece explorando modelos acess\u00edveis como o Bondi \u2014 e deixe seu sof\u00e1 crescer junto com seu estilo.<\/p>\n\n\n\n<hr class=\"wp-block-separator has-alpha-channel-opacity\"\/>\n\n\n\n<h3 id='tend\u00eancias-para-2025'  class=\"wp-block-heading\">Tend\u00eancias para 2025<\/h3>\n\n\n\n<ul class=\"wp-block-list\">\n<li><strong>Estilo \u201cfloor sofa\u201d<\/strong>: sentar mais baixo virou tend\u00eancia, ideal para relaxar ou meditar .<\/li>\n\n\n\n<li><strong>Materiais eco<\/strong>: op\u00e7\u00f5es com espuma n\u00e3o t\u00f3xica, madeira reciclada e menos metal.<\/li>\n\n\n\n<li><strong>Formas esculturais<\/strong>: modelos retr\u00f4 como o Dune, de Pierre Paulin, s\u00e3o s\u00edmbolos de status.<\/li>\n\n\n\n<li><strong>Texturas em alta<\/strong>: boucl\u00ea, chenille e camur\u00e7a moldam o visual aconchegante .<\/li>\n\n\n\n<li><strong>Caps remov\u00edveis<\/strong>: a praticidade continua no topo da lista .<\/li>\n<\/ul>\n\n\n\n<hr class=\"wp-block-separator has-alpha-channel-opacity\"\/>\n\n\n\n<h2 id='inspira\u00e7\u00e3o-de-decora\u00e7\u00e3o-com-sof\u00e1-modular'  class=\"wp-block-heading\">Inspira\u00e7\u00e3o de decora\u00e7\u00e3o com sof\u00e1 modular<\/h2>\n\n\n\n<p>Justin\u202fBieber, por exemplo, ostenta um ambiente ultra-minimalista com sof\u00e1 modular, cores neutras e texturas acolhedoras \u2014 como veludo, l\u00e3 e muita planta. O resultado? Um espa\u00e7o sofisticado e convidativo.<\/p>\n\n\n\n<hr class=\"wp-block-separator has-alpha-channel-opacity\"\/>\n\n\n\n<h3 id='resumo-final'  class=\"wp-block-heading\">Resumo final<\/h3>\n\n\n\n<p>O sof\u00e1 modular <strong>\u00e9 muito mais que um m\u00f3vel<\/strong> \u2014 \u00e9 um investimento inteligente em estilo, versatilidade e funcionalidade. Perfeito para espa\u00e7os modernos, din\u00e2micos e cheios de vida, ele se adapta a qualquer momento: fam\u00edlia em crescimento, pets bagunceiros ou mudan\u00e7as inteligentes de layout. Com modelos que variam do econ\u00f4mico ao n\u00edvel luxo, tem op\u00e7\u00e3o para todos os gostos.<\/p>\n\n\n\n<p>Se voc\u00ea deseja uma sala moderna, funcional e acolhedora, vale a pena experimentar. Um bom ponto de partida? O Cozey Neptune \u2014 compacto, pr\u00e1tico e fam\u00edlia\u2011friendly.<\/p>\n\n\n\n<p>E os modelos como Dune e Camaleonda s\u00f3 refor\u00e7am que o sof\u00e1 modular pode ser a joia decorativa que faltava na sua casa!<\/p>\n\n\n\n<hr class=\"wp-block-separator has-alpha-channel-opacity\"\/>\n\n\n\n<a href=\"https:\/\/1truenote.com\/en\/salas-decoradas-diferentes-ideias-criativas\/\" style=\"text-decoration: none;\">\n  <div style=\"display: flex; justify-content: space-between; align-items: center; background: #d44a00; padding: 12px 20px; color: white; font-family: Arial, sans-serif;\">\n    <strong style=\"color: black;\">READ ALSO:<\/strong>\n    <span style=\"margin-left: 8px; flex: 1;\">Sala decoradas para inspira\u00e7\u00e3o<\/span>\n    <div style=\"background: #f2802f; padding: 8px 12px; border-radius: 2px; margin-left: 10px;\">\n      <span style=\"color: white; font-weight: bold;\">\u27a4<\/span>\n    <\/div>\n  <\/div>\n<\/a>\n\n\n\n\n<hr class=\"wp-block-separator has-alpha-channel-opacity\"\/>\n\n\n\n<h2 id='faq-suas-d\u00favidas-respondidas-sobre-sof\u00e1-modular'  class=\"wp-block-heading\">FAQ \u2013 Suas d\u00favidas respondidas sobre sof\u00e1 modular<\/h2>\n\n\n<div id=\"rank-math-faq\" class=\"rank-math-block\">\n<div class=\"rank-math-list\">\n<div id=\"faq-question-1749473062293\" class=\"rank-math-list-item\">\n<h3 id='sof\u00e1-modular-vale-mais-a-pena-que-um-tradicional'  class=\"rank-math-question\">Sof\u00e1 modular vale mais a pena que um tradicional?<\/h3>\n<div class=\"rank-math-answer\">\n\n<p>Se voc\u00ea quer flexibilidade total e n\u00e3o pretende trocar de espa\u00e7o t\u00e3o cedo, sim \u2014 a longo prazo, ele compensa muito.<\/p>\n\n<\/div>\n<\/div>\n<div id=\"faq-question-1749473068925\" class=\"rank-math-list-item\">\n<h3 id='como-manter-os-m\u00f3dulos-unidos'  class=\"rank-math-question\">Como manter os m\u00f3dulos unidos?<\/h3>\n<div class=\"rank-math-answer\">\n\n<p>Algumas marcas oferecem ganchos de metal que conectam os m\u00f3dulos de forma firme. Vale checar a presen\u00e7a deles.<\/p>\n\n<\/div>\n<\/div>\n<div id=\"faq-question-1749473069547\" class=\"rank-math-list-item\">\n<h3 id='d\u00e1-para-lavar-os-tecidos'  class=\"rank-math-question\">D\u00e1 para lavar os tecidos?<\/h3>\n<div class=\"rank-math-answer\">\n\n<p>Diversos modelos permitem capas remov\u00edveis e lav\u00e1veis \u2014 um ponto importante para praticidade.<\/p>\n\n<\/div>\n<\/div>\n<div id=\"faq-question-1749473092012\" class=\"rank-math-list-item\">\n<h3 id='sof\u00e1-modular-\u00e9-confort\u00e1vel'  class=\"rank-math-question\">Sof\u00e1 modular \u00e9 confort\u00e1vel?<\/h3>\n<div class=\"rank-math-answer\">\n\n<p>Depende do enchimento. Modelos com espuma de alta densidade s\u00e3o firmes, outros com fibras podem priorizar maciez.<\/p>\n\n<\/div>\n<\/div>\n<\/div>\n<\/div>\n\n\n<figure class=\"wp-block-image aligncenter size-large\"><img data-recalc-dims=\"1\" decoding=\"async\" width=\"1024\" height=\"683\" src=\"https:\/\/i0.wp.com\/1truenote.com\/wp-content\/uploads\/2025\/06\/ChatGPT-Image-9-de-jun.-de-2025-09_52_42.png?resize=1024%2C683&#038;ssl=1\" alt=\"sof\u00e1 modular\" class=\"wp-image-2804\" srcset=\"https:\/\/i0.wp.com\/1truenote.com\/wp-content\/uploads\/2025\/06\/ChatGPT-Image-9-de-jun.-de-2025-09_52_42.png?resize=1024%2C683&amp;ssl=1 1024w, https:\/\/i0.wp.com\/1truenote.com\/wp-content\/uploads\/2025\/06\/ChatGPT-Image-9-de-jun.-de-2025-09_52_42.png?resize=300%2C200&amp;ssl=1 300w, https:\/\/i0.wp.com\/1truenote.com\/wp-content\/uploads\/2025\/06\/ChatGPT-Image-9-de-jun.-de-2025-09_52_42.png?resize=768%2C512&amp;ssl=1 768w, https:\/\/i0.wp.com\/1truenote.com\/wp-content\/uploads\/2025\/06\/ChatGPT-Image-9-de-jun.-de-2025-09_52_42.png?resize=150%2C100&amp;ssl=1 150w, https:\/\/i0.wp.com\/1truenote.com\/wp-content\/uploads\/2025\/06\/ChatGPT-Image-9-de-jun.-de-2025-09_52_42.png?w=1536&amp;ssl=1 1536w\" sizes=\"(max-width: 1024px) 100vw, 1024px\" \/><\/figure>","protected":false},"excerpt":{"rendered":"<p>O sof\u00e1 modular est\u00e1 conquistando as salas modernas no mundo todo e vai al\u00e9m de uma simples tend\u00eancia: ele combina&#8230;<\/p>","protected":false},"author":1,"featured_media":2804,"comment_status":"open","ping_status":"open","sticky":false,"template":"","format":"standard","meta":{"_kad_post_transparent":"","_kad_post_title":"","_kad_post_layout":"","_kad_post_sidebar_id":"","_kad_post_content_style":"","_kad_post_vertical_padding":"","_kad_post_feature":"","_kad_post_feature_position":"","_kad_post_header":false,"_kad_post_footer":false,"_kad_post_classname":"","footnotes":"","jetpack_publicize_message":"O sof\u00e1 modular est\u00e1 conquistando as salas modernas no mundo todo e vai al\u00e9m de uma simples tend\u00eancia: ele combina versatilidade, estilo e aconchego \u2014 tudo que h\u00e1 de melhor em d\u00e9cor contempor\u00e2neo. Aqui est\u00e1 tudo o que voc\u00ea precisa saber para cair de amores por ele:\n\nPor que os sof\u00e1s modulares s\u00e3o a escolha do momento\n\nPersonaliza\u00e7\u00e3o total: D\u00e1 para montar L-shape, U-shape, se\u00e7\u00f5es soltas\u2026 seu sof\u00e1 se adapta ao espa\u00e7o e ao mood do dia.\n\n#carvalhoconsultoriabrasil #truenote #sofa #sofamodular #decor #tendencia #versatilidade #estilo #salamoderna #aconchego #decora\u00e7ao","jetpack_publicize_feature_enabled":true,"jetpack_social_post_already_shared":true,"jetpack_social_options":{"image_generator_settings":{"template":"highway","default_image_id":0,"enabled":false},"version":2}},"categories":[16,9],"tags":[15,13,14,23],"class_list":["post-2803","post","type-post","status-publish","format-standard","has-post-thumbnail","hentry","category-casa-e-jardim","category-lazer","tag-conservacao-e-manutencao","tag-minimalista","tag-interiores-inovadores","tag-produtos"],"jetpack_publicize_connections":[],"jetpack_featured_media_url":"https:\/\/i0.wp.com\/1truenote.com\/wp-content\/uploads\/2025\/06\/ChatGPT-Image-9-de-jun.-de-2025-09_52_42.png?fit=1536%2C1024&ssl=1","jetpack_sharing_enabled":true,"_links":{"self":[{"href":"https:\/\/1truenote.com\/en\/wp-json\/wp\/v2\/posts\/2803","targetHints":{"allow":["GET"]}}],"collection":[{"href":"https:\/\/1truenote.com\/en\/wp-json\/wp\/v2\/posts"}],"about":[{"href":"https:\/\/1truenote.com\/en\/wp-json\/wp\/v2\/types\/post"}],"author":[{"embeddable":true,"href":"https:\/\/1truenote.com\/en\/wp-json\/wp\/v2\/users\/1"}],"replies":[{"embeddable":true,"href":"https:\/\/1truenote.com\/en\/wp-json\/wp\/v2\/comments?post=2803"}],"version-history":[{"count":0,"href":"https:\/\/1truenote.com\/en\/wp-json\/wp\/v2\/posts\/2803\/revisions"}],"wp:featuredmedia":[{"embeddable":true,"href":"https:\/\/1truenote.com\/en\/wp-json\/wp\/v2\/media\/2804"}],"wp:attachment":[{"href":"https:\/\/1truenote.com\/en\/wp-json\/wp\/v2\/media?parent=2803"}],"wp:term":[{"taxonomy":"category","embeddable":true,"href":"https:\/\/1truenote.com\/en\/wp-json\/wp\/v2\/categories?post=2803"},{"taxonomy":"post_tag","embeddable":true,"href":"https:\/\/1truenote.com\/en\/wp-json\/wp\/v2\/tags?post=2803"}],"curies":[{"name":"wp","href":"https:\/\/api.w.org\/{rel}","templated":true}]}}