{"id":2755,"date":"2025-06-06T10:00:00","date_gmt":"2025-06-06T13:00:00","guid":{"rendered":"https:\/\/1truenote.com\/?p=2755"},"modified":"2025-06-05T17:50:20","modified_gmt":"2025-06-05T20:50:20","slug":"jardim-vertical-para-samambaias","status":"publish","type":"post","link":"https:\/\/1truenote.com\/en\/jardim-vertical-para-samambaias\/","title":{"rendered":"Verde em casa: O jardim vertical ideal para samambaias que voc\u00ea pode fazer hoje"},"content":{"rendered":"<p><strong>Jardim vertical para samambaias<\/strong>. Se voc\u00ea j\u00e1 pensou em ter um cantinho verde em casa, mas achou que faltava espa\u00e7o ou tempo, respira fundo: montar um <strong>jardim vertical para samambaias<\/strong> \u00e9 mais f\u00e1cil do que parece \u2014 e o resultado, ah, \u00e9 puro charme!<\/p>\n\n\n\n<p>As samambaias t\u00eam esse jeitinho de selva urbana que abra\u00e7a a gente. Elas s\u00e3o tropicais, pendem com eleg\u00e2ncia e deixam qualquer parede com cara de spa. E o melhor: Voc\u00ea n\u00e3o precisa ser paisagista nem gastar uma fortuna pra fazer o seu.<\/p>\n\n\n\n<p>Bora colocar as m\u00e3os na terra e transformar sua casa agora mesmo?<\/p>\n\n\n\n<hr class=\"wp-block-separator has-alpha-channel-opacity\"\/>\n\n\n\n<h2 id='por-que-samambaias-jardim-vertical-para-samambaias-porque-elas-amam-estar-nas-alturas-\ud83c\udf3f'  class=\"wp-block-heading\">Por que samambaias? Jardim vertical para samambaias? Porque elas amam estar nas alturas \ud83c\udf3f<\/h2>\n\n\n\n<p><strong>Jardim vertical para samambaias<\/strong>. Samambaias s\u00e3o as plantas perfeitas para jardins verticais. Al\u00e9m de serem resistentes e de baixa manuten\u00e7\u00e3o, elas:<\/p>\n\n\n\n<ul class=\"wp-block-list\">\n<li>Criam sombra e frescor natural<\/li>\n\n\n\n<li>Purificam o ar<\/li>\n\n\n\n<li>Crescem bem em espa\u00e7os pequenos<\/li>\n\n\n\n<li>S\u00e3o lindas de qualquer \u00e2ngulo!<\/li>\n<\/ul>\n\n\n\n<p>E sim, existe uma variedade enorme \u2014 desde as cheias de volume at\u00e9 as delicadas e ornamentais. J\u00e1 j\u00e1 te conto quais s\u00e3o as melhores.<\/p>\n\n\n\n<hr class=\"wp-block-separator has-alpha-channel-opacity\"\/>\n\n\n\n<figure class=\"wp-block-image aligncenter size-medium\"><a href=\"https:\/\/chat.whatsapp.com\/KJBkp5LFJVRIvmt5X3hSEh\" target=\"_blank\" rel=\"noopener\"><img data-recalc-dims=\"1\" fetchpriority=\"high\" decoding=\"async\" width=\"200\" height=\"300\" src=\"https:\/\/i0.wp.com\/1truenote.com\/wp-content\/uploads\/2025\/06\/ChatGPT-Image-3-de-jun.-de-2025-19_04_53.png?resize=200%2C300&#038;ssl=1\" alt=\"chamada banner advetorial whats\" class=\"wp-image-2683\" srcset=\"https:\/\/i0.wp.com\/1truenote.com\/wp-content\/uploads\/2025\/06\/ChatGPT-Image-3-de-jun.-de-2025-19_04_53.png?resize=200%2C300&amp;ssl=1 200w, https:\/\/i0.wp.com\/1truenote.com\/wp-content\/uploads\/2025\/06\/ChatGPT-Image-3-de-jun.-de-2025-19_04_53.png?resize=683%2C1024&amp;ssl=1 683w, https:\/\/i0.wp.com\/1truenote.com\/wp-content\/uploads\/2025\/06\/ChatGPT-Image-3-de-jun.-de-2025-19_04_53.png?resize=768%2C1152&amp;ssl=1 768w, https:\/\/i0.wp.com\/1truenote.com\/wp-content\/uploads\/2025\/06\/ChatGPT-Image-3-de-jun.-de-2025-19_04_53.png?resize=150%2C225&amp;ssl=1 150w, https:\/\/i0.wp.com\/1truenote.com\/wp-content\/uploads\/2025\/06\/ChatGPT-Image-3-de-jun.-de-2025-19_04_53.png?w=1024&amp;ssl=1 1024w\" sizes=\"(max-width: 200px) 100vw, 200px\" \/><\/a><\/figure>\n\n\n\n<hr class=\"wp-block-separator has-alpha-channel-opacity\"\/>\n\n\n\n<h2 id='madeira-pallet-ou-aramado-qual-estrutura-escolher'  class=\"wp-block-heading\">Madeira, pallet ou aramado: Qual estrutura escolher?<\/h2>\n\n\n\n<p>Voc\u00ea pode montar seu jardim vertical com:<\/p>\n\n\n\n<figure class=\"wp-block-table\"><table class=\"has-fixed-layout\"><thead><tr><th>Estrutura<\/th><th>Indica\u00e7\u00e3o<\/th><th>Dica extra<\/th><\/tr><\/thead><tbody><tr><td>Pallet de madeira<\/td><td>Ambientes internos cobertos<\/td><td>Impermeabilize com stain<\/td><\/tr><tr><td>Ripas de pinus<\/td><td>Varandas ou corredores<\/td><td>Combine com vasos pendentes<\/td><\/tr><tr><td>Aramado de parede<\/td><td>Lavanderias ou cozinhas<\/td><td>Ideal para vasos pequenos<\/td><\/tr><\/tbody><\/table><\/figure>\n\n\n\n<p>Ah! E n\u00e3o esquece da fixa\u00e7\u00e3o: use buchas firmes e parafusos pr\u00f3prios pra parede. Samambaias crescem e pesam!<\/p>\n\n\n\n<hr class=\"wp-block-separator has-alpha-channel-opacity\"\/>\n\n\n\n<h2 id='passo-a-passo-simples-pra-montar-seu-jardim-hoje'  class=\"wp-block-heading\">Passo a passo simples pra montar seu jardim hoje<\/h2>\n\n\n\n<ol class=\"wp-block-list\">\n<li><strong>Escolha o local<\/strong>: luz indireta \u00e9 ideal<\/li>\n\n\n\n<li><strong>Monte a base<\/strong>: fixe a madeira, pallet ou suporte<\/li>\n\n\n\n<li><strong>Posicione os vasos<\/strong>: comece pelos maiores no topo<\/li>\n\n\n\n<li><strong>Cuide do escoamento<\/strong>: use pratos ou bandejas para drenagem<\/li>\n\n\n\n<li><strong>Decore com criatividade<\/strong>: luzes de LED, plaquinhas ou cachep\u00f4s coloridos<\/li>\n<\/ol>\n\n\n\n<p>Quer um empurr\u00e3ozinho? Assista ao v\u00eddeo:<\/p>\n\n\n\n<figure class=\"wp-block-embed is-type-video is-provider-youtube wp-block-embed-youtube wp-embed-aspect-16-9 wp-has-aspect-ratio\"><div class=\"wp-block-embed__wrapper\">\n<iframe title=\"Painel de jardim vertical muro ingl\u00eas samambaia e eucalipto\" width=\"720\" height=\"405\" src=\"https:\/\/www.youtube.com\/embed\/f9HKU1lV5J4?feature=oembed\" frameborder=\"0\" allow=\"accelerometer; autoplay; clipboard-write; encrypted-media; gyroscope; picture-in-picture; web-share\" referrerpolicy=\"strict-origin-when-cross-origin\" allowfullscreen><\/iframe>\n<\/div><\/figure>\n\n\n\n<hr class=\"wp-block-separator has-alpha-channel-opacity\"\/>\n\n\n\n<h2 id='as-melhores-samambaias-para-jardim-vertical-\ud83c\udf31'  class=\"wp-block-heading\">As melhores samambaias para jardim vertical \ud83c\udf31<\/h2>\n\n\n\n<p>Nem toda samambaia ama ficar pendurada, mas essas aqui&#8230; ah, essas brilham!<\/p>\n\n\n\n<ul class=\"wp-block-list\">\n<li><strong>Samambaia americana (Nephrolepis)<\/strong>: cl\u00e1ssica, volumosa, cresce r\u00e1pido<\/li>\n\n\n\n<li><strong>Renda portuguesa<\/strong>: delicada, \u00f3tima pra meia-sombra<\/li>\n\n\n\n<li><strong>Samambaia de metro<\/strong>: folhas longas que caem lindamente<\/li>\n\n\n\n<li><strong>Ninho-de-passarinho<\/strong>: formato ex\u00f3tico, textura diferenciada<\/li>\n<\/ul>\n\n\n\n<p>Misture diferentes tipos pra um efeito visual de floresta tropical!<\/p>\n\n\n\n<hr class=\"wp-block-separator has-alpha-channel-opacity\"\/>\n\n\n\n<h2 id='como-cuidar-das-suas-samambaias-no-vertical'  class=\"wp-block-heading\">Como cuidar das suas samambaias no vertical<\/h2>\n\n\n\n<figure class=\"wp-block-table\"><table class=\"has-fixed-layout\"><thead><tr><th>Cuidados<\/th><th>Como fazer<\/th><\/tr><\/thead><tbody><tr><td>Rega<\/td><td>2 a 3 vezes por semana, sem encharcar<\/td><\/tr><tr><td>Lighting<\/td><td>Luz natural indireta (evite sol direto)<\/td><\/tr><tr><td>Aduba\u00e7\u00e3o<\/td><td>A cada 15 dias com h\u00famus, bokashi ou ch\u00e1 de banana<\/td><\/tr><tr><td>Limpeza<\/td><td>Pano \u00famido nas folhas e remo\u00e7\u00e3o das secas<\/td><\/tr><\/tbody><\/table><\/figure>\n\n\n\n<p>Borrifar \u00e1gua nos dias quentes tamb\u00e9m ajuda \u2014 e elas adoram!<\/p>\n\n\n\n<hr class=\"wp-block-separator has-alpha-channel-opacity\"\/>\n\n\n\n<h2 id='dicas-como-usar-ilumina\u00e7\u00e3o-para-destacar-ainda-mais-seu-jardim-vertical'  class=\"wp-block-heading\">Dicas: Como usar ilumina\u00e7\u00e3o para destacar ainda mais seu jardim vertical<\/h2>\n\n\n\n<p>Uma dica que transforma completamente o visual do seu jardim vertical \u2014 especialmente \u00e0 noite \u2014 \u00e9 investir em <strong>ilumina\u00e7\u00e3o estrat\u00e9gica<\/strong>. N\u00e3o precisa ser nada caro ou complicado: o efeito pode ser encantador mesmo com solu\u00e7\u00f5es simples.<\/p>\n\n\n\n<p>Voc\u00ea pode usar:<\/p>\n\n\n\n<ul class=\"wp-block-list\">\n<li><strong>Luz amarela quente<\/strong> para criar um clima aconchegante<\/li>\n\n\n\n<li><strong>Fitas de LED<\/strong> discretas atr\u00e1s da estrutura de madeira<\/li>\n\n\n\n<li><strong>Spots direcionados<\/strong> para real\u00e7ar o caimento das folhas<\/li>\n\n\n\n<li><strong>Lanternas solares<\/strong> para \u00e1reas externas<\/li>\n<\/ul>\n\n\n\n<p>Se quiser um toque mais m\u00e1gico, combine luz com elementos naturais como pedras, madeira ou vasos r\u00fasticos. A ilumina\u00e7\u00e3o certa valoriza as texturas da samambaia, destaca o relevo da parede e transforma seu cantinho verde em um verdadeiro cen\u00e1rio de revista. \u2728<\/p>\n\n\n\n<hr class=\"wp-block-separator has-alpha-channel-opacity\"\/>\n\n\n\n<a href=\"https:\/\/1truenote.com\/en\/jardim-vertical-interno-minimalista\/\" style=\"text-decoration: none;\">\n  <div style=\"display: flex; justify-content: space-between; align-items: center; background: #d44a00; padding: 12px 20px; color: white; font-family: Arial, sans-serif;\">\n    <strong style=\"color: black;\">READ ALSO:<\/strong>\n    <span style=\"margin-left: 8px; flex: 1;\">Decorado de JARDIM VERTICAL Interno: Beleza natural e estilo na medida certa<\/span>\n    <div style=\"background: #f2802f; padding: 8px 12px; border-radius: 2px; margin-left: 10px;\">\n      <span style=\"color: white; font-weight: bold;\">\u27a4<\/span>\n    <\/div>\n  <\/div>\n<\/a>\n\n\n\n\n<hr class=\"wp-block-separator has-alpha-channel-opacity\"\/>\n\n\n\n<h2 id='sua-parede-nunca-mais-vai-ser-sem-gra\u00e7a'  class=\"wp-block-heading\">Sua parede nunca mais vai ser sem gra\u00e7a<\/h2>\n\n\n\n<p>Ter um <strong>jardim vertical para samambaias<\/strong> \u00e9 mais do que enfeitar a casa \u2014 \u00e9 trazer vida, cor e um respiro verde pro seu dia a dia. E o melhor: \u00c9 acess\u00edvel, personaliz\u00e1vel e cheio de benef\u00edcios pra sua sa\u00fade e bem-estar.<\/p>\n\n\n\n<p>Ent\u00e3o, que tal come\u00e7ar hoje mesmo? Pega um pallet, escolhe seu cantinho e deixa as samambaias tomarem conta da sua parede com eleg\u00e2ncia tropical. \ud83c\udf3f\ud83d\udc9a<\/p>\n\n\n\n<p>Gostou de jardim vertical para samambaias? Veja mais <a href=\"https:\/\/1truenote.com\/en\/category\/casa-e-jardim\/\" data-type=\"link\" data-id=\"https:\/\/1truenote.com\/category\/casa-e-jardim\/\">aqui<\/a>.<\/p>\n\n\n\n<hr class=\"wp-block-separator has-alpha-channel-opacity\"\/>\n\n\n\n<h2 id='faq-d\u00favidas-comuns-de-jardim-vertical-para-samambaias-\ud83c\udf3f\u2753'  class=\"wp-block-heading\">FAQ: d\u00favidas comuns de jardim vertical para samambaias \ud83c\udf3f\u2753<\/h2>\n\n\n<div id=\"rank-math-faq\" class=\"rank-math-block\">\n<div class=\"rank-math-list\">\n<div id=\"faq-question-1749156097071\" class=\"rank-math-list-item\">\n<h3 id='precisa-furar-a-parede'  class=\"rank-math-question\">Precisa furar a parede?<\/h3>\n<div class=\"rank-math-answer\">\n\n<p>Sim, pra fixar a estrutura com seguran\u00e7a. Use buchas espec\u00edficas e ferramentas adequadas.<\/p>\n\n<\/div>\n<\/div>\n<div id=\"faq-question-1749156098585\" class=\"rank-math-list-item\">\n<h3 id='d\u00e1-pra-fazer-sem-varanda-ou-quintal'  class=\"rank-math-question\">D\u00e1 pra fazer sem varanda ou quintal?<\/h3>\n<div class=\"rank-math-answer\">\n\n<p>Com certeza! Qualquer parede com boa ilumina\u00e7\u00e3o natural serve \u2014 at\u00e9 na sala ou na cozinha.<\/p>\n\n<\/div>\n<\/div>\n<div id=\"faq-question-1749156099234\" class=\"rank-math-list-item\">\n<h3 id='samambaias-precisam-de-muito-sol'  class=\"rank-math-question\">Samambaias precisam de muito sol?<\/h3>\n<div class=\"rank-math-answer\">\n\n<p>N\u00e3o! Elas preferem luz indireta e ambientes \u00famidos.<\/p>\n\n<\/div>\n<\/div>\n<div id=\"faq-question-1749156129338\" class=\"rank-math-list-item\">\n<h3 id='posso-misturar-com-outras-plantas'  class=\"rank-math-question\">Posso misturar com outras plantas?<\/h3>\n<div class=\"rank-math-answer\">\n\n<p>Pode sim! Avencas, jiboias e peper\u00f4mias s\u00e3o \u00f3timas companheiras.<\/p>\n\n<\/div>\n<\/div>\n<\/div>\n<\/div>\n\n\n<figure class=\"wp-block-image aligncenter size-large\"><img data-recalc-dims=\"1\" decoding=\"async\" width=\"1024\" height=\"683\" src=\"https:\/\/i0.wp.com\/1truenote.com\/wp-content\/uploads\/2025\/06\/ChatGPT-Image-5-de-jun.-de-2025-17_49_26.png?resize=1024%2C683&#038;ssl=1\" alt=\"jardim vertical para samambaias\" class=\"wp-image-2757\" srcset=\"https:\/\/i0.wp.com\/1truenote.com\/wp-content\/uploads\/2025\/06\/ChatGPT-Image-5-de-jun.-de-2025-17_49_26.png?resize=1024%2C683&amp;ssl=1 1024w, https:\/\/i0.wp.com\/1truenote.com\/wp-content\/uploads\/2025\/06\/ChatGPT-Image-5-de-jun.-de-2025-17_49_26.png?resize=300%2C200&amp;ssl=1 300w, https:\/\/i0.wp.com\/1truenote.com\/wp-content\/uploads\/2025\/06\/ChatGPT-Image-5-de-jun.-de-2025-17_49_26.png?resize=768%2C512&amp;ssl=1 768w, https:\/\/i0.wp.com\/1truenote.com\/wp-content\/uploads\/2025\/06\/ChatGPT-Image-5-de-jun.-de-2025-17_49_26.png?resize=150%2C100&amp;ssl=1 150w, https:\/\/i0.wp.com\/1truenote.com\/wp-content\/uploads\/2025\/06\/ChatGPT-Image-5-de-jun.-de-2025-17_49_26.png?w=1536&amp;ssl=1 1536w\" sizes=\"(max-width: 1024px) 100vw, 1024px\" \/><\/figure>","protected":false},"excerpt":{"rendered":"<p>Jardim vertical para samambaias. Se voc\u00ea j\u00e1 pensou em ter um cantinho verde em casa, mas achou que faltava espa\u00e7o&#8230;<\/p>","protected":false},"author":1,"featured_media":2757,"comment_status":"open","ping_status":"open","sticky":false,"template":"","format":"standard","meta":{"_kad_post_transparent":"","_kad_post_title":"","_kad_post_layout":"","_kad_post_sidebar_id":"","_kad_post_content_style":"","_kad_post_vertical_padding":"","_kad_post_feature":"","_kad_post_feature_position":"","_kad_post_header":false,"_kad_post_footer":false,"_kad_post_classname":"","footnotes":"","jetpack_publicize_message":"","jetpack_publicize_feature_enabled":true,"jetpack_social_post_already_shared":true,"jetpack_social_options":{"image_generator_settings":{"template":"highway","default_image_id":0,"enabled":false},"version":2}},"categories":[16],"tags":[15,13,29,33],"class_list":["post-2755","post","type-post","status-publish","format-standard","has-post-thumbnail","hentry","category-casa-e-jardim","tag-conservacao-e-manutencao","tag-minimalista","tag-jardim","tag-plantas"],"jetpack_publicize_connections":[],"jetpack_featured_media_url":"https:\/\/i0.wp.com\/1truenote.com\/wp-content\/uploads\/2025\/06\/ChatGPT-Image-5-de-jun.-de-2025-17_49_26.png?fit=1536%2C1024&ssl=1","jetpack_sharing_enabled":true,"_links":{"self":[{"href":"https:\/\/1truenote.com\/en\/wp-json\/wp\/v2\/posts\/2755","targetHints":{"allow":["GET"]}}],"collection":[{"href":"https:\/\/1truenote.com\/en\/wp-json\/wp\/v2\/posts"}],"about":[{"href":"https:\/\/1truenote.com\/en\/wp-json\/wp\/v2\/types\/post"}],"author":[{"embeddable":true,"href":"https:\/\/1truenote.com\/en\/wp-json\/wp\/v2\/users\/1"}],"replies":[{"embeddable":true,"href":"https:\/\/1truenote.com\/en\/wp-json\/wp\/v2\/comments?post=2755"}],"version-history":[{"count":0,"href":"https:\/\/1truenote.com\/en\/wp-json\/wp\/v2\/posts\/2755\/revisions"}],"wp:featuredmedia":[{"embeddable":true,"href":"https:\/\/1truenote.com\/en\/wp-json\/wp\/v2\/media\/2757"}],"wp:attachment":[{"href":"https:\/\/1truenote.com\/en\/wp-json\/wp\/v2\/media?parent=2755"}],"wp:term":[{"taxonomy":"category","embeddable":true,"href":"https:\/\/1truenote.com\/en\/wp-json\/wp\/v2\/categories?post=2755"},{"taxonomy":"post_tag","embeddable":true,"href":"https:\/\/1truenote.com\/en\/wp-json\/wp\/v2\/tags?post=2755"}],"curies":[{"name":"wp","href":"https:\/\/api.w.org\/{rel}","templated":true}]}}