{"id":2751,"date":"2025-06-06T08:00:00","date_gmt":"2025-06-06T11:00:00","guid":{"rendered":"https:\/\/1truenote.com\/?p=2751"},"modified":"2025-06-05T17:36:01","modified_gmt":"2025-06-05T20:36:01","slug":"plantas-que-florescem-no-inverno","status":"publish","type":"post","link":"https:\/\/1truenote.com\/en\/plantas-que-florescem-no-inverno\/","title":{"rendered":"Essas 7 plantas desafiam o inverno com flores deslumbrantes"},"content":{"rendered":"<div class=\"fit_content\">\n                <div class=\"bd_toc_container\" data-fixedwidth=\"\">\n                    <div class=\"bd_toc_wrapper\" data-wrapperpadding=\"48px\">\n                        <div class=\"bd_toc_wrapper_item\">\n                            <div class=\"bd_toc_header active\" data-headerpadding=\"2px\">\n                                <div class=\"bd_toc_header_title\">\n                                    Sum\u00e1rio                                <\/div>\n                                <div class=\"bd_toc_switcher_hide_show_icon\">\n                                    <span class=\"bd_toc_arrow\"><\/span>                                <\/div>\n                            <\/div>\n                            <div class=\"bd_toc_content list-type-number\">\n                                <div class=\"bd_toc_content_list\">\n                                    <div class='bd_toc_content_list_item'>    <ul>\n      <li class=\"first\">\n        <a href=\"#por-que-apostar-em-flores-de-inverno-o-que-s\u00e3o-plantas-que-florescem-no-inverno\">Por que apostar em flores de inverno? O que s\u00e3o plantas que florescem no inverno?<\/a>\n      <\/li>\n      <li>\n        <a href=\"#as-7-flores-que-brilham-no-frio-e-como-cuidar\">As 7 flores que brilham no frio (e como cuidar)<\/a>\n        <ul class=\"menu_level_2\">\n          <li class=\"first\">\n            <a href=\"#\ud83c\udf3f-1-ang\u00e9lica\">\ud83c\udf3f 1. Ang\u00e9lica<\/a>\n          <\/li>\n          <li>\n            <a href=\"#\ud83c\udf37-2-tulipa\">\ud83c\udf37 2. Tulipa<\/a>\n          <\/li>\n          <li>\n            <a href=\"#\ud83c\udf3c-3-cris\u00e2ntemo\">\ud83c\udf3c 3. Cris\u00e2ntemo<\/a>\n          <\/li>\n          <li>\n            <a href=\"#\ud83c\udf3a-4-beg\u00f4nia\">\ud83c\udf3a 4. Beg\u00f4nia<\/a>\n          <\/li>\n          <li>\n            <a href=\"#\ud83c\udf38-5-brom\u00e9lia\">\ud83c\udf38 5. Brom\u00e9lia<\/a>\n          <\/li>\n          <li>\n            <a href=\"#\ud83c\udf39-6-cam\u00e9lia\">\ud83c\udf39 6. Cam\u00e9lia<\/a>\n          <\/li>\n          <li class=\"last\">\n            <a href=\"#\ud83d\udc90-7-cravo\">\ud83d\udc90 7. Cravo<\/a>\n          <\/li>\n        <\/ul>\n      <\/li>\n      <li>\n        <a href=\"#tabela-r\u00e1pida-como-cuidar-de-cada-flor-no-inverno\">Tabela r\u00e1pida: Como cuidar de cada flor no inverno<\/a>\n      <\/li>\n      <li>\n        <a href=\"#\ud83c\udf3c-inspire-se-no-youtube-flores-que-desafiam-o-frio\">\ud83c\udf3c Inspire-se no YouTube: Flores que desafiam o frio<\/a>\n      <\/li>\n      <li>\n        <a href=\"#o-inverno-tamb\u00e9m-pode-florir-com-plantas-que-florescem-no-inverno\">O inverno tamb\u00e9m pode florir com plantas que florescem no inverno<\/a>\n      <\/li>\n      <li class=\"last\">\n        <a href=\"#faq-d\u00favidas-comuns-sobre-plantas-que-florescem-no-inverno\">FAQ \u2013 D\u00favidas comuns sobre plantas que florescem no inverno<\/a>\n        <ul class=\"menu_level_2\">\n          <li class=\"first\">\n            <a href=\"#essas-flores-sobrevivem-a-geadas-fortes\">Essas flores sobrevivem a geadas fortes?<\/a>\n          <\/li>\n          <li>\n            <a href=\"#d\u00e1-pra-cultivar-essas-plantas-dentro-de-casa\">D\u00e1 pra cultivar essas plantas dentro de casa?<\/a>\n          <\/li>\n          <li>\n            <a href=\"#precisa-adubar-no-inverno\">Precisa adubar no inverno?<\/a>\n          <\/li>\n          <li class=\"last\">\n            <a href=\"#qual-\u00e9-a-mais-f\u00e1cil-de-cuidar-pra-quem-est\u00e1-come\u00e7ando\">Qual \u00e9 a mais f\u00e1cil de cuidar pra quem est\u00e1 come\u00e7ando?<\/a>\n          <\/li>\n        <\/ul>\n      <\/li>\n    <\/ul>\n<\/div>                                <\/div>\n                            <\/div>\n                        <\/div>\n                    <\/div>\n                    <div class=\"layout_toggle_button\">\n                        <span class=\"bd_toc_arrow\"><\/span>\n                    <\/div>\n                <\/div>\n            <\/div>\n\n    \n\n\n<p><strong>Plantas que florescem no inverno<\/strong>. Quando o frio chega, muita gente acha que \u00e9 hora de se despedir das flores e aceitar um jardim sem vida at\u00e9 a primavera. Mas&#8230; e se a gente te dissesse que tem plantas que <strong>adoram o inverno<\/strong> e florescem justamente nessa \u00e9poca? Sim, elas existem \u2014 e s\u00e3o verdadeiras guerreiras da esta\u00e7\u00e3o!<\/p>\n\n\n\n<p>Se voc\u00ea quer manter a casa ou o jardim florido mesmo nos dias mais gelados, vem descobrir 7 plantas incr\u00edveis que provam que o inverno tamb\u00e9m pode ser cheio de cor e encanto. Prepare o cachecol&#8230; e a p\u00e1 de jardinagem! \ud83c\udf38\u2744\ufe0f<\/p>\n\n\n\n<hr class=\"wp-block-separator has-alpha-channel-opacity\"\/>\n\n\n\n<h2 id='por-que-apostar-em-flores-de-inverno-o-que-s\u00e3o-plantas-que-florescem-no-inverno'  class=\"wp-block-heading\">Por que apostar em flores de inverno? O que s\u00e3o plantas que florescem no inverno?<\/h2>\n\n\n\n<p>Al\u00e9m de resistirem ao frio, essas esp\u00e9cies t\u00eam um charme todo especial. Elas trazem:<\/p>\n\n\n\n<ul class=\"wp-block-list\">\n<li><strong>Cor em tempos cinzentos<\/strong>, alegrando qualquer espa\u00e7o<\/li>\n\n\n\n<li><strong>Facilidade de cultivo<\/strong>, ideais at\u00e9 pra quem n\u00e3o tem tanta experi\u00eancia<\/li>\n\n\n\n<li><strong>Versatilidade<\/strong>: ficam lindas tanto em vasos quanto no jardim<\/li>\n<\/ul>\n\n\n\n<p>Ou seja, d\u00e1 pra ter beleza natural no inverno sem complica\u00e7\u00e3o. Plantas que florescem no inverno<\/p>\n\n\n\n<hr class=\"wp-block-separator has-alpha-channel-opacity\"\/>\n\n\n\n<figure class=\"wp-block-image aligncenter size-medium\"><a href=\"https:\/\/chat.whatsapp.com\/KJBkp5LFJVRIvmt5X3hSEh\" target=\"_blank\" rel=\"noopener\"><img data-recalc-dims=\"1\" fetchpriority=\"high\" decoding=\"async\" width=\"200\" height=\"300\" src=\"https:\/\/i0.wp.com\/1truenote.com\/wp-content\/uploads\/2025\/06\/ChatGPT-Image-3-de-jun.-de-2025-19_04_53.png?resize=200%2C300&#038;ssl=1\" alt=\"chamada banner advetorial whats\" class=\"wp-image-2683\" srcset=\"https:\/\/i0.wp.com\/1truenote.com\/wp-content\/uploads\/2025\/06\/ChatGPT-Image-3-de-jun.-de-2025-19_04_53.png?resize=200%2C300&amp;ssl=1 200w, https:\/\/i0.wp.com\/1truenote.com\/wp-content\/uploads\/2025\/06\/ChatGPT-Image-3-de-jun.-de-2025-19_04_53.png?resize=683%2C1024&amp;ssl=1 683w, https:\/\/i0.wp.com\/1truenote.com\/wp-content\/uploads\/2025\/06\/ChatGPT-Image-3-de-jun.-de-2025-19_04_53.png?resize=768%2C1152&amp;ssl=1 768w, https:\/\/i0.wp.com\/1truenote.com\/wp-content\/uploads\/2025\/06\/ChatGPT-Image-3-de-jun.-de-2025-19_04_53.png?resize=150%2C225&amp;ssl=1 150w, https:\/\/i0.wp.com\/1truenote.com\/wp-content\/uploads\/2025\/06\/ChatGPT-Image-3-de-jun.-de-2025-19_04_53.png?w=1024&amp;ssl=1 1024w\" sizes=\"(max-width: 200px) 100vw, 200px\" \/><\/a><\/figure>\n\n\n\n<hr class=\"wp-block-separator has-alpha-channel-opacity\"\/>\n\n\n\n<h2 id='as-7-flores-que-brilham-no-frio-e-como-cuidar'  class=\"wp-block-heading\">As 7 flores que brilham no frio (e como cuidar)<\/h2>\n\n\n\n<h3 id='\ud83c\udf3f-1-ang\u00e9lica'  class=\"wp-block-heading\">\ud83c\udf3f 1. Ang\u00e9lica<\/h3>\n\n\n\n<p>Com p\u00e9talas fininhas e perfume suave \u00e0 noite, a ang\u00e9lica \u00e9 uma queridinha pra varandas e jardins.<br><strong>Cuidados<\/strong>: Sol direto, rega moderada e solo bem drenado.<\/p>\n\n\n\n<h3 id='\ud83c\udf37-2-tulipa'  class=\"wp-block-heading\">\ud83c\udf37 2. Tulipa<\/h3>\n\n\n\n<p>Cl\u00e1ssica e cheia de classe, a tulipa floresce melhor no frio \u2014 por isso \u00e9 t\u00e3o amada nos pa\u00edses n\u00f3rdicos.<br><strong>Cuidados<\/strong>: Solo \u00famido (sem encharcar), lugar iluminado e longe de calor forte.<\/p>\n\n\n\n<h3 id='\ud83c\udf3c-3-cris\u00e2ntemo'  class=\"wp-block-heading\">\ud83c\udf3c 3. Cris\u00e2ntemo<\/h3>\n\n\n\n<p>Colorido, resistente e cheio de hist\u00f3ria. D\u00e1 flor o inverno inteiro com o m\u00ednimo de cuidado.<br><strong>Cuidados<\/strong>: Luz natural, rega sempre que o solo secar, e remova as flores murchas.<\/p>\n\n\n\n<h3 id='\ud83c\udf3a-4-beg\u00f4nia'  class=\"wp-block-heading\">\ud83c\udf3a 4. Beg\u00f4nia<\/h3>\n\n\n\n<p>Perfeita pra quem mora em apartamento. Ela \u00e9 compacta, charmosa e adora o frio.<br><strong>Cuidados<\/strong>: Regar s\u00f3 o solo (sem molhar folhas), local fresco e sombra parcial.<\/p>\n\n\n\n<h3 id='\ud83c\udf38-5-brom\u00e9lia'  class=\"wp-block-heading\">\ud83c\udf38 5. Brom\u00e9lia<\/h3>\n\n\n\n<p>Imposs\u00edvel n\u00e3o notar a beleza das brom\u00e9lias! S\u00e3o tropicais, mas algumas esp\u00e9cies se adaptam super bem ao inverno.<br><strong>Cuidados<\/strong>: Solo \u00famido, luz indireta e vaso bem arejado.<\/p>\n\n\n\n<h3 id='\ud83c\udf39-6-cam\u00e9lia'  class=\"wp-block-heading\">\ud83c\udf39 6. Cam\u00e9lia<\/h3>\n\n\n\n<p>Flor volumosa e elegante, ideal pra canteiros. Ama o frio e pode alcan\u00e7ar at\u00e9 6 metros de altura.<br><strong>Cuidados<\/strong>: Rega di\u00e1ria no in\u00edcio, depois solo \u00famido e sol direto ou meia-sombra.<\/p>\n\n\n\n<h3 id='\ud83d\udc90-7-cravo'  class=\"wp-block-heading\">\ud83d\udc90 7. Cravo<\/h3>\n\n\n\n<p>Cheiroso, delicado e cheio de significados. Vai bem em vasos ou jardineiras.<br><strong>Cuidados<\/strong>: Muito sol, rega no solo e nada de molhar as flores.<\/p>\n\n\n\n<hr class=\"wp-block-separator has-alpha-channel-opacity\"\/>\n\n\n\n<a href=\"https:\/\/1truenote.com\/en\/plantas-que-afastam-mosquitos-e-decoram\/\" style=\"text-decoration: none;\">\n  <div style=\"display: flex; justify-content: space-between; align-items: center; background: #d44a00; padding: 12px 20px; color: white; font-family: Arial, sans-serif;\">\n    <strong style=\"color: black;\">READ ALSO:<\/strong>\n    <span style=\"margin-left: 8px; flex: 1;\">Essas plantas afastam mosquitos e ainda deixam sua casa mais bonita \ud83c\udf3f\ud83e\udd9f<\/span>\n    <div style=\"background: #f2802f; padding: 8px 12px; border-radius: 2px; margin-left: 10px;\">\n      <span style=\"color: white; font-weight: bold;\">\u27a4<\/span>\n    <\/div>\n  <\/div>\n<\/a>\n\n\n\n\n<hr class=\"wp-block-separator has-alpha-channel-opacity\"\/>\n\n\n\n<h2 id='tabela-r\u00e1pida-como-cuidar-de-cada-flor-no-inverno'  class=\"wp-block-heading\">Tabela r\u00e1pida: Como cuidar de cada flor no inverno<\/h2>\n\n\n\n<figure class=\"wp-block-table\"><table class=\"has-fixed-layout\"><thead><tr><th>Planta<\/th><th>Sol<\/th><th>Rega<\/th><th>Ideal para<\/th><\/tr><\/thead><tbody><tr><td>Ang\u00e9lica<\/td><td>Sol pleno<\/td><td>Moderada<\/td><td>Jardins, vasos grandes<\/td><\/tr><tr><td>Tulipa<\/td><td>Luz indireta<\/td><td>Regular (sem encharcar)<\/td><td>Vasos internos<\/td><\/tr><tr><td>Cris\u00e2ntemo<\/td><td>Sol pleno<\/td><td>Sempre que secar<\/td><td>Jardins, floreiras<\/td><\/tr><tr><td>Beg\u00f4nia<\/td><td>Meia-sombra<\/td><td>Moderada<\/td><td>Ambientes internos<\/td><\/tr><tr><td>Brom\u00e9lia<\/td><td>Luz filtrada<\/td><td>\u00damido constante<\/td><td>Vasos de barro<\/td><\/tr><tr><td>Cam\u00e9lia<\/td><td>Sol pleno<\/td><td>Di\u00e1ria (no in\u00edcio)<\/td><td>Canteiros externos<\/td><\/tr><tr><td>Cravo<\/td><td>Muito sol<\/td><td>Solo seco<\/td><td>Vasos e floreiras<\/td><\/tr><\/tbody><\/table><\/figure>\n\n\n\n<hr class=\"wp-block-separator has-alpha-channel-opacity\"\/>\n\n\n\n<h2 id='\ud83c\udf3c-inspire-se-no-youtube-flores-que-desafiam-o-frio'  class=\"wp-block-heading\">\ud83c\udf3c Inspire-se no YouTube: Flores que desafiam o frio<\/h2>\n\n\n\n<figure class=\"wp-block-embed is-type-video is-provider-youtube wp-block-embed-youtube wp-embed-aspect-16-9 wp-has-aspect-ratio\"><div class=\"wp-block-embed__wrapper\">\n<iframe title=\"7 FLORES que FLORESCEM no INVERNO no SUL do BRASIL! | Flores para plantar no Inverno!\" width=\"720\" height=\"405\" src=\"https:\/\/www.youtube.com\/embed\/a0grsv6aNEA?feature=oembed\" frameborder=\"0\" allow=\"accelerometer; autoplay; clipboard-write; encrypted-media; gyroscope; picture-in-picture; web-share\" referrerpolicy=\"strict-origin-when-cross-origin\" allowfullscreen><\/iframe>\n<\/div><\/figure>\n\n\n\n<h2 id='o-inverno-tamb\u00e9m-pode-florir-com-plantas-que-florescem-no-inverno'  class=\"wp-block-heading\">O inverno tamb\u00e9m pode florir com plantas que florescem no inverno<\/h2>\n\n\n\n<p>N\u00e3o precisa esperar a primavera pra ver o jardim florido! Com essas sete plantas que florescem no inverno, o inverno ganha cor, perfume e vida \u2014 e sua casa ou varanda se transforma num ref\u00fagio acolhedor e cheio de energia boa.<\/p>\n\n\n\n<p>Seja pra montar um cantinho zen, deixar o lar mais vivo ou at\u00e9 montar arranjos pra vender, essas flores s\u00e3o o lembrete de que <strong>a beleza pode florescer mesmo nos dias mais frios<\/strong>.<\/p>\n\n\n\n<p>Ent\u00e3o, bora escolher a sua favorita e come\u00e7ar a plantar? Voc\u00ea gostou de plantas que florescem no inverno? Voc\u00ea pode ver mais <a href=\"https:\/\/1truenote.com\/en\/category\/casa-e-jardim\/\">aqui<\/a>.<\/p>\n\n\n\n<h2 id='faq-d\u00favidas-comuns-sobre-plantas-que-florescem-no-inverno'  class=\"wp-block-heading\">FAQ \u2013 D\u00favidas comuns sobre plantas que florescem no inverno<\/h2>\n\n\n<div id=\"rank-math-faq\" class=\"rank-math-block\">\n<div class=\"rank-math-list\">\n<div id=\"faq-question-1749155228691\" class=\"rank-math-list-item\">\n<h3 id='essas-flores-sobrevivem-a-geadas-fortes'  class=\"rank-math-question\">Essas flores sobrevivem a geadas fortes?<\/h3>\n<div class=\"rank-math-answer\">\n\n<p>Algumas sim, como a cam\u00e9lia e o cris\u00e2ntemo. Mas \u00e9 bom proteg\u00ea-las em noites muito frias.<\/p>\n\n<\/div>\n<\/div>\n<div id=\"faq-question-1749155252606\" class=\"rank-math-list-item\">\n<h3 id='d\u00e1-pra-cultivar-essas-plantas-dentro-de-casa'  class=\"rank-math-question\">D\u00e1 pra cultivar essas plantas dentro de casa?<\/h3>\n<div class=\"rank-math-answer\">\n\n<p>Sim! Tulipas, beg\u00f4nias e cravos v\u00e3o super bem em vasos dentro de casa.<\/p>\n\n<\/div>\n<\/div>\n<div id=\"faq-question-1749155266377\" class=\"rank-math-list-item\">\n<h3 id='precisa-adubar-no-inverno'  class=\"rank-math-question\">Precisa adubar no inverno?<\/h3>\n<div class=\"rank-math-answer\">\n\n<p>Sim, mas com modera\u00e7\u00e3o. Use adubo equilibrado a cada 15 dias para manter a flora\u00e7\u00e3o.<\/p>\n\n<\/div>\n<\/div>\n<div id=\"faq-question-1749155267616\" class=\"rank-math-list-item\">\n<h3 id='qual-\u00e9-a-mais-f\u00e1cil-de-cuidar-pra-quem-est\u00e1-come\u00e7ando'  class=\"rank-math-question\">Qual \u00e9 a mais f\u00e1cil de cuidar pra quem est\u00e1 come\u00e7ando?<\/h3>\n<div class=\"rank-math-answer\">\n\n<p>Comece com o cris\u00e2ntemo ou beg\u00f4nia. Elas s\u00e3o resistentes e muito gratificantes.<\/p>\n\n<\/div>\n<\/div>\n<\/div>\n<\/div>\n\n\n<figure class=\"wp-block-image aligncenter size-large\"><img data-recalc-dims=\"1\" decoding=\"async\" width=\"1024\" height=\"683\" src=\"https:\/\/i0.wp.com\/1truenote.com\/wp-content\/uploads\/2025\/06\/ChatGPT-Image-5-de-jun.-de-2025-17_34_26.png?resize=1024%2C683&#038;ssl=1\" alt=\"plantas que florescem no inverno\" class=\"wp-image-2753\" srcset=\"https:\/\/i0.wp.com\/1truenote.com\/wp-content\/uploads\/2025\/06\/ChatGPT-Image-5-de-jun.-de-2025-17_34_26.png?resize=1024%2C683&amp;ssl=1 1024w, https:\/\/i0.wp.com\/1truenote.com\/wp-content\/uploads\/2025\/06\/ChatGPT-Image-5-de-jun.-de-2025-17_34_26.png?resize=300%2C200&amp;ssl=1 300w, https:\/\/i0.wp.com\/1truenote.com\/wp-content\/uploads\/2025\/06\/ChatGPT-Image-5-de-jun.-de-2025-17_34_26.png?resize=768%2C512&amp;ssl=1 768w, https:\/\/i0.wp.com\/1truenote.com\/wp-content\/uploads\/2025\/06\/ChatGPT-Image-5-de-jun.-de-2025-17_34_26.png?resize=150%2C100&amp;ssl=1 150w, https:\/\/i0.wp.com\/1truenote.com\/wp-content\/uploads\/2025\/06\/ChatGPT-Image-5-de-jun.-de-2025-17_34_26.png?w=1536&amp;ssl=1 1536w\" sizes=\"(max-width: 1024px) 100vw, 1024px\" \/><\/figure>","protected":false},"excerpt":{"rendered":"<p>Plantas que florescem no inverno. Quando o frio chega, muita gente acha que \u00e9 hora de se despedir das flores&#8230;<\/p>","protected":false},"author":1,"featured_media":2753,"comment_status":"open","ping_status":"open","sticky":false,"template":"","format":"standard","meta":{"_kad_post_transparent":"","_kad_post_title":"","_kad_post_layout":"","_kad_post_sidebar_id":"","_kad_post_content_style":"","_kad_post_vertical_padding":"","_kad_post_feature":"","_kad_post_feature_position":"","_kad_post_header":false,"_kad_post_footer":false,"_kad_post_classname":"","footnotes":"","jetpack_publicize_message":"","jetpack_publicize_feature_enabled":true,"jetpack_social_post_already_shared":true,"jetpack_social_options":{"image_generator_settings":{"template":"highway","default_image_id":0,"enabled":false},"version":2}},"categories":[16],"tags":[34,29,33],"class_list":["post-2751","post","type-post","status-publish","format-standard","has-post-thumbnail","hentry","category-casa-e-jardim","tag-flores","tag-jardim","tag-plantas"],"jetpack_publicize_connections":[],"jetpack_featured_media_url":"https:\/\/i0.wp.com\/1truenote.com\/wp-content\/uploads\/2025\/06\/ChatGPT-Image-5-de-jun.-de-2025-17_34_26.png?fit=1536%2C1024&ssl=1","jetpack_sharing_enabled":true,"_links":{"self":[{"href":"https:\/\/1truenote.com\/en\/wp-json\/wp\/v2\/posts\/2751","targetHints":{"allow":["GET"]}}],"collection":[{"href":"https:\/\/1truenote.com\/en\/wp-json\/wp\/v2\/posts"}],"about":[{"href":"https:\/\/1truenote.com\/en\/wp-json\/wp\/v2\/types\/post"}],"author":[{"embeddable":true,"href":"https:\/\/1truenote.com\/en\/wp-json\/wp\/v2\/users\/1"}],"replies":[{"embeddable":true,"href":"https:\/\/1truenote.com\/en\/wp-json\/wp\/v2\/comments?post=2751"}],"version-history":[{"count":0,"href":"https:\/\/1truenote.com\/en\/wp-json\/wp\/v2\/posts\/2751\/revisions"}],"wp:featuredmedia":[{"embeddable":true,"href":"https:\/\/1truenote.com\/en\/wp-json\/wp\/v2\/media\/2753"}],"wp:attachment":[{"href":"https:\/\/1truenote.com\/en\/wp-json\/wp\/v2\/media?parent=2751"}],"wp:term":[{"taxonomy":"category","embeddable":true,"href":"https:\/\/1truenote.com\/en\/wp-json\/wp\/v2\/categories?post=2751"},{"taxonomy":"post_tag","embeddable":true,"href":"https:\/\/1truenote.com\/en\/wp-json\/wp\/v2\/tags?post=2751"}],"curies":[{"name":"wp","href":"https:\/\/api.w.org\/{rel}","templated":true}]}}