{"id":2729,"date":"2025-06-05T18:00:00","date_gmt":"2025-06-05T21:00:00","guid":{"rendered":"https:\/\/1truenote.com\/?p=2729"},"modified":"2025-06-05T15:03:07","modified_gmt":"2025-06-05T18:03:07","slug":"organizadores-para-cozinha-dicas-e-modelos","status":"publish","type":"post","link":"https:\/\/1truenote.com\/en\/organizadores-para-cozinha-dicas-e-modelos\/","title":{"rendered":"Esses organizadores v\u00e3o transformar sua cozinha em minutos"},"content":{"rendered":"        \n            \n            <div class=\"fit_content\">\n                <div class=\"bd_toc_container\" data-fixedWidth=\"\">\n                    <div class=\"bd_toc_wrapper\" data-wrapperPadding=\"48px\">\n                        <div class=\"bd_toc_wrapper_item\">\n                            <div class=\"bd_toc_header active\" data-headerPadding=\"2px\">\n                                <div class=\"bd_toc_header_title\">\n                                    Sum\u00e1rio                                <\/div>\n                                <div class=\"bd_toc_switcher_hide_show_icon\">\n                                    <span class=\"bd_toc_arrow\"><\/span>                                <\/div>\n                            <\/div>\n                            <div class=\"bd_toc_content list-type-number\">\n                                <div class=\"bd_toc_content_list \">\n                                    <div class='bd_toc_content_list_item'>    <ul>\n      <li class=\"first\">\n        <a href=\"#por-que-investir-em-organizadores-para-cozinha\">Por que investir em organizadores para cozinha?<\/a>\n      <\/li>\n      <li>\n        <a href=\"#tipos-de-organizadores-que-voc\u00ea-vai-amar\">Tipos de organizadores que voc\u00ea vai amar<\/a>\n        <ul class=\"menu_level_2\">\n          <li class=\"first\">\n            <a href=\"#organizadores-de-prateleiras-e-arm\u00e1rios\">Organizadores de prateleiras e arm\u00e1rios<\/a>\n          <\/li>\n          <li>\n            <a href=\"#potes-herm\u00e9ticos-para-alimentos\">Potes herm\u00e9ticos para alimentos<\/a>\n          <\/li>\n          <li>\n            <a href=\"#organizadores-de-pia-e-bancada\">Organizadores de pia e bancada<\/a>\n          <\/li>\n          <li>\n            <a href=\"#suportes-para-tampas-e-travessas\">Suportes para tampas e travessas<\/a>\n          <\/li>\n          <li class=\"last\">\n            <a href=\"#organizadores-para-x\u00edcaras-e-canecas\">Organizadores para x\u00edcaras e canecas<\/a>\n          <\/li>\n        <\/ul>\n      <\/li>\n      <li>\n        <a href=\"#tabela-pr\u00e1tica-de-organizadores-por-fun\u00e7\u00e3o\">Tabela pr\u00e1tica de organizadores por fun\u00e7\u00e3o<\/a>\n      <\/li>\n      <li>\n        <a href=\"#como-escolher-o-organizador-certo\">Como escolher o organizador certo?<\/a>\n      <\/li>\n      <li>\n        <a href=\"#\ud83d\udca1-dica-r\u00e1pida-como-usar-organizadores-de-forma-eficiente\">\ud83d\udca1 Dica r\u00e1pida: Como usar organizadores de forma eficiente<\/a>\n      <\/li>\n      <li>\n        <a href=\"#estilo-tamb\u00e9m-importa-organizadores-que-decoram\">Estilo tamb\u00e9m importa: Organizadores que decoram<\/a>\n      <\/li>\n      <li>\n        <a href=\"#\ud83c\udfa5-assista-os-10-organizadores-favoritos-da-internet\">[\ud83c\udfa5] Assista: Os 10 organizadores favoritos da internet<\/a>\n      <\/li>\n      <li>\n        <a href=\"#uma-cozinha-mais-pr\u00e1tica-come\u00e7a-com-pequenos-ajustes-com-organizadores-para-cozinha\">Uma cozinha mais pr\u00e1tica come\u00e7a com pequenos ajustes com organizadores para cozinha<\/a>\n      <\/li>\n      <li class=\"last\">\n        <a href=\"#faq-perguntas-que-todo-mundo-faz-sobre-organizadores-para-cozinha\">FAQ \u2013 Perguntas que todo mundo faz sobre organizadores para cozinha<\/a>\n        <ul class=\"menu_level_2\">\n          <li class=\"first\">\n            <a href=\"#qual-o-melhor-tipo-de-organizador-para-cozinhas-pequenas\">Qual o melhor tipo de organizador para cozinhas pequenas?<\/a>\n          <\/li>\n          <li>\n            <a href=\"#precisa-furar-a-parede-pra-usar-esses-organizadores\">Precisa furar a parede pra usar esses organizadores?<\/a>\n          <\/li>\n          <li>\n            <a href=\"#\u00e9-caro-montar-uma-cozinha-organizada\">\u00c9 caro montar uma cozinha organizada?<\/a>\n          <\/li>\n          <li class=\"last\">\n            <a href=\"#como-manter-a-organiza\u00e7\u00e3o-no-dia-a-dia\">Como manter a organiza\u00e7\u00e3o no dia a dia?<\/a>\n          <\/li>\n        <\/ul>\n      <\/li>\n    <\/ul>\n<\/div>                                <\/div>\n                            <\/div>\n                        <\/div>\n                    <\/div>\n                    <div class=\"layout_toggle_button\">\n                        <span class=\"bd_toc_arrow\"><\/span>\n                    <\/div>\n                <\/div>\n            <\/div>\n\n    \n\n\n<p><strong>Organizadores para cozinha<\/strong>. Sabe aquela sensa\u00e7\u00e3o de abrir o arm\u00e1rio da cozinha e tudo parecer fora do lugar? Temperos escondidos, potes sem tampa, utens\u00edlios embolados&#8230; Pois \u00e9, todo mundo j\u00e1 passou por isso! A boa not\u00edcia \u00e9 que existem solu\u00e7\u00f5es simples \u2014 e baratinhas \u2014 que podem revolucionar o seu dia a dia: os organizadores para cozinha.<\/p>\n\n\n\n<p>E o melhor: Eles n\u00e3o servem s\u00f3 pra deixar tudo no lugar. Os modelos de 2025 s\u00e3o lindos, pr\u00e1ticos e ajudam at\u00e9 na decora\u00e7\u00e3o. Bora ver como transformar sua cozinha em um ambiente funcional e charmoso?<\/p>\n\n\n\n<hr class=\"wp-block-separator has-alpha-channel-opacity\"\/>\n\n\n\n<h2 id='por-que-investir-em-organizadores-para-cozinha'  id=\"boomdevs_1\" class=\"wp-block-heading\">Por que investir em organizadores para cozinha?<\/h2>\n\n\n\n<p>Organizar n\u00e3o \u00e9 s\u00f3 est\u00e9tica, \u00e9 qualidade de vida. Quando voc\u00ea sabe onde est\u00e1 cada coisa, at\u00e9 cozinhar fica mais gostoso! Olha s\u00f3 o que muda com os organizadores certos:<\/p>\n\n\n\n<ul class=\"wp-block-list\">\n<li>Mais praticidade no preparo das refei\u00e7\u00f5es<\/li>\n\n\n\n<li>Menos tempo perdido procurando utens\u00edlios<\/li>\n\n\n\n<li>Despensa, geladeira e arm\u00e1rios com cara de Pinterest<\/li>\n\n\n\n<li>Cozinha mais f\u00e1cil de limpar e manter no dia a dia<\/li>\n<\/ul>\n\n\n\n<p>E o mais legal? Com algumas pe\u00e7as estrat\u00e9gicas, d\u00e1 pra fazer uma revolu\u00e7\u00e3o em minutos com os organizadores para cozinha<\/p>\n\n\n\n<hr class=\"wp-block-separator has-alpha-channel-opacity\"\/>\n\n\n\n<h2 id='tipos-de-organizadores-que-voc\u00ea-vai-amar'  id=\"boomdevs_2\" class=\"wp-block-heading\">Tipos de organizadores que voc\u00ea vai amar<\/h2>\n\n\n\n<p>Cada cantinho da cozinha pode (e deve!) ser otimizado. Aqui v\u00e3o os favoritos das cozinhas brasileiras:<\/p>\n\n\n\n<h3 id='organizadores-de-prateleiras-e-arm\u00e1rios'  id=\"boomdevs_3\" class=\"wp-block-heading\">Organizadores de prateleiras e arm\u00e1rios<\/h3>\n\n\n\n<p>Esses s\u00e3o curingas! Servem pra empilhar lou\u00e7as, separar panelas, aproveitar espa\u00e7os altos&#8230; Tem at\u00e9 modelo com dois andares que dobra a capacidade do arm\u00e1rio.<\/p>\n\n\n\n<h3 id='potes-herm\u00e9ticos-para-alimentos'  id=\"boomdevs_4\" class=\"wp-block-heading\">Potes herm\u00e9ticos para alimentos<\/h3>\n\n\n\n<p>Nada como abrir a despensa e ver tudo organizadinho. Esses potes, al\u00e9m de lindos, conservam os ingredientes por mais tempo e evitam desperd\u00edcio.<\/p>\n\n\n\n<h3 id='organizadores-de-pia-e-bancada'  id=\"boomdevs_5\" class=\"wp-block-heading\">Organizadores de pia e bancada<\/h3>\n\n\n\n<p>Saboneteira, dispenser de detergente, escorredor vertical&#8230; S\u00e3o detalhes que fazem toda a diferen\u00e7a na rotina.<\/p>\n\n\n\n<h3 id='suportes-para-tampas-e-travessas'  id=\"boomdevs_6\" class=\"wp-block-heading\">Suportes para tampas e travessas<\/h3>\n\n\n\n<p>Acabou aquela bagun\u00e7a de tampa voando! Com esses suportes, cada coisa tem seu lugar.<\/p>\n\n\n\n<h3 id='organizadores-para-x\u00edcaras-e-canecas'  id=\"boomdevs_7\" class=\"wp-block-heading\">Organizadores para x\u00edcaras e canecas<\/h3>\n\n\n\n<p>Al\u00e9m de pr\u00e1ticos, eles d\u00e3o um charme a mais ao ambiente. D\u00e1 at\u00e9 vontade de tomar caf\u00e9 toda hora.<\/p>\n\n\n<div class=\"hostinger-affiliate-block-wrap\">\n            <div class=\"hostinger-affiliate-block-list-simple\">\n            <div class=\"hostinger-affiliate-block-list-simple__image\">\n                                        <a href=\"https:\/\/www.amazon.com.br\/dp\/B092RH9TVW?tag=joaopedro047-20\" target=\"_blank\" rel=\"nofollow noopener noreferrer\">\n                            <img decoding=\"async\" src=\"https:\/\/m.media-amazon.com\/images\/I\/51vX3QKo3VL.jpg\" alt=\"Kit Organizador para Cozinha Arm\u00e1rio Prateleira Aramado Armazenam...\">\n                        <\/a>\n                                <\/div>\n            <div class=\"hostinger-affiliate-block-list-simple__product-data\">\n                <div class=\"hostinger-affiliate-block-list-simple__product-info\">\n                                            <div class=\"hostinger-affiliate-block-list-simple__bestseller-label\">\n                                                        Bestseller #1                        <\/div>\n                                            <div class=\"hostinger-affiliate-block-list-simple__product-title\">\n                        <a href=\"https:\/\/www.amazon.com.br\/dp\/B092RH9TVW?tag=joaopedro047-20\" target=\"_blank\" rel=\"nofollow noopener noreferrer\">\n                            <h3 id='kit-organizador-para-cozinha-arm\u00e1rio-prateleira-aramado-armazenam'  id=\"boomdevs_8\">\n                                Kit Organizador para Cozinha Arm\u00e1rio Prateleira Aramado Armazenam&#8230;                            <\/h3>\n                        <\/a>\n                    <\/div>\n                    <div class=\"hostinger-affiliate-block-list-simple__product-pricing\">\n                                                    <div class=\"hostinger-affiliate-block-list-simple__product-price\">\n                                R$127,70                            <\/div>\n                                                <\/div>\n                <\/div>\n                <div class=\"hostinger-affiliate-block-list-simple__product-actions\">\n                    <div>\n                        <a href=\"https:\/\/www.amazon.com.br\/dp\/B092RH9TVW?tag=joaopedro047-20\" class=\"hostinger-affiliate-block-list-simple__product-amazon-button\" target=\"_blank\" rel=\"nofollow noopener noreferrer\">\n    Buy on Amazon<\/a>\n                    <\/div>\n                <\/div>\n            <\/div>\n        <\/div>\n                <div class=\"hostinger-affiliate-block-list-simple\">\n            <div class=\"hostinger-affiliate-block-list-simple__image\">\n                                        <a href=\"https:\/\/www.amazon.com.br\/dp\/B077BV2DBV?tag=joaopedro047-20\" target=\"_blank\" rel=\"nofollow noopener noreferrer\">\n                            <img decoding=\"async\" src=\"https:\/\/m.media-amazon.com\/images\/I\/41imSXy5cgL._AC_.jpg\" alt=\"Cestinha de Pl\u00e1stico Retangular Organizadora Empilh\u00e1vel, Incolor,...\">\n                        <\/a>\n                                <\/div>\n            <div class=\"hostinger-affiliate-block-list-simple__product-data\">\n                <div class=\"hostinger-affiliate-block-list-simple__product-info\">\n                                            <div class=\"hostinger-affiliate-block-list-simple__bestseller-label\">\n                                                        Bestseller #2                        <\/div>\n                                            <div class=\"hostinger-affiliate-block-list-simple__product-title\">\n                        <a href=\"https:\/\/www.amazon.com.br\/dp\/B077BV2DBV?tag=joaopedro047-20\" target=\"_blank\" rel=\"nofollow noopener noreferrer\">\n                            <h3 id='cestinha-de-pl\u00e1stico-retangular-organizadora-empilh\u00e1vel-incolor'  id=\"boomdevs_9\">\n                                Cestinha de Pl\u00e1stico Retangular Organizadora Empilh\u00e1vel, Incolor,&#8230;                            <\/h3>\n                        <\/a>\n                    <\/div>\n                    <div class=\"hostinger-affiliate-block-list-simple__product-pricing\">\n                                                    <div class=\"hostinger-affiliate-block-list-simple__product-price\">\n                                R$19,90                            <\/div>\n                                                <\/div>\n                <\/div>\n                <div class=\"hostinger-affiliate-block-list-simple__product-actions\">\n                    <div>\n                        <a href=\"https:\/\/www.amazon.com.br\/dp\/B077BV2DBV?tag=joaopedro047-20\" class=\"hostinger-affiliate-block-list-simple__product-amazon-button\" target=\"_blank\" rel=\"nofollow noopener noreferrer\">\n    Buy on Amazon<\/a>\n                    <\/div>\n                <\/div>\n            <\/div>\n        <\/div>\n                <div class=\"hostinger-affiliate-block-list-simple\">\n            <div class=\"hostinger-affiliate-block-list-simple__image\">\n                                        <a href=\"https:\/\/www.amazon.com.br\/dp\/B08ZNPB436?tag=joaopedro047-20\" target=\"_blank\" rel=\"nofollow noopener noreferrer\">\n                            <img decoding=\"async\" src=\"https:\/\/m.media-amazon.com\/images\/I\/41i85jjrgML._AC_.jpg\" alt=\"Oikos - Caixa Organizadora 4L com Tampa de Bambu Branca\">\n                        <\/a>\n                                <\/div>\n            <div class=\"hostinger-affiliate-block-list-simple__product-data\">\n                <div class=\"hostinger-affiliate-block-list-simple__product-info\">\n                                            <div class=\"hostinger-affiliate-block-list-simple__bestseller-label\">\n                                                        Bestseller #3                        <\/div>\n                                            <div class=\"hostinger-affiliate-block-list-simple__product-title\">\n                        <a href=\"https:\/\/www.amazon.com.br\/dp\/B08ZNPB436?tag=joaopedro047-20\" target=\"_blank\" rel=\"nofollow noopener noreferrer\">\n                            <h3 id='oikos-caixa-organizadora-4l-com-tampa-de-bambu-branca'  id=\"boomdevs_10\">\n                                Oikos &#8211; Caixa Organizadora 4L com Tampa de Bambu Branca                            <\/h3>\n                        <\/a>\n                    <\/div>\n                    <div class=\"hostinger-affiliate-block-list-simple__product-pricing\">\n                                                    <div class=\"hostinger-affiliate-block-list-simple__product-price\">\n                                R$37,00                            <\/div>\n                                                <\/div>\n                <\/div>\n                <div class=\"hostinger-affiliate-block-list-simple__product-actions\">\n                    <div>\n                        <a href=\"https:\/\/www.amazon.com.br\/dp\/B08ZNPB436?tag=joaopedro047-20\" class=\"hostinger-affiliate-block-list-simple__product-amazon-button\" target=\"_blank\" rel=\"nofollow noopener noreferrer\">\n    Buy on Amazon<\/a>\n                    <\/div>\n                <\/div>\n            <\/div>\n        <\/div>\n                <div class=\"hostinger-affiliate-block-list-simple\">\n            <div class=\"hostinger-affiliate-block-list-simple__image\">\n                                        <a href=\"https:\/\/www.amazon.com.br\/dp\/B0D9C8TW7R?tag=joaopedro047-20\" target=\"_blank\" rel=\"nofollow noopener noreferrer\">\n                            <img decoding=\"async\" src=\"https:\/\/m.media-amazon.com\/images\/I\/41pxPDId9YL._AC_.jpg\" alt=\"Organizador Banheiro Prateleira 2 Andares Cozinha Multiuso (Branc...\">\n                        <\/a>\n                                <\/div>\n            <div class=\"hostinger-affiliate-block-list-simple__product-data\">\n                <div class=\"hostinger-affiliate-block-list-simple__product-info\">\n                                            <div class=\"hostinger-affiliate-block-list-simple__bestseller-label\">\n                                                        Bestseller #4                        <\/div>\n                                            <div class=\"hostinger-affiliate-block-list-simple__product-title\">\n                        <a href=\"https:\/\/www.amazon.com.br\/dp\/B0D9C8TW7R?tag=joaopedro047-20\" target=\"_blank\" rel=\"nofollow noopener noreferrer\">\n                            <h3 id='organizador-banheiro-prateleira-2-andares-cozinha-multiuso-branc'  id=\"boomdevs_11\">\n                                Organizador Banheiro Prateleira 2 Andares Cozinha Multiuso (Branc&#8230;                            <\/h3>\n                        <\/a>\n                    <\/div>\n                    <div class=\"hostinger-affiliate-block-list-simple__product-pricing\">\n                                            <\/div>\n                <\/div>\n                <div class=\"hostinger-affiliate-block-list-simple__product-actions\">\n                    <div>\n                        <a href=\"https:\/\/www.amazon.com.br\/dp\/B0D9C8TW7R?tag=joaopedro047-20\" class=\"hostinger-affiliate-block-list-simple__product-amazon-button\" target=\"_blank\" rel=\"nofollow noopener noreferrer\">\n    Buy on Amazon<\/a>\n                    <\/div>\n                <\/div>\n            <\/div>\n        <\/div>\n        <\/div>\n\n\n\n<hr class=\"wp-block-separator has-alpha-channel-opacity\"\/>\n\n\n\n<figure class=\"wp-block-image aligncenter size-medium\"><a href=\"https:\/\/chat.whatsapp.com\/KJBkp5LFJVRIvmt5X3hSEh\" target=\"_blank\" rel=\"noopener\"><img data-recalc-dims=\"1\" fetchpriority=\"high\" decoding=\"async\" width=\"200\" height=\"300\" src=\"https:\/\/i0.wp.com\/1truenote.com\/wp-content\/uploads\/2025\/06\/ChatGPT-Image-3-de-jun.-de-2025-19_04_53.png?resize=200%2C300&#038;ssl=1\" alt=\"chamada banner advetorial whats\" class=\"wp-image-2683\" srcset=\"https:\/\/i0.wp.com\/1truenote.com\/wp-content\/uploads\/2025\/06\/ChatGPT-Image-3-de-jun.-de-2025-19_04_53.png?resize=200%2C300&amp;ssl=1 200w, https:\/\/i0.wp.com\/1truenote.com\/wp-content\/uploads\/2025\/06\/ChatGPT-Image-3-de-jun.-de-2025-19_04_53.png?resize=683%2C1024&amp;ssl=1 683w, https:\/\/i0.wp.com\/1truenote.com\/wp-content\/uploads\/2025\/06\/ChatGPT-Image-3-de-jun.-de-2025-19_04_53.png?resize=768%2C1152&amp;ssl=1 768w, https:\/\/i0.wp.com\/1truenote.com\/wp-content\/uploads\/2025\/06\/ChatGPT-Image-3-de-jun.-de-2025-19_04_53.png?resize=150%2C225&amp;ssl=1 150w, https:\/\/i0.wp.com\/1truenote.com\/wp-content\/uploads\/2025\/06\/ChatGPT-Image-3-de-jun.-de-2025-19_04_53.png?w=1024&amp;ssl=1 1024w\" sizes=\"(max-width: 200px) 100vw, 200px\" \/><\/a><\/figure>\n\n\n\n<hr class=\"wp-block-separator has-alpha-channel-opacity\"\/>\n\n\n\n<h2 id='tabela-pr\u00e1tica-de-organizadores-por-fun\u00e7\u00e3o'  id=\"boomdevs_12\" class=\"wp-block-heading\">Tabela pr\u00e1tica de organizadores por fun\u00e7\u00e3o<\/h2>\n\n\n\n<figure class=\"wp-block-table\"><table class=\"has-fixed-layout\"><thead><tr><th>Tipo de Organizador<\/th><th>Ideal para&#8230;<\/th><th>Onde usar<\/th><\/tr><\/thead><tbody><tr><td>Prateleiras empilh\u00e1veis<\/td><td>Lou\u00e7as, potes e mantimentos<\/td><td>Arm\u00e1rios e despensa<\/td><\/tr><tr><td>Potes herm\u00e9ticos<\/td><td>Gr\u00e3os, farinhas, snacks<\/td><td>Despensa e geladeira<\/td><\/tr><tr><td>Suportes de tampas<\/td><td>Tampas e travessas<\/td><td>Arm\u00e1rios baixos<\/td><\/tr><tr><td>Cestos e caixas organizadoras<\/td><td>Enlatados, pacotes e miudezas<\/td><td>Prateleiras e gavetas<\/td><\/tr><tr><td>Suportes de parede<\/td><td>Utens\u00edlios, temperos<\/td><td>Bancadas e backsplash<\/td><\/tr><\/tbody><\/table><\/figure>\n\n\n\n<hr class=\"wp-block-separator has-alpha-channel-opacity\"\/>\n\n\n\n<h2 id='como-escolher-o-organizador-certo'  id=\"boomdevs_13\" class=\"wp-block-heading\">Como escolher o organizador certo?<\/h2>\n\n\n\n<p>Essa parte \u00e9 fundamental! Antes de sair comprando tudo que v\u00ea no feed, pense na sua rotina. Pergunte-se:<\/p>\n\n\n\n<ul class=\"wp-block-list\">\n<li>Quais itens mais uso no dia a dia?<\/li>\n\n\n\n<li>Onde est\u00e3o os maiores pontos de bagun\u00e7a?<\/li>\n\n\n\n<li>Tenho mais espa\u00e7o vertical ou horizontal?<\/li>\n<\/ul>\n\n\n\n<p>Prefira modelos com <strong>material resistente<\/strong> (como a\u00e7o, bambu ou acr\u00edlico grosso), <strong>designs empilh\u00e1veis<\/strong> ou modulares e que combinem com o visual da sua cozinha.<\/p>\n\n\n\n<hr class=\"wp-block-separator has-alpha-channel-opacity\"\/>\n\n\n\n<h2 id='\ud83d\udca1-dica-r\u00e1pida-como-usar-organizadores-de-forma-eficiente'  id=\"boomdevs_14\" class=\"wp-block-heading\">\ud83d\udca1 Dica r\u00e1pida: Como usar organizadores de forma eficiente<\/h2>\n\n\n\n<ul class=\"wp-block-list\">\n<li>Separe os itens por categoria (doces, massas, enlatados, etc.)<\/li>\n\n\n\n<li>Coloque os mais usados \u00e0 altura dos olhos<\/li>\n\n\n\n<li>Use etiquetas! Al\u00e9m de ajudar, d\u00e1 um toque decorativo<\/li>\n\n\n\n<li>Invista na verticaliza\u00e7\u00e3o com prateleiras extras ou suportes pendurados<\/li>\n<\/ul>\n\n\n\n<hr class=\"wp-block-separator has-alpha-channel-opacity\"\/>\n\n\n\n<a href=\"https:\/\/1truenote.com\/organizadores-de-cozinha\/\" style=\"text-decoration: none;\">\n  <div style=\"display: flex; justify-content: space-between; align-items: center; background: #d44a00; padding: 12px 20px; color: white; font-family: Arial, sans-serif;\">\n    <strong style=\"color: black;\">LEIA TAMB\u00c9M:<\/strong>\n    <span style=\"margin-left: 8px; flex: 1;\">Os melhores organizadores de cozinha que v\u00e3o mudar sua rotina<\/span>\n    <div style=\"background: #f2802f; padding: 8px 12px; border-radius: 2px; margin-left: 10px;\">\n      <span style=\"color: white; font-weight: bold;\">\u27a4<\/span>\n    <\/div>\n  <\/div>\n<\/a>\n\n\n\n\n<hr class=\"wp-block-separator has-alpha-channel-opacity\"\/>\n\n\n\n<h2 id='estilo-tamb\u00e9m-importa-organizadores-que-decoram'  id=\"boomdevs_15\" class=\"wp-block-heading\">Estilo tamb\u00e9m importa: Organizadores que decoram<\/h2>\n\n\n\n<p>Organizadores para cozinha n\u00e3o precisam ser sem gra\u00e7a. Hoje em dia, d\u00e1 pra unir <strong>organiza\u00e7\u00e3o + est\u00e9tica<\/strong> numa boa! Aposte em:<\/p>\n\n\n\n<ul class=\"wp-block-list\">\n<li>Potes transparentes com tampas de madeira ou bambu<\/li>\n\n\n\n<li>Cestos de palha ou tecido nos tons da sua cozinha<\/li>\n\n\n\n<li>Suportes met\u00e1licos com acabamento fosco (estilo industrial)<\/li>\n\n\n\n<li>Prateleiras flutuantes ou aramadas para plantas e utens\u00edlios<\/li>\n<\/ul>\n\n\n\n<hr class=\"wp-block-separator has-alpha-channel-opacity\"\/>\n\n\n\n<h2 id='\ud83c\udfa5-assista-os-10-organizadores-favoritos-da-internet'  id=\"boomdevs_16\" class=\"wp-block-heading\">[\ud83c\udfa5] Assista: Os 10 organizadores favoritos da internet<\/h2>\n\n\n\n<figure class=\"wp-block-embed is-type-video is-provider-youtube wp-block-embed-youtube wp-embed-aspect-16-9 wp-has-aspect-ratio\"><div class=\"wp-block-embed__wrapper\">\n<iframe title=\"ANALISANDO OS 10 MELHORES ORGANIZADORES DA INTERNET | ACHADINHOS DE ORGANIZA\u00c7\u00c3O PARA A CASA\" width=\"720\" height=\"405\" src=\"https:\/\/www.youtube.com\/embed\/uZ8bTk5FEEI?feature=oembed\" frameborder=\"0\" allow=\"accelerometer; autoplay; clipboard-write; encrypted-media; gyroscope; picture-in-picture; web-share\" referrerpolicy=\"strict-origin-when-cross-origin\" allowfullscreen><\/iframe>\n<\/div><\/figure>\n\n\n\n<hr class=\"wp-block-separator has-alpha-channel-opacity\"\/>\n\n\n\n<h2 id='uma-cozinha-mais-pr\u00e1tica-come\u00e7a-com-pequenos-ajustes-com-organizadores-para-cozinha'  id=\"boomdevs_17\" class=\"wp-block-heading\">Uma cozinha mais pr\u00e1tica come\u00e7a com pequenos ajustes com organizadores para cozinha<\/h2>\n\n\n\n<p>Organizar a cozinha n\u00e3o precisa ser uma tarefa complicada. Com os organizadores certos, tudo fica mais pr\u00e1tico, bonito e at\u00e9 prazeroso de usar. Vale muito a pena tirar um tempinho, observar os pontos de bagun\u00e7a e come\u00e7ar aos poucos.<\/p>\n\n\n\n<p>Lembre-se: Uma cozinha funcional faz bem pra casa toda \u2014 e pra sua paz mental tamb\u00e9m. Bora come\u00e7ar? Gostou de organizadores para cozinha? Voc\u00ea pode ver mais <a href=\"https:\/\/1truenote.com\/category\/casa-e-jardim\/\" data-type=\"link\" data-id=\"https:\/\/1truenote.com\/category\/casa-e-jardim\/\">aqui<\/a>.<\/p>\n\n\n\n<h2 id='faq-perguntas-que-todo-mundo-faz-sobre-organizadores-para-cozinha'  id=\"boomdevs_18\" class=\"wp-block-heading\">FAQ \u2013 Perguntas que todo mundo faz sobre organizadores para cozinha<\/h2>\n\n\n<div id=\"rank-math-faq\" class=\"rank-math-block\">\n<div class=\"rank-math-list \">\n<div id=\"faq-question-1749143368920\" class=\"rank-math-list-item\">\n<h3 id='qual-o-melhor-tipo-de-organizador-para-cozinhas-pequenas'  id=\"boomdevs_19\" class=\"rank-math-question \">Qual o melhor tipo de organizador para cozinhas pequenas?<\/h3>\n<div class=\"rank-math-answer \">\n\n<p>Os verticais! Prateleiras sobre a pia, suportes pendurados na parede e cestos empilh\u00e1veis salvam espa\u00e7o.<\/p>\n\n<\/div>\n<\/div>\n<div id=\"faq-question-1749143378342\" class=\"rank-math-list-item\">\n<h3 id='precisa-furar-a-parede-pra-usar-esses-organizadores'  id=\"boomdevs_20\" class=\"rank-math-question \">Precisa furar a parede pra usar esses organizadores?<\/h3>\n<div class=\"rank-math-answer \">\n\n<p>N\u00e3o. Hoje existem muitos modelos com ventosa, adesivo ou base de apoio que n\u00e3o exigem furos.<\/p>\n\n<\/div>\n<\/div>\n<div id=\"faq-question-1749143386893\" class=\"rank-math-list-item\">\n<h3 id='\u00e9-caro-montar-uma-cozinha-organizada'  id=\"boomdevs_21\" class=\"rank-math-question \">\u00c9 caro montar uma cozinha organizada?<\/h3>\n<div class=\"rank-math-answer \">\n\n<p>Nada disso. Tem organizador bom a partir de R$ 20. D\u00e1 pra ir montando aos poucos, sem pesar no bolso.<\/p>\n\n<\/div>\n<\/div>\n<div id=\"faq-question-1749143398467\" class=\"rank-math-list-item\">\n<h3 id='como-manter-a-organiza\u00e7\u00e3o-no-dia-a-dia'  id=\"boomdevs_22\" class=\"rank-math-question \">Como manter a organiza\u00e7\u00e3o no dia a dia?<\/h3>\n<div class=\"rank-math-answer \">\n\n<p>Crie uma rotina leve: devolva os itens ao lugar certo e limpe os potes com frequ\u00eancia. Em pouco tempo vira h\u00e1bito.<\/p>\n\n<\/div>\n<\/div>\n<\/div>\n<\/div>\n\n\n<figure class=\"wp-block-image aligncenter size-large\"><img data-recalc-dims=\"1\" decoding=\"async\" width=\"1024\" height=\"683\" src=\"https:\/\/i0.wp.com\/1truenote.com\/wp-content\/uploads\/2025\/06\/ChatGPT-Image-5-de-jun.-de-2025-14_15_00.png?resize=1024%2C683&#038;ssl=1\" alt=\"organizadores para cozinha\" class=\"wp-image-2731\" srcset=\"https:\/\/i0.wp.com\/1truenote.com\/wp-content\/uploads\/2025\/06\/ChatGPT-Image-5-de-jun.-de-2025-14_15_00.png?resize=1024%2C683&amp;ssl=1 1024w, https:\/\/i0.wp.com\/1truenote.com\/wp-content\/uploads\/2025\/06\/ChatGPT-Image-5-de-jun.-de-2025-14_15_00.png?resize=300%2C200&amp;ssl=1 300w, https:\/\/i0.wp.com\/1truenote.com\/wp-content\/uploads\/2025\/06\/ChatGPT-Image-5-de-jun.-de-2025-14_15_00.png?resize=768%2C512&amp;ssl=1 768w, https:\/\/i0.wp.com\/1truenote.com\/wp-content\/uploads\/2025\/06\/ChatGPT-Image-5-de-jun.-de-2025-14_15_00.png?resize=150%2C100&amp;ssl=1 150w, https:\/\/i0.wp.com\/1truenote.com\/wp-content\/uploads\/2025\/06\/ChatGPT-Image-5-de-jun.-de-2025-14_15_00.png?w=1536&amp;ssl=1 1536w\" sizes=\"(max-width: 1024px) 100vw, 1024px\" \/><\/figure>\n","protected":false},"excerpt":{"rendered":"<p>Organizadores para cozinha. Sabe aquela sensa\u00e7\u00e3o de abrir o arm\u00e1rio da cozinha e tudo parecer fora do lugar? Temperos escondidos,&#8230;<\/p>","protected":false},"author":1,"featured_media":2731,"comment_status":"open","ping_status":"open","sticky":false,"template":"","format":"standard","meta":{"_kad_post_transparent":"","_kad_post_title":"","_kad_post_layout":"","_kad_post_sidebar_id":"","_kad_post_content_style":"","_kad_post_vertical_padding":"","_kad_post_feature":"","_kad_post_feature_position":"","_kad_post_header":false,"_kad_post_footer":false,"_kad_post_classname":"","footnotes":"","jetpack_publicize_message":"","jetpack_publicize_feature_enabled":true,"jetpack_social_post_already_shared":true,"jetpack_social_options":{"image_generator_settings":{"template":"highway","default_image_id":0,"enabled":false},"version":2}},"categories":[16],"tags":[15,14,23],"class_list":["post-2729","post","type-post","status-publish","format-standard","has-post-thumbnail","hentry","category-casa-e-jardim","tag-conservacao-e-manutencao","tag-interiores-inovadores","tag-produtos"],"jetpack_publicize_connections":[],"jetpack_featured_media_url":"https:\/\/i0.wp.com\/1truenote.com\/wp-content\/uploads\/2025\/06\/ChatGPT-Image-5-de-jun.-de-2025-14_15_00.png?fit=1536%2C1024&ssl=1","jetpack_sharing_enabled":true,"_links":{"self":[{"href":"https:\/\/1truenote.com\/en\/wp-json\/wp\/v2\/posts\/2729","targetHints":{"allow":["GET"]}}],"collection":[{"href":"https:\/\/1truenote.com\/en\/wp-json\/wp\/v2\/posts"}],"about":[{"href":"https:\/\/1truenote.com\/en\/wp-json\/wp\/v2\/types\/post"}],"author":[{"embeddable":true,"href":"https:\/\/1truenote.com\/en\/wp-json\/wp\/v2\/users\/1"}],"replies":[{"embeddable":true,"href":"https:\/\/1truenote.com\/en\/wp-json\/wp\/v2\/comments?post=2729"}],"version-history":[{"count":0,"href":"https:\/\/1truenote.com\/en\/wp-json\/wp\/v2\/posts\/2729\/revisions"}],"wp:featuredmedia":[{"embeddable":true,"href":"https:\/\/1truenote.com\/en\/wp-json\/wp\/v2\/media\/2731"}],"wp:attachment":[{"href":"https:\/\/1truenote.com\/en\/wp-json\/wp\/v2\/media?parent=2729"}],"wp:term":[{"taxonomy":"category","embeddable":true,"href":"https:\/\/1truenote.com\/en\/wp-json\/wp\/v2\/categories?post=2729"},{"taxonomy":"post_tag","embeddable":true,"href":"https:\/\/1truenote.com\/en\/wp-json\/wp\/v2\/tags?post=2729"}],"curies":[{"name":"wp","href":"https:\/\/api.w.org\/{rel}","templated":true}]}}