{"id":2725,"date":"2025-06-05T14:00:00","date_gmt":"2025-06-05T17:00:00","guid":{"rendered":"https:\/\/1truenote.com\/?p=2725"},"modified":"2025-06-05T13:49:49","modified_gmt":"2025-06-05T16:49:49","slug":"valorizar-a-tv-na-decoracao-da-sala","status":"publish","type":"post","link":"https:\/\/1truenote.com\/en\/valorizar-a-tv-na-decoracao-da-sala\/","title":{"rendered":"Essas ideias de 2025 mostram como valorizar a TV na decora\u00e7\u00e3o da sala"},"content":{"rendered":"<p><strong>Valorizar a TV na decora\u00e7\u00e3o da sala!<\/strong> Se tem uma coisa que mudou nos \u00faltimos anos, foi o jeito como a TV aparece nas salas brasileiras. Antes era s\u00f3 um eletr\u00f4nico jogado no rack, agora virou parte da decora\u00e7\u00e3o \u2014 e com muito estilo!<\/p>\n\n\n\n<p>Em 2025, a tend\u00eancia \u00e9 clara: integrar a televis\u00e3o com criatividade e sofistica\u00e7\u00e3o, sem perder funcionalidade. Quer ver como? Vem comigo!<\/p>\n\n\n\n<hr class=\"wp-block-separator has-alpha-channel-opacity\"\/>\n\n\n\n<h2 id='painel-sob-medida-valorizar-a-tv-na-decora\u00e7\u00e3o-da-sala'  class=\"wp-block-heading\">Painel sob medida: Valorizar a TV na decora\u00e7\u00e3o da sala!<\/h2>\n\n\n\n<p>Se tem um recurso que segue firme nas salas modernas, \u00e9 o painel. Al\u00e9m de esconder fios e deixar tudo mais clean, ele ajuda a destacar (ou esconder!) a TV. Os tons escuros, como preto ou nogueira, camuflam o aparelho e criam um contraste chique.<\/p>\n\n\n\n<p><strong>Vantagens do painel:<\/strong><\/p>\n\n\n\n<ul class=\"wp-block-list\">\n<li>Esconde cabos e equipamentos<\/li>\n\n\n\n<li>Destaca a TV de forma elegante<\/li>\n\n\n\n<li>Permite criar composi\u00e7\u00f5es com nichos, prateleiras e ilumina\u00e7\u00e3o<\/li>\n<\/ul>\n\n\n\n<hr class=\"wp-block-separator has-alpha-channel-opacity\"\/>\n\n\n\n<figure class=\"wp-block-image aligncenter size-medium\"><a href=\"https:\/\/chat.whatsapp.com\/KJBkp5LFJVRIvmt5X3hSEh\" target=\"_blank\" rel=\"noopener\"><img data-recalc-dims=\"1\" fetchpriority=\"high\" decoding=\"async\" width=\"200\" height=\"300\" src=\"https:\/\/i0.wp.com\/1truenote.com\/wp-content\/uploads\/2025\/06\/ChatGPT-Image-3-de-jun.-de-2025-19_04_53.png?resize=200%2C300&#038;ssl=1\" alt=\"chamada banner advetorial whats\" class=\"wp-image-2683\" srcset=\"https:\/\/i0.wp.com\/1truenote.com\/wp-content\/uploads\/2025\/06\/ChatGPT-Image-3-de-jun.-de-2025-19_04_53.png?resize=200%2C300&amp;ssl=1 200w, https:\/\/i0.wp.com\/1truenote.com\/wp-content\/uploads\/2025\/06\/ChatGPT-Image-3-de-jun.-de-2025-19_04_53.png?resize=683%2C1024&amp;ssl=1 683w, https:\/\/i0.wp.com\/1truenote.com\/wp-content\/uploads\/2025\/06\/ChatGPT-Image-3-de-jun.-de-2025-19_04_53.png?resize=768%2C1152&amp;ssl=1 768w, https:\/\/i0.wp.com\/1truenote.com\/wp-content\/uploads\/2025\/06\/ChatGPT-Image-3-de-jun.-de-2025-19_04_53.png?resize=150%2C225&amp;ssl=1 150w, https:\/\/i0.wp.com\/1truenote.com\/wp-content\/uploads\/2025\/06\/ChatGPT-Image-3-de-jun.-de-2025-19_04_53.png?w=1024&amp;ssl=1 1024w\" sizes=\"(max-width: 200px) 100vw, 200px\" \/><\/a><\/figure>\n\n\n\n<hr class=\"wp-block-separator has-alpha-channel-opacity\"\/>\n\n\n\n<h2 id='a-m\u00e1gica-das-tvs-que-somem'  class=\"wp-block-heading\">A m\u00e1gica das TVs que somem<\/h2>\n\n\n\n<p>E se a TV desaparecesse quando desligada? Pois \u00e9, isso j\u00e1 \u00e9 realidade! Em 2025, cada vez mais projetos apostam em modelos que viram quadros ou em pain\u00e9is que deslizam para esconder a tela. Algumas ideias incr\u00edveis:<\/p>\n\n\n\n<ul class=\"wp-block-list\">\n<li><strong>Painel deslizante com arte:<\/strong> se abre como uma porta ou corre sobre trilhos<\/li>\n\n\n\n<li><strong>TV camuflada atr\u00e1s de espelho m\u00e1gico<\/strong><\/li>\n\n\n\n<li><strong>Sistema lift:<\/strong> a TV sobe de dentro do m\u00f3vel com controle remoto<\/li>\n<\/ul>\n\n\n\n<hr class=\"wp-block-separator has-alpha-channel-opacity\"\/>\n\n\n\n<h2 id='misture-com-arte-e-objetos-afetivos'  class=\"wp-block-heading\">Misture com arte e objetos afetivos<\/h2>\n\n\n\n<p>Outra dica charmosa e acess\u00edvel: criar uma galeria de quadros ou fotos ao redor da TV. Isso quebra a rigidez do ret\u00e2ngulo preto e deixa o ambiente com mais personalidade.<\/p>\n\n\n\n<p><strong>D\u00e1 pra incluir:<\/strong><\/p>\n\n\n\n<ul class=\"wp-block-list\">\n<li>Fotografias da fam\u00edlia<\/li>\n\n\n\n<li>Quadros assinados ou p\u00f4steres<\/li>\n\n\n\n<li>Esculturas, plantas ou prateleiras leves<\/li>\n<\/ul>\n\n\n\n<hr class=\"wp-block-separator has-alpha-channel-opacity\"\/>\n\n\n\n<h2 id='estantes-funcionais-e-estilosas-para-valorizar-a-tv-na-decora\u00e7\u00e3o-da-sala'  class=\"wp-block-heading\">Estantes funcionais e estilosas para valorizar a TV na decora\u00e7\u00e3o da sala<\/h2>\n\n\n\n<p>Para quem ama livros, objetos decorativos ou uma boa adega, a estante com nichos \u00e9 perfeita. Ela equilibra o peso visual da TV e oferece espa\u00e7o para organiza\u00e7\u00e3o.<\/p>\n\n\n\n<p><strong>Dicas para acertar:<\/strong><\/p>\n\n\n\n<ul class=\"wp-block-list\">\n<li>Use o mesmo acabamento em toda a marcenaria<\/li>\n\n\n\n<li>Ilumina\u00e7\u00e3o embutida faz toda a diferen\u00e7a<\/li>\n\n\n\n<li>Prefira m\u00f3veis com portas para esconder eletr\u00f4nicos<\/li>\n<\/ul>\n\n\n\n<hr class=\"wp-block-separator has-alpha-channel-opacity\"\/>\n\n\n\n<h2 id='tabela-ideias-para-valorizar-a-tv-de-acordo-com-o-estilo'  class=\"wp-block-heading\">Tabela: Ideias para valorizar a TV de acordo com o estilo<\/h2>\n\n\n\n<figure class=\"wp-block-table\"><table class=\"has-fixed-layout\"><tbody><tr><th>Estilo de Sala<\/th><th>Solu\u00e7\u00e3o para TV<\/th><th>Destaque<\/th><\/tr><tr><td>Minimalista<\/td><td>Painel liso com acabamento fosco<\/td><td>Discri\u00e7\u00e3o e leveza<\/td><\/tr><tr><td>Cl\u00e1ssico<\/td><td>Molduras e boiseries<\/td><td>Sofistica\u00e7\u00e3o atemporal<\/td><\/tr><tr><td>Contempor\u00e2neo<\/td><td>Estante com ilumina\u00e7\u00e3o embutida<\/td><td>Aconchego moderno<\/td><\/tr><tr><td>Industrial<\/td><td>Painel de concreto ou madeira de demoli\u00e7\u00e3o<\/td><td>Impacto visual<\/td><\/tr><tr><td>Criativo e jovem<\/td><td>TV em parede com galeria de arte<\/td><td>Toque afetivo<\/td><\/tr><\/tbody><\/table><\/figure>\n\n\n\n<hr class=\"wp-block-separator has-alpha-channel-opacity\"\/>\n\n\n\n<h2 id='assista-como-esconder-a-tv-com-estilo'  class=\"wp-block-heading\">Assista: Como esconder a TV com estilo<\/h2>\n\n\n\n<p><a href=\"https:\/\/www.youtube.com\/watch?v=5NefVNGGpN4&amp;pp=ygUuNSBpZGVpYXMgaW5jcsOtdmVpcyBwYXJhIGVzY29uZGVyIGEgVFYgbmEgc2FsYQ%3D%3D\" target=\"_blank\" rel=\"noopener\">Assista no YouTube \u2013 5 ideias incr\u00edveis para esconder a TV na sala<\/a><\/p>\n\n\n\n<figure class=\"wp-block-embed is-type-video is-provider-youtube wp-block-embed-youtube wp-embed-aspect-16-9 wp-has-aspect-ratio\"><div class=\"wp-block-embed__wrapper\">\n<iframe title=\"7 IDEIAS PARA DECORAR SALA COM TELEVIS\u00c3O \u2728 Transforma tua casa em um espa\u00e7o elegante\" width=\"720\" height=\"405\" src=\"https:\/\/www.youtube.com\/embed\/5NefVNGGpN4?feature=oembed\" frameborder=\"0\" allow=\"accelerometer; autoplay; clipboard-write; encrypted-media; gyroscope; picture-in-picture; web-share\" referrerpolicy=\"strict-origin-when-cross-origin\" allowfullscreen><\/iframe>\n<\/div><\/figure>\n\n\n\n<hr class=\"wp-block-separator has-alpha-channel-opacity\"\/>\n\n\n\n<h2 id='tv-com-estilo-\u00e9-o-novo-essencial-para-valorizar-a-tv-na-decora\u00e7\u00e3o-da-sala'  class=\"wp-block-heading\">TV com estilo \u00e9 o novo essencial para valorizar a TV na decora\u00e7\u00e3o da sala!<\/h2>\n\n\n\n<p>Valorizar a TV na decora\u00e7\u00e3o da sala vai muito al\u00e9m da est\u00e9tica \u2014 \u00e9 sobre funcionalidade, conforto e identidade. Seja com pain\u00e9is discretos, suportes inteligentes ou uma bela composi\u00e7\u00e3o de quadros, cada detalhe conta. E o melhor? D\u00e1 pra aplicar mesmo em espa\u00e7os pequenos ou com or\u00e7amento mais enxuto.<\/p>\n\n\n\n<p>Ent\u00e3o bora transformar sua sala em um ambiente digno de Pinterest? A TV agradece \u2014 e seus convidados tamb\u00e9m! Gostou de valorizar a TV na decora\u00e7\u00e3o da sala? Voc\u00ea pode ver mais <a href=\"https:\/\/1truenote.com\/en\/category\/casa-e-jardim\/\" data-type=\"link\" data-id=\"https:\/\/1truenote.com\/category\/casa-e-jardim\/\">aqui<\/a>.<\/p>\n\n\n\n<hr class=\"wp-block-separator has-alpha-channel-opacity\"\/>\n\n\n\n<h2 id='faq-d\u00favidas-sobre-valorizar-a-tv-na-decora\u00e7\u00e3o-da-sala'  class=\"wp-block-heading\">FAQ \u2013 D\u00favidas sobre valorizar a TV na decora\u00e7\u00e3o da sala<\/h2>\n\n\n<div id=\"rank-math-faq\" class=\"rank-math-block\">\n<div class=\"rank-math-list\">\n<div id=\"faq-question-1749141734264\" class=\"rank-math-list-item\">\n<h3 id='como-esconder-os-fios-da-tv-na-sala'  class=\"rank-math-question\"><strong>Como esconder os fios da TV na sala?<\/strong><\/h3>\n<div class=\"rank-math-answer\">\n\n<p>A melhor solu\u00e7\u00e3o \u00e9 investir em um painel com canaletas internas. Se o painel for de MDF, por exemplo, o eletricista pode embutir toda a fia\u00e7\u00e3o, deixando o visual limpo.<\/p>\n\n<\/div>\n<\/div>\n<div id=\"faq-question-1749141750527\" class=\"rank-math-list-item\">\n<h3 id='d\u00e1-pra-usar-tv-grande-em-sala-pequena'  class=\"rank-math-question\"><strong>D\u00e1 pra usar TV grande em sala pequena?<\/strong><\/h3>\n<div class=\"rank-math-answer\">\n\n<p>Sim, desde que ela seja proporcional ao sof\u00e1 e esteja posicionada a pelo menos 1,5m de dist\u00e2ncia. Prefira suportes articulados para ganhar \u00e2ngulo de vis\u00e3o.<\/p>\n\n<\/div>\n<\/div>\n<div id=\"faq-question-1749141764108\" class=\"rank-math-list-item\">\n<h3 id='tv-suspensa-\u00e9-uma-boa-ideia'  class=\"rank-math-question\"><strong>TV suspensa \u00e9 uma boa ideia?<\/strong><\/h3>\n<div class=\"rank-math-answer\">\n\n<p>Sim! Al\u00e9m de liberar espa\u00e7o no rack, ela deixa a sala mais leve. Ideal para salas integradas ou com menos metros quadrados.<\/p>\n\n<\/div>\n<\/div>\n<div id=\"faq-question-1749141774879\" class=\"rank-math-list-item\">\n<h3 id='qual-o-melhor-fundo-para-destacar-a-tv'  class=\"rank-math-question\"><strong>Qual o melhor fundo para destacar a TV?<\/strong><\/h3>\n<div class=\"rank-math-answer\">\n\n<p>Pain\u00e9is escuros ou com textura (madeira, pedra, tecido) s\u00e3o ideais para criar contraste com a tela, principalmente em modelos pretos.<\/p>\n\n<\/div>\n<\/div>\n<\/div>\n<\/div>\n\n\n<figure class=\"wp-block-image aligncenter size-large\"><img data-recalc-dims=\"1\" decoding=\"async\" width=\"1024\" height=\"683\" src=\"https:\/\/i0.wp.com\/1truenote.com\/wp-content\/uploads\/2025\/06\/ChatGPT-Image-5-de-jun.-de-2025-13_47_53.png?resize=1024%2C683&#038;ssl=1\" alt=\"Valorizar a TV na decora\u00e7\u00e3o da sala!\" class=\"wp-image-2727\" srcset=\"https:\/\/i0.wp.com\/1truenote.com\/wp-content\/uploads\/2025\/06\/ChatGPT-Image-5-de-jun.-de-2025-13_47_53.png?resize=1024%2C683&amp;ssl=1 1024w, https:\/\/i0.wp.com\/1truenote.com\/wp-content\/uploads\/2025\/06\/ChatGPT-Image-5-de-jun.-de-2025-13_47_53.png?resize=300%2C200&amp;ssl=1 300w, https:\/\/i0.wp.com\/1truenote.com\/wp-content\/uploads\/2025\/06\/ChatGPT-Image-5-de-jun.-de-2025-13_47_53.png?resize=768%2C512&amp;ssl=1 768w, https:\/\/i0.wp.com\/1truenote.com\/wp-content\/uploads\/2025\/06\/ChatGPT-Image-5-de-jun.-de-2025-13_47_53.png?resize=150%2C100&amp;ssl=1 150w, https:\/\/i0.wp.com\/1truenote.com\/wp-content\/uploads\/2025\/06\/ChatGPT-Image-5-de-jun.-de-2025-13_47_53.png?w=1536&amp;ssl=1 1536w\" sizes=\"(max-width: 1024px) 100vw, 1024px\" \/><\/figure>","protected":false},"excerpt":{"rendered":"<p>Valorizar a TV na decora\u00e7\u00e3o da sala! Se tem uma coisa que mudou nos \u00faltimos anos, foi o jeito como&#8230;<\/p>","protected":false},"author":1,"featured_media":2727,"comment_status":"open","ping_status":"open","sticky":false,"template":"","format":"standard","meta":{"_kad_post_transparent":"","_kad_post_title":"","_kad_post_layout":"","_kad_post_sidebar_id":"","_kad_post_content_style":"","_kad_post_vertical_padding":"","_kad_post_feature":"","_kad_post_feature_position":"","_kad_post_header":false,"_kad_post_footer":false,"_kad_post_classname":"","footnotes":"","jetpack_publicize_message":"","jetpack_publicize_feature_enabled":true,"jetpack_social_post_already_shared":true,"jetpack_social_options":{"image_generator_settings":{"template":"highway","default_image_id":0,"enabled":false},"version":2}},"categories":[16,1],"tags":[14],"class_list":["post-2725","post","type-post","status-publish","format-standard","has-post-thumbnail","hentry","category-casa-e-jardim","category-novidades","tag-interiores-inovadores"],"jetpack_publicize_connections":[],"jetpack_featured_media_url":"https:\/\/i0.wp.com\/1truenote.com\/wp-content\/uploads\/2025\/06\/ChatGPT-Image-5-de-jun.-de-2025-13_47_53.png?fit=1536%2C1024&ssl=1","jetpack_sharing_enabled":true,"_links":{"self":[{"href":"https:\/\/1truenote.com\/en\/wp-json\/wp\/v2\/posts\/2725","targetHints":{"allow":["GET"]}}],"collection":[{"href":"https:\/\/1truenote.com\/en\/wp-json\/wp\/v2\/posts"}],"about":[{"href":"https:\/\/1truenote.com\/en\/wp-json\/wp\/v2\/types\/post"}],"author":[{"embeddable":true,"href":"https:\/\/1truenote.com\/en\/wp-json\/wp\/v2\/users\/1"}],"replies":[{"embeddable":true,"href":"https:\/\/1truenote.com\/en\/wp-json\/wp\/v2\/comments?post=2725"}],"version-history":[{"count":0,"href":"https:\/\/1truenote.com\/en\/wp-json\/wp\/v2\/posts\/2725\/revisions"}],"wp:featuredmedia":[{"embeddable":true,"href":"https:\/\/1truenote.com\/en\/wp-json\/wp\/v2\/media\/2727"}],"wp:attachment":[{"href":"https:\/\/1truenote.com\/en\/wp-json\/wp\/v2\/media?parent=2725"}],"wp:term":[{"taxonomy":"category","embeddable":true,"href":"https:\/\/1truenote.com\/en\/wp-json\/wp\/v2\/categories?post=2725"},{"taxonomy":"post_tag","embeddable":true,"href":"https:\/\/1truenote.com\/en\/wp-json\/wp\/v2\/tags?post=2725"}],"curies":[{"name":"wp","href":"https:\/\/api.w.org\/{rel}","templated":true}]}}