{"id":2720,"date":"2025-06-05T12:00:20","date_gmt":"2025-06-05T15:00:20","guid":{"rendered":"https:\/\/1truenote.com\/?p=2720"},"modified":"2025-06-05T12:00:25","modified_gmt":"2025-06-05T15:00:25","slug":"melhor-cor-de-cortina-para-sala","status":"publish","type":"post","link":"https:\/\/1truenote.com\/en\/melhor-cor-de-cortina-para-sala\/","title":{"rendered":"Afinal, qual \u00e9 a melhor cor de cortina para sala? Veja dicas e inspira\u00e7\u00f5es"},"content":{"rendered":"<div class=\"fit_content\">\n                <div class=\"bd_toc_container\" data-fixedwidth=\"\">\n                    <div class=\"bd_toc_wrapper\" data-wrapperpadding=\"48px\">\n                        <div class=\"bd_toc_wrapper_item\">\n                            <div class=\"bd_toc_header active\" data-headerpadding=\"2px\">\n                                <div class=\"bd_toc_header_title\">\n                                    Sum\u00e1rio                                <\/div>\n                                <div class=\"bd_toc_switcher_hide_show_icon\">\n                                    <span class=\"bd_toc_arrow\"><\/span>                                <\/div>\n                            <\/div>\n                            <div class=\"bd_toc_content list-type-number\">\n                                <div class=\"bd_toc_content_list\">\n                                    <div class='bd_toc_content_list_item'>    <ul>\n      <li class=\"first\">\n        <a href=\"#como-a-cor-da-cortina-muda-o-ambiente-melhor-cor-de-cortina-para-sala\">Como a cor da cortina muda o ambiente? Melhor cor de cortina para sala<\/a>\n      <\/li>\n      <li>\n        <a href=\"#dicas-para-acertar-na-escolha-da-cor-da-cortina\">Dicas para acertar na escolha da cor da cortina<\/a>\n      <\/li>\n      <li>\n        <a href=\"#tabela-qual-cor-combina-com-cada-objetivo-qual-a-melhor-cor-de-cortina-para-sala\">Tabela: Qual cor combina com cada objetivo? Qual a melhor cor de cortina para sala?<\/a>\n      <\/li>\n      <li>\n        <a href=\"#assista-como-escolher-a-cortina-ideal-para-sua-sala\">Assista: Como escolher a cortina ideal para sua sala<\/a>\n      <\/li>\n      <li>\n        <a href=\"#melhor-cor-de-cortina-para-sala\">Melhor cor de cortina para sala<\/a>\n      <\/li>\n      <li class=\"last\">\n        <a href=\"#faq-d\u00favidas-frequentes-sobre-melhor-cor-de-cortina-para-sala\">FAQ &#8211; D\u00favidas frequentes sobre melhor cor de cortina para sala<\/a>\n        <ul class=\"menu_level_2\">\n          <li class=\"first\">\n            <a href=\"#cortina-clara-suja-mais\">Cortina clara suja mais?<\/a>\n          <\/li>\n          <li>\n            <a href=\"#posso-usar-cortina-escura-em-sala-pequena\">Posso usar cortina escura em sala pequena?<\/a>\n          <\/li>\n          <li>\n            <a href=\"#cortina-colorida-combina-com-parede-branca\">Cortina colorida combina com parede branca?<\/a>\n          <\/li>\n          <li>\n            <a href=\"#qual-o-melhor-tecido-para-sala\">Qual o melhor tecido para sala?<\/a>\n          <\/li>\n          <li class=\"last\">\n            <a href=\"#cortina-estampada-pesa-o-ambiente\">Cortina estampada pesa o ambiente?<\/a>\n          <\/li>\n        <\/ul>\n      <\/li>\n    <\/ul>\n<\/div>                                <\/div>\n                            <\/div>\n                        <\/div>\n                    <\/div>\n                    <div class=\"layout_toggle_button\">\n                        <span class=\"bd_toc_arrow\"><\/span>\n                    <\/div>\n                <\/div>\n            <\/div>\n\n    \n\n\n<p><strong>Melhor cor de cortina para sala<\/strong>. Quem nunca ficou na d\u00favida na hora de escolher a cortina da sala? Pode parecer um detalhe pequeno, mas a cor da cortina muda totalmente o clima do ambiente: deixa mais acolhedor, mais iluminado, mais moderno&#8230; ou tudo isso junto!<\/p>\n\n\n\n<p>Se voc\u00ea quer transformar sua sala sem precisar trocar os m\u00f3veis ou pintar a parede, comece pelas cortinas. Neste artigo, vamos te mostrar como cada cor influencia na decora\u00e7\u00e3o, trazer dicas de combina\u00e7\u00f5es, uma tabela para facilitar sua escolha, um FAQ com d\u00favidas reais e at\u00e9 um v\u00eddeo para voc\u00ea ver tudo na pr\u00e1tica sobre a <strong>melhor cor de cortina para sala<\/strong>.<\/p>\n\n\n\n<hr class=\"wp-block-separator has-alpha-channel-opacity\"\/>\n\n\n\n<h2 id='como-a-cor-da-cortina-muda-o-ambiente-melhor-cor-de-cortina-para-sala'  class=\"wp-block-heading\">Como a cor da cortina muda o ambiente? Melhor cor de cortina para sala<\/h2>\n\n\n\n<p>A cortina \u00e9 como uma moldura da sala: ela pode destacar, suavizar ou transformar o que est\u00e1 ao redor. Veja como as cores atuam:<\/p>\n\n\n\n<ul class=\"wp-block-list\">\n<li><strong>Tons claros<\/strong> (branco, bege, areia): ampliam e iluminam o ambiente. Ideais para salas pequenas ou com pouca luz.<\/li>\n\n\n\n<li><strong>Tons escuros<\/strong> (marinho, cinza grafite, vinho): criam aconchego, modernidade e eleg\u00e2ncia.<\/li>\n\n\n\n<li><strong>Tons vibrantes<\/strong> (verde, azul, terracota): trazem alegria e personalidade.<\/li>\n\n\n\n<li><strong>Tons pastel<\/strong> (rosa claro, azul celeste, lavanda): passam suavidade e acolhimento.<\/li>\n<\/ul>\n\n\n\n<p>A escolha certa da cor da cortina \u00e9 mais do que decora\u00e7\u00e3o: \u00e9 sensa\u00e7\u00e3o, \u00e9 emo\u00e7\u00e3o e \u00e9 estilo.<\/p>\n\n\n\n<hr class=\"wp-block-separator has-alpha-channel-opacity\"\/>\n\n\n\n<figure class=\"wp-block-image aligncenter size-medium\"><a href=\"https:\/\/chat.whatsapp.com\/KJBkp5LFJVRIvmt5X3hSEh\" target=\"_blank\" rel=\"noopener\"><img data-recalc-dims=\"1\" fetchpriority=\"high\" decoding=\"async\" width=\"200\" height=\"300\" src=\"https:\/\/i0.wp.com\/1truenote.com\/wp-content\/uploads\/2025\/06\/ChatGPT-Image-3-de-jun.-de-2025-19_04_53.png?resize=200%2C300&#038;ssl=1\" alt=\"chamada banner advetorial whats\" class=\"wp-image-2683\" srcset=\"https:\/\/i0.wp.com\/1truenote.com\/wp-content\/uploads\/2025\/06\/ChatGPT-Image-3-de-jun.-de-2025-19_04_53.png?resize=200%2C300&amp;ssl=1 200w, https:\/\/i0.wp.com\/1truenote.com\/wp-content\/uploads\/2025\/06\/ChatGPT-Image-3-de-jun.-de-2025-19_04_53.png?resize=683%2C1024&amp;ssl=1 683w, https:\/\/i0.wp.com\/1truenote.com\/wp-content\/uploads\/2025\/06\/ChatGPT-Image-3-de-jun.-de-2025-19_04_53.png?resize=768%2C1152&amp;ssl=1 768w, https:\/\/i0.wp.com\/1truenote.com\/wp-content\/uploads\/2025\/06\/ChatGPT-Image-3-de-jun.-de-2025-19_04_53.png?resize=150%2C225&amp;ssl=1 150w, https:\/\/i0.wp.com\/1truenote.com\/wp-content\/uploads\/2025\/06\/ChatGPT-Image-3-de-jun.-de-2025-19_04_53.png?w=1024&amp;ssl=1 1024w\" sizes=\"(max-width: 200px) 100vw, 200px\" \/><\/a><\/figure>\n\n\n\n<hr class=\"wp-block-separator has-alpha-channel-opacity\"\/>\n\n\n\n<h2 id='dicas-para-acertar-na-escolha-da-cor-da-cortina'  class=\"wp-block-heading\">Dicas para acertar na escolha da cor da cortina<\/h2>\n\n\n\n<ul class=\"wp-block-list\">\n<li><strong>Observe a cor das paredes e m\u00f3veis<\/strong>: combine com tons que j\u00e1 est\u00e3o presentes.<\/li>\n\n\n\n<li><strong>Considere a entrada de luz natural<\/strong>: ambientes escuros pedem cortinas claras.<\/li>\n\n\n\n<li><strong>Defina o estilo da decora\u00e7\u00e3o<\/strong>: moderno, cl\u00e1ssico, r\u00fastico? A cor precisa &#8220;conversar&#8221; com esse estilo.<\/li>\n\n\n\n<li><strong>Prefira tecidos leves em ambientes pequenos<\/strong>: eles mant\u00eam o ambiente arejado e fluido.<\/li>\n\n\n\n<li><strong>Evite estampas grandes em salas pequenas<\/strong>: isso pode pesar visualmente.<\/li>\n<\/ul>\n\n\n\n<hr class=\"wp-block-separator has-alpha-channel-opacity\"\/>\n\n\n\n<a href=\"https:\/\/1truenote.com\/en\/quarto-com-cozinha-pequeno\/\" style=\"text-decoration: none;\">\n  <div style=\"display: flex; justify-content: space-between; align-items: center; background: #d44a00; padding: 12px 20px; color: white; font-family: Arial, sans-serif;\">\n    <strong style=\"color: black;\">READ ALSO:<\/strong>\n    <span style=\"margin-left: 8px; flex: 1;\">Como transformar um espa\u00e7o compacto em um quarto com cozinha lindo e pr\u00e1tico<\/span>\n    <div style=\"background: #f2802f; padding: 8px 12px; border-radius: 2px; margin-left: 10px;\">\n      <span style=\"color: white; font-weight: bold;\">\u27a4<\/span>\n    <\/div>\n  <\/div>\n<\/a>\n\n\n\n\n<hr class=\"wp-block-separator has-alpha-channel-opacity\"\/>\n\n\n\n<h2 id='tabela-qual-cor-combina-com-cada-objetivo-qual-a-melhor-cor-de-cortina-para-sala'  class=\"wp-block-heading\">Tabela: Qual cor combina com cada objetivo? Qual a melhor cor de cortina para sala?<\/h2>\n\n\n\n<figure class=\"wp-block-table\"><table class=\"has-fixed-layout\"><tbody><tr><th>Objetivo<\/th><th>Cores Recomendadas<\/th><th>Estilo Indicado<\/th><\/tr><tr><td>Ampliar o ambiente<\/td><td>Branco, areia, gelo<\/td><td>Clean, minimalista<\/td><\/tr><tr><td>Criar clima aconchegante<\/td><td>Cinza chumbo, marinho<\/td><td>Moderno, industrial<\/td><\/tr><tr><td>Levar alegria ao ambiente<\/td><td>Verde, azul, terracota<\/td><td>Boho, criativo<\/td><\/tr><tr><td>Valorizar luz natural<\/td><td>Bege, off-white, creme<\/td><td>Neocl\u00e1ssico, escandinavo<\/td><\/tr><tr><td>Adicionar suavidade<\/td><td>Rosa claro, azul pastel<\/td><td>Rom\u00e2ntico, retr\u00f4<\/td><\/tr><\/tbody><\/table><\/figure>\n\n\n\n<h2 id='assista-como-escolher-a-cortina-ideal-para-sua-sala'  class=\"wp-block-heading\">Assista: Como escolher a cortina ideal para sua sala<\/h2>\n\n\n\n<p>Nada como ver exemplos reais para decidir, n\u00e9? Esse v\u00eddeo mostra dicas r\u00e1pidas e visuais de diferentes estilos de cortina:<\/p>\n\n\n\n<p>\ud83c\udfac <a href=\"https:\/\/www.youtube.com\/watch?v=MJ3nR6C_IWA&amp;pp=ygUqcXVhbCDDqSBhIG1lbGhvciBjb3IgZGUgY29ydGluYSBwYXJhIHNhbGE_0gcJCbIJAYcqIYzv\" target=\"_blank\" rel=\"noopener\"><strong>Veja no YouTube: Qual a melhor cortina para sua sala?<\/strong><\/a><\/p>\n\n\n\n<figure class=\"wp-block-embed is-type-video is-provider-youtube wp-block-embed-youtube wp-embed-aspect-16-9 wp-has-aspect-ratio\"><div class=\"wp-block-embed__wrapper\">\n<iframe title=\"5 ERROS NA DECORA\u00c7\u00c3O COM CORTINAS - PARA N\u00c3O ERRAR\" width=\"720\" height=\"405\" src=\"https:\/\/www.youtube.com\/embed\/MJ3nR6C_IWA?feature=oembed\" frameborder=\"0\" allow=\"accelerometer; autoplay; clipboard-write; encrypted-media; gyroscope; picture-in-picture; web-share\" referrerpolicy=\"strict-origin-when-cross-origin\" allowfullscreen><\/iframe>\n<\/div><\/figure>\n\n\n\n<hr class=\"wp-block-separator has-alpha-channel-opacity\"\/>\n\n\n\n<h2 id='melhor-cor-de-cortina-para-sala'  class=\"wp-block-heading\">Melhor cor de cortina para sala<\/h2>\n\n\n\n<p>A escolha da cor da cortina pode parecer um detalhe, mas \u00e9 um dos maiores trunfos para transformar sua sala sem reformas. Seja para iluminar, aconchegar ou dar um toque criativo, a cortina certa tem o poder de mudar tudo.<\/p>\n\n\n\n<p>Lembre-se: n\u00e3o existe &#8220;cor ideal&#8221; universal. Existe a cor que \u00e9 perfeita para o que voc\u00ea quer sentir no seu espa\u00e7o. Se puder, teste amostras, observe a luz em diferentes horas do dia e confie no seu gosto.<\/p>\n\n\n\n<p>Sua casa tem que ter a sua cara. E a cortina certa, na cor certa, \u00e9 o primeiro passo para isso! Gostou do artigo sobre a <strong>melhor cor de cortina para sala<\/strong>? Voc\u00ea pode ver mais <a href=\"https:\/\/1truenote.com\/en\/category\/casa-e-jardim\/\" data-type=\"link\" data-id=\"https:\/\/1truenote.com\/category\/casa-e-jardim\/\">aqui<\/a>.<\/p>\n\n\n\n<h2 id='faq-d\u00favidas-frequentes-sobre-melhor-cor-de-cortina-para-sala'  class=\"wp-block-heading\">FAQ &#8211; D\u00favidas frequentes sobre melhor cor de cortina para sala<\/h2>\n\n\n<div id=\"rank-math-faq\" class=\"rank-math-block\">\n<div class=\"rank-math-list\">\n<div id=\"faq-question-1749134995648\" class=\"rank-math-list-item\">\n<h3 id='cortina-clara-suja-mais'  class=\"rank-math-question\"><strong>Cortina clara suja mais?<\/strong><\/h3>\n<div class=\"rank-math-answer\">\n\n<p>Sim, mas o tecido certo faz toda a diferen\u00e7a. Prefira os que podem ser lavados ou f\u00e1ceis de limpar.<\/p>\n\n<\/div>\n<\/div>\n<div id=\"faq-question-1749135025340\" class=\"rank-math-list-item\">\n<h3 id='posso-usar-cortina-escura-em-sala-pequena'  class=\"rank-math-question\"><strong>Posso usar cortina escura em sala pequena?<\/strong><\/h3>\n<div class=\"rank-math-answer\">\n\n<p>Pode, desde que o ambiente tenha boa ilumina\u00e7\u00e3o e tons neutros no restante da decora\u00e7\u00e3o.<\/p>\n\n<\/div>\n<\/div>\n<div id=\"faq-question-1749135034658\" class=\"rank-math-list-item\">\n<h3 id='cortina-colorida-combina-com-parede-branca'  class=\"rank-math-question\"><strong>Cortina colorida combina com parede branca?<\/strong><\/h3>\n<div class=\"rank-math-answer\">\n\n<p>Combina super! A parede branca \u00e9 uma tela neutra. Aposte em cortinas vibrantes para destacar.<\/p>\n\n<\/div>\n<\/div>\n<div id=\"faq-question-1749135045623\" class=\"rank-math-list-item\">\n<h3 id='qual-o-melhor-tecido-para-sala'  class=\"rank-math-question\"><strong>Qual o melhor tecido para sala?<\/strong><\/h3>\n<div class=\"rank-math-answer\">\n\n<p>Voil para leveza e luminosidade, blackout para controle de luz e linho para um toque sofisticado.<\/p>\n\n<\/div>\n<\/div>\n<div id=\"faq-question-1749135056059\" class=\"rank-math-list-item\">\n<h3 id='cortina-estampada-pesa-o-ambiente'  class=\"rank-math-question\"><strong>Cortina estampada pesa o ambiente?<\/strong><\/h3>\n<div class=\"rank-math-answer\">\n\n<p>Depende do tamanho da estampa e da paleta de cores. Em ambientes pequenos, prefira estampas sutis.<\/p>\n\n<\/div>\n<\/div>\n<\/div>\n<\/div>\n\n\n<figure class=\"wp-block-image aligncenter size-large\"><img data-recalc-dims=\"1\" decoding=\"async\" width=\"1024\" height=\"683\" src=\"https:\/\/i0.wp.com\/1truenote.com\/wp-content\/uploads\/2025\/06\/ChatGPT-Image-5-de-jun.-de-2025-12_00_16.png?resize=1024%2C683&#038;ssl=1\" alt=\"melhor cor de cortina para sala\" class=\"wp-image-2723\" srcset=\"https:\/\/i0.wp.com\/1truenote.com\/wp-content\/uploads\/2025\/06\/ChatGPT-Image-5-de-jun.-de-2025-12_00_16.png?resize=1024%2C683&amp;ssl=1 1024w, https:\/\/i0.wp.com\/1truenote.com\/wp-content\/uploads\/2025\/06\/ChatGPT-Image-5-de-jun.-de-2025-12_00_16.png?resize=300%2C200&amp;ssl=1 300w, https:\/\/i0.wp.com\/1truenote.com\/wp-content\/uploads\/2025\/06\/ChatGPT-Image-5-de-jun.-de-2025-12_00_16.png?resize=768%2C512&amp;ssl=1 768w, https:\/\/i0.wp.com\/1truenote.com\/wp-content\/uploads\/2025\/06\/ChatGPT-Image-5-de-jun.-de-2025-12_00_16.png?resize=150%2C100&amp;ssl=1 150w, https:\/\/i0.wp.com\/1truenote.com\/wp-content\/uploads\/2025\/06\/ChatGPT-Image-5-de-jun.-de-2025-12_00_16.png?w=1536&amp;ssl=1 1536w\" sizes=\"(max-width: 1024px) 100vw, 1024px\" \/><\/figure>","protected":false},"excerpt":{"rendered":"<p>Melhor cor de cortina para sala. Quem nunca ficou na d\u00favida na hora de escolher a cortina da sala? Pode&#8230;<\/p>","protected":false},"author":1,"featured_media":2723,"comment_status":"open","ping_status":"open","sticky":false,"template":"","format":"standard","meta":{"_kad_post_transparent":"","_kad_post_title":"","_kad_post_layout":"","_kad_post_sidebar_id":"","_kad_post_content_style":"","_kad_post_vertical_padding":"","_kad_post_feature":"","_kad_post_feature_position":"","_kad_post_header":false,"_kad_post_footer":false,"_kad_post_classname":"","footnotes":"","jetpack_publicize_message":"","jetpack_publicize_feature_enabled":true,"jetpack_social_post_already_shared":false,"jetpack_social_options":{"image_generator_settings":{"template":"highway","default_image_id":0,"enabled":false},"version":2}},"categories":[16],"tags":[11,14],"class_list":["post-2720","post","type-post","status-publish","format-standard","has-post-thumbnail","hentry","category-casa-e-jardim","tag-conforto-noturno","tag-interiores-inovadores"],"jetpack_publicize_connections":[],"jetpack_featured_media_url":"https:\/\/i0.wp.com\/1truenote.com\/wp-content\/uploads\/2025\/06\/ChatGPT-Image-5-de-jun.-de-2025-12_00_16.png?fit=1536%2C1024&ssl=1","jetpack_sharing_enabled":true,"_links":{"self":[{"href":"https:\/\/1truenote.com\/en\/wp-json\/wp\/v2\/posts\/2720","targetHints":{"allow":["GET"]}}],"collection":[{"href":"https:\/\/1truenote.com\/en\/wp-json\/wp\/v2\/posts"}],"about":[{"href":"https:\/\/1truenote.com\/en\/wp-json\/wp\/v2\/types\/post"}],"author":[{"embeddable":true,"href":"https:\/\/1truenote.com\/en\/wp-json\/wp\/v2\/users\/1"}],"replies":[{"embeddable":true,"href":"https:\/\/1truenote.com\/en\/wp-json\/wp\/v2\/comments?post=2720"}],"version-history":[{"count":0,"href":"https:\/\/1truenote.com\/en\/wp-json\/wp\/v2\/posts\/2720\/revisions"}],"wp:featuredmedia":[{"embeddable":true,"href":"https:\/\/1truenote.com\/en\/wp-json\/wp\/v2\/media\/2723"}],"wp:attachment":[{"href":"https:\/\/1truenote.com\/en\/wp-json\/wp\/v2\/media?parent=2720"}],"wp:term":[{"taxonomy":"category","embeddable":true,"href":"https:\/\/1truenote.com\/en\/wp-json\/wp\/v2\/categories?post=2720"},{"taxonomy":"post_tag","embeddable":true,"href":"https:\/\/1truenote.com\/en\/wp-json\/wp\/v2\/tags?post=2720"}],"curies":[{"name":"wp","href":"https:\/\/api.w.org\/{rel}","templated":true}]}}