{"id":2711,"date":"2025-06-04T20:00:00","date_gmt":"2025-06-04T23:00:00","guid":{"rendered":"https:\/\/1truenote.com\/?p=2711"},"modified":"2025-09-26T12:54:36","modified_gmt":"2025-09-26T15:54:36","slug":"varandas-gourmet-pequenas-decoracao-2025","status":"publish","type":"post","link":"https:\/\/1truenote.com\/en\/varandas-gourmet-pequenas-decoracao-2025\/","title":{"rendered":"20 Varandas gourmet pequenas que provam que charme n\u00e3o tem tamanho"},"content":{"rendered":"<div class=\"fit_content\">\n                <div class=\"bd_toc_container\" data-fixedwidth=\"\">\n                    <div class=\"bd_toc_wrapper\" data-wrapperpadding=\"48px\">\n                        <div class=\"bd_toc_wrapper_item\">\n                            <div class=\"bd_toc_header active\" data-headerpadding=\"2px\">\n                                <div class=\"bd_toc_header_title\">\n                                    Sum\u00e1rio                                <\/div>\n                                <div class=\"bd_toc_switcher_hide_show_icon\">\n                                    <span class=\"bd_toc_arrow\"><\/span>                                <\/div>\n                            <\/div>\n                            <div class=\"bd_toc_content list-type-number\">\n                                <div class=\"bd_toc_content_list\">\n                                    <div class='bd_toc_content_list_item'>    <ul>\n      <li class=\"first\">\n        <a href=\"#como-transformar-sua-varanda-gourmet-pequena\">Como transformar sua varanda gourmet pequena<\/a>\n      <\/li>\n      <li>\n        <a href=\"#20-ideias-de-varandas-gourmet-pequenas-para-se-inspirar\">20 ideias de varandas gourmet pequenas para se inspirar<\/a>\n      <\/li>\n      <li>\n        <a href=\"#tabela-o-que-n\u00e3o-pode-faltar-na-sua-varanda-gourmet\">Tabela: O que n\u00e3o pode faltar na sua varanda gourmet<\/a>\n      <\/li>\n      <li>\n        <a href=\"#cores-e-acabamentos-ideais-para-varandas-pequenas\">Cores e acabamentos ideais para varandas pequenas<\/a>\n      <\/li>\n      <li>\n        <a href=\"#veja-na-pr\u00e1tica-inspira\u00e7\u00f5es-no-youtube\">Veja na pr\u00e1tica: inspira\u00e7\u00f5es no YouTube<\/a>\n      <\/li>\n      <li>\n        <a href=\"#varandas-gourmet-pequenas\">Varandas gourmet pequenas<\/a>\n      <\/li>\n      <li class=\"last\">\n        <a href=\"#faq-d\u00favidas-frequentes-sobre-varandas-gourmet-pequenas\">FAQ &#8211; D\u00favidas frequentes sobre varandas gourmet pequenas<\/a>\n        <ul class=\"menu_level_2\">\n          <li class=\"first\">\n            <a href=\"#posso-ter-churrasqueira-na-varanda-do-apartamento\">Posso ter churrasqueira na varanda do apartamento?<\/a>\n          <\/li>\n          <li>\n            <a href=\"#como-evitar-que-a-fuma\u00e7a-atrapalhe-os-vizinhos\">Como evitar que a fuma\u00e7a atrapalhe os vizinhos?<\/a>\n          <\/li>\n          <li>\n            <a href=\"#quais-plantas-combinam-com-varanda-gourmet\">Quais plantas combinam com varanda gourmet?<\/a>\n          <\/li>\n          <li>\n            <a href=\"#qual-o-melhor-tipo-de-piso\">Qual o melhor tipo de piso?<\/a>\n          <\/li>\n          <li class=\"last\">\n            <a href=\"#quanto-custa-montar-uma-varanda-gourmet-pequena\">Quanto custa montar uma varanda gourmet pequena?<\/a>\n          <\/li>\n        <\/ul>\n      <\/li>\n    <\/ul>\n<\/div>                                <\/div>\n                            <\/div>\n                        <\/div>\n                    <\/div>\n                    <div class=\"layout_toggle_button\">\n                        <span class=\"bd_toc_arrow\"><\/span>\n                    <\/div>\n                <\/div>\n            <\/div>\n\n    \n\n\n<p><strong>Varandas gourmet pequenas<\/strong>. Quando a gente pensa em varanda gourmet, logo vem aquela imagem de um espa\u00e7o enorme com churrasqueira de alvenaria e bancadas gigantes, n\u00e3o \u00e9? Mas a verdade \u00e9 que o charme mora nos detalhes \u2013 e nem sempre no tamanho. E as varandas gourmet pequenas?<\/p>\n\n\n\n<p>Com criatividade e planejamento, \u00e9 poss\u00edvel transformar pequenos espa\u00e7os em \u00e1reas gourmet aconchegantes, funcionais e cheias de estilo.<\/p>\n\n\n\n<p>Se voc\u00ea est\u00e1 querendo ideias para montar ou repaginar sua varanda gourmet pequena, fica aqui comigo! Separei 20 inspira\u00e7\u00f5es lindas e acess\u00edveis, al\u00e9m de dicas, tabelas, FAQ e at\u00e9 um v\u00eddeo no final para te ajudar a visualizar tudo na pr\u00e1tica. <strong>Tudo sobre varandas gourmet pequenas e grandes<\/strong>.<\/p>\n\n\n\n<hr class=\"wp-block-separator has-alpha-channel-opacity\"\/>\n\n\n\n<h2 id='como-transformar-sua-varanda-gourmet-pequena'  class=\"wp-block-heading\">Como transformar sua varanda gourmet pequena<\/h2>\n\n\n\n<p>Antes das ideias, vale entender o que realmente funciona em espa\u00e7os pequenos. O segredo est\u00e1 em tr\u00eas pilares: aproveitamento inteligente, funcionalidade e aconchego. Olha essas dicas:<\/p>\n\n\n\n<ul class=\"wp-block-list\">\n<li><strong>M\u00f3veis dobr\u00e1veis ou empilh\u00e1veis<\/strong> s\u00e3o ideais para economizar espa\u00e7o.<\/li>\n\n\n\n<li><strong>Cores claras<\/strong> ajudam a dar sensa\u00e7\u00e3o de amplitude.<\/li>\n\n\n\n<li><strong>Plantas<\/strong> trazem vida, mesmo em paredes (use jardim vertical!).<\/li>\n\n\n\n<li><strong>Ilumina\u00e7\u00e3o indireta<\/strong> (tipo fitas de LED ou lumin\u00e1rias de corda) deixa tudo mais acolhedor.<\/li>\n\n\n\n<li><strong>Eletroport\u00e1teis compactos<\/strong> substituem itens grandes (tipo mini churrasqueira el\u00e9trica ou frigobar pequeno).<\/li>\n<\/ul>\n\n\n\n<hr class=\"wp-block-separator has-alpha-channel-opacity\"\/>\n\n\n\n<figure class=\"wp-block-image aligncenter size-medium\"><a href=\"https:\/\/chat.whatsapp.com\/KJBkp5LFJVRIvmt5X3hSEh\" target=\"_blank\" rel=\"noopener\"><img data-recalc-dims=\"1\" fetchpriority=\"high\" decoding=\"async\" width=\"200\" height=\"300\" src=\"https:\/\/i0.wp.com\/1truenote.com\/wp-content\/uploads\/2025\/06\/ChatGPT-Image-3-de-jun.-de-2025-19_04_53.png?resize=200%2C300&#038;ssl=1\" alt=\"chamada banner advetorial whats\" class=\"wp-image-2683\" srcset=\"https:\/\/i0.wp.com\/1truenote.com\/wp-content\/uploads\/2025\/06\/ChatGPT-Image-3-de-jun.-de-2025-19_04_53.png?resize=200%2C300&amp;ssl=1 200w, https:\/\/i0.wp.com\/1truenote.com\/wp-content\/uploads\/2025\/06\/ChatGPT-Image-3-de-jun.-de-2025-19_04_53.png?resize=683%2C1024&amp;ssl=1 683w, https:\/\/i0.wp.com\/1truenote.com\/wp-content\/uploads\/2025\/06\/ChatGPT-Image-3-de-jun.-de-2025-19_04_53.png?resize=768%2C1152&amp;ssl=1 768w, https:\/\/i0.wp.com\/1truenote.com\/wp-content\/uploads\/2025\/06\/ChatGPT-Image-3-de-jun.-de-2025-19_04_53.png?resize=150%2C225&amp;ssl=1 150w, https:\/\/i0.wp.com\/1truenote.com\/wp-content\/uploads\/2025\/06\/ChatGPT-Image-3-de-jun.-de-2025-19_04_53.png?w=1024&amp;ssl=1 1024w\" sizes=\"(max-width: 200px) 100vw, 200px\" \/><\/a><\/figure>\n\n\n\n<hr class=\"wp-block-separator has-alpha-channel-opacity\"\/>\n\n\n\n<h2 id='20-ideias-de-varandas-gourmet-pequenas-para-se-inspirar'  class=\"wp-block-heading\">20 ideias de varandas gourmet pequenas para se inspirar<\/h2>\n\n\n\n<ol start=\"1\" class=\"wp-block-list\">\n<li><strong>Mesa dobr\u00e1vel na parede<\/strong>: perfeita para quem precisa de praticidade e ainda quer um cantinho para refei\u00e7\u00f5es.<\/li>\n\n\n\n<li><strong>Mini churrasqueira el\u00e9trica de bancada<\/strong>: cabe em qualquer espacinho!<\/li>\n\n\n\n<li><strong>Banco com ba\u00fa embutido<\/strong>: une assento com armazenamento.<\/li>\n\n\n\n<li><strong>Jardim vertical com temperos<\/strong>: funcional e charmoso.<\/li>\n\n\n\n<li><strong>Ilumina\u00e7\u00e3o com pendentes r\u00fasticos<\/strong>: clima acolhedor sem ocupar espa\u00e7o.<\/li>\n\n\n\n<li><strong>Tapetes de fibra natural<\/strong>: definem o ambiente e d\u00e3o textura.<\/li>\n\n\n\n<li><strong>Cadeiras empilh\u00e1veis<\/strong>: ideais para receber visitas sem ocupar espa\u00e7o fixo.<\/li>\n\n\n\n<li><strong>Estilo industrial com cimento queimado<\/strong>: moderno e f\u00e1cil de manter.<\/li>\n\n\n\n<li><strong>Quadros com frases ou fotos<\/strong>: deixam o espa\u00e7o com a sua cara.<\/li>\n\n\n\n<li><strong>Luzes de fadas no teto ou parede<\/strong>: criam um visual m\u00e1gico.<\/li>\n\n\n\n<li><strong>Prateleiras altas para decora\u00e7\u00e3o<\/strong>: exploram a altura sem comprometer o espa\u00e7o.<\/li>\n\n\n\n<li><strong>Tijolinhos \u00e0 vista<\/strong>: para quem ama um visual aconchegante.<\/li>\n\n\n\n<li><strong>Carrinho bar multi\u00faspole<\/strong>: funcional para servir e organizar.<\/li>\n\n\n\n<li><strong>Mantas e almofadas coloridas<\/strong>: conforto e cor na medida certa.<\/li>\n\n\n\n<li><strong>Porta de correr de vidro<\/strong>: amplia visualmente e valoriza a luz natural.<\/li>\n\n\n\n<li><strong>Frigobar retr\u00f4<\/strong>: pequeno, estiloso e super funcional.<\/li>\n\n\n\n<li><strong>Vasos suspensos<\/strong>: para decorar sem ocupar o ch\u00e3o.<\/li>\n\n\n\n<li><strong>Pain\u00e9is ripados com ganchos<\/strong>: vers\u00e1teis e modernos.<\/li>\n\n\n\n<li><strong>Mesa redonda pequena<\/strong>: ocupa menos espa\u00e7o e acomoda bem.<\/li>\n\n\n\n<li><strong>Decora\u00e7\u00e3o monocrom\u00e1tica<\/strong>: traz unidade e sofistica\u00e7\u00e3o.<\/li>\n<\/ol>\n\n\n\n<hr class=\"wp-block-separator has-alpha-channel-opacity\"\/>\n\n\n\n<a href=\"https:\/\/1truenote.com\/en\/decoracao-para-area-gourmet-externa\/\" style=\"text-decoration: none;\">\n  <div style=\"display: flex; justify-content: space-between; align-items: center; background: #d44a00; padding: 12px 20px; color: white; font-family: Arial, sans-serif;\">\n    <strong style=\"color: black;\">READ ALSO:<\/strong>\n    <span style=\"margin-left: 8px; flex: 1;\">Como planejar a decora\u00e7\u00e3o para \u00e1reas gourmet externas com estilo e funcionalidade<\/span>\n    <div style=\"background: #f2802f; padding: 8px 12px; border-radius: 2px; margin-left: 10px;\">\n      <span style=\"color: white; font-weight: bold;\">\u27a4<\/span>\n    <\/div>\n  <\/div>\n<\/a>\n\n\n\n\n<hr class=\"wp-block-separator has-alpha-channel-opacity\"\/>\n\n\n\n<h2 id='tabela-o-que-n\u00e3o-pode-faltar-na-sua-varanda-gourmet'  class=\"wp-block-heading\">Tabela: O que n\u00e3o pode faltar na sua varanda gourmet<\/h2>\n\n\n\n<figure class=\"wp-block-table\"><table class=\"has-fixed-layout\"><tbody><tr><th>Elemento<\/th><th>Fun\u00e7\u00e3o Principal<\/th><th>Dica Extra<\/th><\/tr><tr><td>Churrasqueira compacta<\/td><td>Preparo de alimentos<\/td><td>El\u00e9trica \u00e9 ideal para apartamentos<\/td><\/tr><tr><td>Bancada<\/td><td>Apoio para preparo e servi\u00e7o<\/td><td>Pode ser dobr\u00e1vel ou de canto<\/td><\/tr><tr><td>Lighting<\/td><td>Ambiente aconchegante<\/td><td>Use luz morna ou indireta<\/td><\/tr><tr><td>Plantas<\/td><td>Est\u00e9tica e frescor<\/td><td>Pendure ou use prateleiras<\/td><\/tr><tr><td>M\u00f3veis funcionais<\/td><td>Economia de espa\u00e7o<\/td><td>Opte por itens multifuncionais<\/td><\/tr><\/tbody><\/table><\/figure>\n\n\n\n<hr class=\"wp-block-separator has-alpha-channel-opacity\"\/>\n\n\n\n<h2 id='cores-e-acabamentos-ideais-para-varandas-pequenas'  class=\"wp-block-heading\">Cores e acabamentos ideais para varandas pequenas<\/h2>\n\n\n\n<ul class=\"wp-block-list\">\n<li><strong>Cores claras<\/strong> como branco, areia e cinza ampliam visualmente.<\/li>\n\n\n\n<li><strong>Toques de cor<\/strong> (verde, amarelo, terracota) trazem personalidade.<\/li>\n\n\n\n<li><strong>Acabamentos naturais<\/strong>, como madeira e tijolo aparente, adicionam aconchego.<\/li>\n<\/ul>\n\n\n\n<hr class=\"wp-block-separator has-alpha-channel-opacity\"\/>\n\n\n\n<figure class=\"wp-block-image aligncenter size-large\"><img data-recalc-dims=\"1\" decoding=\"async\" width=\"1024\" height=\"683\" src=\"https:\/\/i0.wp.com\/1truenote.com\/wp-content\/uploads\/2025\/05\/ChatGPT-Image-19-de-mai.-de-2025-12_12_48.png?resize=1024%2C683&#038;ssl=1\" alt=\"decora\u00e7\u00e3o para \u00e1rea gourmet\" class=\"wp-image-1901\" srcset=\"https:\/\/i0.wp.com\/1truenote.com\/wp-content\/uploads\/2025\/05\/ChatGPT-Image-19-de-mai.-de-2025-12_12_48.png?resize=1024%2C683&amp;ssl=1 1024w, https:\/\/i0.wp.com\/1truenote.com\/wp-content\/uploads\/2025\/05\/ChatGPT-Image-19-de-mai.-de-2025-12_12_48.png?resize=300%2C200&amp;ssl=1 300w, https:\/\/i0.wp.com\/1truenote.com\/wp-content\/uploads\/2025\/05\/ChatGPT-Image-19-de-mai.-de-2025-12_12_48.png?resize=768%2C512&amp;ssl=1 768w, https:\/\/i0.wp.com\/1truenote.com\/wp-content\/uploads\/2025\/05\/ChatGPT-Image-19-de-mai.-de-2025-12_12_48.png?resize=150%2C100&amp;ssl=1 150w, https:\/\/i0.wp.com\/1truenote.com\/wp-content\/uploads\/2025\/05\/ChatGPT-Image-19-de-mai.-de-2025-12_12_48.png?w=1536&amp;ssl=1 1536w\" sizes=\"(max-width: 1024px) 100vw, 1024px\" \/><\/figure>\n\n\n\n<hr class=\"wp-block-separator has-alpha-channel-opacity\"\/>\n\n\n\n<h2 id='veja-na-pr\u00e1tica-inspira\u00e7\u00f5es-no-youtube'  class=\"wp-block-heading\">Veja na pr\u00e1tica: inspira\u00e7\u00f5es no YouTube<\/h2>\n\n\n\n<p>Confira esse v\u00eddeo com ideias reais de varandas pequenas para voc\u00ea visualizar como tudo pode funcionar:<\/p>\n\n\n\n<p>\ud83d\udcfa <a href=\"https:\/\/www.youtube.com\/watch?v=yWt4O1SLqEU&amp;pp=ygUhaWRlaWFzIGRlIHZhcmFuZGEgZ291cm1ldCBwZXF1ZW5h\" data-type=\"link\" data-id=\"https:\/\/www.youtube.com\/watch?v=yWt4O1SLqEU&amp;pp=ygUhaWRlaWFzIGRlIHZhcmFuZGEgZ291cm1ldCBwZXF1ZW5h\" target=\"_blank\" rel=\"noopener\"><strong>Assista no YouTube: Ideias de Varandas Gourmet Compactas<\/strong><\/a><\/p>\n\n\n\n<figure class=\"wp-block-embed is-type-video is-provider-youtube wp-block-embed-youtube wp-embed-aspect-16-9 wp-has-aspect-ratio\"><div class=\"wp-block-embed__wrapper\">\n<iframe title=\"\u00c1rea Gourmet Pequena: 35 Modelos para Inspirar a Sua Decora\u00e7\u00e3o\" width=\"720\" height=\"405\" src=\"https:\/\/www.youtube.com\/embed\/yWt4O1SLqEU?feature=oembed\" frameborder=\"0\" allow=\"accelerometer; autoplay; clipboard-write; encrypted-media; gyroscope; picture-in-picture; web-share\" referrerpolicy=\"strict-origin-when-cross-origin\" allowfullscreen><\/iframe>\n<\/div><\/figure>\n\n\n\n<hr class=\"wp-block-separator has-alpha-channel-opacity\"\/>\n\n\n\n<h2 id='varandas-gourmet-pequenas'  class=\"wp-block-heading\">Varandas gourmet pequenas<\/h2>\n\n\n\n<p>N\u00e3o \u00e9 preciso ter um terra\u00e7o gigante para ter uma varanda gourmet cheia de estilo. Com um pouquinho de criatividade, bons materiais e escolhas inteligentes, seu cantinho pode virar o lugar preferido da casa.<\/p>\n\n\n\n<p>A verdade \u00e9 que cada cent\u00edmetro das varandas gourmet pequenas pode ser bem aproveitado quando existe planejamento. Usar m\u00f3veis multifuncionais, investir em uma boa ilumina\u00e7\u00e3o e trazer o verde das plantas para perto faz toda a diferen\u00e7a. Esses pequenos cuidados transformam n\u00e3o s\u00f3 o visual, mas tamb\u00e9m o clima do espa\u00e7o, deixando tudo mais acolhedor e convidativo.<\/p>\n\n\n\n<p>E o melhor: com um or\u00e7amento acess\u00edvel, voc\u00ea consegue montar um ambiente funcional, bonito e perfeito para relaxar ou receber quem voc\u00ea ama. Porque no fim, o que importa n\u00e3o \u00e9 o tamanho da varanda \u2014 mas sim o tamanho dos momentos vividos ali.<\/p>\n\n\n\n<p>Ent\u00e3o respira fundo, olha com carinho para o seu espa\u00e7o e bora transformar? Sua varanda gourmet dos sonhos pode estar a uma ideia de dist\u00e2ncia. Gostou das varandas gourmet pequenas? Gostou de varandas gourmet pequenas? Voc\u00ea pode ver mais <a href=\"https:\/\/1truenote.com\/en\/category\/lazer\/\" data-type=\"link\" data-id=\"https:\/\/1truenote.com\/category\/lazer\/\">aqui<\/a>.<\/p>\n\n\n\n<h2 id='faq-d\u00favidas-frequentes-sobre-varandas-gourmet-pequenas'  class=\"wp-block-heading\">FAQ &#8211; D\u00favidas frequentes sobre varandas gourmet pequenas<\/h2>\n\n\n<div id=\"rank-math-faq\" class=\"rank-math-block\">\n<div class=\"rank-math-list\">\n<div id=\"faq-question-1749057669808\" class=\"rank-math-list-item\">\n<h3 id='posso-ter-churrasqueira-na-varanda-do-apartamento'  class=\"rank-math-question\"><strong>Posso ter churrasqueira na varanda do apartamento?<\/strong><\/h3>\n<div class=\"rank-math-answer\">\n\n<p>Sim! As el\u00e9tricas e a g\u00e1s s\u00e3o liberadas na maioria dos condom\u00ednios. Mas sempre confira as regras do pr\u00e9dio.<\/p>\n\n<\/div>\n<\/div>\n<div id=\"faq-question-1749057680270\" class=\"rank-math-list-item\">\n<h3 id='como-evitar-que-a-fuma\u00e7a-atrapalhe-os-vizinhos'  class=\"rank-math-question\"><strong>Como evitar que a fuma\u00e7a atrapalhe os vizinhos?<\/strong><\/h3>\n<div class=\"rank-math-answer\">\n\n<p>Prefira churrasqueira el\u00e9trica com exaustor e mantenha o espa\u00e7o bem ventilado.<\/p>\n\n<\/div>\n<\/div>\n<div id=\"faq-question-1749057694041\" class=\"rank-math-list-item\">\n<h3 id='quais-plantas-combinam-com-varanda-gourmet'  class=\"rank-math-question\"><strong>Quais plantas combinam com varanda gourmet?<\/strong><\/h3>\n<div class=\"rank-math-answer\">\n\n<p>Temperos (manjeric\u00e3o, alecrim), suculentas, jiboia e samambaias s\u00e3o \u00f3timas op\u00e7\u00f5es.<\/p>\n\n<\/div>\n<\/div>\n<div id=\"faq-question-1749057704541\" class=\"rank-math-list-item\">\n<h3 id='qual-o-melhor-tipo-de-piso'  class=\"rank-math-question\"><strong>Qual o melhor tipo de piso?<\/strong><\/h3>\n<div class=\"rank-math-answer\">\n\n<p>Deck de madeira, porcelanato antiderrapante ou cimento queimado s\u00e3o resistentes e bonitos.<\/p>\n\n<\/div>\n<\/div>\n<div id=\"faq-question-1749057714861\" class=\"rank-math-list-item\">\n<h3 id='quanto-custa-montar-uma-varanda-gourmet-pequena'  class=\"rank-math-question\"><strong>Quanto custa montar uma varanda gourmet pequena?<\/strong><\/h3>\n<div class=\"rank-math-answer\">\n\n<p>Depende dos materiais e m\u00f3veis escolhidos. Com planejamento, \u00e9 poss\u00edvel montar com or\u00e7amento a partir de R$ 2 mil.<\/p>\n\n<\/div>\n<\/div>\n<\/div>\n<\/div>\n\n\n<figure class=\"wp-block-image aligncenter size-large\"><img data-recalc-dims=\"1\" decoding=\"async\" width=\"1024\" height=\"683\" src=\"https:\/\/i0.wp.com\/1truenote.com\/wp-content\/uploads\/2025\/06\/ChatGPT-Image-4-de-jun.-de-2025-14_20_02.png?resize=1024%2C683&#038;ssl=1\" alt=\"varandas gourmet pequenas\" class=\"wp-image-2714\" srcset=\"https:\/\/i0.wp.com\/1truenote.com\/wp-content\/uploads\/2025\/06\/ChatGPT-Image-4-de-jun.-de-2025-14_20_02.png?resize=1024%2C683&amp;ssl=1 1024w, https:\/\/i0.wp.com\/1truenote.com\/wp-content\/uploads\/2025\/06\/ChatGPT-Image-4-de-jun.-de-2025-14_20_02.png?resize=300%2C200&amp;ssl=1 300w, https:\/\/i0.wp.com\/1truenote.com\/wp-content\/uploads\/2025\/06\/ChatGPT-Image-4-de-jun.-de-2025-14_20_02.png?resize=768%2C512&amp;ssl=1 768w, https:\/\/i0.wp.com\/1truenote.com\/wp-content\/uploads\/2025\/06\/ChatGPT-Image-4-de-jun.-de-2025-14_20_02.png?resize=150%2C100&amp;ssl=1 150w, https:\/\/i0.wp.com\/1truenote.com\/wp-content\/uploads\/2025\/06\/ChatGPT-Image-4-de-jun.-de-2025-14_20_02.png?w=1536&amp;ssl=1 1536w\" sizes=\"(max-width: 1024px) 100vw, 1024px\" \/><\/figure>","protected":false},"excerpt":{"rendered":"<p>Varandas gourmet pequenas. Quando a gente pensa em varanda gourmet, logo vem aquela imagem de um espa\u00e7o enorme com churrasqueira&#8230;<\/p>","protected":false},"author":1,"featured_media":2714,"comment_status":"open","ping_status":"open","sticky":false,"template":"","format":"standard","meta":{"_kad_post_transparent":"","_kad_post_title":"","_kad_post_layout":"","_kad_post_sidebar_id":"","_kad_post_content_style":"","_kad_post_vertical_padding":"","_kad_post_feature":"","_kad_post_feature_position":"","_kad_post_header":false,"_kad_post_footer":false,"_kad_post_classname":"","footnotes":"","jetpack_publicize_message":"","jetpack_publicize_feature_enabled":true,"jetpack_social_post_already_shared":true,"jetpack_social_options":{"image_generator_settings":{"template":"highway","enabled":false},"version":2}},"categories":[16,1],"tags":[29,12],"class_list":["post-2711","post","type-post","status-publish","format-standard","has-post-thumbnail","hentry","category-casa-e-jardim","category-novidades","tag-jardim","tag-projetos-inovadores"],"jetpack_publicize_connections":[],"jetpack_featured_media_url":"https:\/\/i0.wp.com\/1truenote.com\/wp-content\/uploads\/2025\/06\/ChatGPT-Image-4-de-jun.-de-2025-14_20_02.png?fit=1536%2C1024&ssl=1","jetpack_sharing_enabled":true,"_links":{"self":[{"href":"https:\/\/1truenote.com\/en\/wp-json\/wp\/v2\/posts\/2711","targetHints":{"allow":["GET"]}}],"collection":[{"href":"https:\/\/1truenote.com\/en\/wp-json\/wp\/v2\/posts"}],"about":[{"href":"https:\/\/1truenote.com\/en\/wp-json\/wp\/v2\/types\/post"}],"author":[{"embeddable":true,"href":"https:\/\/1truenote.com\/en\/wp-json\/wp\/v2\/users\/1"}],"replies":[{"embeddable":true,"href":"https:\/\/1truenote.com\/en\/wp-json\/wp\/v2\/comments?post=2711"}],"version-history":[{"count":1,"href":"https:\/\/1truenote.com\/en\/wp-json\/wp\/v2\/posts\/2711\/revisions"}],"predecessor-version":[{"id":4263,"href":"https:\/\/1truenote.com\/en\/wp-json\/wp\/v2\/posts\/2711\/revisions\/4263"}],"wp:featuredmedia":[{"embeddable":true,"href":"https:\/\/1truenote.com\/en\/wp-json\/wp\/v2\/media\/2714"}],"wp:attachment":[{"href":"https:\/\/1truenote.com\/en\/wp-json\/wp\/v2\/media?parent=2711"}],"wp:term":[{"taxonomy":"category","embeddable":true,"href":"https:\/\/1truenote.com\/en\/wp-json\/wp\/v2\/categories?post=2711"},{"taxonomy":"post_tag","embeddable":true,"href":"https:\/\/1truenote.com\/en\/wp-json\/wp\/v2\/tags?post=2711"}],"curies":[{"name":"wp","href":"https:\/\/api.w.org\/{rel}","templated":true}]}}