{"id":2707,"date":"2025-06-04T18:00:00","date_gmt":"2025-06-04T21:00:00","guid":{"rendered":"https:\/\/1truenote.com\/?p=2707"},"modified":"2025-06-04T14:05:35","modified_gmt":"2025-06-04T17:05:35","slug":"cores-para-fachada-combinacoes-dicas","status":"publish","type":"post","link":"https:\/\/1truenote.com\/en\/cores-para-fachada-combinacoes-dicas\/","title":{"rendered":"10 combina\u00e7\u00f5es de cores para fachada que v\u00e3o renovar o visual do seu lar"},"content":{"rendered":"<div class=\"fit_content\">\n                <div class=\"bd_toc_container\" data-fixedwidth=\"\">\n                    <div class=\"bd_toc_wrapper\" data-wrapperpadding=\"48px\">\n                        <div class=\"bd_toc_wrapper_item\">\n                            <div class=\"bd_toc_header active\" data-headerpadding=\"2px\">\n                                <div class=\"bd_toc_header_title\">\n                                    Sum\u00e1rio                                <\/div>\n                                <div class=\"bd_toc_switcher_hide_show_icon\">\n                                    <span class=\"bd_toc_arrow\"><\/span>                                <\/div>\n                            <\/div>\n                            <div class=\"bd_toc_content list-type-number\">\n                                <div class=\"bd_toc_content_list\">\n                                    <div class='bd_toc_content_list_item'>    <ul>\n      <li class=\"first\">\n        <a href=\"#1-cores-para-fachada-bege-com-branco-cl\u00e1ssico-que-nunca-sai-de-moda\">1. Cores para fachada &#8211; Bege com branco: Cl\u00e1ssico que nunca sai de moda<\/a>\n      <\/li>\n      <li>\n        <a href=\"#2-cinza-com-madeira-moderno-e-acolhedor\">2. Cinza com madeira: Moderno e acolhedor<\/a>\n      <\/li>\n      <li>\n        <a href=\"#3-azul-profundo-com-branco-eleg\u00e2ncia-com-frescor\">3. Azul profundo com branco: Eleg\u00e2ncia com frescor<\/a>\n      <\/li>\n      <li>\n        <a href=\"#4-verde-oliva-com-areia-serenidade-e-contato-com-a-natureza\">4. Verde oliva com areia: Serenidade e contato com a natureza<\/a>\n      <\/li>\n      <li>\n        <a href=\"#5-off-white-com-cinza-claro-minimalismo-elegante\">5. Off-white com cinza claro: Minimalismo elegante<\/a>\n      <\/li>\n      <li>\n        <a href=\"#6-terracota-com-palha-r\u00fastico-e-vibrante\">6. Terracota com palha: R\u00fastico e vibrante<\/a>\n      <\/li>\n      <li>\n        <a href=\"#7-branco-com-preto-contraste-moderno\">7. Branco com preto: Contraste moderno<\/a>\n      <\/li>\n      <li>\n        <a href=\"#8-amarelo-queimado-com-marrom-vibrante-e-acolhedor\">8. Amarelo queimado com marrom: Vibrante e acolhedor<\/a>\n      <\/li>\n      <li>\n        <a href=\"#9-azul-acinzentado-com-branco-gelo-leveza-e-sofistica\u00e7\u00e3o\">9. Azul acinzentado com branco gelo: Leveza e sofistica\u00e7\u00e3o<\/a>\n      <\/li>\n      <li>\n        <a href=\"#10-rosa-antigo-com-concreto-aparente-rom\u00e2ntico-e-urbano\">10. Rosa antigo com concreto aparente: Rom\u00e2ntico e urbano<\/a>\n      <\/li>\n      <li>\n        <a href=\"#por-que-usar-tinta-acr\u00edlica-na-fachada\">Por que usar tinta acr\u00edlica na fachada?<\/a>\n      <\/li>\n      <li>\n        <a href=\"#tabela-r\u00e1pida-de-combina\u00e7\u00f5es-com-tintas-acr\u00edlicas-de-cores-para-fachada\">Tabela r\u00e1pida de combina\u00e7\u00f5es com tintas acr\u00edlicas de cores para fachada<\/a>\n      <\/li>\n      <li>\n        <a href=\"#cores-para-fachada-e-tintas-de-acr\u00edlico\">Cores para fachada e tintas de acr\u00edlico<\/a>\n      <\/li>\n      <li class=\"last\">\n        <a href=\"#faq-d\u00favidas-frequentes-sobre-cores-para-fachada\">FAQ &#8211; D\u00favidas frequentes sobre cores para fachada<\/a>\n        <ul class=\"menu_level_2\">\n          <li class=\"first\">\n            <a href=\"#qual-a-melhor-cor-para-fachadas-pequenas\">Qual a melhor cor para fachadas pequenas?<\/a>\n          <\/li>\n          <li>\n            <a href=\"#posso-usar-cores-vibrantes-na-fachada\">Posso usar cores vibrantes na fachada?<\/a>\n          <\/li>\n          <li>\n            <a href=\"#preciso-contratar-um-profissional-para-pintar\">Preciso contratar um profissional para pintar?<\/a>\n          <\/li>\n          <li>\n            <a href=\"#quais-tintas-s\u00e3o-mais-resistentes-para-\u00e1rea-externa\">Quais tintas s\u00e3o mais resistentes para \u00e1rea externa?<\/a>\n          <\/li>\n          <li class=\"last\">\n            <a href=\"#com-que-frequ\u00eancia-devo-repintar-minha-fachada\">Com que frequ\u00eancia devo repintar minha fachada?<\/a>\n          <\/li>\n        <\/ul>\n      <\/li>\n    <\/ul>\n<\/div>                                <\/div>\n                            <\/div>\n                        <\/div>\n                    <\/div>\n                    <div class=\"layout_toggle_button\">\n                        <span class=\"bd_toc_arrow\"><\/span>\n                    <\/div>\n                <\/div>\n            <\/div>\n\n    \n\n\n<p><strong>Cores para fachada<\/strong> e combina\u00e7\u00f5es. Sabe aquele momento em que a gente olha pra casa e sente que falta algo?<\/p>\n\n\n\n<p>Pois \u00e9, a fachada \u00e9 o primeiro impacto de qualquer lar, e mudar as cores pode ser o que faltava para deixar tudo com mais vida, estilo e personalidade. Se voc\u00ea est\u00e1 pensando em dar uma repaginada sem grandes reformas, essa lista \u00e9 pra voc\u00ea!<\/p>\n\n\n\n<p>Vamos explorar juntas 10 combina\u00e7\u00f5es de <strong>cores para fachada<\/strong> que s\u00e3o modernas, acolhedoras e que t\u00eam tudo para valorizar o seu cantinho.<\/p>\n\n\n\n<hr class=\"wp-block-separator has-alpha-channel-opacity\"\/>\n\n\n\n<h2 id='1-cores-para-fachada-bege-com-branco-cl\u00e1ssico-que-nunca-sai-de-moda'  class=\"wp-block-heading\">1. Cores para fachada &#8211; Bege com branco: Cl\u00e1ssico que nunca sai de moda<\/h2>\n\n\n\n<p>Logo de cara, o bege \u00e9 uma cor neutra que transmite eleg\u00e2ncia e aconchego. Quando combinado com detalhes brancos (como janelas e molduras), o visual fica leve e sofisticado. Ideal para casas t\u00e9rreas ou sobrados com estilo mais tradicional.<\/p>\n\n\n\n<p><strong>Dica:<\/strong> Acrescente um jardim na frente ou vasos com plantas para real\u00e7ar ainda mais a fachada.<\/p>\n\n\n\n<h2 id='2-cinza-com-madeira-moderno-e-acolhedor'  class=\"wp-block-heading\">2. Cinza com madeira: Moderno e acolhedor<\/h2>\n\n\n\n<p>Se a ideia \u00e9 modernizar, o cinza \u00e9 sua cor! Quando unido \u00e0 textura quente da madeira, o resultado \u00e9 um contraste perfeito entre urbano e natural. Essa combina\u00e7\u00e3o funciona super bem em fachadas com linhas retas e design mais minimalista.<\/p>\n\n\n\n<p><strong>Dica:<\/strong> Aposte em ilumina\u00e7\u00e3o de LED quente para valorizar os detalhes \u00e0 noite.<\/p>\n\n\n\n<h2 id='3-azul-profundo-com-branco-eleg\u00e2ncia-com-frescor'  class=\"wp-block-heading\">3. Azul profundo com branco: Eleg\u00e2ncia com frescor<\/h2>\n\n\n\n<p>Para quem ama uma fachada com personalidade, o azul marinho \u00e9 uma \u00f3tima pedida. Ao lado do branco, ele garante um visual \u00e9tico e acolhedor. Essa dupla lembra aquelas casas charmosa de praia, sabe?<\/p>\n\n\n\n<p><strong>Dica:<\/strong> Use o azul nas paredes principais e reserve o branco para portas, janelas e beirais.<\/p>\n\n\n\n<h2 id='4-verde-oliva-com-areia-serenidade-e-contato-com-a-natureza'  class=\"wp-block-heading\">4. Verde oliva com areia: Serenidade e contato com a natureza<\/h2>\n\n\n\n<p>Verde oliva \u00e9 puro charme e paz! Ele remete \u00e0 natureza e fica incr\u00edvel quando combinado com tons areia ou cru. Essa dupla \u00e9 perfeita para casas no campo ou para quem quer um clima mais org\u00e2nico na cidade.<\/p>\n\n\n\n<p><strong>Dica:<\/strong> Complemente com vasos de barro, madeira e plantas altas.<\/p>\n\n\n\n<hr class=\"wp-block-separator has-alpha-channel-opacity\"\/>\n\n\n\n<figure class=\"wp-block-image aligncenter size-medium\"><a href=\"https:\/\/chat.whatsapp.com\/KJBkp5LFJVRIvmt5X3hSEh\" target=\"_blank\" rel=\"noopener\"><img data-recalc-dims=\"1\" fetchpriority=\"high\" decoding=\"async\" width=\"200\" height=\"300\" src=\"https:\/\/i0.wp.com\/1truenote.com\/wp-content\/uploads\/2025\/06\/ChatGPT-Image-3-de-jun.-de-2025-19_04_53.png?resize=200%2C300&#038;ssl=1\" alt=\"chamada banner advetorial whats\" class=\"wp-image-2683\" srcset=\"https:\/\/i0.wp.com\/1truenote.com\/wp-content\/uploads\/2025\/06\/ChatGPT-Image-3-de-jun.-de-2025-19_04_53.png?resize=200%2C300&amp;ssl=1 200w, https:\/\/i0.wp.com\/1truenote.com\/wp-content\/uploads\/2025\/06\/ChatGPT-Image-3-de-jun.-de-2025-19_04_53.png?resize=683%2C1024&amp;ssl=1 683w, https:\/\/i0.wp.com\/1truenote.com\/wp-content\/uploads\/2025\/06\/ChatGPT-Image-3-de-jun.-de-2025-19_04_53.png?resize=768%2C1152&amp;ssl=1 768w, https:\/\/i0.wp.com\/1truenote.com\/wp-content\/uploads\/2025\/06\/ChatGPT-Image-3-de-jun.-de-2025-19_04_53.png?resize=150%2C225&amp;ssl=1 150w, https:\/\/i0.wp.com\/1truenote.com\/wp-content\/uploads\/2025\/06\/ChatGPT-Image-3-de-jun.-de-2025-19_04_53.png?w=1024&amp;ssl=1 1024w\" sizes=\"(max-width: 200px) 100vw, 200px\" \/><\/a><\/figure>\n\n\n\n<hr class=\"wp-block-separator has-alpha-channel-opacity\"\/>\n\n\n\n<h2 id='5-off-white-com-cinza-claro-minimalismo-elegante'  class=\"wp-block-heading\">5. Off-white com cinza claro: Minimalismo elegante<\/h2>\n\n\n\n<p>Menos \u00e9 mais? Sempre! O off-white \u00e9 um branquinho suave que, quando combinado com cinza claro, cria uma fachada clean e sofisticada. Ideal para quem busca um visual atemporal e que n\u00e3o enjoa.<\/p>\n\n\n\n<p><strong>Dica:<\/strong> \u00c9 uma das combina\u00e7\u00f5es que mais valoriza o im\u00f3vel.<\/p>\n\n\n\n<h2 id='6-terracota-com-palha-r\u00fastico-e-vibrante'  class=\"wp-block-heading\">6. Terracota com palha: R\u00fastico e vibrante<\/h2>\n\n\n\n<p>O terracota traz aquele ar quentinho e cheio de personalidade. Ao lado do tom palha, ele equilibra o calor com leveza. Essa dupla \u00e9 ideal para quem curte uma decora\u00e7\u00e3o mais artesanal e cheia de charme.<\/p>\n\n\n\n<p><strong>Dica:<\/strong> Funciona super bem com portas e janelas de madeira escura.<\/p>\n\n\n\n<hr class=\"wp-block-separator has-alpha-channel-opacity\"\/>\n\n\n\n<figure class=\"wp-block-image size-large\"><img data-recalc-dims=\"1\" decoding=\"async\" width=\"1024\" height=\"683\" src=\"https:\/\/i0.wp.com\/1truenote.com\/wp-content\/uploads\/2025\/06\/ChatGPT-Image-4-de-jun.-de-2025-14_02_45.png?resize=1024%2C683&#038;ssl=1\" alt=\"tinta acr\u00edlica de cores para fachada\" class=\"wp-image-2709\" srcset=\"https:\/\/i0.wp.com\/1truenote.com\/wp-content\/uploads\/2025\/06\/ChatGPT-Image-4-de-jun.-de-2025-14_02_45.png?resize=1024%2C683&amp;ssl=1 1024w, https:\/\/i0.wp.com\/1truenote.com\/wp-content\/uploads\/2025\/06\/ChatGPT-Image-4-de-jun.-de-2025-14_02_45.png?resize=300%2C200&amp;ssl=1 300w, https:\/\/i0.wp.com\/1truenote.com\/wp-content\/uploads\/2025\/06\/ChatGPT-Image-4-de-jun.-de-2025-14_02_45.png?resize=768%2C512&amp;ssl=1 768w, https:\/\/i0.wp.com\/1truenote.com\/wp-content\/uploads\/2025\/06\/ChatGPT-Image-4-de-jun.-de-2025-14_02_45.png?resize=150%2C100&amp;ssl=1 150w, https:\/\/i0.wp.com\/1truenote.com\/wp-content\/uploads\/2025\/06\/ChatGPT-Image-4-de-jun.-de-2025-14_02_45.png?w=1536&amp;ssl=1 1536w\" sizes=\"(max-width: 1024px) 100vw, 1024px\" \/><\/figure>\n\n\n\n<hr class=\"wp-block-separator has-alpha-channel-opacity\"\/>\n\n\n\n<h2 id='7-branco-com-preto-contraste-moderno'  class=\"wp-block-heading\">7. Branco com preto: Contraste moderno<\/h2>\n\n\n\n<p>Essa \u00e9 para quem adora contraste! O branco valoriza a luminosidade e o preto traz sofistica\u00e7\u00e3o. Use o preto nos detalhes, como port\u00e3o, grades e contornos. A fachada ganha destaque sem exagero.<\/p>\n\n\n\n<p><strong>Dica:<\/strong> Ideal para casas com design contempor\u00e2neo.<\/p>\n\n\n\n<h2 id='8-amarelo-queimado-com-marrom-vibrante-e-acolhedor'  class=\"wp-block-heading\">8. Amarelo queimado com marrom: Vibrante e acolhedor<\/h2>\n\n\n\n<p>O amarelo queimado \u00e9 uma cor cheia de vida, mas que n\u00e3o cansa os olhos. Quando combinado com marrom, a fachada ganha um ar alegre, sem perder o aconchego. Perfeito para trazer energia sem abrir m\u00e3o da eleg\u00e2ncia.<\/p>\n\n\n\n<p><strong>Dica:<\/strong> Use o amarelo em superf\u00edcies maiores e o marrom nos acabamentos.<\/p>\n\n\n\n<h2 id='9-azul-acinzentado-com-branco-gelo-leveza-e-sofistica\u00e7\u00e3o'  class=\"wp-block-heading\">9. Azul acinzentado com branco gelo: Leveza e sofistica\u00e7\u00e3o<\/h2>\n\n\n\n<p>Esse azul puxado pro cinza \u00e9 puro requinte! Combinado ao branco gelo, a fachada fica leve e com cara de casa de revista. Combina muito com projetos mais modernos e abertos.<\/p>\n\n\n\n<p><strong>Dica:<\/strong> Essa paleta funciona super bem com detalhes em alum\u00ednio ou vidro.<\/p>\n\n\n\n<h2 id='10-rosa-antigo-com-concreto-aparente-rom\u00e2ntico-e-urbano'  class=\"wp-block-heading\">10. Rosa antigo com concreto aparente: Rom\u00e2ntico e urbano<\/h2>\n\n\n\n<p>Pra fechar com um toque criativo: rosa antigo. Ele traz romantismo sem ser infantil. Com concreto aparente, o contraste fica moderno e estiloso. Uma escolha ousada, mas encantadora!<\/p>\n\n\n\n<p><strong>Dica:<\/strong> Ideal para casas pequenas ou studios.<\/p>\n\n\n\n<hr class=\"wp-block-separator has-alpha-channel-opacity\"\/>\n\n\n\n<figure class=\"wp-block-image aligncenter size-large\"><img data-recalc-dims=\"1\" decoding=\"async\" width=\"1024\" height=\"683\" src=\"https:\/\/i0.wp.com\/1truenote.com\/wp-content\/uploads\/2025\/05\/ChatGPT-Image-7-de-mai.-de-2025-16_04_25.png?resize=1024%2C683&#038;ssl=1\" alt=\"sala de estar simples\" class=\"wp-image-1503\" srcset=\"https:\/\/i0.wp.com\/1truenote.com\/wp-content\/uploads\/2025\/05\/ChatGPT-Image-7-de-mai.-de-2025-16_04_25.png?resize=1024%2C683&amp;ssl=1 1024w, https:\/\/i0.wp.com\/1truenote.com\/wp-content\/uploads\/2025\/05\/ChatGPT-Image-7-de-mai.-de-2025-16_04_25.png?resize=300%2C200&amp;ssl=1 300w, https:\/\/i0.wp.com\/1truenote.com\/wp-content\/uploads\/2025\/05\/ChatGPT-Image-7-de-mai.-de-2025-16_04_25.png?resize=768%2C512&amp;ssl=1 768w, https:\/\/i0.wp.com\/1truenote.com\/wp-content\/uploads\/2025\/05\/ChatGPT-Image-7-de-mai.-de-2025-16_04_25.png?w=1536&amp;ssl=1 1536w\" sizes=\"(max-width: 1024px) 100vw, 1024px\" \/><\/figure>\n\n\n\n<hr class=\"wp-block-separator has-alpha-channel-opacity\"\/>\n\n\n\n<h2 id='por-que-usar-tinta-acr\u00edlica-na-fachada'  class=\"wp-block-heading\">Por que usar tinta acr\u00edlica na fachada?<\/h2>\n\n\n\n<p>Se voc\u00ea quer um acabamento bonito e duradouro, a tinta acr\u00edlica \u00e9 a melhor amiga da sua fachada. Ela forma uma pel\u00edcula protetora super resistente ao sol, \u00e0 chuva e at\u00e9 \u00e0 polui\u00e7\u00e3o urbana. S\u00e3o excelente para cores para fachada.<\/p>\n\n\n\n<p><strong>Vantagens da tinta acr\u00edlica:<\/strong><\/p>\n\n\n\n<ul class=\"wp-block-list\">\n<li>Alta durabilidade e resist\u00eancia \u00e0s intemp\u00e9ries<\/li>\n\n\n\n<li>Op\u00e7\u00f5es com acabamento fosco, semibrilho ou acetinado<\/li>\n\n\n\n<li>Lav\u00e1vel e f\u00e1cil de manter limpa<\/li>\n\n\n\n<li>Secagem r\u00e1pida e aplica\u00e7\u00e3o pr\u00e1tica<\/li>\n<\/ul>\n\n\n\n<p>Al\u00e9m disso, muitas tintas acr\u00edlicas j\u00e1 v\u00eam com prote\u00e7\u00e3o contra fungos e mofo \u2014 ideal para quem mora em regi\u00f5es \u00famidas.<\/p>\n\n\n\n<p><strong>Dica:<\/strong> Escolha sempre uma tinta acr\u00edlica para \u00e1reas externas. Ela rende mais e garante uma fachada bonita por muito mais tempo. S\u00e3o excelentes para cores para fachada.<\/p>\n\n\n\n<hr class=\"wp-block-separator has-alpha-channel-opacity\"\/>\n\n\n\n<a href=\"https:\/\/1truenote.com\/en\/plantas-que-afastam-mosquitos-e-decoram\/\" style=\"text-decoration: none;\">\n  <div style=\"display: flex; justify-content: space-between; align-items: center; background: #d44a00; padding: 12px 20px; color: white; font-family: Arial, sans-serif;\">\n    <strong style=\"color: black;\">READ ALSO:<\/strong>\n    <span style=\"margin-left: 8px; flex: 1;\">Essas plantas afastam mosquitos e ainda deixam sua casa mais bonita<\/span>\n    <div style=\"background: #f2802f; padding: 8px 12px; border-radius: 2px; margin-left: 10px;\">\n      <span style=\"color: white; font-weight: bold;\">\u27a4<\/span>\n    <\/div>\n  <\/div>\n<\/a>\n\n\n\n\n<hr class=\"wp-block-separator has-alpha-channel-opacity\"\/>\n\n\n\n<h2 id='tabela-r\u00e1pida-de-combina\u00e7\u00f5es-com-tintas-acr\u00edlicas-de-cores-para-fachada'  class=\"wp-block-heading\">Tabela r\u00e1pida de combina\u00e7\u00f5es com tintas acr\u00edlicas de cores para fachada<\/h2>\n\n\n\n<figure class=\"wp-block-table\"><table class=\"has-fixed-layout\"><tbody><tr><th>Combina\u00e7\u00e3o<\/th><th>Sensa\u00e7\u00e3o Transmitida<\/th><th>Estilo Ideal<\/th><\/tr><tr><td>Bege + Branco<\/td><td>Eleg\u00e2ncia e neutralidade<\/td><td>Tradicional e cl\u00e1ssico<\/td><\/tr><tr><td>Cinza + Madeira<\/td><td>Moderno e acolhedor<\/td><td>Contempor\u00e2neo minimalista<\/td><\/tr><tr><td>Azul Marinho + Branco<\/td><td>Frescor e sofistica\u00e7\u00e3o<\/td><td>Litor\u00e2neo e elegante<\/td><\/tr><tr><td>Verde Oliva + Areia<\/td><td>Org\u00e2nico e sereno<\/td><td>R\u00fastico ou natural<\/td><\/tr><tr><td>Off-white + Cinza Claro<\/td><td>Minimalismo e leveza<\/td><td>Moderno e clean<\/td><\/tr><tr><td>Terracota + Palha<\/td><td>Quente e artesanal<\/td><td>Boho e r\u00fastico<\/td><\/tr><tr><td>Branco + Preto<\/td><td>Contraste e classe<\/td><td>Contempor\u00e2neo<\/td><\/tr><tr><td>Amarelo Queimado + Marrom<\/td><td>Acolhedor e vibrante<\/td><td>Tradicional e alegre<\/td><\/tr><tr><td>Azul Acinzentado + Branco<\/td><td>Sofistica\u00e7\u00e3o e calma<\/td><td>Moderno e elegante<\/td><\/tr><tr><td>Rosa Antigo + Concreto<\/td><td>Criativo e urbano<\/td><td>Jovem e estiloso<\/td><\/tr><\/tbody><\/table><\/figure>\n\n\n\n<hr class=\"wp-block-separator has-alpha-channel-opacity\"\/>\n\n\n\n<h2 id='cores-para-fachada-e-tintas-de-acr\u00edlico'  class=\"wp-block-heading\">Cores para fachada e tintas de acr\u00edlico<\/h2>\n\n\n\n<p>Renovar a fachada \u00e9 como dar um novo respiro para sua casa! Combinando cores para fachada certas, voc\u00ea cria uma fachada que n\u00e3o s\u00f3 encanta quem passa, mas tamb\u00e9m valoriza o im\u00f3vel e deixa tudo com a sua cara. Escolha sua combina\u00e7\u00e3o favorita, planeje com carinho e transforme seu lar com personalidade. Sempre escolha as melhores cores para fachada.<\/p>\n\n\n\n<p>Gostou de cores para fachada? Voc\u00ea pode ver mais conte\u00fados como esse clicando <a href=\"https:\/\/1truenote.com\/en\/category\/casa-e-jardim\/\" data-type=\"link\" data-id=\"https:\/\/1truenote.com\/category\/casa-e-jardim\/\">aqui<\/a>.<\/p>\n\n\n\n<h2 id='faq-d\u00favidas-frequentes-sobre-cores-para-fachada'  class=\"wp-block-heading\">FAQ &#8211; D\u00favidas frequentes sobre cores para fachada<\/h2>\n\n\n<div id=\"rank-math-faq\" class=\"rank-math-block\">\n<div class=\"rank-math-list\">\n<div id=\"faq-question-1749055647184\" class=\"rank-math-list-item\">\n<h3 id='qual-a-melhor-cor-para-fachadas-pequenas'  class=\"rank-math-question\"><strong>Qual a melhor cor para fachadas pequenas?<\/strong><\/h3>\n<div class=\"rank-math-answer\">\n\n<p>Tons claros como off-white, areia e cinza claro ajudam a ampliar visualmente e trazem leveza.<\/p>\n\n<\/div>\n<\/div>\n<div id=\"faq-question-1749055658268\" class=\"rank-math-list-item\">\n<h3 id='posso-usar-cores-vibrantes-na-fachada'  class=\"rank-math-question\"><strong>Posso usar cores vibrantes na fachada?<\/strong><\/h3>\n<div class=\"rank-math-answer\">\n\n<p>Sim! Mas prefira usar em detalhes como portas, janelas ou muros. Assim, o visual n\u00e3o fica sobrecarregado.<\/p>\n\n<\/div>\n<\/div>\n<div id=\"faq-question-1749055669490\" class=\"rank-math-list-item\">\n<h3 id='preciso-contratar-um-profissional-para-pintar'  class=\"rank-math-question\"><strong>Preciso contratar um profissional para pintar?<\/strong><\/h3>\n<div class=\"rank-math-answer\">\n\n<p>N\u00e3o \u00e9 obrigat\u00f3rio, mas um bom pintor pode garantir acabamento perfeito e mais durabilidade.<\/p>\n\n<\/div>\n<\/div>\n<div id=\"faq-question-1749055679647\" class=\"rank-math-list-item\">\n<h3 id='quais-tintas-s\u00e3o-mais-resistentes-para-\u00e1rea-externa'  class=\"rank-math-question\"><strong>Quais tintas s\u00e3o mais resistentes para \u00e1rea externa?<\/strong><\/h3>\n<div class=\"rank-math-answer\">\n\n<p>Tinta acr\u00edlica fosca ou semibrilho s\u00e3o ideais para fachadas. Elas s\u00e3o lav\u00e1veis e mais resistentes ao sol e \u00e0 chuva.<\/p>\n\n<\/div>\n<\/div>\n<div id=\"faq-question-1749055689361\" class=\"rank-math-list-item\">\n<h3 id='com-que-frequ\u00eancia-devo-repintar-minha-fachada'  class=\"rank-math-question\"><strong>Com que frequ\u00eancia devo repintar minha fachada?<\/strong><\/h3>\n<div class=\"rank-math-answer\">\n\n<p>O ideal \u00e9 a cada 3 a 5 anos, dependendo do clima da sua regi\u00e3o e da qualidade da tinta.<\/p>\n\n<\/div>\n<\/div>\n<\/div>\n<\/div>\n\n\n<figure class=\"wp-block-image aligncenter size-large\"><img data-recalc-dims=\"1\" loading=\"lazy\" decoding=\"async\" width=\"1024\" height=\"683\" src=\"https:\/\/i0.wp.com\/1truenote.com\/wp-content\/uploads\/2025\/06\/ChatGPT-Image-4-de-jun.-de-2025-13_52_37.png?resize=1024%2C683&#038;ssl=1\" alt=\"cores para fachada tintas acr\u00edlicas\" class=\"wp-image-2708\" srcset=\"https:\/\/i0.wp.com\/1truenote.com\/wp-content\/uploads\/2025\/06\/ChatGPT-Image-4-de-jun.-de-2025-13_52_37.png?resize=1024%2C683&amp;ssl=1 1024w, https:\/\/i0.wp.com\/1truenote.com\/wp-content\/uploads\/2025\/06\/ChatGPT-Image-4-de-jun.-de-2025-13_52_37.png?resize=300%2C200&amp;ssl=1 300w, https:\/\/i0.wp.com\/1truenote.com\/wp-content\/uploads\/2025\/06\/ChatGPT-Image-4-de-jun.-de-2025-13_52_37.png?resize=768%2C512&amp;ssl=1 768w, https:\/\/i0.wp.com\/1truenote.com\/wp-content\/uploads\/2025\/06\/ChatGPT-Image-4-de-jun.-de-2025-13_52_37.png?resize=150%2C100&amp;ssl=1 150w, https:\/\/i0.wp.com\/1truenote.com\/wp-content\/uploads\/2025\/06\/ChatGPT-Image-4-de-jun.-de-2025-13_52_37.png?w=1536&amp;ssl=1 1536w\" sizes=\"(max-width: 1024px) 100vw, 1024px\" \/><\/figure>\n\n\n\n<p><\/p>","protected":false},"excerpt":{"rendered":"<p>Cores para fachada e combina\u00e7\u00f5es. Sabe aquele momento em que a gente olha pra casa e sente que falta algo?&#8230;<\/p>","protected":false},"author":1,"featured_media":2708,"comment_status":"open","ping_status":"open","sticky":false,"template":"","format":"standard","meta":{"_kad_post_transparent":"","_kad_post_title":"","_kad_post_layout":"","_kad_post_sidebar_id":"","_kad_post_content_style":"","_kad_post_vertical_padding":"","_kad_post_feature":"","_kad_post_feature_position":"","_kad_post_header":false,"_kad_post_footer":false,"_kad_post_classname":"","footnotes":"","jetpack_publicize_message":"","jetpack_publicize_feature_enabled":true,"jetpack_social_post_already_shared":true,"jetpack_social_options":{"image_generator_settings":{"template":"highway","enabled":false},"version":2}},"categories":[16],"tags":[13,14],"class_list":["post-2707","post","type-post","status-publish","format-standard","has-post-thumbnail","hentry","category-casa-e-jardim","tag-minimalista","tag-interiores-inovadores"],"jetpack_publicize_connections":[],"jetpack_featured_media_url":"https:\/\/i0.wp.com\/1truenote.com\/wp-content\/uploads\/2025\/06\/ChatGPT-Image-4-de-jun.-de-2025-13_52_37.png?fit=1536%2C1024&ssl=1","jetpack_sharing_enabled":true,"_links":{"self":[{"href":"https:\/\/1truenote.com\/en\/wp-json\/wp\/v2\/posts\/2707","targetHints":{"allow":["GET"]}}],"collection":[{"href":"https:\/\/1truenote.com\/en\/wp-json\/wp\/v2\/posts"}],"about":[{"href":"https:\/\/1truenote.com\/en\/wp-json\/wp\/v2\/types\/post"}],"author":[{"embeddable":true,"href":"https:\/\/1truenote.com\/en\/wp-json\/wp\/v2\/users\/1"}],"replies":[{"embeddable":true,"href":"https:\/\/1truenote.com\/en\/wp-json\/wp\/v2\/comments?post=2707"}],"version-history":[{"count":0,"href":"https:\/\/1truenote.com\/en\/wp-json\/wp\/v2\/posts\/2707\/revisions"}],"wp:featuredmedia":[{"embeddable":true,"href":"https:\/\/1truenote.com\/en\/wp-json\/wp\/v2\/media\/2708"}],"wp:attachment":[{"href":"https:\/\/1truenote.com\/en\/wp-json\/wp\/v2\/media?parent=2707"}],"wp:term":[{"taxonomy":"category","embeddable":true,"href":"https:\/\/1truenote.com\/en\/wp-json\/wp\/v2\/categories?post=2707"},{"taxonomy":"post_tag","embeddable":true,"href":"https:\/\/1truenote.com\/en\/wp-json\/wp\/v2\/tags?post=2707"}],"curies":[{"name":"wp","href":"https:\/\/api.w.org\/{rel}","templated":true}]}}