{"id":2704,"date":"2025-06-04T16:00:00","date_gmt":"2025-06-04T19:00:00","guid":{"rendered":"https:\/\/1truenote.com\/?p=2704"},"modified":"2025-06-04T12:07:27","modified_gmt":"2025-06-04T15:07:27","slug":"airfryer-na-cozinha","status":"publish","type":"post","link":"https:\/\/1truenote.com\/en\/airfryer-na-cozinha\/","title":{"rendered":"Deus no c\u00e9u, Airfryer na bancada: Entenda o hype por tr\u00e1s desse fen\u00f4meno da cozinha"},"content":{"rendered":"<p>Sabe aquele eletrodom\u00e9stico que virou praticamente membro da fam\u00edlia? Pois \u00e9, estamos falando da <strong>airfryer na cozinha<\/strong>. Se voc\u00ea j\u00e1 tem uma, provavelmente j\u00e1 entende o amor. Se ainda n\u00e3o tem, prepara o cora\u00e7\u00e3o: este artigo pode te convencer.<\/p>\n\n\n\n<p>A verdade \u00e9 que a airfryer conquistou seu espa\u00e7o pela praticidade, pela promessa de comidas crocantes sem um pingo de \u00f3leo e por caber direitinho na rotina de quem busca rapidez sem abrir m\u00e3o do sabor.<\/p>\n\n\n\n<p>Vamos entender juntos por que esse queridinho n\u00e3o sai mais da bancada da cozinha?<\/p>\n\n\n\n<hr class=\"wp-block-separator has-alpha-channel-opacity\"\/>\n\n\n\n<h2 id='por-que-a-airfryer-virou-febre-nas-redes-e-nas-casas'  class=\"wp-block-heading\"><strong>Por que a airfryer virou febre nas redes e nas casas<\/strong><\/h2>\n\n\n\n<p>A ascens\u00e3o da <strong>airfryer na cozinha<\/strong> n\u00e3o foi \u00e0 toa. Al\u00e9m de facilitar a vida de quem cozinha, ela se tornou uma das estrelas das redes sociais. Tem receita de tudo: do cl\u00e1ssico frango empanado at\u00e9 bolo de cenoura. E o melhor? Tudo feito sem sujeira, sem fuma\u00e7a e com resultado incr\u00edvel.<\/p>\n\n\n\n<p>O design compacto tamb\u00e9m ajudou. Cabe em qualquer cantinho e combina com quase toda decora\u00e7\u00e3o de cozinha. Sem falar que muita gente come\u00e7ou a cozinhar por causa dela.<\/p>\n\n\n\n<p><strong>Dica esperta:<\/strong><\/p>\n\n\n\n<ul class=\"wp-block-list\">\n<li>Use papel manteiga perfurado pra evitar sujeira sem atrapalhar a circula\u00e7\u00e3o de ar.<\/li>\n\n\n\n<li>D\u00ea prefer\u00eancia a modelos com cesto remov\u00edvel (facilita muito na hora da limpeza).<\/li>\n<\/ul>\n\n\n\n<hr class=\"wp-block-separator has-alpha-channel-opacity\"\/>\n\n\n\n<figure class=\"wp-block-image aligncenter size-medium\"><a href=\"https:\/\/chat.whatsapp.com\/KJBkp5LFJVRIvmt5X3hSEh\" target=\"_blank\" rel=\"noopener\"><img data-recalc-dims=\"1\" fetchpriority=\"high\" decoding=\"async\" width=\"200\" height=\"300\" src=\"https:\/\/i0.wp.com\/1truenote.com\/wp-content\/uploads\/2025\/06\/ChatGPT-Image-3-de-jun.-de-2025-19_04_53.png?resize=200%2C300&#038;ssl=1\" alt=\"chamada banner advetorial whats\" class=\"wp-image-2683\" srcset=\"https:\/\/i0.wp.com\/1truenote.com\/wp-content\/uploads\/2025\/06\/ChatGPT-Image-3-de-jun.-de-2025-19_04_53.png?resize=200%2C300&amp;ssl=1 200w, https:\/\/i0.wp.com\/1truenote.com\/wp-content\/uploads\/2025\/06\/ChatGPT-Image-3-de-jun.-de-2025-19_04_53.png?resize=683%2C1024&amp;ssl=1 683w, https:\/\/i0.wp.com\/1truenote.com\/wp-content\/uploads\/2025\/06\/ChatGPT-Image-3-de-jun.-de-2025-19_04_53.png?resize=768%2C1152&amp;ssl=1 768w, https:\/\/i0.wp.com\/1truenote.com\/wp-content\/uploads\/2025\/06\/ChatGPT-Image-3-de-jun.-de-2025-19_04_53.png?resize=150%2C225&amp;ssl=1 150w, https:\/\/i0.wp.com\/1truenote.com\/wp-content\/uploads\/2025\/06\/ChatGPT-Image-3-de-jun.-de-2025-19_04_53.png?w=1024&amp;ssl=1 1024w\" sizes=\"(max-width: 200px) 100vw, 200px\" \/><\/a><\/figure>\n\n\n\n<hr class=\"wp-block-separator has-alpha-channel-opacity\"\/>\n\n\n\n<h2 id='o-que-d\u00e1-pra-fazer-com-uma-airfryer-na-cozinha'  class=\"wp-block-heading\"><strong>O que d\u00e1 pra fazer com uma airfryer na cozinha?<\/strong><\/h2>\n\n\n\n<p>A lista \u00e9 longa e surpreendente! Quem pensa que ela s\u00f3 serve pra batata frita vai se surpreender com a versatilidade desse aparelho.<\/p>\n\n\n\n<p><strong>Veja algumas ideias deliciosas:<\/strong><\/p>\n\n\n\n<ul class=\"wp-block-list\">\n<li>Frango crocante<\/li>\n\n\n\n<li>Chips de legumes<\/li>\n\n\n\n<li>P\u00e3o de queijo<\/li>\n\n\n\n<li>Bolinho de arroz<\/li>\n\n\n\n<li>Lasanha individual<\/li>\n\n\n\n<li>Bolo no potinho<\/li>\n\n\n\n<li>Brownie<\/li>\n<\/ul>\n\n\n\n<p>Com criatividade, a airfryer vira quase um mini forno turbo!<\/p>\n\n\n\n<h3 id='tabela-pratos-f\u00e1ceis-para-fazer-na-airfryer'  class=\"wp-block-heading\"><strong>Tabela: Pratos f\u00e1ceis para fazer na airfryer<\/strong><\/h3>\n\n\n\n<figure class=\"wp-block-table\"><table class=\"has-fixed-layout\"><tbody><tr><th>Prato<\/th><th>Tempo aproximado<\/th><th>Temperatura<\/th><\/tr><tr><td>Batata frita caseira<\/td><td>20 min<\/td><td>200\u00baC<\/td><\/tr><tr><td>Nuggets caseiros<\/td><td>15 min<\/td><td>180\u00baC<\/td><\/tr><tr><td>P\u00e3o de queijo<\/td><td>10 min<\/td><td>160\u00baC<\/td><\/tr><tr><td>Salm\u00e3o temperado<\/td><td>12 min<\/td><td>200\u00baC<\/td><\/tr><tr><td>Banana com canela<\/td><td>8 min<\/td><td>180\u00baC<\/td><\/tr><\/tbody><\/table><\/figure>\n\n\n\n<hr class=\"wp-block-separator has-alpha-channel-opacity\"\/>\n\n\n\n<h2 id='airfryer-\u00e9-mesmo-mais-saud\u00e1vel'  class=\"wp-block-heading\"><strong>Airfryer \u00e9 mesmo mais saud\u00e1vel?<\/strong><\/h2>\n\n\n\n<p>Essa \u00e9 a pergunta que muita gente se faz. E a resposta \u00e9 sim, desde que usada com equil\u00edbrio. A <strong>airfryer na cozinha<\/strong> ajuda a reduzir drasticamente o uso de \u00f3leo. Isso n\u00e3o quer dizer que tudo feito nela \u00e9 automaticamente &#8220;fit&#8221;, mas com certeza \u00e9 mais leve do que uma fritura tradicional.<\/p>\n\n\n\n<p>Al\u00e9m disso, ela preserva melhor o sabor natural dos ingredientes e exige menos adi\u00e7\u00f5es extras. E vamos combinar? Isso j\u00e1 \u00e9 um baita ponto positivo.<\/p>\n\n\n\n<p><strong>Dicas saud\u00e1veis para usar sua airfryer:<\/strong><\/p>\n\n\n\n<ul class=\"wp-block-list\">\n<li>Tempere os alimentos com ervas naturais<\/li>\n\n\n\n<li>Use azeite apenas em spray, se quiser<\/li>\n\n\n\n<li>Evite alimentos congelados ultra processados<\/li>\n<\/ul>\n\n\n\n<hr class=\"wp-block-separator has-alpha-channel-opacity\"\/>\n\n\n\n<h2 id='como-escolher-a-melhor-airfryer-para-sua-cozinha'  class=\"wp-block-heading\"><strong>Como escolher a melhor airfryer para sua cozinha<\/strong><\/h2>\n\n\n\n<p>Com tantos modelos no mercado, fica dif\u00edcil decidir. Mas alguns pontos fazem toda a diferen\u00e7a:<\/p>\n\n\n\n<h3 id='tabela-o-que-observar-antes-de-comprar'  class=\"wp-block-heading\"><strong>Tabela: O que observar antes de comprar<\/strong><\/h3>\n\n\n\n<figure class=\"wp-block-table\"><table class=\"has-fixed-layout\"><tbody><tr><td>Crit\u00e9rio<\/td><td>Por qu\u00ea importa?<\/td><\/tr><tr><td>Capacidade<\/td><td>Define a quantidade de comida por rodada<\/td><\/tr><tr><td>Pot\u00eancia<\/td><td>Impacta no tempo de preparo<\/td><\/tr><tr><td>Facilidade de limpeza<\/td><td>Evita dor de cabe\u00e7a ap\u00f3s o uso<\/td><\/tr><tr><td>Controle de temperatura<\/td><td>Mais precis\u00e3o nas receitas<\/td><\/tr><tr><td>Marca e garantia<\/td><td>Confian\u00e7a e assist\u00eancia se algo der errado<\/td><\/tr><\/tbody><\/table><\/figure>\n\n\n\n<h2 id='airfryer-na-cozinha'  class=\"wp-block-heading\"><strong>Airfryer na cozinha<\/strong><\/h2>\n\n\n\n<p>A airfryer na cozinha \u00e9 um desses acertos que vieram pra ficar. Compacta, pr\u00e1tica e vers\u00e1til, ela muda a forma como a gente se relaciona com o ato de cozinhar. Seja pra agilizar o jantar ou testar receitas novas, ela entrega.<\/p>\n\n\n\n<p>Se voc\u00ea ainda t\u00e1 na d\u00favida, aqui vai um conselho sincero: testa. Uma vez que ela entra na rotina, \u00e9 dif\u00edcil viver sem. E se j\u00e1 tem a sua, bora explorar mais possibilidades! Voc\u00ea pode ver mais <a href=\"https:\/\/1truenote.com\/en\/category\/novidades\/\" data-type=\"link\" data-id=\"https:\/\/1truenote.com\/category\/novidades\/\">aqui<\/a>.<\/p>\n\n\n\n<h2 id='faq-d\u00favidas-comuns-sobre-airfryer-na-cozinha'  class=\"wp-block-heading\"><strong>FAQ &#8211; D\u00favidas comuns sobre airfryer na cozinha<\/strong><\/h2>\n\n\n<div id=\"rank-math-faq\" class=\"rank-math-block\">\n<div class=\"rank-math-list\">\n<div id=\"faq-question-1749049181350\" class=\"rank-math-list-item\">\n<h3 id='posso-colocar-papel-alum\u00ednio-na-airfryer'  class=\"rank-math-question\"><strong>Posso colocar papel alum\u00ednio na airfryer?<\/strong><\/h3>\n<div class=\"rank-math-answer\">\n\n<p>Pode, mas com cuidado. Evite cobrir toda a superf\u00edcie para n\u00e3o bloquear a circula\u00e7\u00e3o de ar.<\/p>\n\n<\/div>\n<\/div>\n<div id=\"faq-question-1749049194880\" class=\"rank-math-list-item\">\n<h3 id='airfryer-gasta-muita-energia'  class=\"rank-math-question\"><strong>Airfryer gasta muita energia?<\/strong><\/h3>\n<div class=\"rank-math-answer\">\n\n<p>N\u00e3o. Ela costuma consumir menos que um forno el\u00e9trico comum, j\u00e1 que o preparo \u00e9 mais r\u00e1pido.<\/p>\n\n<\/div>\n<\/div>\n<div id=\"faq-question-1749049205244\" class=\"rank-math-list-item\">\n<h3 id='posso-usar-forma-dentro-da-airfryer'  class=\"rank-math-question\"><strong>Posso usar forma dentro da airfryer?<\/strong><\/h3>\n<div class=\"rank-math-answer\">\n\n<p>Sim! Mas prefira formas de silicone ou metal que caibam confortavelmente no cesto.<\/p>\n\n<\/div>\n<\/div>\n<div id=\"faq-question-1749049217244\" class=\"rank-math-list-item\">\n<h3 id='precisa-preaquecer'  class=\"rank-math-question\"><strong>Precisa preaquecer?<\/strong><\/h3>\n<div class=\"rank-math-answer\">\n\n<p>Depende da receita, mas geralmente 3 a 5 minutos s\u00e3o suficientes.<\/p>\n\n<\/div>\n<\/div>\n<\/div>\n<\/div>\n\n\n<figure class=\"wp-block-image aligncenter size-large\"><img data-recalc-dims=\"1\" decoding=\"async\" width=\"1024\" height=\"683\" src=\"https:\/\/i0.wp.com\/1truenote.com\/wp-content\/uploads\/2025\/06\/ChatGPT-Image-4-de-jun.-de-2025-12_07_15.png?resize=1024%2C683&#038;ssl=1\" alt=\"airfryer na cozinha\" class=\"wp-image-2705\" srcset=\"https:\/\/i0.wp.com\/1truenote.com\/wp-content\/uploads\/2025\/06\/ChatGPT-Image-4-de-jun.-de-2025-12_07_15.png?resize=1024%2C683&amp;ssl=1 1024w, https:\/\/i0.wp.com\/1truenote.com\/wp-content\/uploads\/2025\/06\/ChatGPT-Image-4-de-jun.-de-2025-12_07_15.png?resize=300%2C200&amp;ssl=1 300w, https:\/\/i0.wp.com\/1truenote.com\/wp-content\/uploads\/2025\/06\/ChatGPT-Image-4-de-jun.-de-2025-12_07_15.png?resize=768%2C512&amp;ssl=1 768w, https:\/\/i0.wp.com\/1truenote.com\/wp-content\/uploads\/2025\/06\/ChatGPT-Image-4-de-jun.-de-2025-12_07_15.png?resize=150%2C100&amp;ssl=1 150w, https:\/\/i0.wp.com\/1truenote.com\/wp-content\/uploads\/2025\/06\/ChatGPT-Image-4-de-jun.-de-2025-12_07_15.png?w=1536&amp;ssl=1 1536w\" sizes=\"(max-width: 1024px) 100vw, 1024px\" \/><\/figure>","protected":false},"excerpt":{"rendered":"<p>Sabe aquele eletrodom\u00e9stico que virou praticamente membro da fam\u00edlia? Pois \u00e9, estamos falando da airfryer na cozinha. Se voc\u00ea j\u00e1&#8230;<\/p>","protected":false},"author":1,"featured_media":2705,"comment_status":"open","ping_status":"open","sticky":false,"template":"","format":"standard","meta":{"_kad_post_transparent":"","_kad_post_title":"","_kad_post_layout":"","_kad_post_sidebar_id":"","_kad_post_content_style":"","_kad_post_vertical_padding":"","_kad_post_feature":"","_kad_post_feature_position":"","_kad_post_header":false,"_kad_post_footer":false,"_kad_post_classname":"","footnotes":"","jetpack_publicize_message":"","jetpack_publicize_feature_enabled":true,"jetpack_social_post_already_shared":true,"jetpack_social_options":{"image_generator_settings":{"template":"highway","enabled":false},"version":2}},"categories":[1],"tags":[15,23],"class_list":["post-2704","post","type-post","status-publish","format-standard","has-post-thumbnail","hentry","category-novidades","tag-conservacao-e-manutencao","tag-produtos"],"jetpack_publicize_connections":[],"jetpack_featured_media_url":"https:\/\/i0.wp.com\/1truenote.com\/wp-content\/uploads\/2025\/06\/ChatGPT-Image-4-de-jun.-de-2025-12_07_15.png?fit=1536%2C1024&ssl=1","jetpack_sharing_enabled":true,"_links":{"self":[{"href":"https:\/\/1truenote.com\/en\/wp-json\/wp\/v2\/posts\/2704","targetHints":{"allow":["GET"]}}],"collection":[{"href":"https:\/\/1truenote.com\/en\/wp-json\/wp\/v2\/posts"}],"about":[{"href":"https:\/\/1truenote.com\/en\/wp-json\/wp\/v2\/types\/post"}],"author":[{"embeddable":true,"href":"https:\/\/1truenote.com\/en\/wp-json\/wp\/v2\/users\/1"}],"replies":[{"embeddable":true,"href":"https:\/\/1truenote.com\/en\/wp-json\/wp\/v2\/comments?post=2704"}],"version-history":[{"count":0,"href":"https:\/\/1truenote.com\/en\/wp-json\/wp\/v2\/posts\/2704\/revisions"}],"wp:featuredmedia":[{"embeddable":true,"href":"https:\/\/1truenote.com\/en\/wp-json\/wp\/v2\/media\/2705"}],"wp:attachment":[{"href":"https:\/\/1truenote.com\/en\/wp-json\/wp\/v2\/media?parent=2704"}],"wp:term":[{"taxonomy":"category","embeddable":true,"href":"https:\/\/1truenote.com\/en\/wp-json\/wp\/v2\/categories?post=2704"},{"taxonomy":"post_tag","embeddable":true,"href":"https:\/\/1truenote.com\/en\/wp-json\/wp\/v2\/tags?post=2704"}],"curies":[{"name":"wp","href":"https:\/\/api.w.org\/{rel}","templated":true}]}}