{"id":2668,"date":"2025-06-03T12:00:00","date_gmt":"2025-06-03T15:00:00","guid":{"rendered":"https:\/\/1truenote.com\/?p=2668"},"modified":"2025-06-03T11:43:11","modified_gmt":"2025-06-03T14:43:11","slug":"banheiro-com-closet-pequeno-dicas-e-ideias","status":"publish","type":"post","link":"https:\/\/1truenote.com\/en\/banheiro-com-closet-pequeno-dicas-e-ideias\/","title":{"rendered":"Banheiro + closet em espa\u00e7os compactos: solu\u00e7\u00f5es que funcionam mesmo em poucos metros"},"content":{"rendered":"<p>J\u00e1 pensou em sair do banho e ter o closet logo ali, ao alcance da m\u00e3o? Pois \u00e9, integrar <strong>banheiro com closet pequeno<\/strong> virou tend\u00eancia \u2013 e n\u00e3o s\u00f3 pelo charme, mas pela praticidade. Quando cada metro quadrado conta, unir fun\u00e7\u00f5es e manter a organiza\u00e7\u00e3o vira quase uma arte. E a boa not\u00edcia? Com o planejamento certo, isso \u00e9 totalmente poss\u00edvel!<\/p>\n\n\n\n<p>Separamos ideias, materiais certeiros, dicas de ouro (daquelas que s\u00f3 arquiteto entrega) e ainda respondemos as d\u00favidas mais comuns no final. Bora explorar?<\/p>\n\n\n\n<hr class=\"wp-block-separator has-alpha-channel-opacity\"\/>\n\n\n\n<h2 id='o-que-\u00e9-preciso-para-integrar-banheiro-e-closet-com-conforto-banheiro-com-closet-pequeno'  class=\"wp-block-heading\">O que \u00e9 preciso para integrar banheiro e closet com conforto? Banheiro com closet pequeno?<\/h2>\n\n\n\n<p>Logo de cara, a d\u00favida que mais aparece: <strong>qual o tamanho m\u00ednimo para um banheiro com closet pequeno?<\/strong> A resposta varia conforme a fun\u00e7\u00e3o de cada ambiente, mas a conta b\u00e1sica \u00e9 simples:<\/p>\n\n\n\n<figure class=\"wp-block-table\"><table class=\"has-fixed-layout\"><thead><tr><th>Espa\u00e7o<\/th><th>Medida m\u00ednima<\/th><\/tr><\/thead><tbody><tr><td>\u00c1rea integrada (banheiro + closet)<\/td><td>A partir de 2,5 m\u00b2<\/td><\/tr><tr><td>Circula\u00e7\u00e3o entre arm\u00e1rios<\/td><td>80 cm livres<\/td><\/tr><tr><td>Profundidade dos cabideiros (sem portas)<\/td><td>55 cm<\/td><\/tr><\/tbody><\/table><\/figure>\n\n\n\n<p>Agora, se o closet tiver portas, prefira as de correr. Elas economizam espa\u00e7o e ainda podem ter espelho embutido \u2014 o que amplia visualmente o ambiente e resolve dois problemas de uma vez!<\/p>\n\n\n\n<hr class=\"wp-block-separator has-alpha-channel-opacity\"\/>\n\n\n\n<h2 id='setorizar-\u00e9-essencial-mesmo-em-espa\u00e7os-micro'  class=\"wp-block-heading\">Setorizar \u00e9 essencial (mesmo em espa\u00e7os micro!)<\/h2>\n\n\n\n<p>Mesmo integrando, o ideal \u00e9 dar <strong>identidade para cada canto<\/strong>. Sabe aquela hist\u00f3ria de tudo junto e misturado? N\u00e3o funciona t\u00e3o bem quando o espa\u00e7o \u00e9 limitado. A chave aqui \u00e9 setoriza\u00e7\u00e3o inteligente:<\/p>\n\n\n\n<ul class=\"wp-block-list\">\n<li>Use cores ou texturas diferentes para destacar o closet do banheiro.<\/li>\n\n\n\n<li>Prefira divis\u00f3rias discretas, como pain\u00e9is ripados ou vidros jateados.<\/li>\n\n\n\n<li>Se der, crie ao menos uma \u201cbarreira visual\u201d para o vaso sanit\u00e1rio (vale at\u00e9 um arm\u00e1rio alto no meio do caminho!).<\/li>\n<\/ul>\n\n\n\n<p>E sim, <strong>banheiro com closet pequeno<\/strong> precisa de ventila\u00e7\u00e3o! Janelas s\u00e3o ideais, mas se n\u00e3o for poss\u00edvel, instale um bom exaustor. Umidade no closet n\u00e3o d\u00e1!<\/p>\n\n\n\n<hr class=\"wp-block-separator has-alpha-channel-opacity\"\/>\n\n\n\n<h2 id='materiais-certos-beleza-+-funcionalidade'  class=\"wp-block-heading\">Materiais certos: beleza + funcionalidade<\/h2>\n\n\n\n<p>Aqui vai um ponto-chave: <strong>nem todo material bonito combina com um espa\u00e7o \u00famido<\/strong>. Ent\u00e3o, escolha com carinho:<\/p>\n\n\n\n<figure class=\"wp-block-table\"><table class=\"has-fixed-layout\"><thead><tr><th>\u00c1rea<\/th><th>Materiais ideais<\/th><\/tr><\/thead><tbody><tr><td>Banheiro<\/td><td>Porcelanato, m\u00e1rmore, cer\u00e2mica, vidro temperado<\/td><\/tr><tr><td>Closet<\/td><td>MDF com tratamento, madeira, vin\u00edlico, tapetes lav\u00e1veis<\/td><\/tr><\/tbody><\/table><\/figure>\n\n\n\n<p>Uma dica pr\u00e1tica: pisos vin\u00edlicos s\u00e3o quentinhos no p\u00e9 e super f\u00e1ceis de manter. J\u00e1 nos arm\u00e1rios, o MDF com acabamento BP \u00e9 resistente \u00e0 umidade e n\u00e3o descasca com facilidade.<\/p>\n\n\n\n<p>Na paleta de cores, neutros s\u00e3o certeiros \u2014 e os detalhes \u00e9 que d\u00e3o o charme: puxadores dourados, fitas de LED, espelhos com moldura\u2026 pequenos toques fazem toda a diferen\u00e7a!<\/p>\n\n\n\n<hr class=\"wp-block-separator has-alpha-channel-opacity\"\/>\n\n\n\n<h2 id='12-ideias-reais-que-provam-que-o-combo-d\u00e1-certo'  class=\"wp-block-heading\">12 ideias reais que provam que o combo d\u00e1 certo<\/h2>\n\n\n\n<p>Pra te inspirar de verdade, separamos 12 solu\u00e7\u00f5es que mostram como o <strong>banheiro com closet pequeno<\/strong> pode ser funcional e lindo:<\/p>\n\n\n\n<ol class=\"wp-block-list\">\n<li><strong>Porta de correr embutida:<\/strong> separa os dois ambientes sem roubar espa\u00e7o.<\/li>\n\n\n\n<li><strong>Closet em \u201ccorredor\u201d at\u00e9 o banheiro:<\/strong> aproveita bem at\u00e9 ambientes estreitos.<\/li>\n\n\n\n<li><strong>Marcenaria com nichos abertos:<\/strong> facilita o dia a dia e economiza portas.<\/li>\n\n\n\n<li><strong>Cabideiros na lateral do banheiro:<\/strong> perfeito para quem tem pouqu\u00edssima \u00e1rea \u00fatil.<\/li>\n\n\n\n<li><strong>Espelhos do ch\u00e3o ao teto:<\/strong> ampliam tudo visualmente.<\/li>\n\n\n\n<li><strong>Arm\u00e1rios suspensos:<\/strong> liberam espa\u00e7o no piso e facilitam a limpeza.<\/li>\n\n\n\n<li><strong>Closet embutido atr\u00e1s da bancada:<\/strong> d\u00e1 privacidade e fluidez.<\/li>\n\n\n\n<li><strong>Ilumina\u00e7\u00e3o setorizada com LED:<\/strong> delimita visualmente cada espa\u00e7o.<\/li>\n\n\n\n<li><strong>Banquinho multiuso:<\/strong> sentar, apoiar roupas, decorar.<\/li>\n\n\n\n<li><strong>M\u00f3veis 2 em 1:<\/strong> como arm\u00e1rio + divis\u00f3ria ou bancada com sapateira.<\/li>\n\n\n\n<li><strong>Closet linear com portas de vidro fosco:<\/strong> mant\u00e9m leveza e delimita.<\/li>\n\n\n\n<li><strong>Revestimentos que combinam nos dois ambientes:<\/strong> cria unidade visual.<\/li>\n<\/ol>\n\n\n\n<hr class=\"wp-block-separator has-alpha-channel-opacity\"\/>\n\n\n\n<figure class=\"wp-block-image aligncenter size-large\"><img data-recalc-dims=\"1\" fetchpriority=\"high\" decoding=\"async\" width=\"683\" height=\"1024\" src=\"https:\/\/i0.wp.com\/1truenote.com\/wp-content\/uploads\/2025\/05\/ChatGPT-Image-8-de-mai.-de-2025-18_33_46.png?resize=683%2C1024&#038;ssl=1\" alt=\"Banheiro pequeno\" class=\"wp-image-1564\" srcset=\"https:\/\/i0.wp.com\/1truenote.com\/wp-content\/uploads\/2025\/05\/ChatGPT-Image-8-de-mai.-de-2025-18_33_46.png?resize=683%2C1024&amp;ssl=1 683w, https:\/\/i0.wp.com\/1truenote.com\/wp-content\/uploads\/2025\/05\/ChatGPT-Image-8-de-mai.-de-2025-18_33_46.png?resize=200%2C300&amp;ssl=1 200w, https:\/\/i0.wp.com\/1truenote.com\/wp-content\/uploads\/2025\/05\/ChatGPT-Image-8-de-mai.-de-2025-18_33_46.png?resize=768%2C1152&amp;ssl=1 768w, https:\/\/i0.wp.com\/1truenote.com\/wp-content\/uploads\/2025\/05\/ChatGPT-Image-8-de-mai.-de-2025-18_33_46.png?w=1024&amp;ssl=1 1024w\" sizes=\"(max-width: 683px) 100vw, 683px\" \/><\/figure>\n\n\n\n<hr class=\"wp-block-separator has-alpha-channel-opacity\"\/>\n\n\n\n<h2 id='espa\u00e7o-pequeno-solu\u00e7\u00e3o-inteligente-banheiro-com-closet-pequeno'  class=\"wp-block-heading\">Espa\u00e7o pequeno, solu\u00e7\u00e3o inteligente &#8211; banheiro com closet pequeno<\/h2>\n\n\n\n<p>Quando o espa\u00e7o aperta, a criatividade expande. O <strong>banheiro com closet pequeno<\/strong> \u00e9 prova de que, com boas escolhas e ideias pr\u00e1ticas, d\u00e1 pra unir conforto, est\u00e9tica e praticidade no mesmo ambiente. Menos parede, mais fluidez. Menos porta, mais funcionalidade.<\/p>\n\n\n\n<p>Agora me conta: qual dessas ideias voc\u00ea se imagina colocando em pr\u00e1tica? Gostou do <a href=\"https:\/\/br.pinterest.com\/search\/pins\/?q=banheiro%20com%20closet&amp;rs=typed\" data-type=\"link\" data-id=\"https:\/\/br.pinterest.com\/search\/pins\/?q=banheiro%20com%20closet&amp;rs=typed\" target=\"_blank\" rel=\"noopener\">banheiro<\/a> com closet pequeno? Voc\u00ea pode ver mais <a href=\"https:\/\/1truenote.com\/en\/category\/casa-e-jardim\/\" data-type=\"link\" data-id=\"https:\/\/1truenote.com\/category\/casa-e-jardim\/\">aqui<\/a>.<\/p>\n\n\n\n<hr class=\"wp-block-separator has-alpha-channel-opacity\"\/>\n\n\n\n<h2 id='d\u00favidas-frequentes-sobre-banheiro-com-closet-pequeno-faq'  class=\"wp-block-heading\">D\u00favidas frequentes sobre banheiro com closet pequeno (FAQ)<\/h2>\n\n\n<div id=\"rank-math-faq\" class=\"rank-math-block\">\n<div class=\"rank-math-list\">\n<div id=\"faq-question-1748961379552\" class=\"rank-math-list-item\">\n<h3 id='closet-dentro-do-banheiro-d\u00e1-certo-mesmo'  class=\"rank-math-question\">Closet dentro do banheiro d\u00e1 certo mesmo?<\/h3>\n<div class=\"rank-math-answer\">\n\n<p>Sim, desde que haja ventila\u00e7\u00e3o adequada e materiais resistentes \u00e0 umidade.<\/p>\n\n<\/div>\n<\/div>\n<div id=\"faq-question-1748961390883\" class=\"rank-math-list-item\">\n<h3 id='preciso-colocar-portas-nos-arm\u00e1rios-do-closet'  class=\"rank-math-question\">Preciso colocar portas nos arm\u00e1rios do closet?<\/h3>\n<div class=\"rank-math-answer\">\n\n<p>N\u00e3o obrigatoriamente. Portas de correr ou nichos abertos funcionam bem, desde que a limpeza seja frequente.<\/p>\n\n<\/div>\n<\/div>\n<div id=\"faq-question-1748961396009\" class=\"rank-math-list-item\">\n<h3 id='banheiro-com-closet-pequeno-fica-abafado'  class=\"rank-math-question\">Banheiro com closet pequeno fica abafado?<\/h3>\n<div class=\"rank-math-answer\">\n\n<p>Pode acontecer se n\u00e3o houver ventila\u00e7\u00e3o. Janelas, exaustores e cores claras ajudam a evitar essa sensa\u00e7\u00e3o.<\/p>\n\n<\/div>\n<\/div>\n<div id=\"faq-question-1748961405226\" class=\"rank-math-list-item\">\n<h3 id='qual-o-melhor-piso-para-closet-integrado-ao-banheiro'  class=\"rank-math-question\">Qual o melhor piso para closet integrado ao banheiro?<\/h3>\n<div class=\"rank-math-answer\">\n\n<p>O vin\u00edlico \u00e9 \u00f3timo: quentinho, antiderrapante e resistente \u00e0 umidade leve.<\/p>\n\n<\/div>\n<\/div>\n<div id=\"faq-question-1748961413277\" class=\"rank-math-list-item\">\n<h3 id='d\u00e1-pra-fazer-esse-tipo-de-integra\u00e7\u00e3o-num-ap\u00ea-de-40-m\u00b2'  class=\"rank-math-question\">D\u00e1 pra fazer esse tipo de integra\u00e7\u00e3o num ap\u00ea de 40 m\u00b2?<\/h3>\n<div class=\"rank-math-answer\">\n\n<p>Com planejamento e marcenaria sob medida, d\u00e1 sim! \u00c9 s\u00f3 ajustar as propor\u00e7\u00f5es e priorizar a funcionalidade.<\/p>\n\n<\/div>\n<\/div>\n<\/div>\n<\/div>\n\n\n<figure class=\"wp-block-image aligncenter size-large\"><img data-recalc-dims=\"1\" decoding=\"async\" width=\"1024\" height=\"683\" src=\"https:\/\/i0.wp.com\/1truenote.com\/wp-content\/uploads\/2025\/06\/ChatGPT-Image-3-de-jun.-de-2025-11_43_12.png?resize=1024%2C683&#038;ssl=1\" alt=\"banheiro com closet pequeno\" class=\"wp-image-2669\" srcset=\"https:\/\/i0.wp.com\/1truenote.com\/wp-content\/uploads\/2025\/06\/ChatGPT-Image-3-de-jun.-de-2025-11_43_12.png?resize=1024%2C683&amp;ssl=1 1024w, https:\/\/i0.wp.com\/1truenote.com\/wp-content\/uploads\/2025\/06\/ChatGPT-Image-3-de-jun.-de-2025-11_43_12.png?resize=300%2C200&amp;ssl=1 300w, https:\/\/i0.wp.com\/1truenote.com\/wp-content\/uploads\/2025\/06\/ChatGPT-Image-3-de-jun.-de-2025-11_43_12.png?resize=768%2C512&amp;ssl=1 768w, https:\/\/i0.wp.com\/1truenote.com\/wp-content\/uploads\/2025\/06\/ChatGPT-Image-3-de-jun.-de-2025-11_43_12.png?resize=150%2C100&amp;ssl=1 150w, https:\/\/i0.wp.com\/1truenote.com\/wp-content\/uploads\/2025\/06\/ChatGPT-Image-3-de-jun.-de-2025-11_43_12.png?w=1536&amp;ssl=1 1536w\" sizes=\"(max-width: 1024px) 100vw, 1024px\" \/><\/figure>","protected":false},"excerpt":{"rendered":"<p>J\u00e1 pensou em sair do banho e ter o closet logo ali, ao alcance da m\u00e3o? Pois \u00e9, integrar banheiro&#8230;<\/p>","protected":false},"author":1,"featured_media":2669,"comment_status":"open","ping_status":"open","sticky":false,"template":"","format":"standard","meta":{"_kad_post_transparent":"","_kad_post_title":"","_kad_post_layout":"","_kad_post_sidebar_id":"","_kad_post_content_style":"","_kad_post_vertical_padding":"","_kad_post_feature":"","_kad_post_feature_position":"","_kad_post_header":false,"_kad_post_footer":false,"_kad_post_classname":"","footnotes":"","jetpack_publicize_message":"","jetpack_publicize_feature_enabled":true,"jetpack_social_post_already_shared":true,"jetpack_social_options":{"image_generator_settings":{"template":"highway","enabled":false},"version":2}},"categories":[16,1],"tags":[14,12],"class_list":["post-2668","post","type-post","status-publish","format-standard","has-post-thumbnail","hentry","category-casa-e-jardim","category-novidades","tag-interiores-inovadores","tag-projetos-inovadores"],"jetpack_publicize_connections":[],"jetpack_featured_media_url":"https:\/\/i0.wp.com\/1truenote.com\/wp-content\/uploads\/2025\/06\/ChatGPT-Image-3-de-jun.-de-2025-11_43_12.png?fit=1536%2C1024&ssl=1","jetpack_sharing_enabled":true,"_links":{"self":[{"href":"https:\/\/1truenote.com\/en\/wp-json\/wp\/v2\/posts\/2668","targetHints":{"allow":["GET"]}}],"collection":[{"href":"https:\/\/1truenote.com\/en\/wp-json\/wp\/v2\/posts"}],"about":[{"href":"https:\/\/1truenote.com\/en\/wp-json\/wp\/v2\/types\/post"}],"author":[{"embeddable":true,"href":"https:\/\/1truenote.com\/en\/wp-json\/wp\/v2\/users\/1"}],"replies":[{"embeddable":true,"href":"https:\/\/1truenote.com\/en\/wp-json\/wp\/v2\/comments?post=2668"}],"version-history":[{"count":0,"href":"https:\/\/1truenote.com\/en\/wp-json\/wp\/v2\/posts\/2668\/revisions"}],"wp:featuredmedia":[{"embeddable":true,"href":"https:\/\/1truenote.com\/en\/wp-json\/wp\/v2\/media\/2669"}],"wp:attachment":[{"href":"https:\/\/1truenote.com\/en\/wp-json\/wp\/v2\/media?parent=2668"}],"wp:term":[{"taxonomy":"category","embeddable":true,"href":"https:\/\/1truenote.com\/en\/wp-json\/wp\/v2\/categories?post=2668"},{"taxonomy":"post_tag","embeddable":true,"href":"https:\/\/1truenote.com\/en\/wp-json\/wp\/v2\/tags?post=2668"}],"curies":[{"name":"wp","href":"https:\/\/api.w.org\/{rel}","templated":true}]}}