{"id":2660,"date":"2025-06-02T20:00:00","date_gmt":"2025-06-02T23:00:00","guid":{"rendered":"https:\/\/1truenote.com\/?p=2660"},"modified":"2025-06-02T19:05:17","modified_gmt":"2025-06-02T22:05:17","slug":"aparador-na-decoracao-ideias-e-dicas","status":"publish","type":"post","link":"https:\/\/1truenote.com\/en\/aparador-na-decoracao-ideias-e-dicas\/","title":{"rendered":"O que \u00e9 aparador e por que ele virou queridinho na decora\u00e7\u00e3o"},"content":{"rendered":"<div class=\"fit_content\">\n                <div class=\"bd_toc_container\" data-fixedwidth=\"\">\n                    <div class=\"bd_toc_wrapper\" data-wrapperpadding=\"48px\">\n                        <div class=\"bd_toc_wrapper_item\">\n                            <div class=\"bd_toc_header active\" data-headerpadding=\"2px\">\n                                <div class=\"bd_toc_header_title\">\n                                    Sum\u00e1rio                                <\/div>\n                                <div class=\"bd_toc_switcher_hide_show_icon\">\n                                    <span class=\"bd_toc_arrow\"><\/span>                                <\/div>\n                            <\/div>\n                            <div class=\"bd_toc_content list-type-number\">\n                                <div class=\"bd_toc_content_list\">\n                                    <div class='bd_toc_content_list_item'>    <ul>\n      <li class=\"first\">\n        <a href=\"#para-que-serve-um-aparador\">Para que serve um aparador?<\/a>\n      <\/li>\n      <li>\n        <a href=\"#onde-usar-um-aparador-rack-veja-ideias-para-cada-ambiente\">Onde usar um aparador\/rack? Veja ideias para cada ambiente<\/a>\n      <\/li>\n      <li>\n        <a href=\"#como-escolher-o-ideal\">Como escolher o ideal?<\/a>\n      <\/li>\n      <li>\n        <a href=\"#dicas-para-usar-com-estilo\">Dicas para usar com estilo<\/a>\n      <\/li>\n      <li>\n        <a href=\"#mais-charme-e-fun\u00e7\u00e3o-em-um-s\u00f3-m\u00f3vel\">Mais charme e fun\u00e7\u00e3o em um s\u00f3 m\u00f3vel<\/a>\n      <\/li>\n      <li class=\"last\">\n        <a href=\"#faq-perguntas-frequentes-sobre-aparadores\">FAQ \u2013 Perguntas frequentes sobre aparadores<\/a>\n        <ul class=\"menu_level_2\">\n          <li class=\"first\">\n            <a href=\"#qual-a-diferen\u00e7a-entre-aparador-e-buf\u00ea\">Qual a diferen\u00e7a entre aparador e buf\u00ea?<\/a>\n          <\/li>\n          <li>\n            <a href=\"#posso-usar-aparador-em-apartamento-pequeno\">Posso usar aparador em apartamento pequeno?<\/a>\n          <\/li>\n          <li>\n            <a href=\"#qual-a-altura-ideal-de-um-aparador\">Qual a altura ideal de um aparador?<\/a>\n          <\/li>\n          <li>\n            <a href=\"#\u00e9-necess\u00e1rio-prender-o-aparador-na-parede\">\u00c9 necess\u00e1rio prender o aparador na parede?<\/a>\n          <\/li>\n          <li class=\"last\">\n            <a href=\"#onde-comprar-aparadores-estilosos\">Onde comprar aparadores estilosos?<\/a>\n          <\/li>\n        <\/ul>\n      <\/li>\n    <\/ul>\n<\/div>                                <\/div>\n                            <\/div>\n                        <\/div>\n                    <\/div>\n                    <div class=\"layout_toggle_button\">\n                        <span class=\"bd_toc_arrow\"><\/span>\n                    <\/div>\n                <\/div>\n            <\/div>\n\n    \n\n\n<p>Sabe aquele m\u00f3vel que parece discreto, mas transforma qualquer cantinho da casa? Esse \u00e9 o <strong>aparador<\/strong> <strong>(rack)<\/strong> \u2014 o queridinho do momento no mundo da decora\u00e7\u00e3o. Ele \u00e9 leve, vers\u00e1til e cheio de charme. E o melhor: d\u00e1 pra usar em quase todos os c\u00f4modos!<\/p>\n\n\n\n<p>Com jeitinho de pe\u00e7a de apoio, o aparador \u00e9 uma solu\u00e7\u00e3o perfeita pra quem quer unir funcionalidade e est\u00e9tica sem pesar no ambiente. Vem comigo entender por que ele est\u00e1 roubando a cena \u2014 e como voc\u00ea pode usar na sua casa!<\/p>\n\n\n\n<hr class=\"wp-block-separator has-alpha-channel-opacity\"\/>\n\n\n\n<h2 id='para-que-serve-um-aparador'  class=\"wp-block-heading\">Para que serve um aparador?<\/h2>\n\n\n\n<p>Logo de cara, j\u00e1 d\u00e1 pra dizer que o rack \u00e9 um verdadeiro coringa. Ele organiza sem atrapalhar a circula\u00e7\u00e3o, embeleza sem exagero e ainda serve de suporte pra objetos do dia a dia.<\/p>\n\n\n\n<p>Na entrada da casa, vira apoio para chaves e bolsas. Atr\u00e1s do sof\u00e1, ajuda a delimitar os espa\u00e7os. E na sala de jantar, funciona como um &#8220;mini buf\u00ea&#8221; super charmoso. Ou seja: funcional e decorativo na medida certa.<\/p>\n\n\n\n<hr class=\"wp-block-separator has-alpha-channel-opacity\"\/>\n\n\n\n<h2 id='onde-usar-um-aparador-rack-veja-ideias-para-cada-ambiente'  class=\"wp-block-heading\">Onde usar um aparador\/rack? Veja ideias para cada ambiente<\/h2>\n\n\n\n<p>O legal do rack \u00e9 justamente essa liberdade de uso. Ele se adapta com facilidade \u2014 seja num ap\u00ea pequeno ou numa casa mais ampla.<\/p>\n\n\n\n<p><strong>Algumas sugest\u00f5es pr\u00e1ticas:<\/strong><\/p>\n\n\n\n<ul class=\"wp-block-list\">\n<li><strong>Na sala de estar<\/strong>: atr\u00e1s do sof\u00e1 ou na parede com quadros.<\/li>\n\n\n\n<li><strong>Na sala de jantar<\/strong>: como apoio para servir refei\u00e7\u00f5es ou decorar.<\/li>\n\n\n\n<li><strong>No hall de entrada<\/strong>: para objetos do dia a dia.<\/li>\n\n\n\n<li><strong>No corredor<\/strong>: com adornos e lumin\u00e1rias.<\/li>\n\n\n\n<li><strong>No quarto ou escrit\u00f3rio<\/strong>: como apoio ou mesinha decorativa.<\/li>\n<\/ul>\n\n\n\n<hr class=\"wp-block-separator has-alpha-channel-opacity\"\/>\n\n\n\n<h2 id='como-escolher-o-ideal'  class=\"wp-block-heading\">Como escolher o ideal?<\/h2>\n\n\n\n<p>Antes de sair comprando, vale considerar o estilo da sua casa e o espa\u00e7o dispon\u00edvel. Cada detalhe conta!<\/p>\n\n\n\n<figure class=\"wp-block-table\"><table class=\"has-fixed-layout\"><thead><tr><th>Estilo do ambiente<\/th><th>Tipo de aparador ideal<\/th><\/tr><\/thead><tbody><tr><td>Cl\u00e1ssico<\/td><td>Em laca, madeira com acabamentos sofisticados<\/td><\/tr><tr><td>Industrial<\/td><td>Metal, madeira escura, linhas retas<\/td><\/tr><tr><td>Minimalista<\/td><td>Design limpo, cores neutras<\/td><\/tr><tr><td>Boho ou colorido<\/td><td>Madeira natural ou com pintura vibrante<\/td><\/tr><tr><td>Contempor\u00e2neo<\/td><td>P\u00e9s met\u00e1licos, formas leves, mix de materiais<\/td><\/tr><\/tbody><\/table><\/figure>\n\n\n\n<p>Al\u00e9m disso, aten\u00e7\u00e3o \u00e0 <strong>altura e profundidade<\/strong> \u2014 ele deve se encaixar sem atrapalhar a passagem e harmonizar com os outros m\u00f3veis.<\/p>\n\n\n\n<hr class=\"wp-block-separator has-alpha-channel-opacity\"\/>\n\n\n\n<h2 id='dicas-para-usar-com-estilo'  class=\"wp-block-heading\">Dicas para usar com estilo<\/h2>\n\n\n\n<p>O segredo est\u00e1 nos detalhes! Veja truques que fazem toda a diferen\u00e7a:<\/p>\n\n\n\n<ul class=\"wp-block-list\">\n<li>Coloque um <strong>espelho ou quadro<\/strong> acima do aparador para criar um ponto focal.<\/li>\n\n\n\n<li>Use <strong>livros, vasos, lumin\u00e1rias e bandejas<\/strong> para compor o visual.<\/li>\n\n\n\n<li>Se tiver pets ou crian\u00e7as pequenas, prefira modelos mais robustos ou fixos.<\/li>\n\n\n\n<li>Aposte na <strong>simetria<\/strong> na hora de decorar \u2014 dois casti\u00e7ais, dois vasos, etc.<\/li>\n\n\n\n<li>Quer algo pr\u00e1tico? Transforme o aparador num cantinho do caf\u00e9 ou bar.<\/li>\n<\/ul>\n\n\n\n<h2 id='mais-charme-e-fun\u00e7\u00e3o-em-um-s\u00f3-m\u00f3vel'  class=\"wp-block-heading\">Mais charme e fun\u00e7\u00e3o em um s\u00f3 m\u00f3vel<\/h2>\n\n\n\n<p>Se tem um m\u00f3vel que merece um espa\u00e7o na sua casa, esse m\u00f3vel \u00e9 o rack. Ele \u00e9 daqueles que n\u00e3o chamam aten\u00e7\u00e3o de cara, mas fazem toda a diferen\u00e7a. Com ele, qualquer cantinho ganha estilo e utilidade \u2014 sem exagero, sem complica\u00e7\u00e3o.<\/p>\n\n\n\n<p>Ent\u00e3o, que tal dar uma repaginada no ambiente com um <a href=\"https:\/\/br.pinterest.com\/fmendescarvalho\/aparador-e-rack\/\" data-type=\"link\" data-id=\"https:\/\/br.pinterest.com\/fmendescarvalho\/aparador-e-rack\/\" target=\"_blank\" rel=\"noopener\">aparador<\/a> do jeitinho que voc\u00ea gosta? A dica \u00e9 come\u00e7ar pequeno e deixar sua criatividade florescer. E a\u00ed, vai apostar nesse queridinho da vez? Voc\u00ea pode ver mais conte\u00fados clicando <a href=\"https:\/\/1truenote.com\/en\/category\/casa-e-jardim\/\" data-type=\"link\" data-id=\"https:\/\/1truenote.com\/category\/casa-e-jardim\/\">aqui<\/a>.<\/p>\n\n\n\n<h2 id='faq-perguntas-frequentes-sobre-aparadores'  class=\"wp-block-heading\">FAQ \u2013 Perguntas frequentes sobre aparadores<\/h2>\n\n\n<div id=\"rank-math-faq\" class=\"rank-math-block\">\n<div class=\"rank-math-list\">\n<div id=\"faq-question-1748901106826\" class=\"rank-math-list-item\">\n<h3 id='qual-a-diferen\u00e7a-entre-aparador-e-buf\u00ea'  class=\"rank-math-question\">Qual a diferen\u00e7a entre aparador e buf\u00ea?<\/h3>\n<div class=\"rank-math-answer\">\n\n<p>O buf\u00ea \u00e9 maior, fechado, e serve para armazenar. J\u00e1 o aparador \u00e9 mais leve, geralmente aberto, e usado como pe\u00e7a de apoio e decora\u00e7\u00e3o.<\/p>\n\n<\/div>\n<\/div>\n<div id=\"faq-question-1748901317815\" class=\"rank-math-list-item\">\n<h3 id='posso-usar-aparador-em-apartamento-pequeno'  class=\"rank-math-question\">Posso usar aparador em apartamento pequeno?<\/h3>\n<div class=\"rank-math-answer\">\n\n<p>Sim! Inclusive, ele \u00e9 \u00f3timo pra ganhar funcionalidade sem ocupar muito espa\u00e7o.<\/p>\n\n<\/div>\n<\/div>\n<div id=\"faq-question-1748901325676\" class=\"rank-math-list-item\">\n<h3 id='qual-a-altura-ideal-de-um-aparador'  class=\"rank-math-question\">Qual a altura ideal de um aparador?<\/h3>\n<div class=\"rank-math-answer\">\n\n<p>Entre 75 e 85 cm \u00e9 o mais comum. Mas tudo depende do seu uso e do ambiente.<\/p>\n\n<\/div>\n<\/div>\n<div id=\"faq-question-1748901334153\" class=\"rank-math-list-item\">\n<h3 id='\u00e9-necess\u00e1rio-prender-o-aparador-na-parede'  class=\"rank-math-question\">\u00c9 necess\u00e1rio prender o aparador na parede?<\/h3>\n<div class=\"rank-math-answer\">\n\n<p>Nem sempre. Mas se houver risco de tombar (especialmente com crian\u00e7as), vale a pena fixar.<\/p>\n\n<\/div>\n<\/div>\n<div id=\"faq-question-1748901345264\" class=\"rank-math-list-item\">\n<h3 id='onde-comprar-aparadores-estilosos'  class=\"rank-math-question\">Onde comprar aparadores estilosos?<\/h3>\n<div class=\"rank-math-answer\">\n\n<p>Hoje h\u00e1 op\u00e7\u00f5es em lojas f\u00edsicas, marketplaces, ateli\u00eas de marcenaria e at\u00e9 m\u00f3veis usados cheios de personalidade.<\/p>\n\n<\/div>\n<\/div>\n<\/div>\n<\/div>\n\n\n<figure class=\"wp-block-image aligncenter size-large\"><img data-recalc-dims=\"1\" fetchpriority=\"high\" decoding=\"async\" width=\"1024\" height=\"683\" src=\"https:\/\/i0.wp.com\/1truenote.com\/wp-content\/uploads\/2025\/06\/ChatGPT-Image-2-de-jun.-de-2025-19_02_20.png?resize=1024%2C683&#038;ssl=1\" alt=\"aparador\" class=\"wp-image-2661\" srcset=\"https:\/\/i0.wp.com\/1truenote.com\/wp-content\/uploads\/2025\/06\/ChatGPT-Image-2-de-jun.-de-2025-19_02_20.png?resize=1024%2C683&amp;ssl=1 1024w, https:\/\/i0.wp.com\/1truenote.com\/wp-content\/uploads\/2025\/06\/ChatGPT-Image-2-de-jun.-de-2025-19_02_20.png?resize=300%2C200&amp;ssl=1 300w, https:\/\/i0.wp.com\/1truenote.com\/wp-content\/uploads\/2025\/06\/ChatGPT-Image-2-de-jun.-de-2025-19_02_20.png?resize=768%2C512&amp;ssl=1 768w, https:\/\/i0.wp.com\/1truenote.com\/wp-content\/uploads\/2025\/06\/ChatGPT-Image-2-de-jun.-de-2025-19_02_20.png?resize=150%2C100&amp;ssl=1 150w, https:\/\/i0.wp.com\/1truenote.com\/wp-content\/uploads\/2025\/06\/ChatGPT-Image-2-de-jun.-de-2025-19_02_20.png?w=1536&amp;ssl=1 1536w\" sizes=\"(max-width: 1024px) 100vw, 1024px\" \/><\/figure>","protected":false},"excerpt":{"rendered":"<p>Sabe aquele m\u00f3vel que parece discreto, mas transforma qualquer cantinho da casa? Esse \u00e9 o aparador (rack) \u2014 o queridinho&#8230;<\/p>","protected":false},"author":1,"featured_media":2661,"comment_status":"open","ping_status":"open","sticky":false,"template":"","format":"standard","meta":{"_kad_post_transparent":"","_kad_post_title":"","_kad_post_layout":"","_kad_post_sidebar_id":"","_kad_post_content_style":"","_kad_post_vertical_padding":"","_kad_post_feature":"","_kad_post_feature_position":"","_kad_post_header":false,"_kad_post_footer":false,"_kad_post_classname":"","footnotes":"","jetpack_publicize_message":"","jetpack_publicize_feature_enabled":true,"jetpack_social_post_already_shared":true,"jetpack_social_options":{"image_generator_settings":{"template":"highway","enabled":false},"version":2}},"categories":[16],"tags":[14],"class_list":["post-2660","post","type-post","status-publish","format-standard","has-post-thumbnail","hentry","category-casa-e-jardim","tag-interiores-inovadores"],"jetpack_publicize_connections":[],"jetpack_featured_media_url":"https:\/\/i0.wp.com\/1truenote.com\/wp-content\/uploads\/2025\/06\/ChatGPT-Image-2-de-jun.-de-2025-19_02_20.png?fit=1536%2C1024&ssl=1","jetpack_sharing_enabled":true,"_links":{"self":[{"href":"https:\/\/1truenote.com\/en\/wp-json\/wp\/v2\/posts\/2660","targetHints":{"allow":["GET"]}}],"collection":[{"href":"https:\/\/1truenote.com\/en\/wp-json\/wp\/v2\/posts"}],"about":[{"href":"https:\/\/1truenote.com\/en\/wp-json\/wp\/v2\/types\/post"}],"author":[{"embeddable":true,"href":"https:\/\/1truenote.com\/en\/wp-json\/wp\/v2\/users\/1"}],"replies":[{"embeddable":true,"href":"https:\/\/1truenote.com\/en\/wp-json\/wp\/v2\/comments?post=2660"}],"version-history":[{"count":0,"href":"https:\/\/1truenote.com\/en\/wp-json\/wp\/v2\/posts\/2660\/revisions"}],"wp:featuredmedia":[{"embeddable":true,"href":"https:\/\/1truenote.com\/en\/wp-json\/wp\/v2\/media\/2661"}],"wp:attachment":[{"href":"https:\/\/1truenote.com\/en\/wp-json\/wp\/v2\/media?parent=2660"}],"wp:term":[{"taxonomy":"category","embeddable":true,"href":"https:\/\/1truenote.com\/en\/wp-json\/wp\/v2\/categories?post=2660"},{"taxonomy":"post_tag","embeddable":true,"href":"https:\/\/1truenote.com\/en\/wp-json\/wp\/v2\/tags?post=2660"}],"curies":[{"name":"wp","href":"https:\/\/api.w.org\/{rel}","templated":true}]}}