{"id":2632,"date":"2025-06-02T16:00:00","date_gmt":"2025-06-02T19:00:00","guid":{"rendered":"https:\/\/1truenote.com\/?p=2632"},"modified":"2025-06-02T14:06:44","modified_gmt":"2025-06-02T17:06:44","slug":"jardim-vertical-pequeno-em-espaco-reduzido","status":"publish","type":"post","link":"https:\/\/1truenote.com\/en\/jardim-vertical-pequeno-em-espaco-reduzido\/","title":{"rendered":"A solu\u00e7\u00e3o criativa para ter um jardim mesmo em espa\u00e7os min\u00fasculos"},"content":{"rendered":"<div class=\"fit_content\">\n                <div class=\"bd_toc_container\" data-fixedwidth=\"\">\n                    <div class=\"bd_toc_wrapper\" data-wrapperpadding=\"48px\">\n                        <div class=\"bd_toc_wrapper_item\">\n                            <div class=\"bd_toc_header active\" data-headerpadding=\"2px\">\n                                <div class=\"bd_toc_header_title\">\n                                    Sum\u00e1rio                                <\/div>\n                                <div class=\"bd_toc_switcher_hide_show_icon\">\n                                    <span class=\"bd_toc_arrow\"><\/span>                                <\/div>\n                            <\/div>\n                            <div class=\"bd_toc_content list-type-number\">\n                                <div class=\"bd_toc_content_list\">\n                                    <div class='bd_toc_content_list_item'>    <ul>\n      <li class=\"first\">\n        <a href=\"#1-o-que-\u00e9-um-jardim-vertical-pequeno-e-por-que-ele-\u00e9-t\u00e3o-incr\u00edvel\">1. O que \u00e9 um jardim vertical pequeno e por que ele \u00e9 t\u00e3o incr\u00edvel?<\/a>\n      <\/li>\n      <li>\n        <a href=\"#2-materiais-para-come\u00e7ar-seu-jardim-vertical\">2. Materiais para come\u00e7ar seu jardim vertical<\/a>\n      <\/li>\n      <li>\n        <a href=\"#3-melhores-plantas-para-jardim-vertical-pequeno\">3. Melhores plantas para jardim vertical pequeno<\/a>\n        <ul class=\"menu_level_2\">\n          <li class=\"first\">\n            <a href=\"#\ud83c\udf1e-plantas-que-amam-sol\">\ud83c\udf1e Plantas que amam sol:<\/a>\n          <\/li>\n          <li>\n            <a href=\"#\ud83c\udf24\ufe0f-plantas-para-meia-sombra\">\ud83c\udf24\ufe0f Plantas para meia-sombra:<\/a>\n          <\/li>\n          <li class=\"last\">\n            <a href=\"#\ud83c\udf11-plantas-para-sombra\">\ud83c\udf11 Plantas para sombra:<\/a>\n          <\/li>\n        <\/ul>\n      <\/li>\n      <li>\n        <a href=\"#4-onde-montar-seu-jardim-vertical-pequeno\">4. Onde montar seu jardim vertical pequeno?<\/a>\n      <\/li>\n      <li>\n        <a href=\"#5-dicas-de-ouro-para-o-sucesso-do-seu-jardim-vertical-\ud83c\udf31\">5. Dicas de ouro para o sucesso do seu jardim vertical \ud83c\udf31<\/a>\n      <\/li>\n      <li>\n        <a href=\"#inspira\u00e7\u00e3o-ideias-simples-e-criativas-pra-copiar-hoje-mesmo\">Inspira\u00e7\u00e3o: Ideias simples e criativas pra copiar hoje mesmo<\/a>\n      <\/li>\n      <li>\n        <a href=\"#verde-\u00e9-vida-mesmo-em-poucos-metros\">Verde \u00e9 vida \u2014 mesmo em poucos metros<\/a>\n      <\/li>\n      <li class=\"last\">\n        <a href=\"#faq-perguntas-frequentes-sobre-jardim-vertical-pequeno\">FAQ \u2013 Perguntas Frequentes sobre jardim vertical pequeno<\/a>\n        <ul class=\"menu_level_2\">\n          <li class=\"first\">\n            <a href=\"#jardim-vertical-precisa-de-irriga\u00e7\u00e3o-autom\u00e1tica\">Jardim vertical precisa de irriga\u00e7\u00e3o autom\u00e1tica?<\/a>\n          <\/li>\n          <li>\n            <a href=\"#posso-montar-em-parede-interna\">Posso montar em parede interna?<\/a>\n          <\/li>\n          <li>\n            <a href=\"#quanto-custa-em-m\u00e9dia\">Quanto custa em m\u00e9dia?<\/a>\n          <\/li>\n          <li class=\"last\">\n            <a href=\"#e-se-eu-n\u00e3o-tiver-sol-em-casa\">E se eu n\u00e3o tiver sol em casa?<\/a>\n          <\/li>\n        <\/ul>\n      <\/li>\n    <\/ul>\n<\/div>                                <\/div>\n                            <\/div>\n                        <\/div>\n                    <\/div>\n                    <div class=\"layout_toggle_button\">\n                        <span class=\"bd_toc_arrow\"><\/span>\n                    <\/div>\n                <\/div>\n            <\/div>\n\n    \n\n\n<p><strong>Jardim vertical pequeno<\/strong>. Quem disse que precisa de quintal pra ter um cantinho verde em casa? Com um jardim vertical, at\u00e9 a menor parede vira um o\u00e1sis. \ud83c\udf3f Seja na varanda, no corredor, ou at\u00e9 no banheiro, d\u00e1 pra trazer vida e frescor sem ocupar quase nenhum espa\u00e7o.<\/p>\n\n\n\n<p>A ideia \u00e9 simples, mas o efeito\u2026 \u00e9 transformador. E o melhor? Funciona tanto pra quem ama cuidar das plantinhas quanto pra quem s\u00f3 quer um toque de natureza sem complica\u00e7\u00e3o. Vem descobrir como montar o seu!<\/p>\n\n\n\n<hr class=\"wp-block-separator has-alpha-channel-opacity\"\/>\n\n\n\n<h2 id='1-o-que-\u00e9-um-jardim-vertical-pequeno-e-por-que-ele-\u00e9-t\u00e3o-incr\u00edvel'  class=\"wp-block-heading\">1. O que \u00e9 um jardim vertical pequeno e por que ele \u00e9 t\u00e3o incr\u00edvel?<\/h2>\n\n\n\n<p>Um jardim vertical nada mais \u00e9 do que um arranjo de plantas em estrutura vertical \u2014 pode ser uma parede, uma treli\u00e7a ou at\u00e9 prateleiras empilhadas. Ele surgiu como solu\u00e7\u00e3o criativa pra quem mora em espa\u00e7os reduzidos, mas ganhou o cora\u00e7\u00e3o de todo mundo que ama verde.<\/p>\n\n\n\n<p>Al\u00e9m de lindo, ele ainda traz v\u00e1rios benef\u00edcios:<\/p>\n\n\n\n<ul class=\"wp-block-list\">\n<li>Melhora a qualidade do ar<\/li>\n\n\n\n<li>Economiza espa\u00e7o (ideal pra ap\u00eas!)<\/li>\n\n\n\n<li>D\u00e1 um toque natural e acolhedor<\/li>\n\n\n\n<li>Reduz a temperatura do ambiente<\/li>\n\n\n\n<li>\u00c9 super vers\u00e1til e personaliz\u00e1vel<\/li>\n<\/ul>\n\n\n\n<hr class=\"wp-block-separator has-alpha-channel-opacity\"\/>\n\n\n\n<h2 id='2-materiais-para-come\u00e7ar-seu-jardim-vertical'  class=\"wp-block-heading\">2. Materiais para come\u00e7ar seu jardim vertical<\/h2>\n\n\n\n<p>N\u00e3o precisa de muito pra montar um jardim vertical pequeno. Olha s\u00f3 uma listinha b\u00e1sica pra come\u00e7ar com o p\u00e9 direito:<\/p>\n\n\n\n<figure class=\"wp-block-table\"><table class=\"has-fixed-layout\"><thead><tr><th>Item<\/th><th>Fun\u00e7\u00e3o<\/th><\/tr><\/thead><tbody><tr><td>Suporte (painel, pallet)<\/td><td>Base para prender os vasos<\/td><\/tr><tr><td>Vasos pequenos<\/td><td>Prefer\u00eancia por modelos leves ou com encaixe<\/td><\/tr><tr><td>Terra vegetal<\/td><td>Essencial para nutrir as plantas<\/td><\/tr><tr><td>Sistema de irriga\u00e7\u00e3o<\/td><td>Pode ser por gotejamento ou manual<\/td><\/tr><tr><td>Ferramentas b\u00e1sicas<\/td><td>Tesoura de poda, luvas, borrifador<\/td><\/tr><\/tbody><\/table><\/figure>\n\n\n\n<p>Dica: se for montar na parede, use buchas e parafusos adequados para evitar acidentes.<\/p>\n\n\n\n<hr class=\"wp-block-separator has-alpha-channel-opacity\"\/>\n\n\n\n<h2 id='3-melhores-plantas-para-jardim-vertical-pequeno'  class=\"wp-block-heading\">3. Melhores plantas para jardim vertical pequeno<\/h2>\n\n\n\n<p>A escolha certa das esp\u00e9cies faz toda a diferen\u00e7a \u2014 tanto pela est\u00e9tica quanto pela praticidade.<\/p>\n\n\n\n<h3 id='\ud83c\udf1e-plantas-que-amam-sol'  class=\"wp-block-heading\">\ud83c\udf1e Plantas que amam sol:<\/h3>\n\n\n\n<ul class=\"wp-block-list\">\n<li>Suculentas e cactos<\/li>\n\n\n\n<li>Alecrim, manjeric\u00e3o e hortel\u00e3<\/li>\n\n\n\n<li>Lavanda e ros\u00e1lia<\/li>\n<\/ul>\n\n\n\n<h3 id='\ud83c\udf24\ufe0f-plantas-para-meia-sombra'  class=\"wp-block-heading\">\ud83c\udf24\ufe0f Plantas para meia-sombra:<\/h3>\n\n\n\n<ul class=\"wp-block-list\">\n<li>Samambaia<\/li>\n\n\n\n<li>Jib\u00f3ia<\/li>\n\n\n\n<li>R\u00e1fia<\/li>\n<\/ul>\n\n\n\n<h3 id='\ud83c\udf11-plantas-para-sombra'  class=\"wp-block-heading\">\ud83c\udf11 Plantas para sombra:<\/h3>\n\n\n\n<ul class=\"wp-block-list\">\n<li>Zamioculca<\/li>\n\n\n\n<li>Espada-de-s\u00e3o-jorge<\/li>\n\n\n\n<li>L\u00edrio-da-paz<\/li>\n<\/ul>\n\n\n\n<p><strong>Dica:<\/strong> misture folhagens pendentes com plantas mais estruturadas. O visual fica mais interessante!<\/p>\n\n\n\n<hr class=\"wp-block-separator has-alpha-channel-opacity\"\/>\n\n\n\n<h2 id='4-onde-montar-seu-jardim-vertical-pequeno'  class=\"wp-block-heading\">4. Onde montar seu jardim vertical pequeno?<\/h2>\n\n\n\n<p>O jardim vertical pequeno se adapta super bem a v\u00e1rios cantinhos:<\/p>\n\n\n\n<ul class=\"wp-block-list\">\n<li><strong>Na varanda<\/strong>: ideal pra criar um ref\u00fagio verde<\/li>\n\n\n\n<li><strong>Na cozinha<\/strong>: perfeito pra ter temperinhos sempre \u00e0 m\u00e3o<\/li>\n\n\n\n<li><strong>No banheiro<\/strong>: d\u00e1 um up na decora\u00e7\u00e3o e ainda ajuda com a umidade<\/li>\n\n\n\n<li><strong>Na sala<\/strong>: transforma qualquer parede simples em ponto focal<\/li>\n<\/ul>\n\n\n\n<p><strong>Importante:<\/strong> observe a ilumina\u00e7\u00e3o natural do local antes de definir o tipo de planta.<\/p>\n\n\n\n<hr class=\"wp-block-separator has-alpha-channel-opacity\"\/>\n\n\n\n<h2 id='5-dicas-de-ouro-para-o-sucesso-do-seu-jardim-vertical-\ud83c\udf31'  class=\"wp-block-heading\">5. Dicas de ouro para o sucesso do seu jardim vertical \ud83c\udf31<\/h2>\n\n\n\n<ul class=\"wp-block-list\">\n<li>Escolha um suporte seguro e firme<\/li>\n\n\n\n<li>Posicione os vasos de forma que todos recebam luz<\/li>\n\n\n\n<li>Use terra de qualidade e adube periodicamente<\/li>\n\n\n\n<li>Regue com modera\u00e7\u00e3o: excesso de \u00e1gua \u00e9 o maior vil\u00e3o<\/li>\n\n\n\n<li>Limpe folhas secas com frequ\u00eancia e observe sinais de pragas<\/li>\n<\/ul>\n\n\n\n<h2 id='inspira\u00e7\u00e3o-ideias-simples-e-criativas-pra-copiar-hoje-mesmo'  class=\"wp-block-heading\">Inspira\u00e7\u00e3o: Ideias simples e criativas pra copiar hoje mesmo<\/h2>\n\n\n\n<ul class=\"wp-block-list\">\n<li>Painel de madeira com vasinhos coloridos<\/li>\n\n\n\n<li>Garrafas PET cortadas e penduradas com corda<\/li>\n\n\n\n<li>Jardim de ervas na parede da cozinha<\/li>\n\n\n\n<li>Cestos de palha com plantas pendentes<\/li>\n\n\n\n<li>Prateleiras estreitas com suculentas<\/li>\n<\/ul>\n\n\n\n<p>E o mais legal: tudo isso pode ser feito com materiais reaproveitados ou bem baratinhos. \u00c9 charme com consci\u00eancia! \ud83d\udc9a<\/p>\n\n\n\n<hr class=\"wp-block-separator has-alpha-channel-opacity\"\/>\n\n\n\n<h2 id='verde-\u00e9-vida-mesmo-em-poucos-metros'  class=\"wp-block-heading\">Verde \u00e9 vida \u2014 mesmo em poucos metros<\/h2>\n\n\n\n<p>Ter um <strong>jardim vertical pequeno<\/strong> \u00e9 como abrir uma janela pra natureza dentro de casa. Ele traz cor, perfume e aconchego, al\u00e9m de melhorar o clima e deixar tudo mais leve. E o melhor: cabe em qualquer cantinho!<\/p>\n\n\n\n<p>Se voc\u00ea sempre sonhou em ter plantas, mas achava que faltava espa\u00e7o\u2026 t\u00e1 a\u00ed a solu\u00e7\u00e3o. Comece com poucos vasos, v\u00e1 testando esp\u00e9cies, adapte o estilo ao seu gosto \u2014 o importante \u00e9 se permitir.<\/p>\n\n\n\n<p>Bora transformar sua parede em <a href=\"https:\/\/br.pinterest.com\/vivadecorabr\/jardim-vertical\/\" data-type=\"link\" data-id=\"https:\/\/br.pinterest.com\/vivadecorabr\/jardim-vertical\/\" target=\"_blank\" rel=\"noopener\">floresta particular<\/a>? \ud83c\udf3f\u2728<br>Gostou do<strong> jardim vertical pequeno<\/strong>? Voc\u00ea pode ver mais conte\u00fados como esse clicando <a href=\"https:\/\/1truenote.com\/en\/category\/casa-e-jardim\/\" data-type=\"link\" data-id=\"https:\/\/1truenote.com\/category\/casa-e-jardim\/\">aqui<\/a>.<\/p>\n\n\n\n<h2 id='faq-perguntas-frequentes-sobre-jardim-vertical-pequeno'  class=\"wp-block-heading\">FAQ \u2013 Perguntas Frequentes sobre jardim vertical pequeno<\/h2>\n\n\n<div id=\"rank-math-faq\" class=\"rank-math-block\">\n<div class=\"rank-math-list\">\n<div id=\"faq-question-1748883577091\" class=\"rank-math-list-item\">\n<h3 id='jardim-vertical-precisa-de-irriga\u00e7\u00e3o-autom\u00e1tica'  class=\"rank-math-question\">Jardim vertical precisa de irriga\u00e7\u00e3o autom\u00e1tica?<\/h3>\n<div class=\"rank-math-answer\">\n\n<p>N\u00e3o necessariamente. Em espa\u00e7os pequenos, a rega manual funciona bem \u2014 s\u00f3 exige mais aten\u00e7\u00e3o.<\/p>\n\n<\/div>\n<\/div>\n<div id=\"faq-question-1748883610685\" class=\"rank-math-list-item\">\n<h3 id='posso-montar-em-parede-interna'  class=\"rank-math-question\">Posso montar em parede interna?<\/h3>\n<div class=\"rank-math-answer\">\n\n<p>Pode sim! Basta garantir boa ventila\u00e7\u00e3o e um sistema que evite vazamentos.<\/p>\n\n<\/div>\n<\/div>\n<div id=\"faq-question-1748883623729\" class=\"rank-math-list-item\">\n<h3 id='quanto-custa-em-m\u00e9dia'  class=\"rank-math-question\">Quanto custa em m\u00e9dia?<\/h3>\n<div class=\"rank-math-answer\">\n\n<p>D\u00e1 pra montar com menos de R$100, reaproveitando materiais como pallets e latas.<\/p>\n\n<\/div>\n<\/div>\n<div id=\"faq-question-1748883631072\" class=\"rank-math-list-item\">\n<h3 id='e-se-eu-n\u00e3o-tiver-sol-em-casa'  class=\"rank-math-question\">E se eu n\u00e3o tiver sol em casa?<\/h3>\n<div class=\"rank-math-answer\">\n\n<p>Aposte em plantas de sombra, como zamioculca ou jiboia \u2014 elas se d\u00e3o super bem!<\/p>\n\n<\/div>\n<\/div>\n<\/div>\n<\/div>\n\n\n<figure class=\"wp-block-image aligncenter size-large\"><img data-recalc-dims=\"1\" fetchpriority=\"high\" decoding=\"async\" width=\"683\" height=\"1024\" src=\"https:\/\/i0.wp.com\/1truenote.com\/wp-content\/uploads\/2025\/06\/ChatGPT-Image-2-de-jun.-de-2025-14_02_13.png?resize=683%2C1024&#038;ssl=1\" alt=\"jardim vertical pequeno\" class=\"wp-image-2633\" srcset=\"https:\/\/i0.wp.com\/1truenote.com\/wp-content\/uploads\/2025\/06\/ChatGPT-Image-2-de-jun.-de-2025-14_02_13.png?resize=683%2C1024&amp;ssl=1 683w, https:\/\/i0.wp.com\/1truenote.com\/wp-content\/uploads\/2025\/06\/ChatGPT-Image-2-de-jun.-de-2025-14_02_13.png?resize=200%2C300&amp;ssl=1 200w, https:\/\/i0.wp.com\/1truenote.com\/wp-content\/uploads\/2025\/06\/ChatGPT-Image-2-de-jun.-de-2025-14_02_13.png?resize=768%2C1152&amp;ssl=1 768w, https:\/\/i0.wp.com\/1truenote.com\/wp-content\/uploads\/2025\/06\/ChatGPT-Image-2-de-jun.-de-2025-14_02_13.png?resize=150%2C225&amp;ssl=1 150w, https:\/\/i0.wp.com\/1truenote.com\/wp-content\/uploads\/2025\/06\/ChatGPT-Image-2-de-jun.-de-2025-14_02_13.png?w=1024&amp;ssl=1 1024w\" sizes=\"(max-width: 683px) 100vw, 683px\" \/><\/figure>","protected":false},"excerpt":{"rendered":"<p>Jardim vertical pequeno. Quem disse que precisa de quintal pra ter um cantinho verde em casa? Com um jardim vertical,&#8230;<\/p>","protected":false},"author":1,"featured_media":2633,"comment_status":"open","ping_status":"open","sticky":false,"template":"","format":"standard","meta":{"_kad_post_transparent":"","_kad_post_title":"","_kad_post_layout":"","_kad_post_sidebar_id":"","_kad_post_content_style":"","_kad_post_vertical_padding":"","_kad_post_feature":"","_kad_post_feature_position":"","_kad_post_header":false,"_kad_post_footer":false,"_kad_post_classname":"","footnotes":"","jetpack_publicize_message":"","jetpack_publicize_feature_enabled":true,"jetpack_social_post_already_shared":true,"jetpack_social_options":{"image_generator_settings":{"template":"highway","enabled":false},"version":2}},"categories":[16,9],"tags":[13,14,12],"class_list":["post-2632","post","type-post","status-publish","format-standard","has-post-thumbnail","hentry","category-casa-e-jardim","category-lazer","tag-minimalista","tag-interiores-inovadores","tag-projetos-inovadores"],"jetpack_publicize_connections":[],"jetpack_featured_media_url":"https:\/\/i0.wp.com\/1truenote.com\/wp-content\/uploads\/2025\/06\/ChatGPT-Image-2-de-jun.-de-2025-14_02_13.png?fit=1024%2C1536&ssl=1","jetpack_sharing_enabled":true,"_links":{"self":[{"href":"https:\/\/1truenote.com\/en\/wp-json\/wp\/v2\/posts\/2632","targetHints":{"allow":["GET"]}}],"collection":[{"href":"https:\/\/1truenote.com\/en\/wp-json\/wp\/v2\/posts"}],"about":[{"href":"https:\/\/1truenote.com\/en\/wp-json\/wp\/v2\/types\/post"}],"author":[{"embeddable":true,"href":"https:\/\/1truenote.com\/en\/wp-json\/wp\/v2\/users\/1"}],"replies":[{"embeddable":true,"href":"https:\/\/1truenote.com\/en\/wp-json\/wp\/v2\/comments?post=2632"}],"version-history":[{"count":0,"href":"https:\/\/1truenote.com\/en\/wp-json\/wp\/v2\/posts\/2632\/revisions"}],"wp:featuredmedia":[{"embeddable":true,"href":"https:\/\/1truenote.com\/en\/wp-json\/wp\/v2\/media\/2633"}],"wp:attachment":[{"href":"https:\/\/1truenote.com\/en\/wp-json\/wp\/v2\/media?parent=2632"}],"wp:term":[{"taxonomy":"category","embeddable":true,"href":"https:\/\/1truenote.com\/en\/wp-json\/wp\/v2\/categories?post=2632"},{"taxonomy":"post_tag","embeddable":true,"href":"https:\/\/1truenote.com\/en\/wp-json\/wp\/v2\/tags?post=2632"}],"curies":[{"name":"wp","href":"https:\/\/api.w.org\/{rel}","templated":true}]}}