{"id":2619,"date":"2025-06-02T14:00:00","date_gmt":"2025-06-02T17:00:00","guid":{"rendered":"https:\/\/1truenote.com\/?p=2619"},"modified":"2025-09-26T12:54:54","modified_gmt":"2025-09-26T15:54:54","slug":"ideias-de-sala-de-estar-elegantes","status":"publish","type":"post","link":"https:\/\/1truenote.com\/en\/ideias-de-sala-de-estar-elegantes\/","title":{"rendered":"Essas 10 ideias de sala de estar s\u00e3o pura eleg\u00e2ncia e inspira\u00e7\u00e3o"},"content":{"rendered":"<div class=\"fit_content\">\n                <div class=\"bd_toc_container\" data-fixedwidth=\"\">\n                    <div class=\"bd_toc_wrapper\" data-wrapperpadding=\"48px\">\n                        <div class=\"bd_toc_wrapper_item\">\n                            <div class=\"bd_toc_header active\" data-headerpadding=\"2px\">\n                                <div class=\"bd_toc_header_title\">\n                                    Sum\u00e1rio                                <\/div>\n                                <div class=\"bd_toc_switcher_hide_show_icon\">\n                                    <span class=\"bd_toc_arrow\"><\/span>                                <\/div>\n                            <\/div>\n                            <div class=\"bd_toc_content list-type-number\">\n                                <div class=\"bd_toc_content_list\">\n                                    <div class='bd_toc_content_list_item'>    <ul>\n      <li class=\"first\">\n        <a href=\"#1-ideias-de-sala-de-estar-que-contem-sua-hist\u00f3ria\">1. Ideias de sala de estar que contem sua hist\u00f3ria<\/a>\n      <\/li>\n      <li>\n        <a href=\"#2-use-a-paleta-de-cores-a-seu-favor\">2. Use a paleta de cores a seu favor<\/a>\n      <\/li>\n      <li>\n        <a href=\"#3-invista-em-ilumina\u00e7\u00e3o-estrat\u00e9gica\">3. Invista em ilumina\u00e7\u00e3o estrat\u00e9gica<\/a>\n      <\/li>\n      <li>\n        <a href=\"#4-mantas-e-almofadas-os-curingas-do-aconchego\">4. Mantas e almofadas: os curingas do aconchego<\/a>\n      <\/li>\n      <li>\n        <a href=\"#5-aposte-em-m\u00f3veis-funcionais-e-confort\u00e1veis\">5. Aposte em m\u00f3veis funcionais e confort\u00e1veis<\/a>\n      <\/li>\n      <li>\n        <a href=\"#6-tapetes-que-definem-espa\u00e7os\">6. Tapetes que definem espa\u00e7os<\/a>\n      <\/li>\n      <li>\n        <a href=\"#7-parede-decorada-com-identidade\">7. Parede decorada com identidade<\/a>\n      <\/li>\n      <li>\n        <a href=\"#8-cantinho-de-leitura-ou-pausa\">8. Cantinho de leitura ou pausa<\/a>\n      <\/li>\n      <li>\n        <a href=\"#9-elementos-naturais-para-trazer-vida\">9. Elementos naturais para trazer vida<\/a>\n      <\/li>\n      <li>\n        <a href=\"#10-pequenos-detalhes-grande-impacto\">10. Pequenos detalhes, grande impacto<\/a>\n      <\/li>\n      <li>\n        <a href=\"#dicas-extras-pra-elevar-o-n\u00edvel-da-sua-sala-\u2728\">Dicas extras pra elevar o n\u00edvel da sua sala \u2728<\/a>\n      <\/li>\n      <li>\n        <a href=\"#sua-sala-do-seu-jeito-ideias-de-sala-de-estar\">Sua sala, do seu jeito &#8211; ideias de sala de estar<\/a>\n      <\/li>\n      <li class=\"last\">\n        <a href=\"#faq-perguntas-frequentes-sobre-ideias-de-sala-de-estar\">FAQ \u2013 Perguntas frequentes sobre ideias de sala de estar<\/a>\n        <ul class=\"menu_level_2\">\n          <li class=\"first\">\n            <a href=\"#como-posso-decorar-a-sala-gastando-pouco\">Como posso decorar a sala gastando pouco?<\/a>\n          <\/li>\n          <li>\n            <a href=\"#quais-plantas-s\u00e3o-ideais-pra-sala\">Quais plantas s\u00e3o ideais pra sala?<\/a>\n          <\/li>\n          <li>\n            <a href=\"#\u00e9-preciso-combinar-sof\u00e1-e-poltrona\">\u00c9 preciso combinar sof\u00e1 e poltrona?<\/a>\n          <\/li>\n          <li class=\"last\">\n            <a href=\"#sala-pequena-pode-ter-tapete\">Sala pequena pode ter tapete?<\/a>\n          <\/li>\n        <\/ul>\n      <\/li>\n    <\/ul>\n<\/div>                                <\/div>\n                            <\/div>\n                        <\/div>\n                    <\/div>\n                    <div class=\"layout_toggle_button\">\n                        <span class=\"bd_toc_arrow\"><\/span>\n                    <\/div>\n                <\/div>\n            <\/div>\n\n    \n\n\n<p><strong>Ideias de sala de estar<\/strong> elegantes. A sala de estar \u00e9 o cora\u00e7\u00e3o da casa. \u00c9 onde a gente relaxa, recebe visitas, assiste aquele filme favorito ou simplesmente curte o sil\u00eancio. E sabe o que faz toda a diferen\u00e7a nesse espa\u00e7o? Uma decora\u00e7\u00e3o que reflete quem voc\u00ea \u00e9 \u2014 com charme, aconchego e, claro, muita eleg\u00e2ncia.<\/p>\n\n\n\n<p>Mas calma: Transformar a sala em um ambiente digno de capa de revista n\u00e3o precisa ser caro nem complicado. Com alguns ajustes certeiros e boas ideias, \u00e9 poss\u00edvel criar um cantinho encantador que mistura funcionalidade com personalidade. Pronta pra se inspirar? Vamos l\u00e1 falar sobre as 10 ideias de sala de estar.<\/p>\n\n\n\n<hr class=\"wp-block-separator has-alpha-channel-opacity\"\/>\n\n\n\n<h2 id='1-ideias-de-sala-de-estar-que-contem-sua-hist\u00f3ria'  class=\"wp-block-heading\">1. Ideias de sala de estar que contem sua hist\u00f3ria<\/h2>\n\n\n\n<p>Antes de sair comprando almofada nova, pense: qual \u00e9 o clima que voc\u00ea quer pra sua sala? Moderninha? Boho? Cl\u00e1ssica? Minimalista? Quais as melhores ideias de sala de estar?<\/p>\n\n\n\n<ul class=\"wp-block-list\">\n<li>O <strong>estilo escandinavo<\/strong> \u00e9 perfeito pra quem ama tons claros, madeira e simplicidade.<\/li>\n\n\n\n<li>O <strong>r\u00fastico chique<\/strong> mistura madeira bruta com tecidos naturais \u2014 bem vibe casa de campo.<\/li>\n\n\n\n<li>J\u00e1 o <strong>industrial<\/strong> aposta em cimento aparente, metal e tons s\u00f3brios.<\/li>\n<\/ul>\n\n\n\n<p>O mais importante? Escolher um estilo que combine com voc\u00ea e com o seu dia a dia.<\/p>\n\n\n\n<hr class=\"wp-block-separator has-alpha-channel-opacity\"\/>\n\n\n\n<h2 id='2-use-a-paleta-de-cores-a-seu-favor'  class=\"wp-block-heading\">2. Use a paleta de cores a seu favor<\/h2>\n\n\n\n<p>As cores mudam tudo! Elas influenciam no humor, na sensa\u00e7\u00e3o de amplitude e at\u00e9 na ilumina\u00e7\u00e3o do espa\u00e7o.<\/p>\n\n\n\n<ul class=\"wp-block-list\">\n<li><strong>Cores neutras<\/strong> como bege, cinza e branco ampliam o ambiente e trazem sofistica\u00e7\u00e3o.<\/li>\n\n\n\n<li><strong>Tons vibrantes<\/strong>, como azul petr\u00f3leo e verde-oliva, criam pontos de destaque e personalidade.<\/li>\n\n\n\n<li>Misturar <strong>texturas<\/strong> em vez de cores pode ser o truque perfeito pra quem curte uma vibe mais clean.<\/li>\n<\/ul>\n\n\n\n<hr class=\"wp-block-separator has-alpha-channel-opacity\"\/>\n\n\n\n<h2 id='3-invista-em-ilumina\u00e7\u00e3o-estrat\u00e9gica'  class=\"wp-block-heading\">3. Invista em ilumina\u00e7\u00e3o estrat\u00e9gica<\/h2>\n\n\n\n<p>A luz certa transforma a sala! Combine luz natural com pontos de luz quentes e direcionados:<\/p>\n\n\n\n<ul class=\"wp-block-list\">\n<li><strong>Abajures e lumin\u00e1rias de ch\u00e3o<\/strong> criam clima intimista.<\/li>\n\n\n\n<li><strong>Spots e trilhos de luz<\/strong> ajudam a destacar quadros, estantes ou plantas.<\/li>\n\n\n\n<li>E se tiver uma <strong>janela generosa<\/strong>, valorize ao m\u00e1ximo \u2014 cortinas leves ajudam a manter a luminosidade.<\/li>\n<\/ul>\n\n\n\n<hr class=\"wp-block-separator has-alpha-channel-opacity\"\/>\n\n\n\n<h2 id='4-mantas-e-almofadas-os-curingas-do-aconchego'  class=\"wp-block-heading\">4. Mantas e almofadas: os curingas do aconchego<\/h2>\n\n\n\n<p>Elas s\u00e3o como o tempero final da decora\u00e7\u00e3o. Al\u00e9m de deixarem tudo mais confort\u00e1vel, ajudam a renovar o visual com pouco investimento. Essa \u00e9 uma das melhores ideias de sala de estar.<\/p>\n\n\n\n<ul class=\"wp-block-list\">\n<li>Misture tamanhos e tecidos nas almofadas.<\/li>\n\n\n\n<li>Escolha uma manta que \u201cabrace\u201d o sof\u00e1 nos dias mais frescos.<\/li>\n\n\n\n<li>Troque as capas conforme as esta\u00e7\u00f5es do ano. Funciona super!<\/li>\n<\/ul>\n\n\n\n<figure class=\"wp-block-image aligncenter size-large\"><img data-recalc-dims=\"1\" fetchpriority=\"high\" decoding=\"async\" width=\"1024\" height=\"683\" src=\"https:\/\/i0.wp.com\/1truenote.com\/wp-content\/uploads\/2025\/05\/ChatGPT-Image-27-de-mai.-de-2025-11_45_07.png?resize=1024%2C683&#038;ssl=1\" alt=\"decora\u00e7\u00e3o para o inverno\" class=\"wp-image-2354\" srcset=\"https:\/\/i0.wp.com\/1truenote.com\/wp-content\/uploads\/2025\/05\/ChatGPT-Image-27-de-mai.-de-2025-11_45_07.png?resize=1024%2C683&amp;ssl=1 1024w, https:\/\/i0.wp.com\/1truenote.com\/wp-content\/uploads\/2025\/05\/ChatGPT-Image-27-de-mai.-de-2025-11_45_07.png?resize=300%2C200&amp;ssl=1 300w, https:\/\/i0.wp.com\/1truenote.com\/wp-content\/uploads\/2025\/05\/ChatGPT-Image-27-de-mai.-de-2025-11_45_07.png?resize=768%2C512&amp;ssl=1 768w, https:\/\/i0.wp.com\/1truenote.com\/wp-content\/uploads\/2025\/05\/ChatGPT-Image-27-de-mai.-de-2025-11_45_07.png?resize=150%2C100&amp;ssl=1 150w, https:\/\/i0.wp.com\/1truenote.com\/wp-content\/uploads\/2025\/05\/ChatGPT-Image-27-de-mai.-de-2025-11_45_07.png?w=1536&amp;ssl=1 1536w\" sizes=\"(max-width: 1024px) 100vw, 1024px\" \/><\/figure>\n\n\n\n<hr class=\"wp-block-separator has-alpha-channel-opacity\"\/>\n\n\n\n<h2 id='5-aposte-em-m\u00f3veis-funcionais-e-confort\u00e1veis'  class=\"wp-block-heading\">5. Aposte em m\u00f3veis funcionais e confort\u00e1veis<\/h2>\n\n\n\n<p>Bonito sim, mas confort\u00e1vel tamb\u00e9m! Sua sala precisa ter m\u00f3veis que te convidem a ficar.<\/p>\n\n\n\n<ul class=\"wp-block-list\">\n<li>Sof\u00e1s com encosto firme e tecido macio s\u00e3o ideais.<\/li>\n\n\n\n<li>Mesas de centro com compartimentos escondem &#8216;baguncinhas&#8217; do dia a dia.<\/li>\n\n\n\n<li>Um puff pode virar assento extra ou apoio para os p\u00e9s.<\/li>\n<\/ul>\n\n\n\n<hr class=\"wp-block-separator has-alpha-channel-opacity\"\/>\n\n\n\n<h2 id='6-tapetes-que-definem-espa\u00e7os'  class=\"wp-block-heading\">6. Tapetes que definem espa\u00e7os<\/h2>\n\n\n\n<p>Vamos ver a tabela de ideias de sala de estar. N\u00e3o subestime o poder de um tapete bem escolhido. Ele aquece o ambiente (literal e visualmente) e ainda ajuda a delimitar \u00e1reas \u2014 como o canto de leitura ou o espa\u00e7o da TV.<\/p>\n\n\n\n<figure class=\"wp-block-table\"><table class=\"has-fixed-layout\"><thead><tr><th>Material<\/th><th>Vantagens<\/th><th>Melhor uso<\/th><\/tr><\/thead><tbody><tr><td>L\u00e3<\/td><td>Quente, dur\u00e1vel, elegante<\/td><td>Ambientes maiores e sofisticados<\/td><\/tr><tr><td>Algod\u00e3o<\/td><td>Lav\u00e1vel, leve, mais acess\u00edvel<\/td><td>Casas com crian\u00e7as e pets<\/td><\/tr><tr><td>Polipropileno<\/td><td>Resistente a manchas e desbotamento<\/td><td>Sala com alto tr\u00e1fego de pessoas<\/td><\/tr><\/tbody><\/table><\/figure>\n\n\n\n<hr class=\"wp-block-separator has-alpha-channel-opacity\"\/>\n\n\n\n<h2 id='7-parede-decorada-com-identidade'  class=\"wp-block-heading\">7. Parede decorada com identidade<\/h2>\n\n\n\n<p>Que tal dar uma bossa pras paredes?<\/p>\n\n\n\n<ul class=\"wp-block-list\">\n<li>Uma <strong>galeria de quadros<\/strong> com fotos da fam\u00edlia, frases e arte autoral deixa o espa\u00e7o super aut\u00eantico.<\/li>\n\n\n\n<li>Prateleiras com livros, plantinhas e objetos queridos contam sua hist\u00f3ria de forma sutil.<\/li>\n\n\n\n<li>Espelhos ampliam e iluminam \u2014 truque de ouro!<\/li>\n<\/ul>\n\n\n\n<hr class=\"wp-block-separator has-alpha-channel-opacity\"\/>\n\n\n\n<h2 id='8-cantinho-de-leitura-ou-pausa'  class=\"wp-block-heading\">8. Cantinho de leitura ou pausa<\/h2>\n\n\n\n<p>Nem precisa de muito: uma poltrona confort\u00e1vel, uma lumin\u00e1ria e uma mesinha lateral j\u00e1 criam aquele cantinho especial.<\/p>\n\n\n\n<p>Ali\u00e1s, pode virar seu ref\u00fagio de descanso ou um espa\u00e7o zen para meditar, bordar, escrever\u2026<\/p>\n\n\n\n<hr class=\"wp-block-separator has-alpha-channel-opacity\"\/>\n\n\n\n<h2 id='9-elementos-naturais-para-trazer-vida'  class=\"wp-block-heading\">9. Elementos naturais para trazer vida<\/h2>\n\n\n\n<p>Plantas mudam tudo! Al\u00e9m de purificarem o ar, trazem vida e frescor.<\/p>\n\n\n\n<ul class=\"wp-block-list\">\n<li>Aposte em esp\u00e9cies f\u00e1ceis de cuidar, como jiboia, zamioculca e espada-de-s\u00e3o-jorge.<\/li>\n\n\n\n<li>Vasos de barro, palha ou cimento ajudam a manter o visual org\u00e2nico.<\/li>\n<\/ul>\n\n\n\n<hr class=\"wp-block-separator has-alpha-channel-opacity\"\/>\n\n\n\n<h2 id='10-pequenos-detalhes-grande-impacto'  class=\"wp-block-heading\">10. Pequenos detalhes, grande impacto<\/h2>\n\n\n\n<p>\u00c0s vezes, o que falta s\u00e3o aqueles toques finais:<\/p>\n\n\n\n<ul class=\"wp-block-list\">\n<li>Velas arom\u00e1ticas ou difusores criam uma atmosfera acolhedora.<\/li>\n\n\n\n<li>Um quadro grande em vez de muitos pequenos pode trazer mais impacto visual.<\/li>\n\n\n\n<li>Objetos afetivos sempre t\u00eam lugar \u2014 e contam hist\u00f3rias.<\/li>\n<\/ul>\n\n\n\n<hr class=\"wp-block-separator has-alpha-channel-opacity\"\/>\n\n\n\n<figure class=\"wp-block-image aligncenter size-large\"><img data-recalc-dims=\"1\" decoding=\"async\" width=\"1024\" height=\"683\" src=\"https:\/\/i0.wp.com\/1truenote.com\/wp-content\/uploads\/2025\/05\/ChatGPT-Image-29-de-mai.-de-2025-21_28_16.png?resize=1024%2C683&#038;ssl=1\" alt=\"Studios pequenos\" class=\"wp-image-2548\" srcset=\"https:\/\/i0.wp.com\/1truenote.com\/wp-content\/uploads\/2025\/05\/ChatGPT-Image-29-de-mai.-de-2025-21_28_16.png?resize=1024%2C683&amp;ssl=1 1024w, https:\/\/i0.wp.com\/1truenote.com\/wp-content\/uploads\/2025\/05\/ChatGPT-Image-29-de-mai.-de-2025-21_28_16.png?resize=300%2C200&amp;ssl=1 300w, https:\/\/i0.wp.com\/1truenote.com\/wp-content\/uploads\/2025\/05\/ChatGPT-Image-29-de-mai.-de-2025-21_28_16.png?resize=768%2C512&amp;ssl=1 768w, https:\/\/i0.wp.com\/1truenote.com\/wp-content\/uploads\/2025\/05\/ChatGPT-Image-29-de-mai.-de-2025-21_28_16.png?resize=150%2C100&amp;ssl=1 150w, https:\/\/i0.wp.com\/1truenote.com\/wp-content\/uploads\/2025\/05\/ChatGPT-Image-29-de-mai.-de-2025-21_28_16.png?w=1536&amp;ssl=1 1536w\" sizes=\"(max-width: 1024px) 100vw, 1024px\" \/><\/figure>\n\n\n\n<hr class=\"wp-block-separator has-alpha-channel-opacity\"\/>\n\n\n\n<h2 id='dicas-extras-pra-elevar-o-n\u00edvel-da-sua-sala-\u2728'  class=\"wp-block-heading\">Dicas extras pra elevar o n\u00edvel da sua sala \u2728<\/h2>\n\n\n\n<ul class=\"wp-block-list\">\n<li>Use um <strong>carrinho bar ou bandeja decorativa<\/strong> pra organizar bebidas ou acess\u00f3rios.<\/li>\n\n\n\n<li>Crie um <strong>ponto focal<\/strong>, como um quadro grande, estante estilosa ou parede com cor marcante.<\/li>\n\n\n\n<li>Mude os m\u00f3veis de lugar de tempos em tempos pra renovar a energia!<\/li>\n<\/ul>\n\n\n\n<h2 id='sua-sala-do-seu-jeito-ideias-de-sala-de-estar'  class=\"wp-block-heading\">Sua sala, do seu jeito &#8211; ideias de sala de estar<\/h2>\n\n\n\n<p>Voc\u00ea viu ao longo do texto v\u00e1rias ideias de sala de estar. Transformar a sala em um ambiente elegante e inspirador \u00e9 mais sobre inten\u00e7\u00e3o do que sobre or\u00e7amento. Cada escolha \u2014 da cor da parede ao tipo de almofada \u2014 reflete o que voc\u00ea valoriza, o que te faz bem.<\/p>\n\n\n\n<p>Ent\u00e3o, olhe pra sua sala com carinho e pergunte: \u201ccomo posso fazer dela um espa\u00e7o que me abrace?\u201d Com essas ideias, tenho certeza de que voc\u00ea vai criar um ambiente bonito, funcional e cheio de personalidade.<\/p>\n\n\n\n<p>Afinal, o lar \u00e9 o nosso melhor ref\u00fagio. \u2728<br>Gostou das <a href=\"https:\/\/br.pinterest.com\/beatrizabrahao\/salas-de-estar-salas-de-tv\/\" data-type=\"link\" data-id=\"https:\/\/br.pinterest.com\/beatrizabrahao\/salas-de-estar-salas-de-tv\/\" target=\"_blank\" rel=\"noopener\">ideias de sala<\/a> de estar? Voc\u00ea pode ver mais <a href=\"https:\/\/1truenote.com\/en\/category\/casa-e-jardim\/\" data-type=\"link\" data-id=\"https:\/\/1truenote.com\/category\/casa-e-jardim\/\">aqui<\/a>.<\/p>\n\n\n\n<h2 id='faq-perguntas-frequentes-sobre-ideias-de-sala-de-estar'  class=\"wp-block-heading\">FAQ \u2013 Perguntas frequentes sobre ideias de sala de estar<\/h2>\n\n\n<div id=\"rank-math-faq\" class=\"rank-math-block\">\n<div class=\"rank-math-list\">\n<div id=\"faq-question-1748873404023\" class=\"rank-math-list-item\">\n<h3 id='como-posso-decorar-a-sala-gastando-pouco'  class=\"rank-math-question\">Como posso decorar a sala gastando pouco?<\/h3>\n<div class=\"rank-math-answer\">\n\n<p>Invista em capas de almofada, uma tinta nova numa parede s\u00f3 e objetos de segunda m\u00e3o ou garimpados em brech\u00f3s.<\/p>\n\n<\/div>\n<\/div>\n<div id=\"faq-question-1748874158879\" class=\"rank-math-list-item\">\n<h3 id='quais-plantas-s\u00e3o-ideais-pra-sala'  class=\"rank-math-question\">Quais plantas s\u00e3o ideais pra sala?<\/h3>\n<div class=\"rank-math-answer\">\n\n<p>Jiboia, lirio da paz, palmeira r\u00e1fis e suculentas s\u00e3o boas op\u00e7\u00f5es para ambientes internos.<\/p>\n\n<\/div>\n<\/div>\n<div id=\"faq-question-1748874167599\" class=\"rank-math-list-item\">\n<h3 id='\u00e9-preciso-combinar-sof\u00e1-e-poltrona'  class=\"rank-math-question\">\u00c9 preciso combinar sof\u00e1 e poltrona?<\/h3>\n<div class=\"rank-math-answer\">\n\n<p>N\u00e3o necessariamente. O importante \u00e9 que as pe\u00e7as conversem entre si no estilo, cores ou materiais.<\/p>\n\n<\/div>\n<\/div>\n<div id=\"faq-question-1748874176739\" class=\"rank-math-list-item\">\n<h3 id='sala-pequena-pode-ter-tapete'  class=\"rank-math-question\">Sala pequena pode ter tapete?<\/h3>\n<div class=\"rank-math-answer\">\n\n<p>Claro! Prefira modelos neutros e no tamanho certo para o espa\u00e7o \u2014 eles at\u00e9 ajudam a ampliar visualmente.<\/p>\n\n<\/div>\n<\/div>\n<\/div>\n<\/div>\n\n\n<figure class=\"wp-block-image aligncenter size-large\"><img data-recalc-dims=\"1\" decoding=\"async\" width=\"1024\" height=\"683\" src=\"https:\/\/i0.wp.com\/1truenote.com\/wp-content\/uploads\/2025\/06\/ChatGPT-Image-2-de-jun.-de-2025-11_24_22.png?resize=1024%2C683&#038;ssl=1\" alt=\"ideias de sala de estar\" class=\"wp-image-2620\" srcset=\"https:\/\/i0.wp.com\/1truenote.com\/wp-content\/uploads\/2025\/06\/ChatGPT-Image-2-de-jun.-de-2025-11_24_22.png?resize=1024%2C683&amp;ssl=1 1024w, https:\/\/i0.wp.com\/1truenote.com\/wp-content\/uploads\/2025\/06\/ChatGPT-Image-2-de-jun.-de-2025-11_24_22.png?resize=300%2C200&amp;ssl=1 300w, https:\/\/i0.wp.com\/1truenote.com\/wp-content\/uploads\/2025\/06\/ChatGPT-Image-2-de-jun.-de-2025-11_24_22.png?resize=768%2C512&amp;ssl=1 768w, https:\/\/i0.wp.com\/1truenote.com\/wp-content\/uploads\/2025\/06\/ChatGPT-Image-2-de-jun.-de-2025-11_24_22.png?resize=150%2C100&amp;ssl=1 150w, https:\/\/i0.wp.com\/1truenote.com\/wp-content\/uploads\/2025\/06\/ChatGPT-Image-2-de-jun.-de-2025-11_24_22.png?w=1536&amp;ssl=1 1536w\" sizes=\"(max-width: 1024px) 100vw, 1024px\" \/><\/figure>","protected":false},"excerpt":{"rendered":"<p>Ideias de sala de estar elegantes. A sala de estar \u00e9 o cora\u00e7\u00e3o da casa. \u00c9 onde a gente relaxa,&#8230;<\/p>","protected":false},"author":1,"featured_media":2620,"comment_status":"open","ping_status":"open","sticky":false,"template":"","format":"standard","meta":{"_kad_post_transparent":"","_kad_post_title":"","_kad_post_layout":"","_kad_post_sidebar_id":"","_kad_post_content_style":"","_kad_post_vertical_padding":"","_kad_post_feature":"","_kad_post_feature_position":"","_kad_post_header":false,"_kad_post_footer":false,"_kad_post_classname":"","footnotes":"","jetpack_publicize_message":"","jetpack_publicize_feature_enabled":true,"jetpack_social_post_already_shared":true,"jetpack_social_options":{"image_generator_settings":{"template":"highway","enabled":false},"version":2}},"categories":[16,1],"tags":[11,13,14],"class_list":["post-2619","post","type-post","status-publish","format-standard","has-post-thumbnail","hentry","category-casa-e-jardim","category-novidades","tag-conforto-noturno","tag-minimalista","tag-interiores-inovadores"],"jetpack_publicize_connections":[],"jetpack_featured_media_url":"https:\/\/i0.wp.com\/1truenote.com\/wp-content\/uploads\/2025\/06\/ChatGPT-Image-2-de-jun.-de-2025-11_24_22.png?fit=1536%2C1024&ssl=1","jetpack_sharing_enabled":true,"_links":{"self":[{"href":"https:\/\/1truenote.com\/en\/wp-json\/wp\/v2\/posts\/2619","targetHints":{"allow":["GET"]}}],"collection":[{"href":"https:\/\/1truenote.com\/en\/wp-json\/wp\/v2\/posts"}],"about":[{"href":"https:\/\/1truenote.com\/en\/wp-json\/wp\/v2\/types\/post"}],"author":[{"embeddable":true,"href":"https:\/\/1truenote.com\/en\/wp-json\/wp\/v2\/users\/1"}],"replies":[{"embeddable":true,"href":"https:\/\/1truenote.com\/en\/wp-json\/wp\/v2\/comments?post=2619"}],"version-history":[{"count":1,"href":"https:\/\/1truenote.com\/en\/wp-json\/wp\/v2\/posts\/2619\/revisions"}],"predecessor-version":[{"id":4264,"href":"https:\/\/1truenote.com\/en\/wp-json\/wp\/v2\/posts\/2619\/revisions\/4264"}],"wp:featuredmedia":[{"embeddable":true,"href":"https:\/\/1truenote.com\/en\/wp-json\/wp\/v2\/media\/2620"}],"wp:attachment":[{"href":"https:\/\/1truenote.com\/en\/wp-json\/wp\/v2\/media?parent=2619"}],"wp:term":[{"taxonomy":"category","embeddable":true,"href":"https:\/\/1truenote.com\/en\/wp-json\/wp\/v2\/categories?post=2619"},{"taxonomy":"post_tag","embeddable":true,"href":"https:\/\/1truenote.com\/en\/wp-json\/wp\/v2\/tags?post=2619"}],"curies":[{"name":"wp","href":"https:\/\/api.w.org\/{rel}","templated":true}]}}