{"id":2562,"date":"2025-05-30T18:00:00","date_gmt":"2025-05-30T21:00:00","guid":{"rendered":"https:\/\/1truenote.com\/?p=2562"},"modified":"2025-09-27T18:16:14","modified_gmt":"2025-09-27T21:16:14","slug":"croche-na-varanda-decoracao","status":"publish","type":"post","link":"https:\/\/1truenote.com\/en\/croche-na-varanda-decoracao\/","title":{"rendered":"Como usar croch\u00ea na varanda e transformar o espa\u00e7o com delicadeza"},"content":{"rendered":"<div class=\"fit_content\">\n                <div class=\"bd_toc_container\" data-fixedwidth=\"\">\n                    <div class=\"bd_toc_wrapper\" data-wrapperpadding=\"48px\">\n                        <div class=\"bd_toc_wrapper_item\">\n                            <div class=\"bd_toc_header active\" data-headerpadding=\"2px\">\n                                <div class=\"bd_toc_header_title\">\n                                    Sum\u00e1rio                                <\/div>\n                                <div class=\"bd_toc_switcher_hide_show_icon\">\n                                    <span class=\"bd_toc_arrow\"><\/span>                                <\/div>\n                            <\/div>\n                            <div class=\"bd_toc_content list-type-number\">\n                                <div class=\"bd_toc_content_list\">\n                                    <div class='bd_toc_content_list_item'>    <ul>\n      <li class=\"first\">\n        <a href=\"#croch\u00ea-na-varanda-por-que-o-croch\u00ea-combina-tanto-com-a-varanda\">Croch\u00ea na varanda: Por que o croch\u00ea combina tanto com a varanda?<\/a>\n      <\/li>\n      <li>\n        <a href=\"#tapetes-de-croch\u00ea-o-charme-come\u00e7a-pelos-p\u00e9s\">Tapetes de croch\u00ea: O charme come\u00e7a pelos p\u00e9s<\/a>\n      <\/li>\n      <li>\n        <a href=\"#almofadas-e-mantas-conforto-com-beleza-artesanal\">Almofadas e mantas: Conforto com beleza artesanal<\/a>\n      <\/li>\n      <li>\n        <a href=\"#cortinas-e-band\u00f4s-luz-filtrada-com-romantismo\">Cortinas e band\u00f4s: Luz filtrada com romantismo<\/a>\n      <\/li>\n      <li>\n        <a href=\"#acess\u00f3rios-e-detalhes-que-fazem-toda-diferen\u00e7a\">Acess\u00f3rios e detalhes que fazem toda diferen\u00e7a<\/a>\n      <\/li>\n      <li>\n        <a href=\"#lumin\u00e1rias-com-croch\u00ea-luz-suave-clima-acolhedor\">Lumin\u00e1rias com croch\u00ea: Luz suave, clima acolhedor<\/a>\n      <\/li>\n      <li>\n        <a href=\"#tabela-ideias-de-pe\u00e7as-em-croch\u00ea-para-sua-varanda\">Tabela: Ideias de pe\u00e7as em croch\u00ea para sua varanda<\/a>\n      <\/li>\n      <li>\n        <a href=\"#dicas-r\u00e1pidas-para-decorar-com-croch\u00ea-na-varanda\">Dicas r\u00e1pidas para decorar com croch\u00ea na varanda<\/a>\n      <\/li>\n      <li>\n        <a href=\"#o-croch\u00ea-\u00e9-o-toque-de-alma-que-sua-varanda-merece\">O croch\u00ea \u00e9 o toque de alma que sua varanda merece<\/a>\n      <\/li>\n      <li class=\"last\">\n        <a href=\"#faq-croch\u00ea-na-varanda-d\u00favidas-mais-comuns\">FAQ \u2013 Croch\u00ea na varanda: D\u00favidas mais comuns<\/a>\n        <ul class=\"menu_level_2\">\n          <li class=\"first\">\n            <a href=\"#croch\u00ea-pode-ficar-na-\u00e1rea-externa\">Croch\u00ea pode ficar na \u00e1rea externa?<\/a>\n          <\/li>\n          <li>\n            <a href=\"#como-lavar-pe\u00e7as-de-croch\u00ea\">Como lavar pe\u00e7as de croch\u00ea?<\/a>\n          <\/li>\n          <li>\n            <a href=\"#combina-com-plantas\">Combina com plantas?<\/a>\n          <\/li>\n          <li class=\"last\">\n            <a href=\"#\u00e9-poss\u00edvel-fazer-croch\u00ea-na-varanda\">\u00c9 poss\u00edvel fazer croch\u00ea na varanda?<\/a>\n          <\/li>\n        <\/ul>\n      <\/li>\n    <\/ul>\n<\/div>                                <\/div>\n                            <\/div>\n                        <\/div>\n                    <\/div>\n                    <div class=\"layout_toggle_button\">\n                        <span class=\"bd_toc_arrow\"><\/span>\n                    <\/div>\n                <\/div>\n            <\/div>\n\n    \n\n\n<p><strong>Croch\u00ea na varanda<\/strong>. Ah, a varanda\u2026 aquele cantinho da casa que convida a respirar fundo, tomar um cafezinho e esquecer do mundo por alguns instantes. Agora, imagine unir esse momento de paz com o aconchego do croch\u00ea \u2014 uma t\u00e9cnica artesanal que carrega afeto em cada ponto. \ud83d\udc9b<\/p>\n\n\n\n<p>Se voc\u00ea quer transformar sua varanda em um espa\u00e7o cheio de personalidade, delicadeza e charme, o croch\u00ea pode ser seu melhor aliado. Al\u00e9m de lindo, ele traz hist\u00f3ria, textura e acolhimento. Vou te mostrar como aproveitar essa arte para decorar com leveza e muito estilo.<\/p>\n\n\n\n<h2 id='croch\u00ea-na-varanda-por-que-o-croch\u00ea-combina-tanto-com-a-varanda'  class=\"wp-block-heading\">Croch\u00ea na varanda: Por que o croch\u00ea combina tanto com a varanda?<\/h2>\n\n\n\n<p>Croch\u00ea e varanda t\u00eam tudo a ver. Isso porque ambos nos conectam com o que \u00e9 simples e afetivo. A varanda, por si s\u00f3, j\u00e1 pede um clima mais calmo. E o croch\u00ea entra como um abra\u00e7o visual \u2014 feito \u00e0 m\u00e3o, cheio de detalhes e com aquele toque caseiro que aquece.<\/p>\n\n\n\n<p>Na decora\u00e7\u00e3o, ele vai muito al\u00e9m do cl\u00e1ssico tapete. D\u00e1 para usar em almofadas, mantas, cortinas, lumin\u00e1rias e at\u00e9 em pequenos acess\u00f3rios como revestimento de vasos. Um verdadeiro show de versatilidade!<\/p>\n\n\n\n<h2 id='tapetes-de-croch\u00ea-o-charme-come\u00e7a-pelos-p\u00e9s'  class=\"wp-block-heading\">Tapetes de croch\u00ea: O charme come\u00e7a pelos p\u00e9s<\/h2>\n\n\n\n<p>Se tem um jeito r\u00e1pido de transformar o visual da varanda, \u00e9 com um belo tapete de croch\u00ea.<\/p>\n\n\n\n<ul class=\"wp-block-list\">\n<li><strong>Tapetes redondos<\/strong>: ideais para varandas com mesa central ou cadeiras de balan\u00e7o<\/li>\n\n\n\n<li><strong>Modelos retangulares<\/strong>: funcionam melhor em corredores e passagens<\/li>\n\n\n\n<li><strong>Tons neutros<\/strong> criam um ambiente relaxante<\/li>\n\n\n\n<li><strong>Cores vibrantes<\/strong> trazem alegria e estilo boho<\/li>\n<\/ul>\n\n\n\n<blockquote class=\"wp-block-quote is-layout-flow wp-block-quote-is-layout-flow\">\n<p>Dica de ouro: modelos com barbante cru combinam com plantas e m\u00f3veis de madeira, criando um visual super natural.<\/p>\n<\/blockquote>\n\n\n\n<h2 id='almofadas-e-mantas-conforto-com-beleza-artesanal'  class=\"wp-block-heading\">Almofadas e mantas: Conforto com beleza artesanal<\/h2>\n\n\n\n<p>Quem resiste a uma rede com uma manta de croch\u00ea jogadinha ou almofadas coloridas no banco da varanda?<\/p>\n\n\n\n<p>Essas pe\u00e7as trazem textura, cor e afeto. E o melhor: voc\u00ea pode brincar com diferentes pontos e misturar estilos \u2014 do r\u00fastico ao rom\u00e2ntico.<\/p>\n\n\n\n<ul class=\"wp-block-list\">\n<li>Almofadas em tons terrosos combinam com varandas r\u00fasticas<\/li>\n\n\n\n<li>Mantas em pontos largos ficam lindas em dias mais frios<\/li>\n\n\n\n<li>Conjuntos com varia\u00e7\u00f5es de cor criam profundidade no ambiente<\/li>\n<\/ul>\n\n\n\n<h2 id='cortinas-e-band\u00f4s-luz-filtrada-com-romantismo'  class=\"wp-block-heading\">Cortinas e band\u00f4s: Luz filtrada com romantismo<\/h2>\n\n\n\n<p>Nada mais delicado do que a luz entrando pela varanda atrav\u00e9s de uma cortina de croch\u00ea. Os band\u00f4s s\u00e3o ideais para janelas pequenas, enquanto os modelos longos criam um visual encantador.<\/p>\n\n\n\n<p>Al\u00e9m de filtrar a luz, eles d\u00e3o movimento ao espa\u00e7o \u2014 e um toque po\u00e9tico que s\u00f3 o croch\u00ea tem.<\/p>\n\n\n\n<h2 id='acess\u00f3rios-e-detalhes-que-fazem-toda-diferen\u00e7a'  class=\"wp-block-heading\">Acess\u00f3rios e detalhes que fazem toda diferen\u00e7a<\/h2>\n\n\n\n<p>Se voc\u00ea quer come\u00e7ar devagar o <strong>croch\u00ea na varanda<\/strong>, invista em pequenos elementos:<\/p>\n\n\n\n<ul class=\"wp-block-list\">\n<li><strong>Capinhas de vaso<\/strong><\/li>\n\n\n\n<li><strong>Cestinhos porta-objetos<\/strong><\/li>\n\n\n\n<li><strong>Sousplats e trilhos de mesa<\/strong><\/li>\n\n\n\n<li><strong>Penduricalhos decorativos com flores ou cora\u00e7\u00f5es<\/strong><\/li>\n<\/ul>\n\n\n\n<p>Esses detalhes criam uma decora\u00e7\u00e3o afetiva e personalizada, sem pesar no ambiente.<\/p>\n\n\n\n<figure class=\"wp-block-image aligncenter size-large\"><img data-recalc-dims=\"1\" fetchpriority=\"high\" decoding=\"async\" width=\"1024\" height=\"683\" src=\"https:\/\/i0.wp.com\/1truenote.com\/wp-content\/uploads\/2025\/05\/ChatGPT-Image-27-de-mai.-de-2025-11_45_07.png?resize=1024%2C683&#038;ssl=1\" alt=\"decora\u00e7\u00e3o para o inverno\" class=\"wp-image-2354\" srcset=\"https:\/\/i0.wp.com\/1truenote.com\/wp-content\/uploads\/2025\/05\/ChatGPT-Image-27-de-mai.-de-2025-11_45_07.png?resize=1024%2C683&amp;ssl=1 1024w, https:\/\/i0.wp.com\/1truenote.com\/wp-content\/uploads\/2025\/05\/ChatGPT-Image-27-de-mai.-de-2025-11_45_07.png?resize=300%2C200&amp;ssl=1 300w, https:\/\/i0.wp.com\/1truenote.com\/wp-content\/uploads\/2025\/05\/ChatGPT-Image-27-de-mai.-de-2025-11_45_07.png?resize=768%2C512&amp;ssl=1 768w, https:\/\/i0.wp.com\/1truenote.com\/wp-content\/uploads\/2025\/05\/ChatGPT-Image-27-de-mai.-de-2025-11_45_07.png?resize=150%2C100&amp;ssl=1 150w, https:\/\/i0.wp.com\/1truenote.com\/wp-content\/uploads\/2025\/05\/ChatGPT-Image-27-de-mai.-de-2025-11_45_07.png?w=1536&amp;ssl=1 1536w\" sizes=\"(max-width: 1024px) 100vw, 1024px\" \/><\/figure>\n\n\n\n<h2 id='lumin\u00e1rias-com-croch\u00ea-luz-suave-clima-acolhedor'  class=\"wp-block-heading\">Lumin\u00e1rias com croch\u00ea: Luz suave, clima acolhedor<\/h2>\n\n\n\n<p>Aposte em abajures com base de croch\u00ea ou pendentes feitos com tramas abertas. Al\u00e9m de decorativos, eles criam um jogo de sombras delicado e acolhedor \u2014 perfeito para as noites na varanda.<\/p>\n\n\n\n<h2 id='tabela-ideias-de-pe\u00e7as-em-croch\u00ea-para-sua-varanda'  class=\"wp-block-heading\">Tabela: Ideias de pe\u00e7as em croch\u00ea para sua varanda<\/h2>\n\n\n\n<figure class=\"wp-block-table\"><table class=\"has-fixed-layout\"><thead><tr><th>Pe\u00e7a de Croch\u00ea<\/th><th>Ideal para&#8230;<\/th><th>Estilo que combina<\/th><\/tr><\/thead><tbody><tr><td>Tapete redondo<\/td><td>Embaixo da mesinha ou poltrona<\/td><td>Boho, escandinavo<\/td><\/tr><tr><td>Almofadas coloridas<\/td><td>Cadeiras, bancos, redes<\/td><td>R\u00fastico, tropical<\/td><\/tr><tr><td>Manta de sof\u00e1<\/td><td>Poltrona de leitura ou redes<\/td><td>Rom\u00e2ntico, retr\u00f4<\/td><\/tr><tr><td>Band\u00f4 curto<\/td><td>Janela pequena<\/td><td>Proven\u00e7al, campestre<\/td><\/tr><tr><td>Capa de vaso<\/td><td>Plantas suspensas ou ch\u00e3o<\/td><td>Natural, minimalista<\/td><\/tr><tr><td>Lumin\u00e1ria de croch\u00ea<\/td><td>Ilumina\u00e7\u00e3o suave<\/td><td>Artesanal, aconchegante<\/td><\/tr><\/tbody><\/table><\/figure>\n\n\n\n<hr class=\"wp-block-separator has-alpha-channel-opacity\"\/>\n\n\n\n<h2 id='dicas-r\u00e1pidas-para-decorar-com-croch\u00ea-na-varanda'  class=\"wp-block-heading\">Dicas r\u00e1pidas para decorar com croch\u00ea na varanda<\/h2>\n\n\n\n<ul class=\"wp-block-list\">\n<li>Escolha uma <strong>paleta de cores<\/strong> que combine com a natureza ao redor<\/li>\n\n\n\n<li>Misture <strong>pe\u00e7as artesanais com elementos modernos<\/strong>, criando contraste<\/li>\n\n\n\n<li>Use croch\u00ea para <strong>esconder imperfei\u00e7\u00f5es<\/strong> ou destacar m\u00f3veis simples<\/li>\n\n\n\n<li>Prefira croch\u00ea em locais com sombra, para conservar por mais tempo<\/li>\n<\/ul>\n\n\n\n<hr class=\"wp-block-separator has-alpha-channel-opacity\"\/>\n\n\n\n<h2 id='o-croch\u00ea-\u00e9-o-toque-de-alma-que-sua-varanda-merece'  class=\"wp-block-heading\">O croch\u00ea \u00e9 o toque de alma que sua varanda merece<\/h2>\n\n\n\n<p>A varanda j\u00e1 \u00e9 um convite ao descanso \u2014 e com croch\u00ea, ela se transforma em um verdadeiro ref\u00fagio de aconchego. N\u00e3o \u00e9 preciso gastar muito nem fazer grandes reformas. \u00c0s vezes, tudo come\u00e7a com um simples tapetinho ou uma almofada feita \u00e0 m\u00e3o.<\/p>\n\n\n\n<p>O croch\u00ea na varanda leva com ele hist\u00f3ria, carinho e tempo. Colocar essas pe\u00e7as na varanda \u00e9 como imprimir sua personalidade naquele espa\u00e7o. Comece com o que te toca, com o que te inspira. Aos poucos, a varanda vai ganhando alma\u2026 e ficando com a sua cara.<\/p>\n\n\n\n<p>\u2728 Que tal come\u00e7ar hoje mesmo com um projeto de <strong><a href=\"https:\/\/br.pinterest.com\/elielcabrinha\/varanda-de-croch%C3%AA\/\" data-type=\"link\" data-id=\"https:\/\/br.pinterest.com\/elielcabrinha\/varanda-de-croch%C3%AA\/\" target=\"_blank\" rel=\"noopener\">croch\u00ea<\/a> na varanda<\/strong>? Aposto que voc\u00ea vai se surpreender com a transforma\u00e7\u00e3o! Gostou do croch\u00ea na varanda? Voc\u00ea pode ver mais conte\u00fados clicando <a href=\"https:\/\/1truenote.com\/en\/category\/casa-e-jardim\/\" data-type=\"link\" data-id=\"https:\/\/1truenote.com\/category\/casa-e-jardim\/\">aqui<\/a>.<\/p>\n\n\n\n<h2 id='faq-croch\u00ea-na-varanda-d\u00favidas-mais-comuns'  class=\"wp-block-heading\">FAQ \u2013 Croch\u00ea na varanda: D\u00favidas mais comuns<\/h2>\n\n\n<div id=\"rank-math-faq\" class=\"rank-math-block\">\n<div class=\"rank-math-list\">\n<div id=\"faq-question-1748629054360\" class=\"rank-math-list-item\">\n<h3 id='croch\u00ea-pode-ficar-na-\u00e1rea-externa'  class=\"rank-math-question\">Croch\u00ea pode ficar na \u00e1rea externa?<\/h3>\n<div class=\"rank-math-answer\">\n\n<p>Sim! Mas prefira barbante mais grosso ou fio n\u00e1utico, que resistem melhor \u00e0 umidade.<\/p>\n\n<\/div>\n<\/div>\n<div id=\"faq-question-1748629069351\" class=\"rank-math-list-item\">\n<h3 id='como-lavar-pe\u00e7as-de-croch\u00ea'  class=\"rank-math-question\">Como lavar pe\u00e7as de croch\u00ea?<\/h3>\n<div class=\"rank-math-answer\">\n\n<p>Lave \u00e0 m\u00e3o com sab\u00e3o neutro e seque \u00e0 sombra. Evite m\u00e1quina, que pode deformar os pontos.<\/p>\n\n<\/div>\n<\/div>\n<div id=\"faq-question-1748629077409\" class=\"rank-math-list-item\">\n<h3 id='combina-com-plantas'  class=\"rank-math-question\">Combina com plantas?<\/h3>\n<div class=\"rank-math-answer\">\n\n<p>Totalmente! Pe\u00e7as em croch\u00ea valorizam ainda mais o verde da varanda.<\/p>\n\n<\/div>\n<\/div>\n<div id=\"faq-question-1748629086942\" class=\"rank-math-list-item\">\n<h3 id='\u00e9-poss\u00edvel-fazer-croch\u00ea-na-varanda'  class=\"rank-math-question\">\u00c9 poss\u00edvel fazer croch\u00ea na varanda?<\/h3>\n<div class=\"rank-math-answer\">\n\n<p>Sim! Inclusive, \u00e9 um \u00f3timo lugar para relaxar enquanto tece suas pr\u00f3prias pe\u00e7as.<\/p>\n\n<\/div>\n<\/div>\n<\/div>\n<\/div>\n\n\n<figure class=\"wp-block-image aligncenter size-large\"><img data-recalc-dims=\"1\" decoding=\"async\" width=\"1024\" height=\"683\" src=\"https:\/\/i0.wp.com\/1truenote.com\/wp-content\/uploads\/2025\/05\/ChatGPT-Image-30-de-mai.-de-2025-15_28_59.png?resize=1024%2C683&#038;ssl=1\" alt=\"croch\u00ea na varanda\" class=\"wp-image-2563\" srcset=\"https:\/\/i0.wp.com\/1truenote.com\/wp-content\/uploads\/2025\/05\/ChatGPT-Image-30-de-mai.-de-2025-15_28_59.png?resize=1024%2C683&amp;ssl=1 1024w, https:\/\/i0.wp.com\/1truenote.com\/wp-content\/uploads\/2025\/05\/ChatGPT-Image-30-de-mai.-de-2025-15_28_59.png?resize=300%2C200&amp;ssl=1 300w, https:\/\/i0.wp.com\/1truenote.com\/wp-content\/uploads\/2025\/05\/ChatGPT-Image-30-de-mai.-de-2025-15_28_59.png?resize=768%2C512&amp;ssl=1 768w, https:\/\/i0.wp.com\/1truenote.com\/wp-content\/uploads\/2025\/05\/ChatGPT-Image-30-de-mai.-de-2025-15_28_59.png?resize=150%2C100&amp;ssl=1 150w, https:\/\/i0.wp.com\/1truenote.com\/wp-content\/uploads\/2025\/05\/ChatGPT-Image-30-de-mai.-de-2025-15_28_59.png?w=1536&amp;ssl=1 1536w\" sizes=\"(max-width: 1024px) 100vw, 1024px\" \/><\/figure>","protected":false},"excerpt":{"rendered":"<p>Croch\u00ea na varanda. Ah, a varanda\u2026 aquele cantinho da casa que convida a respirar fundo, tomar um cafezinho e esquecer&#8230;<\/p>","protected":false},"author":1,"featured_media":2563,"comment_status":"open","ping_status":"open","sticky":false,"template":"","format":"standard","meta":{"_kad_post_transparent":"","_kad_post_title":"","_kad_post_layout":"","_kad_post_sidebar_id":"","_kad_post_content_style":"","_kad_post_vertical_padding":"","_kad_post_feature":"","_kad_post_feature_position":"","_kad_post_header":false,"_kad_post_footer":false,"_kad_post_classname":"","footnotes":"","jetpack_publicize_message":"","jetpack_publicize_feature_enabled":true,"jetpack_social_post_already_shared":true,"jetpack_social_options":{"image_generator_settings":{"template":"highway","enabled":false},"version":2}},"categories":[16],"tags":[11,15,13,29],"class_list":["post-2562","post","type-post","status-publish","format-standard","has-post-thumbnail","hentry","category-casa-e-jardim","tag-conforto-noturno","tag-conservacao-e-manutencao","tag-minimalista","tag-jardim"],"jetpack_publicize_connections":[],"jetpack_featured_media_url":"https:\/\/i0.wp.com\/1truenote.com\/wp-content\/uploads\/2025\/05\/ChatGPT-Image-30-de-mai.-de-2025-15_28_59.png?fit=1536%2C1024&ssl=1","jetpack_sharing_enabled":true,"_links":{"self":[{"href":"https:\/\/1truenote.com\/en\/wp-json\/wp\/v2\/posts\/2562","targetHints":{"allow":["GET"]}}],"collection":[{"href":"https:\/\/1truenote.com\/en\/wp-json\/wp\/v2\/posts"}],"about":[{"href":"https:\/\/1truenote.com\/en\/wp-json\/wp\/v2\/types\/post"}],"author":[{"embeddable":true,"href":"https:\/\/1truenote.com\/en\/wp-json\/wp\/v2\/users\/1"}],"replies":[{"embeddable":true,"href":"https:\/\/1truenote.com\/en\/wp-json\/wp\/v2\/comments?post=2562"}],"version-history":[{"count":1,"href":"https:\/\/1truenote.com\/en\/wp-json\/wp\/v2\/posts\/2562\/revisions"}],"predecessor-version":[{"id":4283,"href":"https:\/\/1truenote.com\/en\/wp-json\/wp\/v2\/posts\/2562\/revisions\/4283"}],"wp:featuredmedia":[{"embeddable":true,"href":"https:\/\/1truenote.com\/en\/wp-json\/wp\/v2\/media\/2563"}],"wp:attachment":[{"href":"https:\/\/1truenote.com\/en\/wp-json\/wp\/v2\/media?parent=2562"}],"wp:term":[{"taxonomy":"category","embeddable":true,"href":"https:\/\/1truenote.com\/en\/wp-json\/wp\/v2\/categories?post=2562"},{"taxonomy":"post_tag","embeddable":true,"href":"https:\/\/1truenote.com\/en\/wp-json\/wp\/v2\/tags?post=2562"}],"curies":[{"name":"wp","href":"https:\/\/api.w.org\/{rel}","templated":true}]}}