{"id":2520,"date":"2025-05-29T14:00:00","date_gmt":"2025-05-29T17:00:00","guid":{"rendered":"https:\/\/1truenote.com\/?p=2520"},"modified":"2025-05-29T10:59:49","modified_gmt":"2025-05-29T13:59:49","slug":"integrar-sala-e-cozinha-com-estilo","status":"publish","type":"post","link":"https:\/\/1truenote.com\/en\/integrar-sala-e-cozinha-com-estilo\/","title":{"rendered":"9 Truques infal\u00edveis para integrar sala e cozinha com estilo e funcionalidade"},"content":{"rendered":"<div class=\"fit_content\">\n                <div class=\"bd_toc_container\" data-fixedwidth=\"\">\n                    <div class=\"bd_toc_wrapper\" data-wrapperpadding=\"48px\">\n                        <div class=\"bd_toc_wrapper_item\">\n                            <div class=\"bd_toc_header active\" data-headerpadding=\"2px\">\n                                <div class=\"bd_toc_header_title\">\n                                    Sum\u00e1rio                                <\/div>\n                                <div class=\"bd_toc_switcher_hide_show_icon\">\n                                    <span class=\"bd_toc_arrow\"><\/span>                                <\/div>\n                            <\/div>\n                            <div class=\"bd_toc_content list-type-number\">\n                                <div class=\"bd_toc_content_list\">\n                                    <div class='bd_toc_content_list_item'>    <ul>\n      <li class=\"first\">\n        <a href=\"#1-defina-fun\u00e7\u00f5es-com-tapetes-e-ilumina\u00e7\u00e3o-para-integrar-sala-e-cozinha\">1. Defina fun\u00e7\u00f5es com tapetes e ilumina\u00e7\u00e3o para integrar sala e cozinha<\/a>\n      <\/li>\n      <li>\n        <a href=\"#2-aposte-em-m\u00f3veis-multifuncionais\">2. Aposte em m\u00f3veis multifuncionais<\/a>\n      <\/li>\n      <li>\n        <a href=\"#3-crie-uma-paleta-de-cores-harm\u00f4nica\">3. Crie uma paleta de cores harm\u00f4nica<\/a>\n      <\/li>\n      <li>\n        <a href=\"#4-use-uma-ilha-ou-bancada-como-elo\">4. Use uma ilha ou bancada como elo<\/a>\n      <\/li>\n      <li>\n        <a href=\"#5-mantenha-o-visual-leve\">5. Mantenha o visual leve<\/a>\n      <\/li>\n      <li>\n        <a href=\"#6-invista-em-boa-ilumina\u00e7\u00e3o-natural-e-artificial\">6. Invista em boa ilumina\u00e7\u00e3o natural e artificial<\/a>\n      <\/li>\n      <li>\n        <a href=\"#7-planeje-bem-o-armazenamento\">7. Planeje bem o armazenamento<\/a>\n      <\/li>\n      <li>\n        <a href=\"#8-d\u00ea-toques-verdes-com-plantas\">8. D\u00ea toques verdes com plantas<\/a>\n      <\/li>\n      <li>\n        <a href=\"#9-personalize-com-elementos-afetivos\">9. Personalize com elementos afetivos<\/a>\n      <\/li>\n      <li>\n        <a href=\"#\ud83c\udf1f-tabela-comparando-ambientes-integrados-x-tradicionais\">\ud83c\udf1f Tabela: Comparando Ambientes integrados x Tradicionais<\/a>\n      <\/li>\n      <li>\n        <a href=\"#\ud83d\udcac-integra\u00e7\u00e3o-com-identidade-e-aconchego\">\ud83d\udcac Integra\u00e7\u00e3o com identidade e aconchego<\/a>\n      <\/li>\n      <li>\n        <a href=\"#tabela-comparativa-ambientes-integrados-vs-tradicionais\">Tabela comparativa: Ambientes integrados vs tradicionais<\/a>\n      <\/li>\n      <li>\n        <a href=\"#\u2705-dicas-pr\u00e1ticas-para-integrar-sala-e-cozinha\">\u2705 Dicas pr\u00e1ticas para integrar sala e cozinha<\/a>\n      <\/li>\n      <li class=\"last\">\n        <a href=\"#faq-perguntas-frequentes-de-integrar-sala-e-cozinha\">FAQ \u2013 Perguntas frequentes de integrar sala e cozinha<\/a>\n        <ul class=\"menu_level_2\">\n          <li class=\"first\">\n            <a href=\"#precisa-derrubar-parede-para-integrar-sala-e-cozinha\">Precisa derrubar parede para integrar sala e cozinha?<\/a>\n          <\/li>\n          <li>\n            <a href=\"#o-cheiro-da-comida-vai-para-a-sala\">O cheiro da comida vai para a sala?<\/a>\n          <\/li>\n          <li>\n            <a href=\"#como-evitar-bagun\u00e7a-na-cozinha-aberta\">Como evitar bagun\u00e7a na cozinha aberta?<\/a>\n          <\/li>\n          <li>\n            <a href=\"#posso-misturar-estilos-entre-sala-e-cozinha\">Posso misturar estilos entre sala e cozinha?<\/a>\n          <\/li>\n          <li class=\"last\">\n            <a href=\"#quais-plantas-usar-em-ambientes-integrados\">Quais plantas usar em ambientes integrados?<\/a>\n          <\/li>\n        <\/ul>\n      <\/li>\n    <\/ul>\n<\/div>                                <\/div>\n                            <\/div>\n                        <\/div>\n                    <\/div>\n                    <div class=\"layout_toggle_button\">\n                        <span class=\"bd_toc_arrow\"><\/span>\n                    <\/div>\n                <\/div>\n            <\/div>\n\n    \n\n\n<p>Integrar sala e cozinha. Voc\u00ea j\u00e1 reparou como a cozinha e a sala s\u00e3o os espa\u00e7os mais vividos da casa? E quando os dois se unem, a m\u00e1gica acontece. Integrar sala e cozinha \u00e9 uma tend\u00eancia que veio pra ficar \u2013 e n\u00e3o \u00e9 s\u00f3 quest\u00e3o de est\u00e9tica, mas de praticidade, conviv\u00eancia e at\u00e9 economia de espa\u00e7o.<\/p>\n\n\n\n<p>Mais do que uma tend\u00eancia de decora\u00e7\u00e3o, integrar sala e cozinha \u00e9 uma escolha de estilo de vida. \u00c9 sobre estar junto, conversar enquanto cozinha, assistir TV enquanto prepara um caf\u00e9, e aproveitar cada cantinho da casa com mais fluidez. E o melhor: d\u00e1 pra fazer isso com charme e sem abrir m\u00e3o da funcionalidade!<\/p>\n\n\n\n<p>Aqui vou te mostrar 9 truques certeiros para criar um ambiente integrado que seja bonito, funcional e com a sua cara. Bora transformar a casa sem quebra-quebra nem dor de cabe\u00e7a?<\/p>\n\n\n\n<hr class=\"wp-block-separator has-alpha-channel-opacity\"\/>\n\n\n\n<h2 id='1-defina-fun\u00e7\u00f5es-com-tapetes-e-ilumina\u00e7\u00e3o-para-integrar-sala-e-cozinha'  class=\"wp-block-heading\">1. Defina fun\u00e7\u00f5es com tapetes e ilumina\u00e7\u00e3o para integrar sala e cozinha<\/h2>\n\n\n\n<p>Mesmo sem paredes, d\u00e1 pra delimitar os espa\u00e7os. Um tapete sob o sof\u00e1 ou a mesa de jantar j\u00e1 faz isso lindamente. E que tal usar spots ou pendentes diferentes para cada ambiente? Isso ajuda a organizar visualmente sem perder a integra\u00e7\u00e3o.<\/p>\n\n\n\n<h2 id='2-aposte-em-m\u00f3veis-multifuncionais'  class=\"wp-block-heading\">2. Aposte em m\u00f3veis multifuncionais<\/h2>\n\n\n\n<p>Na hora de mobiliar ambientes integrados, funcionalidade \u00e9 tudo. Mesas dobr\u00e1veis, bancadas que viram apoio ou refei\u00e7\u00f5es r\u00e1pidas, e estantes vazadas que dividem sem fechar \u2013 tudo isso \u00e9 ouro!<\/p>\n\n\n\n<h2 id='3-crie-uma-paleta-de-cores-harm\u00f4nica'  class=\"wp-block-heading\">3. Crie uma paleta de cores harm\u00f4nica<\/h2>\n\n\n\n<p>Nada de cada canto com uma cor! Use tons que conversem entre si para dar fluidez. Cores neutras como bege, cinza ou off-white s\u00e3o curingas. E detalhes coloridos podem aparecer nos objetos, quadros ou almofadas.<\/p>\n\n\n\n<h2 id='4-use-uma-ilha-ou-bancada-como-elo'  class=\"wp-block-heading\">4. Use uma ilha ou bancada como elo<\/h2>\n\n\n\n<p>A famosa ilha entre sala e cozinha virou s\u00edmbolo de integra\u00e7\u00e3o. Ela funciona como espa\u00e7o de preparo, apoio e ponto de encontro. Se o espa\u00e7o for pequeno, uma bancada estreita j\u00e1 resolve bem.<\/p>\n\n\n\n<h2 id='5-mantenha-o-visual-leve'  class=\"wp-block-heading\">5. Mantenha o visual leve<\/h2>\n\n\n\n<p>Ambientes integrados pedem leveza. Evite excesso de itens e opte por m\u00f3veis com p\u00e9s aparentes ou tons claros. Isso deixa tudo mais arejado e bonito.<\/p>\n\n\n\n<h2 id='6-invista-em-boa-ilumina\u00e7\u00e3o-natural-e-artificial'  class=\"wp-block-heading\">6. Invista em boa ilumina\u00e7\u00e3o natural e artificial<\/h2>\n\n\n\n<p>Deixe a luz entrar! Cortinas leves, janelas amplas e espelhos ajudam. E \u00e0 noite, prefira luzes quentes e indiretas para criar um clima acolhedor.<\/p>\n\n\n\n<h2 id='7-planeje-bem-o-armazenamento'  class=\"wp-block-heading\">7. Planeje bem o armazenamento<\/h2>\n\n\n\n<p>Nada pior do que bagun\u00e7a \u00e0 vista. Em cozinhas abertas, arm\u00e1rios bem planejados e nichos fechados ajudam a esconder a lou\u00e7a e manter o estilo na sala.<\/p>\n\n\n\n<h2 id='8-d\u00ea-toques-verdes-com-plantas'  class=\"wp-block-heading\">8. D\u00ea toques verdes com plantas<\/h2>\n\n\n\n<p>Plantas trazem vida e conex\u00e3o entre os espa\u00e7os. Use vasos com samambaias, jiboias ou at\u00e9 hortinhas em prateleiras \u2013 al\u00e9m de decorar, elas purificam o ar.<\/p>\n\n\n\n<h2 id='9-personalize-com-elementos-afetivos'  class=\"wp-block-heading\">9. Personalize com elementos afetivos<\/h2>\n\n\n\n<p>Fotos, quadros, objetos de viagens ou lembran\u00e7as de fam\u00edlia ajudam a dar identidade. Integra\u00e7\u00e3o \u00e9 sobre juntar, inclusive estilos, mem\u00f3rias e hist\u00f3rias.<\/p>\n\n\n\n<hr class=\"wp-block-separator has-alpha-channel-opacity\"\/>\n\n\n\n<h2 id='\ud83c\udf1f-tabela-comparando-ambientes-integrados-x-tradicionais'  class=\"wp-block-heading\">\ud83c\udf1f Tabela: Comparando Ambientes integrados x Tradicionais<\/h2>\n\n\n\n<figure class=\"wp-block-table\"><table class=\"has-fixed-layout\"><tbody><tr><th>Aspecto<\/th><th>Integrado<\/th><th>Tradicional<\/th><\/tr><tr><td>Sensa\u00e7\u00e3o de amplitude<\/td><td>Alta<\/td><td>M\u00e9dia<\/td><\/tr><tr><td>Ilumina\u00e7\u00e3o natural<\/td><td>Mais flu\u00edda<\/td><td>Pode ser limitada<\/td><\/tr><tr><td>Intera\u00e7\u00e3o social<\/td><td>Facilitada<\/td><td>Limitada<\/td><\/tr><tr><td>Organiza\u00e7\u00e3o visual<\/td><td>Exige mais planejamento<\/td><td>Mais segmentada<\/td><\/tr><tr><td>Estilo decorativo<\/td><td>Coeso e cont\u00ednuo<\/td><td>Pode variar por ambiente<\/td><\/tr><\/tbody><\/table><\/figure>\n\n\n\n<hr class=\"wp-block-separator has-alpha-channel-opacity\"\/>\n\n\n\n<h2 id='\ud83d\udcac-integra\u00e7\u00e3o-com-identidade-e-aconchego'  class=\"wp-block-heading\">\ud83d\udcac Integra\u00e7\u00e3o com identidade e aconchego<\/h2>\n\n\n\n<p>Integrar sala e cozinha vai muito al\u00e9m da est\u00e9tica. \u00c9 sobre criar um espa\u00e7o que funciona pra voc\u00ea, que acolhe, une e facilita a rotina.<\/p>\n\n\n\n<p>Com os 9 truques que compartilhei, d\u00e1 pra transformar o ambiente com estilo e praticidade, sem gastar muito. Comece com o que voc\u00ea tem, observe o que funciona no seu dia a dia, e v\u00e1 ajustando com carinho.<\/p>\n\n\n\n<p>Seja num ap\u00ea pequeno ou numa casa espa\u00e7osa, o que importa \u00e9 que sua casa conte sua hist\u00f3ria \u2013 toda conectada, do jeitinho que voc\u00ea \u00e9. \u2728<\/p>\n\n\n\n<h2 id='tabela-comparativa-ambientes-integrados-vs-tradicionais'  class=\"wp-block-heading\">Tabela comparativa: Ambientes integrados vs tradicionais<\/h2>\n\n\n\n<figure class=\"wp-block-table\"><table class=\"has-fixed-layout\"><thead><tr><th>Caracter\u00edstica<\/th><th>Integrado<\/th><th>Tradicional<\/th><\/tr><\/thead><tbody><tr><td>Sensa\u00e7\u00e3o de amplitude<\/td><td>Maior<\/td><td>Limitada<\/td><\/tr><tr><td>Ilumina\u00e7\u00e3o natural<\/td><td>Melhor aproveitamento<\/td><td>Pode ser bloqueada<\/td><\/tr><tr><td>Conviv\u00eancia<\/td><td>Estimula a intera\u00e7\u00e3o<\/td><td>Mais isolado<\/td><\/tr><tr><td>Est\u00e9tica decorativa<\/td><td>Exige harmonia visual<\/td><td>Pode variar entre os c\u00f4modos<\/td><\/tr><tr><td>Organization<\/td><td>Exige mais planejamento visual<\/td><td>Organiza\u00e7\u00e3o setorizada<\/td><\/tr><\/tbody><\/table><\/figure>\n\n\n\n<hr class=\"wp-block-separator has-alpha-channel-opacity\"\/>\n\n\n\n<h2 id='\u2705-dicas-pr\u00e1ticas-para-integrar-sala-e-cozinha'  class=\"wp-block-heading\">\u2705 Dicas pr\u00e1ticas para integrar sala e cozinha<\/h2>\n\n\n\n<ul class=\"wp-block-list\">\n<li><strong>Use um mesmo piso nos dois ambientes<\/strong> para criar continuidade visual.<\/li>\n\n\n\n<li><strong>Aposte em uma bancada ou ilha<\/strong> como divisor pr\u00e1tico e decorativo.<\/li>\n\n\n\n<li><strong>Escolha uma paleta de cores \u00fanica<\/strong> para harmonizar os espa\u00e7os.<\/li>\n\n\n\n<li><strong>M\u00f3veis multifuncionais<\/strong> otimizam espa\u00e7o e d\u00e3o fluidez.<\/li>\n\n\n\n<li><strong>Instale uma coifa eficiente<\/strong> para controlar odores.<\/li>\n\n\n\n<li><strong>Plantas e quadros<\/strong> ajudam a decorar com vida sem pesar o ambiente.<\/li>\n\n\n\n<li><strong>Evite excesso de informa\u00e7\u00e3o visual<\/strong> \u2014 menos \u00e9 mais em espa\u00e7os integrados.<\/li>\n<\/ul>\n\n\n\n<p>Voc\u00ea n\u00e3o precisa reformar tudo de uma vez para integrar sala e cozinha. V\u00e1 aos poucos, colocando sua energia e seu carinho em cada canto. Quando menos esperar, sua <a href=\"https:\/\/br.pinterest.com\/merycordao\/cozinha-e-sala-integradas\/\" data-type=\"link\" data-id=\"https:\/\/br.pinterest.com\/merycordao\/cozinha-e-sala-integradas\/\" target=\"_blank\" rel=\"noopener\">casinha<\/a> vai estar do jeitinho que voc\u00ea sempre quis \u2013 ou at\u00e9 melhor.<\/p>\n\n\n\n<p>Voc\u00ea pode ver mais <a href=\"https:\/\/1truenote.com\/en\/category\/casa-e-jardim\/\" data-type=\"link\" data-id=\"https:\/\/1truenote.com\/category\/casa-e-jardim\/\">aqui<\/a>.<\/p>\n\n\n\n<h2 id='faq-perguntas-frequentes-de-integrar-sala-e-cozinha'  class=\"wp-block-heading\">FAQ \u2013 Perguntas frequentes de integrar sala e cozinha<\/h2>\n\n\n<div id=\"rank-math-faq\" class=\"rank-math-block\">\n<div class=\"rank-math-list\">\n<div id=\"faq-question-1748526612599\" class=\"rank-math-list-item\">\n<h3 id='precisa-derrubar-parede-para-integrar-sala-e-cozinha'  class=\"rank-math-question\">Precisa derrubar parede para integrar sala e cozinha?<\/h3>\n<div class=\"rank-math-answer\">\n\n<p>N\u00e3o necessariamente. Um balc\u00e3o, meia parede ou at\u00e9 divis\u00f3ria leve j\u00e1 pode integrar visualmente sem reformas estruturais.<\/p>\n\n<\/div>\n<\/div>\n<div id=\"faq-question-1748526623865\" class=\"rank-math-list-item\">\n<h3 id='o-cheiro-da-comida-vai-para-a-sala'  class=\"rank-math-question\">O cheiro da comida vai para a sala?<\/h3>\n<div class=\"rank-math-answer\">\n\n<p>Pode acontecer, mas usar uma boa coifa ou exaustor resolve o problema, al\u00e9m de manter janelas abertas durante o preparo.<\/p>\n\n<\/div>\n<\/div>\n<div id=\"faq-question-1748526637249\" class=\"rank-math-list-item\">\n<h3 id='como-evitar-bagun\u00e7a-na-cozinha-aberta'  class=\"rank-math-question\">Como evitar bagun\u00e7a na cozinha aberta?<\/h3>\n<div class=\"rank-math-answer\">\n\n<p>Arm\u00e1rios fechados, organiza\u00e7\u00e3o vertical e rotina de limpeza s\u00e3o a chave para manter tudo em ordem e bonito.<\/p>\n\n<\/div>\n<\/div>\n<div id=\"faq-question-1748526643215\" class=\"rank-math-list-item\">\n<h3 id='posso-misturar-estilos-entre-sala-e-cozinha'  class=\"rank-math-question\">Posso misturar estilos entre sala e cozinha?<\/h3>\n<div class=\"rank-math-answer\">\n\n<p>Pode! O segredo \u00e9 ter pelo menos um elo visual entre eles: cores parecidas, texturas, ou elementos decorativos semelhantes.<\/p>\n\n<\/div>\n<\/div>\n<div id=\"faq-question-1748526666167\" class=\"rank-math-list-item\">\n<h3 id='quais-plantas-usar-em-ambientes-integrados'  class=\"rank-math-question\">Quais plantas usar em ambientes integrados?<\/h3>\n<div class=\"rank-math-answer\">\n\n<p>Jiboia, pacov\u00e1, zamioculca e ervas como manjeric\u00e3o ou alecrim \u2014 bonitas, funcionais e f\u00e1ceis de cuidar!<\/p>\n\n<\/div>\n<\/div>\n<\/div>\n<\/div>\n\n\n<figure class=\"wp-block-image aligncenter size-large\"><img data-recalc-dims=\"1\" fetchpriority=\"high\" decoding=\"async\" width=\"1024\" height=\"683\" src=\"https:\/\/i0.wp.com\/1truenote.com\/wp-content\/uploads\/2025\/05\/ChatGPT-Image-29-de-mai.-de-2025-10_53_34.png?resize=1024%2C683&#038;ssl=1\" alt=\"integrar sala e cozinha\" class=\"wp-image-2521\" srcset=\"https:\/\/i0.wp.com\/1truenote.com\/wp-content\/uploads\/2025\/05\/ChatGPT-Image-29-de-mai.-de-2025-10_53_34.png?resize=1024%2C683&amp;ssl=1 1024w, https:\/\/i0.wp.com\/1truenote.com\/wp-content\/uploads\/2025\/05\/ChatGPT-Image-29-de-mai.-de-2025-10_53_34.png?resize=300%2C200&amp;ssl=1 300w, https:\/\/i0.wp.com\/1truenote.com\/wp-content\/uploads\/2025\/05\/ChatGPT-Image-29-de-mai.-de-2025-10_53_34.png?resize=768%2C512&amp;ssl=1 768w, https:\/\/i0.wp.com\/1truenote.com\/wp-content\/uploads\/2025\/05\/ChatGPT-Image-29-de-mai.-de-2025-10_53_34.png?resize=150%2C100&amp;ssl=1 150w, https:\/\/i0.wp.com\/1truenote.com\/wp-content\/uploads\/2025\/05\/ChatGPT-Image-29-de-mai.-de-2025-10_53_34.png?w=1536&amp;ssl=1 1536w\" sizes=\"(max-width: 1024px) 100vw, 1024px\" \/><\/figure>","protected":false},"excerpt":{"rendered":"<p>Integrar sala e cozinha. Voc\u00ea j\u00e1 reparou como a cozinha e a sala s\u00e3o os espa\u00e7os mais vividos da casa?&#8230;<\/p>","protected":false},"author":1,"featured_media":2521,"comment_status":"open","ping_status":"open","sticky":false,"template":"","format":"standard","meta":{"_kad_post_transparent":"","_kad_post_title":"","_kad_post_layout":"","_kad_post_sidebar_id":"","_kad_post_content_style":"","_kad_post_vertical_padding":"","_kad_post_feature":"","_kad_post_feature_position":"","_kad_post_header":false,"_kad_post_footer":false,"_kad_post_classname":"","footnotes":"","jetpack_publicize_message":"","jetpack_publicize_feature_enabled":true,"jetpack_social_post_already_shared":true,"jetpack_social_options":{"image_generator_settings":{"template":"highway","enabled":false},"version":2}},"categories":[16,1],"tags":[15,13,14],"class_list":["post-2520","post","type-post","status-publish","format-standard","has-post-thumbnail","hentry","category-casa-e-jardim","category-novidades","tag-conservacao-e-manutencao","tag-minimalista","tag-interiores-inovadores"],"jetpack_publicize_connections":[],"jetpack_featured_media_url":"https:\/\/i0.wp.com\/1truenote.com\/wp-content\/uploads\/2025\/05\/ChatGPT-Image-29-de-mai.-de-2025-10_53_34.png?fit=1536%2C1024&ssl=1","jetpack_sharing_enabled":true,"_links":{"self":[{"href":"https:\/\/1truenote.com\/en\/wp-json\/wp\/v2\/posts\/2520","targetHints":{"allow":["GET"]}}],"collection":[{"href":"https:\/\/1truenote.com\/en\/wp-json\/wp\/v2\/posts"}],"about":[{"href":"https:\/\/1truenote.com\/en\/wp-json\/wp\/v2\/types\/post"}],"author":[{"embeddable":true,"href":"https:\/\/1truenote.com\/en\/wp-json\/wp\/v2\/users\/1"}],"replies":[{"embeddable":true,"href":"https:\/\/1truenote.com\/en\/wp-json\/wp\/v2\/comments?post=2520"}],"version-history":[{"count":0,"href":"https:\/\/1truenote.com\/en\/wp-json\/wp\/v2\/posts\/2520\/revisions"}],"wp:featuredmedia":[{"embeddable":true,"href":"https:\/\/1truenote.com\/en\/wp-json\/wp\/v2\/media\/2521"}],"wp:attachment":[{"href":"https:\/\/1truenote.com\/en\/wp-json\/wp\/v2\/media?parent=2520"}],"wp:term":[{"taxonomy":"category","embeddable":true,"href":"https:\/\/1truenote.com\/en\/wp-json\/wp\/v2\/categories?post=2520"},{"taxonomy":"post_tag","embeddable":true,"href":"https:\/\/1truenote.com\/en\/wp-json\/wp\/v2\/tags?post=2520"}],"curies":[{"name":"wp","href":"https:\/\/api.w.org\/{rel}","templated":true}]}}