{"id":2517,"date":"2025-05-29T12:00:00","date_gmt":"2025-05-29T15:00:00","guid":{"rendered":"https:\/\/1truenote.com\/?p=2517"},"modified":"2025-05-29T10:42:20","modified_gmt":"2025-05-29T13:42:20","slug":"casinhas-de-chacara-decoradas","status":"publish","type":"post","link":"https:\/\/1truenote.com\/en\/casinhas-de-chacara-decoradas\/","title":{"rendered":"Casinhas de ch\u00e1cara decoradas que parecem sa\u00eddas de um sonho"},"content":{"rendered":"<div class=\"fit_content\">\n                <div class=\"bd_toc_container\" data-fixedwidth=\"\">\n                    <div class=\"bd_toc_wrapper\" data-wrapperpadding=\"48px\">\n                        <div class=\"bd_toc_wrapper_item\">\n                            <div class=\"bd_toc_header active\" data-headerpadding=\"2px\">\n                                <div class=\"bd_toc_header_title\">\n                                    Sum\u00e1rio                                <\/div>\n                                <div class=\"bd_toc_switcher_hide_show_icon\">\n                                    <span class=\"bd_toc_arrow\"><\/span>                                <\/div>\n                            <\/div>\n                            <div class=\"bd_toc_content list-type-number\">\n                                <div class=\"bd_toc_content_list\">\n                                    <div class='bd_toc_content_list_item'>    <ul>\n      <li class=\"first\">\n        <a href=\"#\ud83e\udeb5-estilos-que-combinam-com-casinhas-de-ch\u00e1cara-decoradas\">\ud83e\udeb5 Estilos que combinam com casinhas de ch\u00e1cara decoradas<\/a>\n      <\/li>\n      <li>\n        <a href=\"#\ud83c\udf3b-dicas-pr\u00e1ticas-para-casinhas-de-ch\u00e1cara-decoradas\">\ud83c\udf3b Dicas pr\u00e1ticas para casinhas de ch\u00e1cara decoradas<\/a>\n      <\/li>\n      <li>\n        <a href=\"#\ud83c\udfe1-ideias-para-fachada-e-\u00e1rea-externa\">\ud83c\udfe1 Ideias para fachada e \u00e1rea externa<\/a>\n      <\/li>\n      <li>\n        <a href=\"#\u2728-como-deixar-casinhas-de-ch\u00e1cara-decoradas-com-toques-pessoais\">\u2728 Como deixar casinhas de ch\u00e1cara decoradas com toques pessoais<\/a>\n      <\/li>\n      <li>\n        <a href=\"#\ud83e\uddfa-organiza\u00e7\u00e3o-charmosa-menos-bagun\u00e7a-mais-aconchego\">\ud83e\uddfa Organiza\u00e7\u00e3o charmosa: Menos bagun\u00e7a, mais aconchego<\/a>\n      <\/li>\n      <li>\n        <a href=\"#\ud83c\udf7d\ufe0f-cozinha-e-\u00e1rea-gourmet-cora\u00e7\u00e3o-da-casa-de-ch\u00e1cara\">\ud83c\udf7d\ufe0f Cozinha e \u00e1rea gourmet: Cora\u00e7\u00e3o da casa de ch\u00e1cara<\/a>\n      <\/li>\n      <li>\n        <a href=\"#\ud83d\udcac-sua-casinha-de-ch\u00e1cara-decorada-com-alma-e-aconchego\">\ud83d\udcac Sua casinha de ch\u00e1cara decorada com alma e aconchego<\/a>\n      <\/li>\n      <li class=\"last\">\n        <a href=\"#faq-perguntas-frequentes-sobre-casinhas-de-ch\u00e1cara-decoradas\">FAQ \u2013 Perguntas frequentes sobre casinhas de ch\u00e1cara decoradas<\/a>\n        <ul class=\"menu_level_2\">\n          <li class=\"first\">\n            <a href=\"#como-criar-uma-decora\u00e7\u00e3o-r\u00fastica-sem-gastar-muito\">Como criar uma decora\u00e7\u00e3o r\u00fastica sem gastar muito?<\/a>\n          <\/li>\n          <li>\n            <a href=\"#posso-misturar-estilos-numa-casinha-de-ch\u00e1cara\">Posso misturar estilos numa casinha de ch\u00e1cara?<\/a>\n          <\/li>\n          <li>\n            <a href=\"#quais-cores-combinam-com-decora\u00e7\u00e3o-de-ch\u00e1cara\">Quais cores combinam com decora\u00e7\u00e3o de ch\u00e1cara?<\/a>\n          <\/li>\n          <li>\n            <a href=\"#o-que-n\u00e3o-pode-faltar-numa-fachada-de-ch\u00e1cara-charmosa\">O que n\u00e3o pode faltar numa fachada de ch\u00e1cara charmosa?<\/a>\n          <\/li>\n          <li class=\"last\">\n            <a href=\"#como-manter-o-estilo-r\u00fastico-funcional\">Como manter o estilo r\u00fastico funcional?<\/a>\n          <\/li>\n        <\/ul>\n      <\/li>\n    <\/ul>\n<\/div>                                <\/div>\n                            <\/div>\n                        <\/div>\n                    <\/div>\n                    <div class=\"layout_toggle_button\">\n                        <span class=\"bd_toc_arrow\"><\/span>\n                    <\/div>\n                <\/div>\n            <\/div>\n\n    \n\n\n<p>Quem nunca se pegou imaginando uma casinha charmosa no meio do mato, com varanda, rede e aquele cheirinho de caf\u00e9 passado? Essas <strong>casinhas de ch\u00e1cara decoradas<\/strong> t\u00eam um poder m\u00e1gico: trazem paz, afeto e a sensa\u00e7\u00e3o de que a vida pode ser mais leve.<\/p>\n\n\n\n<p>Sabe aquela sensa\u00e7\u00e3o de pisar num lugar e sentir que ali mora paz? \u00c9 isso que uma casinha de ch\u00e1cara bem decorada transmite. Um ref\u00fagio onde cada detalhe acolhe, desde o rangido da porta de madeira at\u00e9 o balan\u00e7o da rede na varanda. E o melhor: voc\u00ea n\u00e3o precisa de luxo pra isso, s\u00f3 de boas ideias e um toque de carinho em cada escolha.<\/p>\n\n\n\n<p>Aqui voc\u00ea vai encontrar ideias lindas, acess\u00edveis e pr\u00e1ticas para transformar seu cantinho no campo em um ref\u00fagio cheio de estilo, sem perder a simplicidade que aquece o cora\u00e7\u00e3o.<\/p>\n\n\n\n<hr class=\"wp-block-separator has-alpha-channel-opacity\"\/>\n\n\n\n<h2 id='\ud83e\udeb5-estilos-que-combinam-com-casinhas-de-ch\u00e1cara-decoradas'  class=\"wp-block-heading\">\ud83e\udeb5 Estilos que combinam com casinhas de ch\u00e1cara decoradas<\/h2>\n\n\n\n<figure class=\"wp-block-table\"><table class=\"has-fixed-layout\"><thead><tr><th>Estilo<\/th><th>Caracter\u00edsticas principais<\/th><th>Combina com&#8230;<\/th><\/tr><\/thead><tbody><tr><td>R\u00fastico<\/td><td>Madeira, pedra, fibras naturais<\/td><td>Decora\u00e7\u00e3o de campo tradicional<\/td><\/tr><tr><td>Vintage<\/td><td>M\u00f3veis antigos, objetos retr\u00f4<\/td><td>Ambientes rom\u00e2nticos e nost\u00e1lgicos<\/td><\/tr><tr><td>Moderno campestre<\/td><td>Linhas simples + elementos naturais<\/td><td>Quem gosta de toque atual no r\u00fastico<\/td><\/tr><tr><td>Chic natural<\/td><td>Cores neutras, texturas leves<\/td><td>Quem preza por eleg\u00e2ncia e aconchego<\/td><\/tr><\/tbody><\/table><\/figure>\n\n\n\n<hr class=\"wp-block-separator has-alpha-channel-opacity\"\/>\n\n\n\n<h2 id='\ud83c\udf3b-dicas-pr\u00e1ticas-para-casinhas-de-ch\u00e1cara-decoradas'  class=\"wp-block-heading\">\ud83c\udf3b Dicas pr\u00e1ticas para casinhas de ch\u00e1cara decoradas<\/h2>\n\n\n\n<ul class=\"wp-block-list\">\n<li><strong>Use m\u00f3veis com hist\u00f3ria:<\/strong> heran\u00e7as de fam\u00edlia ou pe\u00e7as de brech\u00f3 t\u00eam alma.<\/li>\n\n\n\n<li><strong>Crie cantinhos de pausa:<\/strong> um banco sob a \u00e1rvore j\u00e1 vira um ref\u00fagio.<\/li>\n\n\n\n<li><strong>Misture texturas:<\/strong> madeira, linho, ferro e palha criam um clima acolhedor.<\/li>\n\n\n\n<li><strong>Ilumine com charme:<\/strong> use luz amarela, lanternas e cord\u00f5es de luz externa.<\/li>\n\n\n\n<li><strong>Verde em todo canto:<\/strong> suculentas, samambaias e flores locais d\u00e3o vida instant\u00e2nea.<\/li>\n<\/ul>\n\n\n\n<hr class=\"wp-block-separator has-alpha-channel-opacity\"\/>\n\n\n\n<h2 id='\ud83c\udfe1-ideias-para-fachada-e-\u00e1rea-externa'  class=\"wp-block-heading\">\ud83c\udfe1 Ideias para fachada e \u00e1rea externa<\/h2>\n\n\n\n<figure class=\"wp-block-table\"><table class=\"has-fixed-layout\"><thead><tr><th>Elemento<\/th><th>Como aplicar na pr\u00e1tica<\/th><\/tr><\/thead><tbody><tr><td>Porta de madeira<\/td><td>Prefira modelos r\u00fasticos com pintura natural<\/td><\/tr><tr><td>Caminhos de pedra<\/td><td>Use pedriscos ou lajotas para acesso ao jardim<\/td><\/tr><tr><td>Ilumina\u00e7\u00e3o externa<\/td><td>Invista em postes de luz solar ou lanternas pendentes<\/td><\/tr><tr><td>Varandas com rede<\/td><td>Combine rede de algod\u00e3o com almofadas estampadas<\/td><\/tr><tr><td>Jardim com flores<\/td><td>Plante esp\u00e9cies da regi\u00e3o para menor manuten\u00e7\u00e3o<\/td><\/tr><\/tbody><\/table><\/figure>\n\n\n\n<h2 id='\u2728-como-deixar-casinhas-de-ch\u00e1cara-decoradas-com-toques-pessoais'  class=\"wp-block-heading\">\u2728 Como deixar casinhas de ch\u00e1cara decoradas com toques pessoais<\/h2>\n\n\n\n<p>Nada mais encantador do que entrar em um espa\u00e7o e sentir que ele tem a alma de quem vive ali. E isso vale ainda mais para as <strong>casinhas de ch\u00e1cara decoradas<\/strong>!<\/p>\n\n\n\n<ul class=\"wp-block-list\">\n<li>Use fotos de fam\u00edlia em porta-retratos r\u00fasticos ou molduras artesanais<\/li>\n\n\n\n<li>Recicle objetos: uma escada antiga pode virar prateleira, e um caixote de feira, um criado-mudo<\/li>\n\n\n\n<li>Escreva mensagens em quadros-negros ou em placas de madeira com frases afetivas<\/li>\n<\/ul>\n\n\n\n<p>Esses detalhes criam conex\u00e3o emocional e tornam o ambiente \u00fanico \u2013 e seu.<\/p>\n\n\n\n<hr class=\"wp-block-separator has-alpha-channel-opacity\"\/>\n\n\n\n<h2 id='\ud83e\uddfa-organiza\u00e7\u00e3o-charmosa-menos-bagun\u00e7a-mais-aconchego'  class=\"wp-block-heading\">\ud83e\uddfa Organiza\u00e7\u00e3o charmosa: Menos bagun\u00e7a, mais aconchego<\/h2>\n\n\n\n<p>Mesmo no campo, organiza\u00e7\u00e3o \u00e9 tudo \u2013 especialmente se ela vier acompanhada de charme!<\/p>\n\n\n\n<ul class=\"wp-block-list\">\n<li>Cestos de vime para guardar mantas, brinquedos ou revistas<\/li>\n\n\n\n<li>Prateleiras abertas com lou\u00e7as coloridas na cozinha<\/li>\n\n\n\n<li>Ganchos de ferro ou madeira para pendurar chap\u00e9us, bolsas e utens\u00edlios<\/li>\n<\/ul>\n\n\n\n<p>A ideia \u00e9 que tudo tenha seu lugar, sem perder aquele ar despojado que as <strong>casinhas de ch\u00e1cara decoradas<\/strong> pedem.<\/p>\n\n\n\n<hr class=\"wp-block-separator has-alpha-channel-opacity\"\/>\n\n\n\n<figure class=\"wp-block-image aligncenter size-large\"><img data-recalc-dims=\"1\" fetchpriority=\"high\" decoding=\"async\" width=\"1024\" height=\"683\" src=\"https:\/\/i0.wp.com\/1truenote.com\/wp-content\/uploads\/2025\/05\/ChatGPT-Image-19-de-mai.-de-2025-12_12_48.png?resize=1024%2C683&#038;ssl=1\" alt=\"decora\u00e7\u00e3o para \u00e1rea gourmet\" class=\"wp-image-1901\" srcset=\"https:\/\/i0.wp.com\/1truenote.com\/wp-content\/uploads\/2025\/05\/ChatGPT-Image-19-de-mai.-de-2025-12_12_48.png?resize=1024%2C683&amp;ssl=1 1024w, https:\/\/i0.wp.com\/1truenote.com\/wp-content\/uploads\/2025\/05\/ChatGPT-Image-19-de-mai.-de-2025-12_12_48.png?resize=300%2C200&amp;ssl=1 300w, https:\/\/i0.wp.com\/1truenote.com\/wp-content\/uploads\/2025\/05\/ChatGPT-Image-19-de-mai.-de-2025-12_12_48.png?resize=768%2C512&amp;ssl=1 768w, https:\/\/i0.wp.com\/1truenote.com\/wp-content\/uploads\/2025\/05\/ChatGPT-Image-19-de-mai.-de-2025-12_12_48.png?resize=150%2C100&amp;ssl=1 150w, https:\/\/i0.wp.com\/1truenote.com\/wp-content\/uploads\/2025\/05\/ChatGPT-Image-19-de-mai.-de-2025-12_12_48.png?w=1536&amp;ssl=1 1536w\" sizes=\"(max-width: 1024px) 100vw, 1024px\" \/><\/figure>\n\n\n\n<h2 id='\ud83c\udf7d\ufe0f-cozinha-e-\u00e1rea-gourmet-cora\u00e7\u00e3o-da-casa-de-ch\u00e1cara'  class=\"wp-block-heading\">\ud83c\udf7d\ufe0f Cozinha e \u00e1rea gourmet: Cora\u00e7\u00e3o da casa de ch\u00e1cara<\/h2>\n\n\n\n<p>A cozinha \u00e9 onde as melhores lembran\u00e7as acontecem, n\u00e9? Ent\u00e3o ela merece aten\u00e7\u00e3o especial.<\/p>\n\n\n\n<ul class=\"wp-block-list\">\n<li>Use arm\u00e1rios abertos e prateleiras para valorizar utens\u00edlios bonitos<\/li>\n\n\n\n<li>Aposte em mesas de madeira grande, que re\u00fanem todo mundo<\/li>\n\n\n\n<li>Decore com potes de vidro, t\u00e1buas de madeira e panos bordados<\/li>\n<\/ul>\n\n\n\n<p>Se tiver espa\u00e7o externo, monte uma \u00e1rea gourmet com fog\u00e3o a lenha, churrasqueira ou forno de pizza \u2013 perfeito para curtir os fins de semana!<\/p>\n\n\n\n<hr class=\"wp-block-separator has-alpha-channel-opacity\"\/>\n\n\n\n<h2 id='\ud83d\udcac-sua-casinha-de-ch\u00e1cara-decorada-com-alma-e-aconchego'  class=\"wp-block-heading\">\ud83d\udcac Sua casinha de ch\u00e1cara decorada com alma e aconchego<\/h2>\n\n\n\n<p>Mais do que seguir tend\u00eancias ou copiar refer\u00eancias, o mais importante \u00e9 decorar com o cora\u00e7\u00e3o. As <strong><a href=\"https:\/\/br.pinterest.com\/algrighi\/ch%C3%A1caras\/\" data-type=\"link\" data-id=\"https:\/\/br.pinterest.com\/algrighi\/ch%C3%A1caras\/\" target=\"_blank\" rel=\"noopener\">casinhas de ch\u00e1cara decoradas<\/a><\/strong> que realmente tocam a gente s\u00e3o aquelas cheias de hist\u00f3rias, mem\u00f3rias e afeto.<\/p>\n\n\n\n<p>Ent\u00e3o vai sem medo: comece pelos detalhes, teste combina\u00e7\u00f5es e transforme cada cantinho num reflexo do que te faz feliz. No fim das contas, seu lar no campo n\u00e3o precisa ser perfeito \u2013 s\u00f3 precisa ser seu. \ud83d\udc9a<\/p>\n\n\n\n<p>Voc\u00ea pode ver mais conte\u00fado clicando <a href=\"https:\/\/1truenote.com\/en\/category\/casa-e-jardim\/\" data-type=\"link\" data-id=\"https:\/\/1truenote.com\/category\/casa-e-jardim\/\">aqui<\/a>.<\/p>\n\n\n\n<h2 id='faq-perguntas-frequentes-sobre-casinhas-de-ch\u00e1cara-decoradas'  class=\"wp-block-heading\">FAQ \u2013 Perguntas frequentes sobre casinhas de ch\u00e1cara decoradas<\/h2>\n\n\n<div id=\"rank-math-faq\" class=\"rank-math-block\">\n<div class=\"rank-math-list\">\n<div id=\"faq-question-1748525944889\" class=\"rank-math-list-item\">\n<h3 id='como-criar-uma-decora\u00e7\u00e3o-r\u00fastica-sem-gastar-muito'  class=\"rank-math-question\">Como criar uma decora\u00e7\u00e3o r\u00fastica sem gastar muito?<\/h3>\n<div class=\"rank-math-answer\">\n\n<p>Use m\u00f3veis reciclados, paletes, tecidos naturais e pe\u00e7as de segunda m\u00e3o com bom estado. Artesanato local tamb\u00e9m \u00e9 uma \u00f3tima alternativa!<\/p>\n\n<\/div>\n<\/div>\n<div id=\"faq-question-1748525955114\" class=\"rank-math-list-item\">\n<h3 id='posso-misturar-estilos-numa-casinha-de-ch\u00e1cara'  class=\"rank-math-question\">Posso misturar estilos numa casinha de ch\u00e1cara?<\/h3>\n<div class=\"rank-math-answer\">\n\n<p>Sim! Combinar r\u00fastico com moderno ou vintage com elementos naturais cria personalidade e equil\u00edbrio visual.<\/p>\n\n<\/div>\n<\/div>\n<div id=\"faq-question-1748525966879\" class=\"rank-math-list-item\">\n<h3 id='quais-cores-combinam-com-decora\u00e7\u00e3o-de-ch\u00e1cara'  class=\"rank-math-question\">Quais cores combinam com decora\u00e7\u00e3o de ch\u00e1cara?<\/h3>\n<div class=\"rank-math-answer\">\n\n<p>Tons terrosos (marrom, areia, verde-oliva), branco off-white e detalhes em azul ou vermelho queimado funcionam muito bem.<\/p>\n\n<\/div>\n<\/div>\n<div id=\"faq-question-1748525980326\" class=\"rank-math-list-item\">\n<h3 id='o-que-n\u00e3o-pode-faltar-numa-fachada-de-ch\u00e1cara-charmosa'  class=\"rank-math-question\">O que n\u00e3o pode faltar numa fachada de ch\u00e1cara charmosa?<\/h3>\n<div class=\"rank-math-answer\">\n\n<p>Portas ou janelas de madeira, flores, ilumina\u00e7\u00e3o aconchegante e elementos que tragam identidade, como placas com frases.<\/p>\n\n<\/div>\n<\/div>\n<div id=\"faq-question-1748525991366\" class=\"rank-math-list-item\">\n<h3 id='como-manter-o-estilo-r\u00fastico-funcional'  class=\"rank-math-question\">Como manter o estilo r\u00fastico funcional?<\/h3>\n<div class=\"rank-math-answer\">\n\n<p>Use m\u00f3veis dur\u00e1veis e escolha pe\u00e7as que sejam bonitas, mas que tamb\u00e9m tenham utilidade no dia a dia. Praticidade tamb\u00e9m \u00e9 conforto!<\/p>\n\n<\/div>\n<\/div>\n<\/div>\n<\/div>\n\n\n<figure class=\"wp-block-image aligncenter size-large\"><img data-recalc-dims=\"1\" decoding=\"async\" width=\"1024\" height=\"683\" src=\"https:\/\/i0.wp.com\/1truenote.com\/wp-content\/uploads\/2025\/05\/ChatGPT-Image-29-de-mai.-de-2025-10_37_17.png?resize=1024%2C683&#038;ssl=1\" alt=\"casinhas de ch\u00e1cara decoradas\" class=\"wp-image-2518\" srcset=\"https:\/\/i0.wp.com\/1truenote.com\/wp-content\/uploads\/2025\/05\/ChatGPT-Image-29-de-mai.-de-2025-10_37_17.png?resize=1024%2C683&amp;ssl=1 1024w, https:\/\/i0.wp.com\/1truenote.com\/wp-content\/uploads\/2025\/05\/ChatGPT-Image-29-de-mai.-de-2025-10_37_17.png?resize=300%2C200&amp;ssl=1 300w, https:\/\/i0.wp.com\/1truenote.com\/wp-content\/uploads\/2025\/05\/ChatGPT-Image-29-de-mai.-de-2025-10_37_17.png?resize=768%2C512&amp;ssl=1 768w, https:\/\/i0.wp.com\/1truenote.com\/wp-content\/uploads\/2025\/05\/ChatGPT-Image-29-de-mai.-de-2025-10_37_17.png?resize=150%2C100&amp;ssl=1 150w, https:\/\/i0.wp.com\/1truenote.com\/wp-content\/uploads\/2025\/05\/ChatGPT-Image-29-de-mai.-de-2025-10_37_17.png?w=1536&amp;ssl=1 1536w\" sizes=\"(max-width: 1024px) 100vw, 1024px\" \/><\/figure>","protected":false},"excerpt":{"rendered":"<p>Quem nunca se pegou imaginando uma casinha charmosa no meio do mato, com varanda, rede e aquele cheirinho de caf\u00e9&#8230;<\/p>","protected":false},"author":1,"featured_media":2518,"comment_status":"open","ping_status":"open","sticky":false,"template":"","format":"standard","meta":{"_kad_post_transparent":"","_kad_post_title":"","_kad_post_layout":"","_kad_post_sidebar_id":"","_kad_post_content_style":"","_kad_post_vertical_padding":"","_kad_post_feature":"","_kad_post_feature_position":"","_kad_post_header":false,"_kad_post_footer":false,"_kad_post_classname":"","footnotes":"","jetpack_publicize_message":"","jetpack_publicize_feature_enabled":true,"jetpack_social_post_already_shared":true,"jetpack_social_options":{"image_generator_settings":{"template":"highway","enabled":false},"version":2}},"categories":[16],"tags":[13,14,12],"class_list":["post-2517","post","type-post","status-publish","format-standard","has-post-thumbnail","hentry","category-casa-e-jardim","tag-minimalista","tag-interiores-inovadores","tag-projetos-inovadores"],"jetpack_publicize_connections":[],"jetpack_featured_media_url":"https:\/\/i0.wp.com\/1truenote.com\/wp-content\/uploads\/2025\/05\/ChatGPT-Image-29-de-mai.-de-2025-10_37_17.png?fit=1536%2C1024&ssl=1","jetpack_sharing_enabled":true,"_links":{"self":[{"href":"https:\/\/1truenote.com\/en\/wp-json\/wp\/v2\/posts\/2517","targetHints":{"allow":["GET"]}}],"collection":[{"href":"https:\/\/1truenote.com\/en\/wp-json\/wp\/v2\/posts"}],"about":[{"href":"https:\/\/1truenote.com\/en\/wp-json\/wp\/v2\/types\/post"}],"author":[{"embeddable":true,"href":"https:\/\/1truenote.com\/en\/wp-json\/wp\/v2\/users\/1"}],"replies":[{"embeddable":true,"href":"https:\/\/1truenote.com\/en\/wp-json\/wp\/v2\/comments?post=2517"}],"version-history":[{"count":0,"href":"https:\/\/1truenote.com\/en\/wp-json\/wp\/v2\/posts\/2517\/revisions"}],"wp:featuredmedia":[{"embeddable":true,"href":"https:\/\/1truenote.com\/en\/wp-json\/wp\/v2\/media\/2518"}],"wp:attachment":[{"href":"https:\/\/1truenote.com\/en\/wp-json\/wp\/v2\/media?parent=2517"}],"wp:term":[{"taxonomy":"category","embeddable":true,"href":"https:\/\/1truenote.com\/en\/wp-json\/wp\/v2\/categories?post=2517"},{"taxonomy":"post_tag","embeddable":true,"href":"https:\/\/1truenote.com\/en\/wp-json\/wp\/v2\/tags?post=2517"}],"curies":[{"name":"wp","href":"https:\/\/api.w.org\/{rel}","templated":true}]}}