{"id":2489,"date":"2025-05-29T10:00:00","date_gmt":"2025-05-29T13:00:00","guid":{"rendered":"https:\/\/1truenote.com\/?p=2489"},"modified":"2025-09-26T12:55:06","modified_gmt":"2025-09-26T15:55:06","slug":"iluminacao-para-quarto-do-bebe","status":"publish","type":"post","link":"https:\/\/1truenote.com\/en\/iluminacao-para-quarto-do-bebe\/","title":{"rendered":"Essas ideias de ilumina\u00e7\u00e3o deixam o quarto do beb\u00ea mais calmo e acolhedor"},"content":{"rendered":"<div class=\"fit_content\">\n                <div class=\"bd_toc_container\" data-fixedwidth=\"\">\n                    <div class=\"bd_toc_wrapper\" data-wrapperpadding=\"48px\">\n                        <div class=\"bd_toc_wrapper_item\">\n                            <div class=\"bd_toc_header active\" data-headerpadding=\"2px\">\n                                <div class=\"bd_toc_header_title\">\n                                    Sum\u00e1rio                                <\/div>\n                                <div class=\"bd_toc_switcher_hide_show_icon\">\n                                    <span class=\"bd_toc_arrow\"><\/span>                                <\/div>\n                            <\/div>\n                            <div class=\"bd_toc_content list-type-number\">\n                                <div class=\"bd_toc_content_list\">\n                                    <div class='bd_toc_content_list_item'>    <ul>\n      <li class=\"first\">\n        <a href=\"#luz-suave-o-primeiro-passo-para-um-ambiente-tranquilo-na-ilumina\u00e7\u00e3o-para-quarto-do-beb\u00ea\">Luz suave: O primeiro passo para um ambiente tranquilo na ilumina\u00e7\u00e3o para quarto do beb\u00ea<\/a>\n        <ul class=\"menu_level_2\">\n          <li class=\"first last\">\n            <a href=\"#tipos-de-luz-mais-indicados\">Tipos de luz mais indicados:<\/a>\n          <\/li>\n        <\/ul>\n      <\/li>\n      <li>\n        <a href=\"#dicas-pr\u00e1ticas-para-iluminar-o-quarto-do-beb\u00ea-com-aconchego\">Dicas pr\u00e1ticas para iluminar o quarto do beb\u00ea com aconchego<\/a>\n      <\/li>\n      <li>\n        <a href=\"#como-combinar-ilumina\u00e7\u00e3o-natural-e-artificial-no-quarto\">Como combinar ilumina\u00e7\u00e3o natural e artificial no quarto<\/a>\n      <\/li>\n      <li>\n        <a href=\"#ilumina\u00e7\u00e3o-para-quarto-do-beb\u00ea-\u00e9-mais-que-est\u00e9tica-\u00e9-cuidado-e-afeto\">Ilumina\u00e7\u00e3o para quarto do beb\u00ea \u00e9 mais que est\u00e9tica \u2014 \u00e9 cuidado e afeto<\/a>\n      <\/li>\n      <li class=\"last\">\n        <a href=\"#faq-d\u00favidas-comuns-sobre-ilumina\u00e7\u00e3o-para-quarto-do-beb\u00ea\">FAQ: D\u00favidas comuns sobre ilumina\u00e7\u00e3o para quarto do beb\u00ea<\/a>\n        <ul class=\"menu_level_2\">\n          <li class=\"first\">\n            <a href=\"#qual-\u00e9-a-melhor-cor-de-luz-para-o-quarto-do-beb\u00ea\">Qual \u00e9 a melhor cor de luz para o quarto do beb\u00ea?<\/a>\n          <\/li>\n          <li>\n            <a href=\"#preciso-de-lumin\u00e1ria-no-ber\u00e7o\">Preciso de lumin\u00e1ria no ber\u00e7o?<\/a>\n          <\/li>\n          <li>\n            <a href=\"#d\u00e1-para-usar-luz-colorida\">D\u00e1 para usar luz colorida?<\/a>\n          <\/li>\n          <li>\n            <a href=\"#o-que-\u00e9-ilumina\u00e7\u00e3o-dimeriz\u00e1vel\">O que \u00e9 ilumina\u00e7\u00e3o dimeriz\u00e1vel?<\/a>\n          <\/li>\n          <li class=\"last\">\n            <a href=\"#posso-usar-led-no-quarto-do-beb\u00ea\">Posso usar LED no quarto do beb\u00ea?<\/a>\n          <\/li>\n        <\/ul>\n      <\/li>\n    <\/ul>\n<\/div>                                <\/div>\n                            <\/div>\n                        <\/div>\n                    <\/div>\n                    <div class=\"layout_toggle_button\">\n                        <span class=\"bd_toc_arrow\"><\/span>\n                    <\/div>\n                <\/div>\n            <\/div>\n\n    \n\n\n<p><strong>Ilumina\u00e7\u00e3o para quarto do beb\u00ea<\/strong>. A ilumina\u00e7\u00e3o certa transforma tudo \u2014 especialmente no quartinho do beb\u00ea. Acredite: o jeito como a luz entra no ambiente influencia diretamente no sono, no conforto e at\u00e9 no humor da casa toda. Com alguns toques simples, \u00e9 poss\u00edvel criar um espa\u00e7o tranquilo, seguro e cheio de afeto.<\/p>\n\n\n\n<p>Se voc\u00ea est\u00e1 montando (ou repensando) o quarto do seu beb\u00ea, aqui vai um guia pr\u00e1tico com <strong>dicas de ilumina\u00e7\u00e3o para deixar tudo mais acolhedor<\/strong>, al\u00e9m de tabelas com sugest\u00f5es certeiras e um FAQ para tirar todas as d\u00favidas!<\/p>\n\n\n\n<hr class=\"wp-block-separator has-alpha-channel-opacity\"\/>\n\n\n\n<h2 id='luz-suave-o-primeiro-passo-para-um-ambiente-tranquilo-na-ilumina\u00e7\u00e3o-para-quarto-do-beb\u00ea'  class=\"wp-block-heading\">Luz suave: O primeiro passo para um ambiente tranquilo na ilumina\u00e7\u00e3o para quarto do beb\u00ea<\/h2>\n\n\n\n<p>Ilumina\u00e7\u00e3o para quarto do beb\u00ea. A luz forte demais pode agitar e incomodar o beb\u00ea. J\u00e1 a ilumina\u00e7\u00e3o suave ajuda a acalmar, relaxar e at\u00e9 regular o sono. O segredo est\u00e1 no tipo de l\u00e2mpada, na posi\u00e7\u00e3o dos pontos de luz e em como voc\u00ea combina tudo isso no dia a dia.<\/p>\n\n\n\n<h3 id='tipos-de-luz-mais-indicados'  class=\"wp-block-heading\">Tipos de luz mais indicados:<\/h3>\n\n\n\n<figure class=\"wp-block-table\"><table class=\"has-fixed-layout\"><thead><tr><th>Tipo de Ilumina\u00e7\u00e3o<\/th><th>Ideal para<\/th><th>Vantagem principal<\/th><\/tr><\/thead><tbody><tr><td>Luz quente (amarelada)<\/td><td>\u00c1rea de ber\u00e7o e trocador<\/td><td>Cria uma atmosfera relaxante<\/td><\/tr><tr><td>Luz indireta<\/td><td>Lumin\u00e1rias, abajures e fitas LED<\/td><td>Evita reflexos e excesso de brilho<\/td><\/tr><tr><td>Dimeriz\u00e1vel<\/td><td>Qualquer ponto de luz<\/td><td>Permite ajustar conforme o momento<\/td><\/tr><\/tbody><\/table><\/figure>\n\n\n\n<hr class=\"wp-block-separator has-alpha-channel-opacity\"\/>\n\n\n\n<h2 id='dicas-pr\u00e1ticas-para-iluminar-o-quarto-do-beb\u00ea-com-aconchego'  class=\"wp-block-heading\">Dicas pr\u00e1ticas para iluminar o quarto do beb\u00ea com aconchego<\/h2>\n\n\n\n<ul class=\"wp-block-list\">\n<li>\ud83d\udecf\ufe0f <strong>Coloque o foco longe do ber\u00e7o<\/strong>: direcione a ilumina\u00e7\u00e3o para paredes ou teto, nunca direto nos olhos do beb\u00ea.<\/li>\n\n\n\n<li>\ud83d\udd6f\ufe0f <strong>Invista em abajures com luz suave<\/strong>: perfeitos para mamadas noturnas ou trocas de fralda sem despertar demais.<\/li>\n\n\n\n<li>\ud83d\udca1 <strong>Use dimmer sempre que poss\u00edvel<\/strong>: com ele, d\u00e1 pra controlar a intensidade da luz ao longo do dia.<\/li>\n\n\n\n<li>\ud83c\udf19 <strong>Inclua uma luz noturna discreta<\/strong>: ajuda o beb\u00ea a se sentir seguro e facilita a vida dos pais durante a madrugada.<\/li>\n\n\n\n<li>\ud83e\uddf8 <strong>Evite lustres com l\u00e2mpadas expostas<\/strong>: eles podem aquecer e tamb\u00e9m criar sombras inc\u00f4modas.<\/li>\n<\/ul>\n\n\n\n<hr class=\"wp-block-separator has-alpha-channel-opacity\"\/>\n\n\n\n<figure class=\"wp-block-image aligncenter size-large\"><img data-recalc-dims=\"1\" fetchpriority=\"high\" decoding=\"async\" width=\"1024\" height=\"683\" src=\"https:\/\/i0.wp.com\/1truenote.com\/wp-content\/uploads\/2025\/05\/ChatGPT-Image-23-de-mai.-de-2025-16_31_03.png?resize=1024%2C683&#038;ssl=1\" alt=\"Tend\u00eancias em el\u00e9trica decorativa\" class=\"wp-image-2286\" srcset=\"https:\/\/i0.wp.com\/1truenote.com\/wp-content\/uploads\/2025\/05\/ChatGPT-Image-23-de-mai.-de-2025-16_31_03.png?resize=1024%2C683&amp;ssl=1 1024w, https:\/\/i0.wp.com\/1truenote.com\/wp-content\/uploads\/2025\/05\/ChatGPT-Image-23-de-mai.-de-2025-16_31_03.png?resize=300%2C200&amp;ssl=1 300w, https:\/\/i0.wp.com\/1truenote.com\/wp-content\/uploads\/2025\/05\/ChatGPT-Image-23-de-mai.-de-2025-16_31_03.png?resize=768%2C512&amp;ssl=1 768w, https:\/\/i0.wp.com\/1truenote.com\/wp-content\/uploads\/2025\/05\/ChatGPT-Image-23-de-mai.-de-2025-16_31_03.png?resize=150%2C100&amp;ssl=1 150w, https:\/\/i0.wp.com\/1truenote.com\/wp-content\/uploads\/2025\/05\/ChatGPT-Image-23-de-mai.-de-2025-16_31_03.png?w=1536&amp;ssl=1 1536w\" sizes=\"(max-width: 1024px) 100vw, 1024px\" \/><\/figure>\n\n\n\n<h2 id='como-combinar-ilumina\u00e7\u00e3o-natural-e-artificial-no-quarto'  class=\"wp-block-heading\">Como combinar ilumina\u00e7\u00e3o natural e artificial no quarto<\/h2>\n\n\n\n<p>A luz natural \u00e9 sempre bem-vinda, mas precisa ser bem filtrada no quarto do beb\u00ea. Cortinas leves e persianas com blackouts s\u00e3o ideais para regular a entrada de luz ao longo do dia \u2014 sem abrir m\u00e3o do conforto t\u00e9rmico.<\/p>\n\n\n\n<figure class=\"wp-block-table\"><table class=\"has-fixed-layout\"><thead><tr><th>Per\u00edodo do dia<\/th><th>Tipo de luz ideal<\/th><th>Dica extra<\/th><\/tr><\/thead><tbody><tr><td>Manh\u00e3<\/td><td>Luz natural filtrada<\/td><td>Cortinas de linho ou voile<\/td><\/tr><tr><td>Tarde<\/td><td>Ilumina\u00e7\u00e3o indireta + natural<\/td><td>Use tapetes e m\u00f3veis claros<\/td><\/tr><tr><td>Noite<\/td><td>Abajur ou fita LED amarelada<\/td><td>Ideal para acalmar antes do sono<\/td><\/tr><\/tbody><\/table><\/figure>\n\n\n\n<h2 id='ilumina\u00e7\u00e3o-para-quarto-do-beb\u00ea-\u00e9-mais-que-est\u00e9tica-\u00e9-cuidado-e-afeto'  class=\"wp-block-heading\">Ilumina\u00e7\u00e3o para quarto do beb\u00ea \u00e9 mais que est\u00e9tica \u2014 \u00e9 cuidado e afeto<\/h2>\n\n\n\n<p>Iluminar bem o quarto do beb\u00ea \u00e9 mais do que uma quest\u00e3o est\u00e9tica. \u00c9 sobre criar um cantinho seguro, sereno e funcional para os pais e o pequeno. Com escolhas simples e conscientes, como luz indireta, tons quentes e pontos bem posicionados, o ambiente se transforma num verdadeiro ref\u00fagio. Ilumina\u00e7\u00e3o para quarto do beb\u00ea \u00e9 coisa s\u00e9ria.<\/p>\n\n\n\n<p>E o mais bonito? Essa luz n\u00e3o vem s\u00f3 das l\u00e2mpadas. Ela nasce da inten\u00e7\u00e3o de cuidar, acolher e criar mem\u00f3rias desde os primeiros dias. Ent\u00e3o, que tal come\u00e7ar hoje mesmo a montar esse cantinho cheio de amor e tranquilidade? Gostou de <a href=\"https:\/\/br.pinterest.com\/usaredesign\/quarto-de-beb%C3%AA\/\" data-type=\"link\" data-id=\"https:\/\/br.pinterest.com\/usaredesign\/quarto-de-beb%C3%AA\/\" target=\"_blank\" rel=\"noopener\">ilumina\u00e7\u00e3o para quarto do beb\u00ea<\/a>? Voc\u00ea pode ver mais <a href=\"https:\/\/1truenote.com\/en\/category\/casa-e-jardim\/\" data-type=\"link\" data-id=\"https:\/\/1truenote.com\/category\/casa-e-jardim\/\">aqui<\/a>.<\/p>\n\n\n\n<h2 id='faq-d\u00favidas-comuns-sobre-ilumina\u00e7\u00e3o-para-quarto-do-beb\u00ea'  class=\"wp-block-heading\">FAQ: D\u00favidas comuns sobre ilumina\u00e7\u00e3o para quarto do beb\u00ea<\/h2>\n\n\n<div id=\"rank-math-faq\" class=\"rank-math-block\">\n<div class=\"rank-math-list\">\n<div id=\"faq-question-1748471529428\" class=\"rank-math-list-item\">\n<h3 id='qual-\u00e9-a-melhor-cor-de-luz-para-o-quarto-do-beb\u00ea'  class=\"rank-math-question\">Qual \u00e9 a melhor cor de luz para o quarto do beb\u00ea?<\/h3>\n<div class=\"rank-math-answer\">\n\n<p>Prefira luz amarela (quente), que transmite calma e conforto. Evite luz branca intensa, que estimula o estado de alerta.<\/p>\n\n<\/div>\n<\/div>\n<div id=\"faq-question-1748471540195\" class=\"rank-math-list-item\">\n<h3 id='preciso-de-lumin\u00e1ria-no-ber\u00e7o'  class=\"rank-math-question\">Preciso de lumin\u00e1ria no ber\u00e7o?<\/h3>\n<div class=\"rank-math-answer\">\n\n<p>N\u00e3o! O ideal \u00e9 usar luz indireta no quarto todo. Luz no ber\u00e7o pode atrapalhar o sono e aquecer demais.<\/p>\n\n<\/div>\n<\/div>\n<div id=\"faq-question-1748471553293\" class=\"rank-math-list-item\">\n<h3 id='d\u00e1-para-usar-luz-colorida'  class=\"rank-math-question\">D\u00e1 para usar luz colorida?<\/h3>\n<div class=\"rank-math-answer\">\n\n<p>Se for em detalhes decorativos, sim. Mas evite usar como ilumina\u00e7\u00e3o principal. Tons fortes podem agitar o beb\u00ea.<\/p>\n\n<\/div>\n<\/div>\n<div id=\"faq-question-1748471562800\" class=\"rank-math-list-item\">\n<h3 id='o-que-\u00e9-ilumina\u00e7\u00e3o-dimeriz\u00e1vel'  class=\"rank-math-question\">O que \u00e9 ilumina\u00e7\u00e3o dimeriz\u00e1vel?<\/h3>\n<div class=\"rank-math-answer\">\n\n<p>\u00c9 aquela que voc\u00ea consegue regular a intensidade. Ideal para adaptar a luz conforme a hora do dia ou o momento.<\/p>\n\n<\/div>\n<\/div>\n<div id=\"faq-question-1748471573005\" class=\"rank-math-list-item\">\n<h3 id='posso-usar-led-no-quarto-do-beb\u00ea'  class=\"rank-math-question\">Posso usar LED no quarto do beb\u00ea?<\/h3>\n<div class=\"rank-math-answer\">\n\n<p>Pode sim, desde que seja de boa qualidade e com luz quente. Prefira modelos com difusor e sem piscar.<\/p>\n\n<\/div>\n<\/div>\n<\/div>\n<\/div>\n\n\n<figure class=\"wp-block-image aligncenter size-large\"><img data-recalc-dims=\"1\" decoding=\"async\" width=\"1024\" height=\"683\" src=\"https:\/\/i0.wp.com\/1truenote.com\/wp-content\/uploads\/2025\/05\/ChatGPT-Image-28-de-mai.-de-2025-19_41_43.png?resize=1024%2C683&#038;ssl=1\" alt=\"Ilumina\u00e7\u00e3o para quarto do beb\u00ea\" class=\"wp-image-2491\" srcset=\"https:\/\/i0.wp.com\/1truenote.com\/wp-content\/uploads\/2025\/05\/ChatGPT-Image-28-de-mai.-de-2025-19_41_43.png?resize=1024%2C683&amp;ssl=1 1024w, https:\/\/i0.wp.com\/1truenote.com\/wp-content\/uploads\/2025\/05\/ChatGPT-Image-28-de-mai.-de-2025-19_41_43.png?resize=300%2C200&amp;ssl=1 300w, https:\/\/i0.wp.com\/1truenote.com\/wp-content\/uploads\/2025\/05\/ChatGPT-Image-28-de-mai.-de-2025-19_41_43.png?resize=768%2C512&amp;ssl=1 768w, https:\/\/i0.wp.com\/1truenote.com\/wp-content\/uploads\/2025\/05\/ChatGPT-Image-28-de-mai.-de-2025-19_41_43.png?resize=150%2C100&amp;ssl=1 150w, https:\/\/i0.wp.com\/1truenote.com\/wp-content\/uploads\/2025\/05\/ChatGPT-Image-28-de-mai.-de-2025-19_41_43.png?w=1536&amp;ssl=1 1536w\" sizes=\"(max-width: 1024px) 100vw, 1024px\" \/><\/figure>","protected":false},"excerpt":{"rendered":"<p>Ilumina\u00e7\u00e3o para quarto do beb\u00ea. A ilumina\u00e7\u00e3o certa transforma tudo \u2014 especialmente no quartinho do beb\u00ea. Acredite: o jeito como&#8230;<\/p>","protected":false},"author":1,"featured_media":2491,"comment_status":"open","ping_status":"open","sticky":false,"template":"","format":"standard","meta":{"_kad_post_transparent":"","_kad_post_title":"","_kad_post_layout":"","_kad_post_sidebar_id":"","_kad_post_content_style":"","_kad_post_vertical_padding":"","_kad_post_feature":"","_kad_post_feature_position":"","_kad_post_header":false,"_kad_post_footer":false,"_kad_post_classname":"","footnotes":"","jetpack_publicize_message":"","jetpack_publicize_feature_enabled":true,"jetpack_social_post_already_shared":true,"jetpack_social_options":{"image_generator_settings":{"template":"highway","enabled":false},"version":2}},"categories":[16,1],"tags":[11,15,13,14],"class_list":["post-2489","post","type-post","status-publish","format-standard","has-post-thumbnail","hentry","category-casa-e-jardim","category-novidades","tag-conforto-noturno","tag-conservacao-e-manutencao","tag-minimalista","tag-interiores-inovadores"],"jetpack_publicize_connections":[],"jetpack_featured_media_url":"https:\/\/i0.wp.com\/1truenote.com\/wp-content\/uploads\/2025\/05\/ChatGPT-Image-28-de-mai.-de-2025-19_41_43.png?fit=1536%2C1024&ssl=1","jetpack_sharing_enabled":true,"_links":{"self":[{"href":"https:\/\/1truenote.com\/en\/wp-json\/wp\/v2\/posts\/2489","targetHints":{"allow":["GET"]}}],"collection":[{"href":"https:\/\/1truenote.com\/en\/wp-json\/wp\/v2\/posts"}],"about":[{"href":"https:\/\/1truenote.com\/en\/wp-json\/wp\/v2\/types\/post"}],"author":[{"embeddable":true,"href":"https:\/\/1truenote.com\/en\/wp-json\/wp\/v2\/users\/1"}],"replies":[{"embeddable":true,"href":"https:\/\/1truenote.com\/en\/wp-json\/wp\/v2\/comments?post=2489"}],"version-history":[{"count":1,"href":"https:\/\/1truenote.com\/en\/wp-json\/wp\/v2\/posts\/2489\/revisions"}],"predecessor-version":[{"id":4265,"href":"https:\/\/1truenote.com\/en\/wp-json\/wp\/v2\/posts\/2489\/revisions\/4265"}],"wp:featuredmedia":[{"embeddable":true,"href":"https:\/\/1truenote.com\/en\/wp-json\/wp\/v2\/media\/2491"}],"wp:attachment":[{"href":"https:\/\/1truenote.com\/en\/wp-json\/wp\/v2\/media?parent=2489"}],"wp:term":[{"taxonomy":"category","embeddable":true,"href":"https:\/\/1truenote.com\/en\/wp-json\/wp\/v2\/categories?post=2489"},{"taxonomy":"post_tag","embeddable":true,"href":"https:\/\/1truenote.com\/en\/wp-json\/wp\/v2\/tags?post=2489"}],"curies":[{"name":"wp","href":"https:\/\/api.w.org\/{rel}","templated":true}]}}