{"id":2485,"date":"2025-05-29T08:00:00","date_gmt":"2025-05-29T11:00:00","guid":{"rendered":"https:\/\/1truenote.com\/?p=2485"},"modified":"2025-05-28T19:25:22","modified_gmt":"2025-05-28T22:25:22","slug":"flores-que-brilham-no-calor","status":"publish","type":"post","link":"https:\/\/1truenote.com\/en\/flores-que-brilham-no-calor\/","title":{"rendered":"As flores que brilham no calor \u2013 e quase ningu\u00e9m conhece"},"content":{"rendered":"<div class=\"fit_content\">\n                <div class=\"bd_toc_container\" data-fixedwidth=\"\">\n                    <div class=\"bd_toc_wrapper\" data-wrapperpadding=\"48px\">\n                        <div class=\"bd_toc_wrapper_item\">\n                            <div class=\"bd_toc_header active\" data-headerpadding=\"2px\">\n                                <div class=\"bd_toc_header_title\">\n                                    Sum\u00e1rio                                <\/div>\n                                <div class=\"bd_toc_switcher_hide_show_icon\">\n                                    <span class=\"bd_toc_arrow\"><\/span>                                <\/div>\n                            <\/div>\n                            <div class=\"bd_toc_content list-type-number\">\n                                <div class=\"bd_toc_content_list\">\n                                    <div class='bd_toc_content_list_item'>    <ul>\n      <li class=\"first\">\n        <a href=\"#flores-resistentes-ao-calor-conhe\u00e7a-esp\u00e9cies-que-surpreendem\">Flores resistentes ao calor: Conhe\u00e7a esp\u00e9cies que surpreendem<\/a>\n      <\/li>\n      <li>\n        <a href=\"#dicas-para-cuidar-de-flores-que-amam-calor\">Dicas para cuidar de flores que amam calor<\/a>\n      <\/li>\n      <li>\n        <a href=\"#como-criar-um-jardim-resistente-ao-calor\">Como criar um jardim resistente ao calor<\/a>\n      <\/li>\n      <li class=\"last\">\n        <a href=\"#flores-que-brilham-no-calor-s\u00e3o-aliadas-do-jardim-brasileiro\">Flores que brilham no calor s\u00e3o aliadas do jardim brasileiro<\/a>\n        <ul class=\"menu_level_2\">\n          <li class=\"first\">\n            <a href=\"#posso-cultivar-essas-flores-em-apartamentos\">Posso cultivar essas flores em apartamentos?<\/a>\n          <\/li>\n          <li>\n            <a href=\"#qual-flor-\u00e9-melhor-para-sol-direto-o-dia-inteiro\">Qual flor \u00e9 melhor para sol direto o dia inteiro?<\/a>\n          <\/li>\n          <li>\n            <a href=\"#essas-flores-precisam-de-muita-\u00e1gua\">Essas flores precisam de muita \u00e1gua?<\/a>\n          <\/li>\n          <li>\n            <a href=\"#posso-misturar-essas-esp\u00e9cies-no-mesmo-vaso-ou-canteiro\">Posso misturar essas esp\u00e9cies no mesmo vaso ou canteiro?<\/a>\n          <\/li>\n          <li class=\"last\">\n            <a href=\"#elas-florescem-o-ano-todo\">Elas florescem o ano todo?<\/a>\n          <\/li>\n        <\/ul>\n      <\/li>\n    <\/ul>\n<\/div>                                <\/div>\n                            <\/div>\n                        <\/div>\n                    <\/div>\n                    <div class=\"layout_toggle_button\">\n                        <span class=\"bd_toc_arrow\"><\/span>\n                    <\/div>\n                <\/div>\n            <\/div>\n\n    \n\n\n<p>As flores que brilham no calor. Quando o calor aperta, muita planta sofre. Mas existe um grupo seleto de flores que, em vez de murchar, simplesmente floresce! Sim, elas amam o sol escaldante, resistem ao clima seco e ainda decoram qualquer canto com cores vibrantes.<\/p>\n\n\n\n<p>E o melhor? Muitas dessas esp\u00e9cies s\u00e3o pouco conhecidas \u2014 verdadeiros tesouros tropicais esperando para ganhar um espa\u00e7o no seu jardim, varanda ou canteiro.<\/p>\n\n\n\n<p>Neste guia, voc\u00ea vai descobrir <strong>flores que brilham no calor<\/strong>, com dicas pr\u00e1ticas, uma tabela f\u00e1cil de consultar e um FAQ pra tirar todas as d\u00favidas. Preparado(a) pra renovar seu espa\u00e7o com vida e resist\u00eancia?<\/p>\n\n\n\n<hr class=\"wp-block-separator has-alpha-channel-opacity\"\/>\n\n\n\n<h2 id='flores-resistentes-ao-calor-conhe\u00e7a-esp\u00e9cies-que-surpreendem'  class=\"wp-block-heading\">Flores resistentes ao calor: Conhe\u00e7a esp\u00e9cies que surpreendem<\/h2>\n\n\n\n<p>Nem toda flor gosta de sombra e frescor. Algumas evolu\u00edram para prosperar justamente em regi\u00f5es de sol pleno, onde outras esp\u00e9cies n\u00e3o resistem. Conhe\u00e7a agora algumas das mais queridas por jardineiros de clima quente e s\u00e3o flores que brilham no calor:<\/p>\n\n\n\n<figure class=\"wp-block-table\"><table class=\"has-fixed-layout\"><thead><tr><th>Nome da Flor<\/th><th>Caracter\u00edsticas principais<\/th><th>Onde usar<\/th><\/tr><\/thead><tbody><tr><td>Onze-horas<\/td><td>Colorida, rasteira, ama sol forte<\/td><td>Vasos rasos, canteiros baixos<\/td><\/tr><tr><td>Z\u00ednia<\/td><td>Altura m\u00e9dia, resistente e florada duradoura<\/td><td>Jardins ensolarados<\/td><\/tr><tr><td>Pentas<\/td><td>Atrai borboletas, aguenta calor e vento<\/td><td>Jardins e vasos grandes<\/td><\/tr><tr><td>Bougainville (Primavera)<\/td><td>Trepadeira exuberante, \u00f3tima pra muros<\/td><td>Cercas, pergolados<\/td><\/tr><tr><td>Verbena<\/td><td>Flores pequenas e coloridas<\/td><td>Jardins e bordaduras<\/td><\/tr><tr><td>Cal\u00eandula<\/td><td>Medicinal, vibrante e r\u00fastica<\/td><td>Hortas, floreiras<\/td><\/tr><\/tbody><\/table><\/figure>\n\n\n\n<p>Essas esp\u00e9cies resistem n\u00e3o s\u00f3 ao calor extremo, mas tamb\u00e9m a varia\u00e7\u00f5es de solo, vento e baixa umidade.<\/p>\n\n\n\n<hr class=\"wp-block-separator has-alpha-channel-opacity\"\/>\n\n\n\n<h2 id='dicas-para-cuidar-de-flores-que-amam-calor'  class=\"wp-block-heading\">Dicas para cuidar de flores que amam calor<\/h2>\n\n\n\n<p>Mesmo sendo resistentes, essas flores merecem alguns cuidados para crescerem saud\u00e1veis e ainda mais bonitas. Veja o que faz diferen\u00e7a:<\/p>\n\n\n\n<ul class=\"wp-block-list\">\n<li>\ud83c\udf1e <strong>Sol pleno \u00e9 regra<\/strong>: escolha locais com pelo menos 6 horas de sol direto por dia.<\/li>\n\n\n\n<li>\ud83d\udca7 <strong>Rega controlada<\/strong>: regue pela manh\u00e3 e evite encharcamento. A maioria gosta de solo levemente seco entre uma rega e outra.<\/li>\n\n\n\n<li>\ud83e\udeb4 <strong>Adubo simples, mas frequente<\/strong>: use h\u00famus ou NPK a cada 20 dias.<\/li>\n\n\n\n<li>\ud83c\udf43 <strong>Retire folhas secas<\/strong>: isso estimula novas flora\u00e7\u00f5es e evita pragas.<\/li>\n<\/ul>\n\n\n\n<hr class=\"wp-block-separator has-alpha-channel-opacity\"\/>\n\n\n\n<figure class=\"wp-block-image aligncenter size-full\"><img data-recalc-dims=\"1\" fetchpriority=\"high\" decoding=\"async\" width=\"1024\" height=\"1024\" src=\"https:\/\/i0.wp.com\/1truenote.com\/wp-content\/uploads\/2025\/05\/ChatGPT-Image-23-de-mai.-de-2025-14_44_42.png?resize=1024%2C1024&#038;ssl=1\" alt=\"mulher segurando um vaso\" class=\"wp-image-2234\" srcset=\"https:\/\/i0.wp.com\/1truenote.com\/wp-content\/uploads\/2025\/05\/ChatGPT-Image-23-de-mai.-de-2025-14_44_42.png?w=1024&amp;ssl=1 1024w, https:\/\/i0.wp.com\/1truenote.com\/wp-content\/uploads\/2025\/05\/ChatGPT-Image-23-de-mai.-de-2025-14_44_42.png?resize=300%2C300&amp;ssl=1 300w, https:\/\/i0.wp.com\/1truenote.com\/wp-content\/uploads\/2025\/05\/ChatGPT-Image-23-de-mai.-de-2025-14_44_42.png?resize=150%2C150&amp;ssl=1 150w, https:\/\/i0.wp.com\/1truenote.com\/wp-content\/uploads\/2025\/05\/ChatGPT-Image-23-de-mai.-de-2025-14_44_42.png?resize=768%2C768&amp;ssl=1 768w, https:\/\/i0.wp.com\/1truenote.com\/wp-content\/uploads\/2025\/05\/ChatGPT-Image-23-de-mai.-de-2025-14_44_42.png?resize=96%2C96&amp;ssl=1 96w\" sizes=\"(max-width: 1024px) 100vw, 1024px\" \/><\/figure>\n\n\n\n<h2 id='como-criar-um-jardim-resistente-ao-calor'  class=\"wp-block-heading\">Como criar um jardim resistente ao calor<\/h2>\n\n\n\n<p>Criar um jardim de ver\u00e3o \u00e9 poss\u00edvel mesmo em locais com muito sol. O segredo est\u00e1 na escolha certa das esp\u00e9cies e na forma de organizar o espa\u00e7o:<\/p>\n\n\n\n<ul class=\"wp-block-list\">\n<li>Use <strong>pedriscos ou cascas de pinus<\/strong> para proteger o solo do ressecamento.<\/li>\n\n\n\n<li>Intercale esp\u00e9cies de alturas diferentes para garantir sombra natural \u00e0s ra\u00edzes.<\/li>\n\n\n\n<li>Aposte em <strong>vasos de barro<\/strong>, que respiram melhor que os de pl\u00e1stico.<\/li>\n\n\n\n<li>Prefira <strong>plantio em canteiros ou jardineiras grandes<\/strong>, que mant\u00eam a umidade por mais tempo.<\/li>\n<\/ul>\n\n\n\n<h2 id='flores-que-brilham-no-calor-s\u00e3o-aliadas-do-jardim-brasileiro'  class=\"wp-block-heading\">Flores que brilham no calor s\u00e3o aliadas do jardim brasileiro<\/h2>\n\n\n\n<p>Se tem algo que combina com o clima do Brasil, s\u00e3o as <strong><a href=\"https:\/\/www.pinterest.com\/pin\/22-plantas-de-sol-forte-folhas-e-flores-resistentes-ao-calor-do-vero--785667097504462154\/\" data-type=\"link\" data-id=\"https:\/\/www.pinterest.com\/pin\/22-plantas-de-sol-forte-folhas-e-flores-resistentes-ao-calor-do-vero--785667097504462154\/\" target=\"_blank\" rel=\"noopener\">flores que brilham no calor<\/a><\/strong>. Elas provam que n\u00e3o \u00e9 preciso gastar fortunas nem ter um grande quintal para cultivar beleza. Basta fazer boas escolhas, dar o cuidado certo e deixar o sol fazer o resto.<\/p>\n\n\n\n<p>Al\u00e9m de decorarem, essas flores trazem vida, cor e at\u00e9 ajudam o ecossistema, atraindo abelhas e borboletas. Ent\u00e3o, que tal adotar algumas delas a\u00ed no seu espa\u00e7o? Pode ser uma varanda, um canteiro, ou at\u00e9 uma jardineira na janela \u2014 o importante \u00e9 deixar o ver\u00e3o florescer tamb\u00e9m na sua casa as flores que brilham no calor. \ud83c\udf3a\ud83c\udf1e<\/p>\n\n\n\n<p>Gostou das flores que brilham no calor? Voc\u00ea pode ver mais <a href=\"https:\/\/1truenote.com\/en\/category\/casa-e-jardim\/\" data-type=\"link\" data-id=\"https:\/\/1truenote.com\/category\/casa-e-jardim\/\">aqui<\/a>.<\/p>\n\n\n<div id=\"rank-math-faq\" class=\"rank-math-block\">\n<div class=\"rank-math-list\">\n<div id=\"faq-question-1748470675202\" class=\"rank-math-list-item\">\n<h3 id='posso-cultivar-essas-flores-em-apartamentos'  class=\"rank-math-question\">Posso cultivar essas flores em apartamentos?<\/h3>\n<div class=\"rank-math-answer\">\n\n<p>Sim! Desde que voc\u00ea tenha varanda ou janela bem ensolarada, elas se adaptam super bem.<\/p>\n\n<\/div>\n<\/div>\n<div id=\"faq-question-1748470688258\" class=\"rank-math-list-item\">\n<h3 id='qual-flor-\u00e9-melhor-para-sol-direto-o-dia-inteiro'  class=\"rank-math-question\">Qual flor \u00e9 melhor para sol direto o dia inteiro?<\/h3>\n<div class=\"rank-math-answer\">\n\n<p>Onze-horas, z\u00ednia e bougainville s\u00e3o campe\u00e3s nesse quesito.<\/p>\n\n<\/div>\n<\/div>\n<div id=\"faq-question-1748470699014\" class=\"rank-math-list-item\">\n<h3 id='essas-flores-precisam-de-muita-\u00e1gua'  class=\"rank-math-question\">Essas flores precisam de muita \u00e1gua?<\/h3>\n<div class=\"rank-math-answer\">\n\n<p>N\u00e3o. Elas preferem regas espa\u00e7adas e se adaptam bem a climas secos.<\/p>\n\n<\/div>\n<\/div>\n<div id=\"faq-question-1748470714024\" class=\"rank-math-list-item\">\n<h3 id='posso-misturar-essas-esp\u00e9cies-no-mesmo-vaso-ou-canteiro'  class=\"rank-math-question\">Posso misturar essas esp\u00e9cies no mesmo vaso ou canteiro?<\/h3>\n<div class=\"rank-math-answer\">\n\n<p>Pode, desde que tenham necessidades semelhantes de luz e \u00e1gua.<\/p>\n\n<\/div>\n<\/div>\n<div id=\"faq-question-1748470724160\" class=\"rank-math-list-item\">\n<h3 id='elas-florescem-o-ano-todo'  class=\"rank-math-question\">Elas florescem o ano todo?<\/h3>\n<div class=\"rank-math-answer\">\n\n<p>Algumas sim, outras em ciclos \u2014 mas todas brilham forte nos meses mais quentes.<\/p>\n\n<\/div>\n<\/div>\n<\/div>\n<\/div>\n\n\n<figure class=\"wp-block-image aligncenter size-large\"><img data-recalc-dims=\"1\" decoding=\"async\" width=\"1024\" height=\"683\" src=\"https:\/\/i0.wp.com\/1truenote.com\/wp-content\/uploads\/2025\/05\/ChatGPT-Image-28-de-mai.-de-2025-19_21_22.png?resize=1024%2C683&#038;ssl=1\" alt=\"flores que brilham no calor\" class=\"wp-image-2486\" srcset=\"https:\/\/i0.wp.com\/1truenote.com\/wp-content\/uploads\/2025\/05\/ChatGPT-Image-28-de-mai.-de-2025-19_21_22.png?resize=1024%2C683&amp;ssl=1 1024w, https:\/\/i0.wp.com\/1truenote.com\/wp-content\/uploads\/2025\/05\/ChatGPT-Image-28-de-mai.-de-2025-19_21_22.png?resize=300%2C200&amp;ssl=1 300w, https:\/\/i0.wp.com\/1truenote.com\/wp-content\/uploads\/2025\/05\/ChatGPT-Image-28-de-mai.-de-2025-19_21_22.png?resize=768%2C512&amp;ssl=1 768w, https:\/\/i0.wp.com\/1truenote.com\/wp-content\/uploads\/2025\/05\/ChatGPT-Image-28-de-mai.-de-2025-19_21_22.png?resize=150%2C100&amp;ssl=1 150w, https:\/\/i0.wp.com\/1truenote.com\/wp-content\/uploads\/2025\/05\/ChatGPT-Image-28-de-mai.-de-2025-19_21_22.png?w=1536&amp;ssl=1 1536w\" sizes=\"(max-width: 1024px) 100vw, 1024px\" \/><\/figure>","protected":false},"excerpt":{"rendered":"<p>As flores que brilham no calor. Quando o calor aperta, muita planta sofre. Mas existe um grupo seleto de flores&#8230;<\/p>","protected":false},"author":1,"featured_media":2486,"comment_status":"open","ping_status":"open","sticky":false,"template":"","format":"standard","meta":{"_kad_post_transparent":"","_kad_post_title":"","_kad_post_layout":"","_kad_post_sidebar_id":"","_kad_post_content_style":"","_kad_post_vertical_padding":"","_kad_post_feature":"","_kad_post_feature_position":"","_kad_post_header":false,"_kad_post_footer":false,"_kad_post_classname":"","footnotes":"","jetpack_publicize_message":"","jetpack_publicize_feature_enabled":true,"jetpack_social_post_already_shared":true,"jetpack_social_options":{"image_generator_settings":{"template":"highway","enabled":false},"version":2}},"categories":[16],"tags":[29],"class_list":["post-2485","post","type-post","status-publish","format-standard","has-post-thumbnail","hentry","category-casa-e-jardim","tag-jardim"],"jetpack_publicize_connections":[],"jetpack_featured_media_url":"https:\/\/i0.wp.com\/1truenote.com\/wp-content\/uploads\/2025\/05\/ChatGPT-Image-28-de-mai.-de-2025-19_21_22.png?fit=1536%2C1024&ssl=1","jetpack_sharing_enabled":true,"_links":{"self":[{"href":"https:\/\/1truenote.com\/en\/wp-json\/wp\/v2\/posts\/2485","targetHints":{"allow":["GET"]}}],"collection":[{"href":"https:\/\/1truenote.com\/en\/wp-json\/wp\/v2\/posts"}],"about":[{"href":"https:\/\/1truenote.com\/en\/wp-json\/wp\/v2\/types\/post"}],"author":[{"embeddable":true,"href":"https:\/\/1truenote.com\/en\/wp-json\/wp\/v2\/users\/1"}],"replies":[{"embeddable":true,"href":"https:\/\/1truenote.com\/en\/wp-json\/wp\/v2\/comments?post=2485"}],"version-history":[{"count":0,"href":"https:\/\/1truenote.com\/en\/wp-json\/wp\/v2\/posts\/2485\/revisions"}],"wp:featuredmedia":[{"embeddable":true,"href":"https:\/\/1truenote.com\/en\/wp-json\/wp\/v2\/media\/2486"}],"wp:attachment":[{"href":"https:\/\/1truenote.com\/en\/wp-json\/wp\/v2\/media?parent=2485"}],"wp:term":[{"taxonomy":"category","embeddable":true,"href":"https:\/\/1truenote.com\/en\/wp-json\/wp\/v2\/categories?post=2485"},{"taxonomy":"post_tag","embeddable":true,"href":"https:\/\/1truenote.com\/en\/wp-json\/wp\/v2\/tags?post=2485"}],"curies":[{"name":"wp","href":"https:\/\/api.w.org\/{rel}","templated":true}]}}